{"id":10165,"date":"2025-06-02T15:08:50","date_gmt":"2025-06-02T14:08:50","guid":{"rendered":"https:\/\/erevanblog.am\/?p=10165"},"modified":"2025-06-02T15:08:52","modified_gmt":"2025-06-02T14:08:52","slug":"myslel-si-ze-jen-nakrmil-ptaka-ale-to-co-vrana-prinesla-presne-po-roce-roztavilo-srdce-i-tech-nejmene-citlivych","status":"publish","type":"post","link":"https:\/\/erevanblog.am\/?p=10165","title":{"rendered":"Myslel si, \u017ee jen nakrmil pt\u00e1ka\u2026 Ale to, co vr\u00e1na p\u0159inesla p\u0159esn\u011b po roce, roztavilo srdce i t\u011bch nejm\u00e9n\u011b citliv\u00fdch!"},"content":{"rendered":"\n<p>V\u0161e za\u010dalo jedno klidn\u00e9 \u0159\u00edjnov\u00e9 r\u00e1no, oby\u010dejn\u00e9 jako ka\u017ed\u00e9 jin\u00e9, v tich\u00e9 \u010dtvrti, kde \u017eil Tomo. Podzimn\u00ed list\u00ed pokr\u00fdvalo ulice zlatou a m\u011bd\u011bnou barvou a vzduch von\u011bl studen\u00fdm tichem. Tomo, osam\u011bl\u00fd mu\u017e v pozdn\u00edch \u0161edes\u00e1t\u00fdch letech, byl u\u017e dlouho v d\u016fchodu. D\u0159\u00edve pracoval jako hodin\u00e1\u0159 a nyn\u00ed jeho dny plynuly v rutin\u011b: rann\u00ed k\u00e1va, proch\u00e1zka, \u010dten\u00ed a p\u00e9\u010de o malou zahr\u00e1dku na dvo\u0159e.<\/p>\n\n\n\n<p>Pr\u00e1v\u011b b\u011bhem jednoho takov\u00e9ho r\u00e1na se objevila vr\u00e1na.<\/p>\n\n\n\n<p>Sed\u011bla na star\u00e9 dubov\u00e9 v\u011btvi vedle jeho plotu a pozorovala ho podivn\u011b inteligentn\u00edm pohledem \u2013 t\u00e9m\u011b\u0159 lidsk\u00fdm. Nebyla jako oby\u010dejn\u00e9 vr\u00e1ny. Neodlet\u011bla, kdy\u017e se k n\u00ed p\u0159ibl\u00ed\u017eil. Jen se d\u00edvala.<\/p>\n\n\n\n<p>Zv\u011bdavost\u00ed, a mo\u017en\u00e1 i nudou, Tomo hodil kousek chleba na tr\u00e1vn\u00edk. Vr\u00e1na v\u00e1hala, pak sko\u010dila, vzala sousto a odlet\u011bla.<\/p>\n\n\n\n<figure class=\"wp-block-image size-full\"><img loading=\"lazy\" decoding=\"async\" width=\"1024\" height=\"995\" src=\"https:\/\/erevanblog.am\/wp-content\/uploads\/2025\/06\/692.jpeg\" alt=\"\" class=\"wp-image-10166\" srcset=\"https:\/\/erevanblog.am\/wp-content\/uploads\/2025\/06\/692.jpeg 1024w, https:\/\/erevanblog.am\/wp-content\/uploads\/2025\/06\/692-300x292.jpeg 300w, https:\/\/erevanblog.am\/wp-content\/uploads\/2025\/06\/692-768x746.jpeg 768w\" sizes=\"auto, (max-width: 1024px) 100vw, 1024px\" \/><\/figure>\n\n\n\n<p>Druh\u00fd den se vr\u00e1tila.<\/p>\n\n\n\n<p>A dal\u0161\u00ed den.<\/p>\n\n\n\n<p>Co za\u010dalo jako n\u00e1hodn\u00fd \u010din, se stalo ka\u017edodenn\u00ed zvykem. Ka\u017ed\u00e9 r\u00e1no Tomo nech\u00e1val j\u00eddlo \u2013 n\u011bkdy chleba, n\u011bkdy ovoce nebo zbytky ob\u011bda \u2013 a vr\u00e1na v\u017edy p\u0159il\u00e9tala. Za\u010dala sedat \u010d\u00edm d\u00e1l bl\u00ed\u017e, n\u011bkdy sed\u011bla na plot\u011b a vyd\u00e1vala tich\u00e9, podivn\u00e9 zvuky \u2013 jako by cht\u011bla n\u011bco \u0159\u00edct.<\/p>\n\n\n\n<p>Tomo za\u010dal mluvit k n\u00ed.<\/p>\n\n\n\n<p>Vypr\u00e1v\u011bl j\u00ed o sv\u00e9 \u017een\u011b, kter\u00e1 zem\u0159ela p\u0159ed dv\u011bma lety. O dce\u0159i, kter\u00e1 se odst\u011bhovala daleko a z\u0159\u00eddka ho nav\u0161t\u011bvovala. O tom, jak d\u0159\u00edve opravoval hodiny klidnou a p\u0159esnou rukou. Vr\u00e1na neodpov\u00eddala, ale poslouchala. A v jej\u00edm tichu Tomo na\u0161el \u00fat\u011bchu.<\/p>\n\n\n\n<p>P\u0159i\u0161la zima. Tomo se b\u00e1l, \u017ee se nevr\u00e1t\u00ed. Ale vr\u00e1tila se. I kdy\u017e byla sn\u00edh. I kdy\u017e led praskal pod nohama. P\u0159il\u00e9tala, jako by to byla zvyk. Jako by to znamenalo n\u011bco v\u00edc ne\u017e jen j\u00eddlo.<\/p>\n\n\n\n<p>Na ja\u0159e j\u00ed dal jm\u00e9no: Edgar.<\/p>\n\n\n\n<p>Stali se neobvykl\u00fdmi p\u0159\u00e1teli \u2013 \u010dlov\u011bk a vr\u00e1na. Ka\u017ed\u00e9 r\u00e1no na ni \u010dekal. Ne kv\u016fli j\u00eddlu, ale kv\u016fli pocitu, \u017ee nen\u00ed s\u00e1m. Edgar mu byl spole\u010dnost\u00ed, tich\u00fdm spole\u010dn\u00edkem, kter\u00fd mu napl\u0148oval den.<\/p>\n\n\n\n<p>Ale pak, p\u0159esn\u011b po roce, se stalo n\u011bco neuv\u011b\u0159iteln\u00e9ho.<\/p>\n\n\n\n<p>Byl 1. \u0159\u00edjen. R\u00e1no, Edgar p\u0159ist\u00e1l d\u0159\u00edve ne\u017e obvykle. Ale tentokr\u00e1t p\u0159inesl n\u011bco v zob\u00e1ku.<\/p>\n\n\n\n<p>Leskl\u00fd p\u0159edm\u011bt.<\/p>\n\n\n\n<p>P\u0159ist\u00e1l na plot\u011b, polo\u017eil p\u0159edm\u011bt p\u0159ed n\u011bj a vr\u00e1til se na v\u011btev.<\/p>\n\n\n\n<p>Tomo se sklonil.<\/p>\n\n\n\n<p>Kl\u00ed\u010d.<\/p>\n\n\n\n<p>Ale ne oby\u010dejn\u00fd kl\u00ed\u010d \u2013 bronzov\u00fd, s jemn\u00fdmi rytinami a podivn\u00fdm symbolem: hodiny s p\u00edskem obklopen\u00e9 pe\u0159\u00edm.<\/p>\n\n\n\n<p>Star\u00e9 Tomovy ruce se t\u0159\u00e1sly. Co m\u016f\u017ee otev\u0159\u00edt?<\/p>\n\n\n\n<p>Cel\u00fd den nemohl p\u0159estat myslet na to. Ve snech vid\u011bl z\u00e1mky, tajn\u00e9 dve\u0159e, hodiny.<\/p>\n\n\n\n<p>Druh\u00fd den r\u00e1no se Edgar vr\u00e1til. Nepokojn\u00fd, jako by mu ukazoval, aby ho n\u00e1sledoval.<\/p>\n\n\n\n<p>A Tomo ho n\u00e1sledoval.<\/p>\n\n\n\n<p>\u0160li p\u0159es dv\u016fr, po star\u00e9 stezce vedouc\u00ed k opu\u0161t\u011bn\u00e9 chat\u011b \u2013 kdysi majetek jeho d\u011bdy. Po l\u00e9ta byla uzam\u010dena rezav\u00fdm z\u00e1mkem.<\/p>\n\n\n\n<p>Tomo vlo\u017eil kl\u00ed\u010d.<\/p>\n\n\n\n<p>Oto\u010dil se bez odporu.<\/p>\n\n\n\n<p>Uvnit\u0159: prach, ticho \u2013 a d\u0159ev\u011bn\u00e1 truhla.<\/p>\n\n\n\n<p>V n\u00ed: dopisy, fotografie, den\u00edk a ob\u00e1lka s rukopisem jeho d\u011bdy: Otev\u0159i, kdy\u017e poc\u00edt\u00ed\u0161, \u017ee je \u010das.<\/p>\n\n\n\n<p>S Edgarem, kter\u00fd ho pozoroval skrz okno, Tomo sedl na podlahu a za\u010dal \u010d\u00edst.<\/p>\n\n\n\n<p>Dopisy hovo\u0159ily o rodinn\u00fdch tajemstv\u00edch, o ztracen\u00fdch pozemc\u00edch ve Skotsku, o historii, kter\u00e1 mu nikdy nebyla vypr\u00e1v\u011bna. Byla tam i listina, star\u00e9 fotografie lid\u00ed, kte\u0159\u00ed mu p\u0159ipom\u00ednali jeho.<\/p>\n\n\n\n<p>Tomo se rozplakal.<\/p>\n\n\n\n<p>Ne kv\u016fli bohatstv\u00ed. Ale proto, \u017ee znovu na\u0161el \u010d\u00e1st sebe. Rodinn\u00e9 d\u011bdictv\u00ed. Spojen\u00ed. P\u0159ipomenut\u00ed, \u017ee nen\u00ed s\u00e1m.<\/p>\n\n\n\n<p>P\u0159\u00edb\u011bh se roz\u0161\u00ed\u0159il. Noviny o n\u011bm psaly. Lid\u00e9 byli ohromeni. N\u011bkte\u0159\u00ed si mysleli, \u017ee vr\u00e1na byla vycvi\u010den\u00e1. Jin\u00ed v\u011b\u0159ili, \u017ee byla posl\u00e1na z n\u011b\u010deho vy\u0161\u0161\u00edho.<\/p>\n\n\n\n<p>Ale Tomo necht\u011bl vysv\u011btlen\u00ed.<\/p>\n\n\n\n<p>M\u011bl kl\u00ed\u010d. M\u011bl Edgara. A znovu m\u011bl d\u016fvod vst\u00e1vat s radost\u00ed.<\/p>\n\n\n\n<p>Ka\u017ed\u00e9 r\u00e1no se Edgar vracel. Ne kv\u016fli j\u00eddlu. Ale aby byl tam. Ve star\u00e9m dubu, nad sv\u00fdm p\u0159\u00edtelem.<\/p>\n\n\n\n<p>A Tomo u\u017e nev\u011b\u0159il na n\u00e1hody.<\/p>\n\n\n\n<p>Proto\u017ee n\u011bco, co za\u010dalo t\u00edm, \u017ee nakrmil vr\u00e1na, mu odemklo cel\u00fd ztracen\u00fd p\u0159\u00edb\u011bh \u017eivota.<\/p>\n\n\n\n<p>A mo\u017en\u00e1, v tajn\u00e9m jazyce p\u0159\u00edrody, to tak m\u011blo b\u00fdt.<\/p>\n","protected":false},"excerpt":{"rendered":"<div class=\"mh-excerpt\"><p>V\u0161e za\u010dalo jedno klidn\u00e9 \u0159\u00edjnov\u00e9 r\u00e1no, oby\u010dejn\u00e9 jako ka\u017ed\u00e9 jin\u00e9, v tich\u00e9 \u010dtvrti, kde \u017eil Tomo. Podzimn\u00ed list\u00ed pokr\u00fdvalo ulice zlatou a m\u011bd\u011bnou barvou a <a class=\"mh-excerpt-more\" href=\"https:\/\/erevanblog.am\/?p=10165\" title=\"Myslel si, \u017ee jen nakrmil pt\u00e1ka\u2026 Ale to, co vr\u00e1na p\u0159inesla p\u0159esn\u011b po roce, roztavilo srdce i t\u011bch nejm\u00e9n\u011b citliv\u00fdch!\">[&#8230;]<\/a><\/p>\n<\/div>","protected":false},"author":1,"featured_media":10166,"comment_status":"open","ping_status":"open","sticky":false,"template":"","format":"standard","meta":{"footnotes":""},"categories":[1],"tags":[],"class_list":["post-10165","post","type-post","status-publish","format-standard","has-post-thumbnail","hentry","category-uncategorised"],"yoast_head":"<!-- This site is optimized with the Yoast SEO plugin v27.5 - https:\/\/yoast.com\/product\/yoast-seo-wordpress\/ -->\n<title>Myslel si, \u017ee jen nakrmil pt\u00e1ka\u2026 Ale to, co vr\u00e1na p\u0159inesla p\u0159esn\u011b po roce, roztavilo srdce i t\u011bch nejm\u00e9n\u011b citliv\u00fdch! -<\/title>\n<meta name=\"robots\" content=\"index, follow, max-snippet:-1, max-image-preview:large, max-video-preview:-1\" \/>\n<link rel=\"canonical\" href=\"https:\/\/erevanblog.am\/?p=10165\" \/>\n<meta property=\"og:locale\" content=\"en_US\" \/>\n<meta property=\"og:type\" content=\"article\" \/>\n<meta property=\"og:title\" content=\"Myslel si, \u017ee jen nakrmil pt\u00e1ka\u2026 Ale to, co vr\u00e1na p\u0159inesla p\u0159esn\u011b po roce, roztavilo srdce i t\u011bch nejm\u00e9n\u011b citliv\u00fdch! -\" \/>\n<meta property=\"og:description\" content=\"V\u0161e za\u010dalo jedno klidn\u00e9 \u0159\u00edjnov\u00e9 r\u00e1no, oby\u010dejn\u00e9 jako ka\u017ed\u00e9 jin\u00e9, v tich\u00e9 \u010dtvrti, kde \u017eil Tomo. Podzimn\u00ed list\u00ed pokr\u00fdvalo ulice zlatou a m\u011bd\u011bnou barvou a [...]\" \/>\n<meta property=\"og:url\" content=\"https:\/\/erevanblog.am\/?p=10165\" \/>\n<meta property=\"article:published_time\" content=\"2025-06-02T14:08:50+00:00\" \/>\n<meta property=\"article:modified_time\" content=\"2025-06-02T14:08:52+00:00\" \/>\n<meta property=\"og:image\" content=\"http:\/\/erevanblog.am\/wp-content\/uploads\/2025\/06\/692.jpeg\" \/>\n\t<meta property=\"og:image:width\" content=\"1024\" \/>\n\t<meta property=\"og:image:height\" content=\"995\" \/>\n\t<meta property=\"og:image:type\" content=\"image\/jpeg\" \/>\n<meta name=\"author\" content=\"erevanblog_a\" \/>\n<meta name=\"twitter:card\" content=\"summary_large_image\" \/>\n<meta name=\"twitter:label1\" content=\"Written by\" \/>\n\t<meta name=\"twitter:data1\" content=\"erevanblog_a\" \/>\n\t<meta name=\"twitter:label2\" content=\"Est. reading time\" \/>\n\t<meta name=\"twitter:data2\" content=\"3 minutes\" \/>\n<script type=\"application\/ld+json\" class=\"yoast-schema-graph\">{\"@context\":\"https:\\\/\\\/schema.org\",\"@graph\":[{\"@type\":\"Article\",\"@id\":\"https:\\\/\\\/erevanblog.am\\\/?p=10165#article\",\"isPartOf\":{\"@id\":\"https:\\\/\\\/erevanblog.am\\\/?p=10165\"},\"author\":{\"name\":\"erevanblog_a\",\"@id\":\"https:\\\/\\\/erevanblog.am\\\/#\\\/schema\\\/person\\\/204f10311eb7ddb8914a5ab3e5f03928\"},\"headline\":\"Myslel si, \u017ee jen nakrmil pt\u00e1ka\u2026 Ale to, co vr\u00e1na p\u0159inesla p\u0159esn\u011b po roce, roztavilo srdce i t\u011bch nejm\u00e9n\u011b citliv\u00fdch!\",\"datePublished\":\"2025-06-02T14:08:50+00:00\",\"dateModified\":\"2025-06-02T14:08:52+00:00\",\"mainEntityOfPage\":{\"@id\":\"https:\\\/\\\/erevanblog.am\\\/?p=10165\"},\"wordCount\":837,\"commentCount\":0,\"image\":{\"@id\":\"https:\\\/\\\/erevanblog.am\\\/?p=10165#primaryimage\"},\"thumbnailUrl\":\"https:\\\/\\\/erevanblog.am\\\/wp-content\\\/uploads\\\/2025\\\/06\\\/692.jpeg\",\"articleSection\":[\"NEWS\"],\"inLanguage\":\"en-US\",\"potentialAction\":[{\"@type\":\"CommentAction\",\"name\":\"Comment\",\"target\":[\"https:\\\/\\\/erevanblog.am\\\/?p=10165#respond\"]}]},{\"@type\":\"WebPage\",\"@id\":\"https:\\\/\\\/erevanblog.am\\\/?p=10165\",\"url\":\"https:\\\/\\\/erevanblog.am\\\/?p=10165\",\"name\":\"Myslel si, \u017ee jen nakrmil pt\u00e1ka\u2026 Ale to, co vr\u00e1na p\u0159inesla p\u0159esn\u011b po roce, roztavilo srdce i t\u011bch nejm\u00e9n\u011b citliv\u00fdch! -\",\"isPartOf\":{\"@id\":\"https:\\\/\\\/erevanblog.am\\\/#website\"},\"primaryImageOfPage\":{\"@id\":\"https:\\\/\\\/erevanblog.am\\\/?p=10165#primaryimage\"},\"image\":{\"@id\":\"https:\\\/\\\/erevanblog.am\\\/?p=10165#primaryimage\"},\"thumbnailUrl\":\"https:\\\/\\\/erevanblog.am\\\/wp-content\\\/uploads\\\/2025\\\/06\\\/692.jpeg\",\"datePublished\":\"2025-06-02T14:08:50+00:00\",\"dateModified\":\"2025-06-02T14:08:52+00:00\",\"author\":{\"@id\":\"https:\\\/\\\/erevanblog.am\\\/#\\\/schema\\\/person\\\/204f10311eb7ddb8914a5ab3e5f03928\"},\"breadcrumb\":{\"@id\":\"https:\\\/\\\/erevanblog.am\\\/?p=10165#breadcrumb\"},\"inLanguage\":\"en-US\",\"potentialAction\":[{\"@type\":\"ReadAction\",\"target\":[\"https:\\\/\\\/erevanblog.am\\\/?p=10165\"]}]},{\"@type\":\"ImageObject\",\"inLanguage\":\"en-US\",\"@id\":\"https:\\\/\\\/erevanblog.am\\\/?p=10165#primaryimage\",\"url\":\"https:\\\/\\\/erevanblog.am\\\/wp-content\\\/uploads\\\/2025\\\/06\\\/692.jpeg\",\"contentUrl\":\"https:\\\/\\\/erevanblog.am\\\/wp-content\\\/uploads\\\/2025\\\/06\\\/692.jpeg\",\"width\":1024,\"height\":995},{\"@type\":\"BreadcrumbList\",\"@id\":\"https:\\\/\\\/erevanblog.am\\\/?p=10165#breadcrumb\",\"itemListElement\":[{\"@type\":\"ListItem\",\"position\":1,\"name\":\"Home\",\"item\":\"https:\\\/\\\/erevanblog.am\\\/\"},{\"@type\":\"ListItem\",\"position\":2,\"name\":\"Myslel si, \u017ee jen nakrmil pt\u00e1ka\u2026 Ale to, co vr\u00e1na p\u0159inesla p\u0159esn\u011b po roce, roztavilo srdce i t\u011bch nejm\u00e9n\u011b citliv\u00fdch!\"}]},{\"@type\":\"WebSite\",\"@id\":\"https:\\\/\\\/erevanblog.am\\\/#website\",\"url\":\"https:\\\/\\\/erevanblog.am\\\/\",\"name\":\"\",\"description\":\"\",\"potentialAction\":[{\"@type\":\"SearchAction\",\"target\":{\"@type\":\"EntryPoint\",\"urlTemplate\":\"https:\\\/\\\/erevanblog.am\\\/?s={search_term_string}\"},\"query-input\":{\"@type\":\"PropertyValueSpecification\",\"valueRequired\":true,\"valueName\":\"search_term_string\"}}],\"inLanguage\":\"en-US\"},{\"@type\":\"Person\",\"@id\":\"https:\\\/\\\/erevanblog.am\\\/#\\\/schema\\\/person\\\/204f10311eb7ddb8914a5ab3e5f03928\",\"name\":\"erevanblog_a\",\"image\":{\"@type\":\"ImageObject\",\"inLanguage\":\"en-US\",\"@id\":\"https:\\\/\\\/secure.gravatar.com\\\/avatar\\\/a24f4ac3a683f3c87303db525abc00db51ea26ccedee11dfaf1cc0f9a481a5d2?s=96&d=mm&r=g\",\"url\":\"https:\\\/\\\/secure.gravatar.com\\\/avatar\\\/a24f4ac3a683f3c87303db525abc00db51ea26ccedee11dfaf1cc0f9a481a5d2?s=96&d=mm&r=g\",\"contentUrl\":\"https:\\\/\\\/secure.gravatar.com\\\/avatar\\\/a24f4ac3a683f3c87303db525abc00db51ea26ccedee11dfaf1cc0f9a481a5d2?s=96&d=mm&r=g\",\"caption\":\"erevanblog_a\"},\"sameAs\":[\"http:\\\/\\\/erevanblog.am\"],\"url\":\"https:\\\/\\\/erevanblog.am\\\/?author=1\"}]}<\/script>\n<!-- \/ Yoast SEO plugin. -->","yoast_head_json":{"title":"Myslel si, \u017ee jen nakrmil pt\u00e1ka\u2026 Ale to, co vr\u00e1na p\u0159inesla p\u0159esn\u011b po roce, roztavilo srdce i t\u011bch nejm\u00e9n\u011b citliv\u00fdch! -","robots":{"index":"index","follow":"follow","max-snippet":"max-snippet:-1","max-image-preview":"max-image-preview:large","max-video-preview":"max-video-preview:-1"},"canonical":"https:\/\/erevanblog.am\/?p=10165","og_locale":"en_US","og_type":"article","og_title":"Myslel si, \u017ee jen nakrmil pt\u00e1ka\u2026 Ale to, co vr\u00e1na p\u0159inesla p\u0159esn\u011b po roce, roztavilo srdce i t\u011bch nejm\u00e9n\u011b citliv\u00fdch! -","og_description":"V\u0161e za\u010dalo jedno klidn\u00e9 \u0159\u00edjnov\u00e9 r\u00e1no, oby\u010dejn\u00e9 jako ka\u017ed\u00e9 jin\u00e9, v tich\u00e9 \u010dtvrti, kde \u017eil Tomo. Podzimn\u00ed list\u00ed pokr\u00fdvalo ulice zlatou a m\u011bd\u011bnou barvou a [...]","og_url":"https:\/\/erevanblog.am\/?p=10165","article_published_time":"2025-06-02T14:08:50+00:00","article_modified_time":"2025-06-02T14:08:52+00:00","og_image":[{"width":1024,"height":995,"url":"http:\/\/erevanblog.am\/wp-content\/uploads\/2025\/06\/692.jpeg","type":"image\/jpeg"}],"author":"erevanblog_a","twitter_card":"summary_large_image","twitter_misc":{"Written by":"erevanblog_a","Est. reading time":"3 minutes"},"schema":{"@context":"https:\/\/schema.org","@graph":[{"@type":"Article","@id":"https:\/\/erevanblog.am\/?p=10165#article","isPartOf":{"@id":"https:\/\/erevanblog.am\/?p=10165"},"author":{"name":"erevanblog_a","@id":"https:\/\/erevanblog.am\/#\/schema\/person\/204f10311eb7ddb8914a5ab3e5f03928"},"headline":"Myslel si, \u017ee jen nakrmil pt\u00e1ka\u2026 Ale to, co vr\u00e1na p\u0159inesla p\u0159esn\u011b po roce, roztavilo srdce i t\u011bch nejm\u00e9n\u011b citliv\u00fdch!","datePublished":"2025-06-02T14:08:50+00:00","dateModified":"2025-06-02T14:08:52+00:00","mainEntityOfPage":{"@id":"https:\/\/erevanblog.am\/?p=10165"},"wordCount":837,"commentCount":0,"image":{"@id":"https:\/\/erevanblog.am\/?p=10165#primaryimage"},"thumbnailUrl":"https:\/\/erevanblog.am\/wp-content\/uploads\/2025\/06\/692.jpeg","articleSection":["NEWS"],"inLanguage":"en-US","potentialAction":[{"@type":"CommentAction","name":"Comment","target":["https:\/\/erevanblog.am\/?p=10165#respond"]}]},{"@type":"WebPage","@id":"https:\/\/erevanblog.am\/?p=10165","url":"https:\/\/erevanblog.am\/?p=10165","name":"Myslel si, \u017ee jen nakrmil pt\u00e1ka\u2026 Ale to, co vr\u00e1na p\u0159inesla p\u0159esn\u011b po roce, roztavilo srdce i t\u011bch nejm\u00e9n\u011b citliv\u00fdch! -","isPartOf":{"@id":"https:\/\/erevanblog.am\/#website"},"primaryImageOfPage":{"@id":"https:\/\/erevanblog.am\/?p=10165#primaryimage"},"image":{"@id":"https:\/\/erevanblog.am\/?p=10165#primaryimage"},"thumbnailUrl":"https:\/\/erevanblog.am\/wp-content\/uploads\/2025\/06\/692.jpeg","datePublished":"2025-06-02T14:08:50+00:00","dateModified":"2025-06-02T14:08:52+00:00","author":{"@id":"https:\/\/erevanblog.am\/#\/schema\/person\/204f10311eb7ddb8914a5ab3e5f03928"},"breadcrumb":{"@id":"https:\/\/erevanblog.am\/?p=10165#breadcrumb"},"inLanguage":"en-US","potentialAction":[{"@type":"ReadAction","target":["https:\/\/erevanblog.am\/?p=10165"]}]},{"@type":"ImageObject","inLanguage":"en-US","@id":"https:\/\/erevanblog.am\/?p=10165#primaryimage","url":"https:\/\/erevanblog.am\/wp-content\/uploads\/2025\/06\/692.jpeg","contentUrl":"https:\/\/erevanblog.am\/wp-content\/uploads\/2025\/06\/692.jpeg","width":1024,"height":995},{"@type":"BreadcrumbList","@id":"https:\/\/erevanblog.am\/?p=10165#breadcrumb","itemListElement":[{"@type":"ListItem","position":1,"name":"Home","item":"https:\/\/erevanblog.am\/"},{"@type":"ListItem","position":2,"name":"Myslel si, \u017ee jen nakrmil pt\u00e1ka\u2026 Ale to, co vr\u00e1na p\u0159inesla p\u0159esn\u011b po roce, roztavilo srdce i t\u011bch nejm\u00e9n\u011b citliv\u00fdch!"}]},{"@type":"WebSite","@id":"https:\/\/erevanblog.am\/#website","url":"https:\/\/erevanblog.am\/","name":"","description":"","potentialAction":[{"@type":"SearchAction","target":{"@type":"EntryPoint","urlTemplate":"https:\/\/erevanblog.am\/?s={search_term_string}"},"query-input":{"@type":"PropertyValueSpecification","valueRequired":true,"valueName":"search_term_string"}}],"inLanguage":"en-US"},{"@type":"Person","@id":"https:\/\/erevanblog.am\/#\/schema\/person\/204f10311eb7ddb8914a5ab3e5f03928","name":"erevanblog_a","image":{"@type":"ImageObject","inLanguage":"en-US","@id":"https:\/\/secure.gravatar.com\/avatar\/a24f4ac3a683f3c87303db525abc00db51ea26ccedee11dfaf1cc0f9a481a5d2?s=96&d=mm&r=g","url":"https:\/\/secure.gravatar.com\/avatar\/a24f4ac3a683f3c87303db525abc00db51ea26ccedee11dfaf1cc0f9a481a5d2?s=96&d=mm&r=g","contentUrl":"https:\/\/secure.gravatar.com\/avatar\/a24f4ac3a683f3c87303db525abc00db51ea26ccedee11dfaf1cc0f9a481a5d2?s=96&d=mm&r=g","caption":"erevanblog_a"},"sameAs":["http:\/\/erevanblog.am"],"url":"https:\/\/erevanblog.am\/?author=1"}]}},"views":218,"_links":{"self":[{"href":"https:\/\/erevanblog.am\/index.php?rest_route=\/wp\/v2\/posts\/10165","targetHints":{"allow":["GET"]}}],"collection":[{"href":"https:\/\/erevanblog.am\/index.php?rest_route=\/wp\/v2\/posts"}],"about":[{"href":"https:\/\/erevanblog.am\/index.php?rest_route=\/wp\/v2\/types\/post"}],"author":[{"embeddable":true,"href":"https:\/\/erevanblog.am\/index.php?rest_route=\/wp\/v2\/users\/1"}],"replies":[{"embeddable":true,"href":"https:\/\/erevanblog.am\/index.php?rest_route=%2Fwp%2Fv2%2Fcomments&post=10165"}],"version-history":[{"count":1,"href":"https:\/\/erevanblog.am\/index.php?rest_route=\/wp\/v2\/posts\/10165\/revisions"}],"predecessor-version":[{"id":10167,"href":"https:\/\/erevanblog.am\/index.php?rest_route=\/wp\/v2\/posts\/10165\/revisions\/10167"}],"wp:featuredmedia":[{"embeddable":true,"href":"https:\/\/erevanblog.am\/index.php?rest_route=\/wp\/v2\/media\/10166"}],"wp:attachment":[{"href":"https:\/\/erevanblog.am\/index.php?rest_route=%2Fwp%2Fv2%2Fmedia&parent=10165"}],"wp:term":[{"taxonomy":"category","embeddable":true,"href":"https:\/\/erevanblog.am\/index.php?rest_route=%2Fwp%2Fv2%2Fcategories&post=10165"},{"taxonomy":"post_tag","embeddable":true,"href":"https:\/\/erevanblog.am\/index.php?rest_route=%2Fwp%2Fv2%2Ftags&post=10165"}],"curies":[{"name":"wp","href":"https:\/\/api.w.org\/{rel}","templated":true}]}}