{"id":10168,"date":"2025-06-02T17:06:09","date_gmt":"2025-06-02T16:06:09","guid":{"rendered":"https:\/\/erevanblog.am\/?p=10168"},"modified":"2025-06-02T17:06:10","modified_gmt":"2025-06-02T16:06:10","slug":"linda-19-let-se-provdala-za-75leteho-sejka","status":"publish","type":"post","link":"https:\/\/erevanblog.am\/?p=10168","title":{"rendered":"Linda, 19 let, se provdala za 75let\u00e9ho \u0161ejka\u2026"},"content":{"rendered":"\n<p>Kdy\u017e se po internetu roz\u0161\u00ed\u0159ila zpr\u00e1va, \u017ee devaten\u00e1ctilet\u00e1 Linda z mal\u00e9ho v\u00fdchodoevropsk\u00e9ho m\u011bste\u010dka se provdala za 75let\u00e9ho \u0161ejka z Bl\u00edzk\u00e9ho v\u00fdchodu, zn\u011blo to jako modern\u00ed poh\u00e1dka. Mnoz\u00ed ji pova\u017eovali za \u0161\u0165astlivkyni \u2013 mladou d\u00edvku, kter\u00e1 se z chudoby dostala do sv\u011bta bohatstv\u00ed, luxusu a nekone\u010dn\u00fdch mo\u017enost\u00ed. Ale to, co se stalo b\u011bhem svatebn\u00ed noci, zni\u010dilo celou tu iluzi a odhalilo \u0161okuj\u00edc\u00ed pravdu, kterou nikdo ne\u010dekal.<\/p>\n\n\n\n<p><strong>S\u0148atek z l\u00e1sky nebo obchodn\u00ed dohoda?<\/strong><br>Linda poch\u00e1z\u00ed ze skromn\u00e9 rodiny. Jej\u00ed otec je \u0159idi\u010d, matka pracuje jako pokladn\u00ed. Od d\u011btstv\u00ed snila o jin\u00e9m \u017eivot\u011b \u2013 cestov\u00e1n\u00ed, kr\u00e1sn\u00e9m oble\u010den\u00ed a finan\u010dn\u00ed stabilit\u011b. P\u0159es seznamovac\u00ed aplikaci poznala \u201eYusufa\u201c, kter\u00fd se p\u0159edstavil jako \u0161ejk, vdovec a \u00fadajn\u00fd podnikatel v ropn\u00e9m pr\u016fmyslu.<\/p>\n\n\n\n<p>Navzdory v\u011bkov\u00e9mu rozd\u00edlu byl mil\u00fd, galantn\u00ed a \u0161t\u011bdr\u00fd. Pos\u00edlal d\u00e1rky, sliboval p\u00e9\u010di a bezpe\u010d\u00ed. Po n\u011bkolika m\u011bs\u00edc\u00edch komunikace j\u00ed nab\u00eddl man\u017eelstv\u00ed.<\/p>\n\n\n\n<p>Linda v\u00e1hala, ale jej\u00ed rodina ji podpo\u0159ila. Vid\u011bli v tom \u0161anci \u2013 v\u00fdchodisko z chudoby. Svatba byla domluvena v Dubaji.<\/p>\n\n\n\n<figure class=\"wp-block-image size-large\"><img loading=\"lazy\" decoding=\"async\" width=\"1020\" height=\"1024\" src=\"https:\/\/erevanblog.am\/wp-content\/uploads\/2025\/06\/500555187_122130015140796769_4559276662647437824_n-1020x1024.jpg\" alt=\"\" class=\"wp-image-10169\" srcset=\"https:\/\/erevanblog.am\/wp-content\/uploads\/2025\/06\/500555187_122130015140796769_4559276662647437824_n-1020x1024.jpg 1020w, https:\/\/erevanblog.am\/wp-content\/uploads\/2025\/06\/500555187_122130015140796769_4559276662647437824_n-300x300.jpg 300w, https:\/\/erevanblog.am\/wp-content\/uploads\/2025\/06\/500555187_122130015140796769_4559276662647437824_n-150x150.jpg 150w, https:\/\/erevanblog.am\/wp-content\/uploads\/2025\/06\/500555187_122130015140796769_4559276662647437824_n-768x771.jpg 768w, https:\/\/erevanblog.am\/wp-content\/uploads\/2025\/06\/500555187_122130015140796769_4559276662647437824_n-1530x1536.jpg 1530w, https:\/\/erevanblog.am\/wp-content\/uploads\/2025\/06\/500555187_122130015140796769_4559276662647437824_n.jpg 2020w\" sizes=\"auto, (max-width: 1020px) 100vw, 1020px\" \/><\/figure>\n\n\n\n<p><strong>Svatba jako z poh\u00e1dky<\/strong><br>Ob\u0159ad se konal v jednom z nejluxusn\u011bj\u0161\u00edch hotel\u016f na Bl\u00edzk\u00e9m v\u00fdchod\u011b. Zlato, b\u00edl\u00e9 r\u016f\u017ee, diamanty, \u017eiv\u00e1 hudba, j\u00eddlo od \u0161pi\u010dkov\u00fdch kucha\u0159\u016f. Linda m\u011bla na sob\u011b svatebn\u00ed \u0161aty zdoben\u00e9 prav\u00fdmi diamanty.<\/p>\n\n\n\n<p>Fotky z ud\u00e1losti se roz\u0161\u00ed\u0159ily po soci\u00e1ln\u00edch s\u00edt\u00edch. Koment\u00e1\u0159e byly:<br>\u201eChytila \u0161t\u011bst\u00ed za pa\u010desy\u201c<br>\u201e\u017dije poh\u00e1dkov\u00fd \u017eivot\u201c<br>\u201eSen se stal skute\u010dnost\u00ed\u201c<\/p>\n\n\n\n<p>Ale ti, kdo ji znali l\u00e9pe, si v\u0161imli: jej\u00ed \u00fasm\u011bv nebyl up\u0159\u00edmn\u00fd. V o\u010d\u00edch m\u011bla strach a nejistotu.<\/p>\n\n\n\n<p><strong>Prvn\u00ed svatebn\u00ed noc \u2013 za\u010d\u00e1tek no\u010dn\u00ed m\u016fry<\/strong><br>Kolem druh\u00e9 hodiny r\u00e1no ostraha usly\u0161ela v\u00fdk\u0159ik a pak r\u00e1nu. Kdy\u017e vstoupili do apartm\u00e1, uvid\u011bli sc\u00e9nu, kterou nikdo ne\u010dekal:<\/p>\n\n\n\n<p>\u0160ejk le\u017eel v bezv\u011bdom\u00ed na podlaze, Linda byla v slz\u00e1ch, zjevn\u011b ot\u0159esen\u00e1 a v \u0161oku. Okam\u017eit\u011b byla zavol\u00e1na z\u00e1chranka. L\u00e9ka\u0159i konstatovali t\u011b\u017ek\u00fd srde\u010dn\u00ed infarkt. Ale to byl teprve za\u010d\u00e1tek.<\/p>\n\n\n\n<p><strong>\u0160okuj\u00edc\u00ed odhalen\u00ed: nev\u011bsta nebo pr\u00e1vn\u00ed n\u00e1stroj?<\/strong><br>Vy\u0161et\u0159ov\u00e1n\u00ed odhalilo, \u017ee \u0161ejk trp\u011bl demenc\u00ed u\u017e n\u011bkolik let a pr\u00e1vn\u011b nebyl zp\u016fsobil\u00fd \u010dinit rozhodnut\u00ed, v\u010detn\u011b uzav\u0159en\u00ed man\u017eelstv\u00ed.<\/p>\n\n\n\n<p>Svatba nebyla jeho rozhodnut\u00edm, ale pl\u00e1nem jeho pr\u00e1vn\u00edk\u016f a rodiny, kte\u0159\u00ed cht\u011bli vyu\u017e\u00edt Lindu jako z\u00e1st\u011brku pro p\u0159evod majetku, pen\u011bz a obchodn\u00edch pr\u00e1v.<\/p>\n\n\n\n<p>Nev\u011bdomky podepsala dokumenty v arab\u0161tin\u011b a angli\u010dtin\u011b, t\u00fdkaj\u00edc\u00ed se firem, bankovn\u00edch \u00fa\u010dt\u016f a d\u011bdictv\u00ed. Nam\u00edsto man\u017eelky se stala pr\u00e1vn\u00edm n\u00e1strojem v h\u0159e o miliony.<\/p>\n\n\n\n<p><strong>Ve\u0159ejnost v \u0161oku<\/strong><br>Kdy\u017e p\u0159\u00edpad pronikl do m\u00e9di\u00ed, vznikly dva t\u00e1bory: jedni Lindu odsuzovali, druz\u00ed ji br\u00e1nili.<br>\u2013 \u201eV\u011bd\u011bla, do \u010deho jde,\u201c psali n\u011bkte\u0159\u00ed.<br>\u2013 \u201eJe ob\u011bt\u00ed! Zneu\u017eili ji,\u201c psali druz\u00ed.<\/p>\n\n\n\n<p>Linda po\u017e\u00e1dala o pomoc ambas\u00e1du sv\u00e9ho st\u00e1tu. Jej\u00ed pr\u00e1vn\u00edci podali \u017e\u00e1dost o anulaci s\u0148atku a \u017ealobu pro podvod a zneu\u017eit\u00ed.<\/p>\n\n\n\n<p>Mezin\u00e1rodn\u00ed organizace pro lidsk\u00e1 pr\u00e1va ji podpo\u0159ily a ozna\u010dily za ob\u011b\u0165 sofistikovan\u00e9ho obchodov\u00e1n\u00ed s lidmi prost\u0159ednictv\u00edm man\u017eelstv\u00ed.<\/p>\n\n\n\n<p>Jej\u00ed slova se stala symbolem varov\u00e1n\u00ed: jak snadno mohou b\u00fdt mlad\u00e9 d\u00edvky podvedeny, zneu\u017eity a uv\u011bzn\u011bny \u2013 v poh\u00e1dk\u00e1ch, kter\u00e9 skr\u00fdvaj\u00ed no\u010dn\u00ed m\u016fry.<\/p>\n\n\n\n<p><strong>Dnes: boj za pravdu<\/strong><br>Linda je nyn\u00ed pod ochranou, m\u00e1 psychologickou i pr\u00e1vn\u00ed podporu. P\u0159\u00edpadem se zab\u00fdvaj\u00ed pr\u00e1vn\u00ed instituce po cel\u00e9m sv\u011bt\u011b.<\/p>\n\n\n\n<p>Stala se symbolem nejen boje za \u017eensk\u00e1 pr\u00e1va, ale i d\u016fle\u017eitosti nastaven\u00ed hranic, ochrany a skute\u010dn\u00e9 kontroly v mezin\u00e1rodn\u00edch man\u017eelstv\u00edch s velkou nerovnov\u00e1hou moci.<\/p>\n","protected":false},"excerpt":{"rendered":"<div class=\"mh-excerpt\"><p>Kdy\u017e se po internetu roz\u0161\u00ed\u0159ila zpr\u00e1va, \u017ee devaten\u00e1ctilet\u00e1 Linda z mal\u00e9ho v\u00fdchodoevropsk\u00e9ho m\u011bste\u010dka se provdala za 75let\u00e9ho \u0161ejka z Bl\u00edzk\u00e9ho v\u00fdchodu, zn\u011blo to jako modern\u00ed <a class=\"mh-excerpt-more\" href=\"https:\/\/erevanblog.am\/?p=10168\" title=\"Linda, 19 let, se provdala za 75let\u00e9ho \u0161ejka\u2026\">[&#8230;]<\/a><\/p>\n<\/div>","protected":false},"author":1,"featured_media":10169,"comment_status":"open","ping_status":"open","sticky":false,"template":"","format":"standard","meta":{"footnotes":""},"categories":[1],"tags":[],"class_list":["post-10168","post","type-post","status-publish","format-standard","has-post-thumbnail","hentry","category-uncategorised"],"yoast_head":"<!-- This site is optimized with the Yoast SEO plugin v27.5 - https:\/\/yoast.com\/product\/yoast-seo-wordpress\/ -->\n<title>Linda, 19 let, se provdala za 75let\u00e9ho \u0161ejka\u2026 -<\/title>\n<meta name=\"robots\" content=\"index, follow, max-snippet:-1, max-image-preview:large, max-video-preview:-1\" \/>\n<link rel=\"canonical\" href=\"https:\/\/erevanblog.am\/?p=10168\" \/>\n<meta property=\"og:locale\" content=\"en_US\" \/>\n<meta property=\"og:type\" content=\"article\" \/>\n<meta property=\"og:title\" content=\"Linda, 19 let, se provdala za 75let\u00e9ho \u0161ejka\u2026 -\" \/>\n<meta property=\"og:description\" content=\"Kdy\u017e se po internetu roz\u0161\u00ed\u0159ila zpr\u00e1va, \u017ee devaten\u00e1ctilet\u00e1 Linda z mal\u00e9ho v\u00fdchodoevropsk\u00e9ho m\u011bste\u010dka se provdala za 75let\u00e9ho \u0161ejka z Bl\u00edzk\u00e9ho v\u00fdchodu, zn\u011blo to jako modern\u00ed [...]\" \/>\n<meta property=\"og:url\" content=\"https:\/\/erevanblog.am\/?p=10168\" \/>\n<meta property=\"article:published_time\" content=\"2025-06-02T16:06:09+00:00\" \/>\n<meta property=\"article:modified_time\" content=\"2025-06-02T16:06:10+00:00\" \/>\n<meta property=\"og:image\" content=\"http:\/\/erevanblog.am\/wp-content\/uploads\/2025\/06\/500555187_122130015140796769_4559276662647437824_n.jpg\" \/>\n\t<meta property=\"og:image:width\" content=\"2020\" \/>\n\t<meta property=\"og:image:height\" content=\"2028\" \/>\n\t<meta property=\"og:image:type\" content=\"image\/jpeg\" \/>\n<meta name=\"author\" content=\"erevanblog_a\" \/>\n<meta name=\"twitter:card\" content=\"summary_large_image\" \/>\n<meta name=\"twitter:label1\" content=\"Written by\" \/>\n\t<meta name=\"twitter:data1\" content=\"erevanblog_a\" \/>\n\t<meta name=\"twitter:label2\" content=\"Est. reading time\" \/>\n\t<meta name=\"twitter:data2\" content=\"3 minutes\" \/>\n<script type=\"application\/ld+json\" class=\"yoast-schema-graph\">{\"@context\":\"https:\\\/\\\/schema.org\",\"@graph\":[{\"@type\":\"Article\",\"@id\":\"https:\\\/\\\/erevanblog.am\\\/?p=10168#article\",\"isPartOf\":{\"@id\":\"https:\\\/\\\/erevanblog.am\\\/?p=10168\"},\"author\":{\"name\":\"erevanblog_a\",\"@id\":\"https:\\\/\\\/erevanblog.am\\\/#\\\/schema\\\/person\\\/204f10311eb7ddb8914a5ab3e5f03928\"},\"headline\":\"Linda, 19 let, se provdala za 75let\u00e9ho \u0161ejka\u2026\",\"datePublished\":\"2025-06-02T16:06:09+00:00\",\"dateModified\":\"2025-06-02T16:06:10+00:00\",\"mainEntityOfPage\":{\"@id\":\"https:\\\/\\\/erevanblog.am\\\/?p=10168\"},\"wordCount\":693,\"commentCount\":0,\"image\":{\"@id\":\"https:\\\/\\\/erevanblog.am\\\/?p=10168#primaryimage\"},\"thumbnailUrl\":\"https:\\\/\\\/erevanblog.am\\\/wp-content\\\/uploads\\\/2025\\\/06\\\/500555187_122130015140796769_4559276662647437824_n.jpg\",\"articleSection\":[\"NEWS\"],\"inLanguage\":\"en-US\",\"potentialAction\":[{\"@type\":\"CommentAction\",\"name\":\"Comment\",\"target\":[\"https:\\\/\\\/erevanblog.am\\\/?p=10168#respond\"]}]},{\"@type\":\"WebPage\",\"@id\":\"https:\\\/\\\/erevanblog.am\\\/?p=10168\",\"url\":\"https:\\\/\\\/erevanblog.am\\\/?p=10168\",\"name\":\"Linda, 19 let, se provdala za 75let\u00e9ho \u0161ejka\u2026 -\",\"isPartOf\":{\"@id\":\"https:\\\/\\\/erevanblog.am\\\/#website\"},\"primaryImageOfPage\":{\"@id\":\"https:\\\/\\\/erevanblog.am\\\/?p=10168#primaryimage\"},\"image\":{\"@id\":\"https:\\\/\\\/erevanblog.am\\\/?p=10168#primaryimage\"},\"thumbnailUrl\":\"https:\\\/\\\/erevanblog.am\\\/wp-content\\\/uploads\\\/2025\\\/06\\\/500555187_122130015140796769_4559276662647437824_n.jpg\",\"datePublished\":\"2025-06-02T16:06:09+00:00\",\"dateModified\":\"2025-06-02T16:06:10+00:00\",\"author\":{\"@id\":\"https:\\\/\\\/erevanblog.am\\\/#\\\/schema\\\/person\\\/204f10311eb7ddb8914a5ab3e5f03928\"},\"breadcrumb\":{\"@id\":\"https:\\\/\\\/erevanblog.am\\\/?p=10168#breadcrumb\"},\"inLanguage\":\"en-US\",\"potentialAction\":[{\"@type\":\"ReadAction\",\"target\":[\"https:\\\/\\\/erevanblog.am\\\/?p=10168\"]}]},{\"@type\":\"ImageObject\",\"inLanguage\":\"en-US\",\"@id\":\"https:\\\/\\\/erevanblog.am\\\/?p=10168#primaryimage\",\"url\":\"https:\\\/\\\/erevanblog.am\\\/wp-content\\\/uploads\\\/2025\\\/06\\\/500555187_122130015140796769_4559276662647437824_n.jpg\",\"contentUrl\":\"https:\\\/\\\/erevanblog.am\\\/wp-content\\\/uploads\\\/2025\\\/06\\\/500555187_122130015140796769_4559276662647437824_n.jpg\",\"width\":2020,\"height\":2028},{\"@type\":\"BreadcrumbList\",\"@id\":\"https:\\\/\\\/erevanblog.am\\\/?p=10168#breadcrumb\",\"itemListElement\":[{\"@type\":\"ListItem\",\"position\":1,\"name\":\"Home\",\"item\":\"https:\\\/\\\/erevanblog.am\\\/\"},{\"@type\":\"ListItem\",\"position\":2,\"name\":\"Linda, 19 let, se provdala za 75let\u00e9ho \u0161ejka\u2026\"}]},{\"@type\":\"WebSite\",\"@id\":\"https:\\\/\\\/erevanblog.am\\\/#website\",\"url\":\"https:\\\/\\\/erevanblog.am\\\/\",\"name\":\"\",\"description\":\"\",\"potentialAction\":[{\"@type\":\"SearchAction\",\"target\":{\"@type\":\"EntryPoint\",\"urlTemplate\":\"https:\\\/\\\/erevanblog.am\\\/?s={search_term_string}\"},\"query-input\":{\"@type\":\"PropertyValueSpecification\",\"valueRequired\":true,\"valueName\":\"search_term_string\"}}],\"inLanguage\":\"en-US\"},{\"@type\":\"Person\",\"@id\":\"https:\\\/\\\/erevanblog.am\\\/#\\\/schema\\\/person\\\/204f10311eb7ddb8914a5ab3e5f03928\",\"name\":\"erevanblog_a\",\"image\":{\"@type\":\"ImageObject\",\"inLanguage\":\"en-US\",\"@id\":\"https:\\\/\\\/secure.gravatar.com\\\/avatar\\\/a24f4ac3a683f3c87303db525abc00db51ea26ccedee11dfaf1cc0f9a481a5d2?s=96&d=mm&r=g\",\"url\":\"https:\\\/\\\/secure.gravatar.com\\\/avatar\\\/a24f4ac3a683f3c87303db525abc00db51ea26ccedee11dfaf1cc0f9a481a5d2?s=96&d=mm&r=g\",\"contentUrl\":\"https:\\\/\\\/secure.gravatar.com\\\/avatar\\\/a24f4ac3a683f3c87303db525abc00db51ea26ccedee11dfaf1cc0f9a481a5d2?s=96&d=mm&r=g\",\"caption\":\"erevanblog_a\"},\"sameAs\":[\"http:\\\/\\\/erevanblog.am\"],\"url\":\"https:\\\/\\\/erevanblog.am\\\/?author=1\"}]}<\/script>\n<!-- \/ Yoast SEO plugin. -->","yoast_head_json":{"title":"Linda, 19 let, se provdala za 75let\u00e9ho \u0161ejka\u2026 -","robots":{"index":"index","follow":"follow","max-snippet":"max-snippet:-1","max-image-preview":"max-image-preview:large","max-video-preview":"max-video-preview:-1"},"canonical":"https:\/\/erevanblog.am\/?p=10168","og_locale":"en_US","og_type":"article","og_title":"Linda, 19 let, se provdala za 75let\u00e9ho \u0161ejka\u2026 -","og_description":"Kdy\u017e se po internetu roz\u0161\u00ed\u0159ila zpr\u00e1va, \u017ee devaten\u00e1ctilet\u00e1 Linda z mal\u00e9ho v\u00fdchodoevropsk\u00e9ho m\u011bste\u010dka se provdala za 75let\u00e9ho \u0161ejka z Bl\u00edzk\u00e9ho v\u00fdchodu, zn\u011blo to jako modern\u00ed [...]","og_url":"https:\/\/erevanblog.am\/?p=10168","article_published_time":"2025-06-02T16:06:09+00:00","article_modified_time":"2025-06-02T16:06:10+00:00","og_image":[{"width":2020,"height":2028,"url":"http:\/\/erevanblog.am\/wp-content\/uploads\/2025\/06\/500555187_122130015140796769_4559276662647437824_n.jpg","type":"image\/jpeg"}],"author":"erevanblog_a","twitter_card":"summary_large_image","twitter_misc":{"Written by":"erevanblog_a","Est. reading time":"3 minutes"},"schema":{"@context":"https:\/\/schema.org","@graph":[{"@type":"Article","@id":"https:\/\/erevanblog.am\/?p=10168#article","isPartOf":{"@id":"https:\/\/erevanblog.am\/?p=10168"},"author":{"name":"erevanblog_a","@id":"https:\/\/erevanblog.am\/#\/schema\/person\/204f10311eb7ddb8914a5ab3e5f03928"},"headline":"Linda, 19 let, se provdala za 75let\u00e9ho \u0161ejka\u2026","datePublished":"2025-06-02T16:06:09+00:00","dateModified":"2025-06-02T16:06:10+00:00","mainEntityOfPage":{"@id":"https:\/\/erevanblog.am\/?p=10168"},"wordCount":693,"commentCount":0,"image":{"@id":"https:\/\/erevanblog.am\/?p=10168#primaryimage"},"thumbnailUrl":"https:\/\/erevanblog.am\/wp-content\/uploads\/2025\/06\/500555187_122130015140796769_4559276662647437824_n.jpg","articleSection":["NEWS"],"inLanguage":"en-US","potentialAction":[{"@type":"CommentAction","name":"Comment","target":["https:\/\/erevanblog.am\/?p=10168#respond"]}]},{"@type":"WebPage","@id":"https:\/\/erevanblog.am\/?p=10168","url":"https:\/\/erevanblog.am\/?p=10168","name":"Linda, 19 let, se provdala za 75let\u00e9ho \u0161ejka\u2026 -","isPartOf":{"@id":"https:\/\/erevanblog.am\/#website"},"primaryImageOfPage":{"@id":"https:\/\/erevanblog.am\/?p=10168#primaryimage"},"image":{"@id":"https:\/\/erevanblog.am\/?p=10168#primaryimage"},"thumbnailUrl":"https:\/\/erevanblog.am\/wp-content\/uploads\/2025\/06\/500555187_122130015140796769_4559276662647437824_n.jpg","datePublished":"2025-06-02T16:06:09+00:00","dateModified":"2025-06-02T16:06:10+00:00","author":{"@id":"https:\/\/erevanblog.am\/#\/schema\/person\/204f10311eb7ddb8914a5ab3e5f03928"},"breadcrumb":{"@id":"https:\/\/erevanblog.am\/?p=10168#breadcrumb"},"inLanguage":"en-US","potentialAction":[{"@type":"ReadAction","target":["https:\/\/erevanblog.am\/?p=10168"]}]},{"@type":"ImageObject","inLanguage":"en-US","@id":"https:\/\/erevanblog.am\/?p=10168#primaryimage","url":"https:\/\/erevanblog.am\/wp-content\/uploads\/2025\/06\/500555187_122130015140796769_4559276662647437824_n.jpg","contentUrl":"https:\/\/erevanblog.am\/wp-content\/uploads\/2025\/06\/500555187_122130015140796769_4559276662647437824_n.jpg","width":2020,"height":2028},{"@type":"BreadcrumbList","@id":"https:\/\/erevanblog.am\/?p=10168#breadcrumb","itemListElement":[{"@type":"ListItem","position":1,"name":"Home","item":"https:\/\/erevanblog.am\/"},{"@type":"ListItem","position":2,"name":"Linda, 19 let, se provdala za 75let\u00e9ho \u0161ejka\u2026"}]},{"@type":"WebSite","@id":"https:\/\/erevanblog.am\/#website","url":"https:\/\/erevanblog.am\/","name":"","description":"","potentialAction":[{"@type":"SearchAction","target":{"@type":"EntryPoint","urlTemplate":"https:\/\/erevanblog.am\/?s={search_term_string}"},"query-input":{"@type":"PropertyValueSpecification","valueRequired":true,"valueName":"search_term_string"}}],"inLanguage":"en-US"},{"@type":"Person","@id":"https:\/\/erevanblog.am\/#\/schema\/person\/204f10311eb7ddb8914a5ab3e5f03928","name":"erevanblog_a","image":{"@type":"ImageObject","inLanguage":"en-US","@id":"https:\/\/secure.gravatar.com\/avatar\/a24f4ac3a683f3c87303db525abc00db51ea26ccedee11dfaf1cc0f9a481a5d2?s=96&d=mm&r=g","url":"https:\/\/secure.gravatar.com\/avatar\/a24f4ac3a683f3c87303db525abc00db51ea26ccedee11dfaf1cc0f9a481a5d2?s=96&d=mm&r=g","contentUrl":"https:\/\/secure.gravatar.com\/avatar\/a24f4ac3a683f3c87303db525abc00db51ea26ccedee11dfaf1cc0f9a481a5d2?s=96&d=mm&r=g","caption":"erevanblog_a"},"sameAs":["http:\/\/erevanblog.am"],"url":"https:\/\/erevanblog.am\/?author=1"}]}},"views":191,"_links":{"self":[{"href":"https:\/\/erevanblog.am\/index.php?rest_route=\/wp\/v2\/posts\/10168","targetHints":{"allow":["GET"]}}],"collection":[{"href":"https:\/\/erevanblog.am\/index.php?rest_route=\/wp\/v2\/posts"}],"about":[{"href":"https:\/\/erevanblog.am\/index.php?rest_route=\/wp\/v2\/types\/post"}],"author":[{"embeddable":true,"href":"https:\/\/erevanblog.am\/index.php?rest_route=\/wp\/v2\/users\/1"}],"replies":[{"embeddable":true,"href":"https:\/\/erevanblog.am\/index.php?rest_route=%2Fwp%2Fv2%2Fcomments&post=10168"}],"version-history":[{"count":1,"href":"https:\/\/erevanblog.am\/index.php?rest_route=\/wp\/v2\/posts\/10168\/revisions"}],"predecessor-version":[{"id":10170,"href":"https:\/\/erevanblog.am\/index.php?rest_route=\/wp\/v2\/posts\/10168\/revisions\/10170"}],"wp:featuredmedia":[{"embeddable":true,"href":"https:\/\/erevanblog.am\/index.php?rest_route=\/wp\/v2\/media\/10169"}],"wp:attachment":[{"href":"https:\/\/erevanblog.am\/index.php?rest_route=%2Fwp%2Fv2%2Fmedia&parent=10168"}],"wp:term":[{"taxonomy":"category","embeddable":true,"href":"https:\/\/erevanblog.am\/index.php?rest_route=%2Fwp%2Fv2%2Fcategories&post=10168"},{"taxonomy":"post_tag","embeddable":true,"href":"https:\/\/erevanblog.am\/index.php?rest_route=%2Fwp%2Fv2%2Ftags&post=10168"}],"curies":[{"name":"wp","href":"https:\/\/api.w.org\/{rel}","templated":true}]}}