{"id":10174,"date":"2025-06-02T17:58:36","date_gmt":"2025-06-02T16:58:36","guid":{"rendered":"https:\/\/erevanblog.am\/?p=10174"},"modified":"2025-06-02T17:58:37","modified_gmt":"2025-06-02T16:58:37","slug":"letadlo-zahadne-zmizelo-v-cernem-kruhu-na-obloze","status":"publish","type":"post","link":"https:\/\/erevanblog.am\/?p=10174","title":{"rendered":"Letadlo z\u00e1hadn\u011b zmizelo v \u010dern\u00e9m kruhu na obloze\u2026"},"content":{"rendered":"\n<p>V\u0161echno za\u010dalo jako oby\u010dejn\u00e9 odpoledne nad poklidn\u00fdmi p\u0159edm\u011bst\u00edmi severn\u00edho Illinoisu. Lid\u00e9 se proch\u00e1zeli v parc\u00edch, d\u011bti si hr\u00e1ly pod jasnou oblohou bez mr\u00e1\u010dku. Ale kolem 15:18 se stalo n\u011bco, co naru\u0161ilo tento klid a zapsalo ten den na seznam nevysv\u011btliteln\u00fdch jev\u016f. Dopravn\u00ed letadlo let\u00edc\u00ed z Minneapolisu do Chicaga najednou \u2014 p\u0159\u00edmo p\u0159ed o\u010dima sv\u011bdk\u016f \u2014 zmizelo v n\u011b\u010dem, co v\u0161ichni popsali jako \u201edokonal\u00fd \u010dern\u00fd kruh\u201c vysoko na obloze.<\/p>\n\n\n\n<p>Jen o p\u00e1r minut pozd\u011bji byly soci\u00e1ln\u00ed s\u00edt\u011b zaplaveny videi, panick\u00fdmi hlasy a v\u00fdpov\u011b\u010fmi \u0161okovan\u00fdch lid\u00ed. Z\u00e1znamy ukazovaly letadlo let\u00edc\u00ed norm\u00e1ln\u011b \u2014 a pak n\u00e1hle miz\u00edc\u00ed. Bez v\u00fdbuchu. Bez kou\u0159e. Jen zmizen\u00ed.<\/p>\n\n\n\n<p>Ofici\u00e1ln\u00ed reakce \u00fa\u0159ad\u016f byla rychl\u00e1, ale nejasn\u00e1. Feder\u00e1ln\u00ed leteck\u00e1 spr\u00e1va (FAA) ozn\u00e1mila, \u017ee \u0161lo o \u201edo\u010dasnou ztr\u00e1tu radarov\u00e9ho sign\u00e1lu\u201c a \u017ee let pozd\u011bji bezpe\u010dn\u011b p\u0159ist\u00e1l v Chicagu. Ale v\u00fdpov\u011bdi cestuj\u00edc\u00edch a letov\u00fdch dispe\u010der\u016f nazna\u010duj\u00ed zcela jinou realitu \u2014 \u017ee letadlo, alespo\u0148 na chv\u00edli, skute\u010dn\u011b zmizelo.<\/p>\n\n\n\n<figure class=\"wp-block-image size-full\"><img loading=\"lazy\" decoding=\"async\" width=\"1010\" height=\"1024\" src=\"https:\/\/erevanblog.am\/wp-content\/uploads\/2025\/06\/710.jpeg\" alt=\"\" class=\"wp-image-10175\" srcset=\"https:\/\/erevanblog.am\/wp-content\/uploads\/2025\/06\/710.jpeg 1010w, https:\/\/erevanblog.am\/wp-content\/uploads\/2025\/06\/710-296x300.jpeg 296w, https:\/\/erevanblog.am\/wp-content\/uploads\/2025\/06\/710-768x779.jpeg 768w\" sizes=\"auto, (max-width: 1010px) 100vw, 1010px\" \/><\/figure>\n\n\n\n<p><strong>Co sv\u011bdci opravdu vid\u011bli?<\/strong><\/p>\n\n\n\n<p>Obyvatel\u00e9 \u010dty\u0159 r\u016fzn\u00fdch m\u011bst pod\u00e9l letov\u00e9 trasy vid\u011bli tot\u00e9\u017e: dokonale kulat\u00fd, \u010dern\u00fd, nehybn\u00fd kruh na obloze. Nebyl to st\u00edn. Nebyl to mrak. \u201eVypadalo to jako d\u00edra v nebi,\u201c \u0159\u00edkaj\u00ed n\u011bkte\u0159\u00ed. \u201eJako temnota bez dna.\u201c<\/p>\n\n\n\n<p>Amat\u00e9rsk\u00fd fotograf Charles DeWayne dok\u00e1zal po\u0159\u00eddit s\u00e9rii fotografi\u00ed s 600mm objektivem. \u201e\u010cern\u00fd kruh neodr\u00e1\u017eel sv\u011btlo. Nepohyboval se. Jako by n\u011bkdo vyst\u0159ihl kus oblohy,\u201c uvedl. \u201eLetadlo, jakmile se dotklo kruhu \u2014 zmizelo.\u201c<\/p>\n\n\n\n<p>V n\u00e1sleduj\u00edc\u00edch hodin\u00e1ch m\u00edstn\u00ed \u00fa\u0159ady oblast uzav\u0159ely s od\u016fvodn\u011bn\u00edm \u201evojensk\u00fdch test\u016f ve vzduchu\u201c. To jen zv\u00fd\u0161ilo podez\u0159en\u00ed ve\u0159ejnosti.<\/p>\n\n\n\n<p><strong>Optick\u00e1 iluze nebo atmosf\u00e9rick\u00fd jev?<\/strong><\/p>\n\n\n\n<p>N\u011bkte\u0159\u00ed v\u011bdci se pokusili nab\u00eddnout vysv\u011btlen\u00ed. Fyzika Karen Alvarezov\u00e1 navrhla, \u017ee by se mohlo jednat o vz\u00e1cn\u00fd atmosf\u00e9rick\u00fd jev zvan\u00fd \u201eglorie\u201c \u2013 optick\u00fd kruh, kter\u00fd se tvo\u0159\u00ed kolem st\u00ednu pozorovatele. Ale i ona p\u0159ipustila: \u201eTo nevysv\u011btluje \u00faplnou temnotu, ani zmizen\u00ed cel\u00e9ho letadla.\u201c<\/p>\n\n\n\n<p>Jin\u00fd p\u0159\u00edstup zvolil Dr. Neil Kashyap, teoretick\u00fd fyzik specializuj\u00edc\u00ed se na gravita\u010dn\u00ed jevy. Navrhl, \u017ee by se mohlo jednat o stabiln\u00ed mikro\u010dernou d\u00edru. \u201eA\u010dkoli je to extr\u00e9mn\u011b nepravd\u011bpodobn\u00e9, pokud by se takov\u00fd objekt objevil na Zemi, projevoval by se pr\u00e1v\u011b takov\u00fdmto vizu\u00e1ln\u00edm zkreslen\u00edm,\u201c uvedl.<\/p>\n\n\n\n<p>Objevily se i spekulace o tajn\u00fdch vojensk\u00fdch technologi\u00edch \u2013 jako experiment\u00e1ln\u00ed maskov\u00e1n\u00ed nebo projekce zkresluj\u00edc\u00ed sv\u011btlo. \u201ePokud to byla vojensk\u00e1 technologie, ve\u0159ejnost to nem\u011bla vid\u011bt,\u201c uvedla analyti\u010dka Mira Chen.<\/p>\n\n\n\n<p><strong>Co \u0159\u00edkaj\u00ed cestuj\u00edc\u00ed?<\/strong><\/p>\n\n\n\n<p>A\u010dkoli FAA tvrd\u00ed, \u017ee let p\u0159ist\u00e1l norm\u00e1ln\u011b, n\u011bkolik cestuj\u00edc\u00edch uvedlo odli\u0161n\u00e9 z\u00e1\u017eitky. Jedna \u017eena popsala \u201enaprost\u00e9 ticho\u201c v kabin\u011b a \u201etemnotu za oknem \u2014 nebylo nebe, nebyly mraky, jen \u010derno\u201c.<\/p>\n\n\n\n<p>Jin\u00fd cestuj\u00edc\u00ed, technologick\u00fd konzultant jm\u00e9nem Darren Whitlow, \u0159ekl: \u201eTelefon i chytr\u00e9 hodinky se mi najednou vypnuly. M\u011blo to pocit, jako bychom opustili realitu. Pak se v\u0161e vr\u00e1tilo do norm\u00e1lu. Ale nikdo nemluvil \u2014 v\u0161ichni jsme v\u011bd\u011bli, \u017ee n\u011bco bylo \u0161patn\u011b.\u201c<\/p>\n\n\n\n<p>Leteck\u00e1 spole\u010dnost odm\u00edtla komentovat, s odkazem na prob\u00edhaj\u00edc\u00ed vy\u0161et\u0159ov\u00e1n\u00ed.<\/p>\n\n\n\n<p><strong>Vir\u00e1ln\u00ed z\u00e1hada<\/strong><\/p>\n\n\n\n<p>Hashtagy jako #\u010cern\u00fdKruh, #Zmizel\u00e9Letadlo a #Nebesk\u00e9Tajemstv\u00ed se staly vir\u00e1ln\u00edmi po cel\u00e9m sv\u011bt\u011b. Internet zaplavily videa, spekulace, memy a teorie \u2013 od v\u011bdeck\u00fdch po fantastick\u00e9.<\/p>\n\n\n\n<p>V\u00fdzkumn\u00edci zjistili, \u017ee GPS data letu vykazovala t\u0159\u00edminutov\u00fd v\u00fdpadek sign\u00e1lu. Podle dat se letadlo v t\u00e9 dob\u011b nepohybovalo \u2013 \u017e\u00e1dn\u00fd postup vp\u0159ed, \u017e\u00e1dn\u00e1 zm\u011bna v\u00fd\u0161ky. Jako by zmizelo z \u010dasu.<\/p>\n\n\n\n<p><strong>Pohled do jin\u00e9 dimenze?<\/strong><\/p>\n\n\n\n<p>Mohli jsme b\u00fdt sv\u011bdky otev\u0159en\u00e9 br\u00e1ny do jin\u00e9ho sv\u011bta? Nebo \u0161lo o nepoveden\u00fd experiment s realitou?<\/p>\n\n\n\n<p>Filozofka Lenora Jamesov\u00e1 uvedla: \u201eHistorie je pln\u00e1 p\u0159\u00edklad\u016f, kdy nezn\u00e1m\u00e9 vedlo k nov\u00e9mu pozn\u00e1n\u00ed. Mo\u017en\u00e1 to byl pr\u00e1v\u011b takov\u00fd okam\u017eik. Ot\u00e1zka zn\u00ed: jsme p\u0159ipraveni pochopit to, co jsme vid\u011bli?\u201c<\/p>\n\n\n\n<p>Od t\u00e9 doby se na obloze \u017e\u00e1dn\u00fd dal\u0161\u00ed \u010dern\u00fd kruh neobjevil. V\u0161e vypad\u00e1 norm\u00e1ln\u011b. Ale ti, kdo tam byli \u2014 na to nikdy nezapomenou.<\/p>\n","protected":false},"excerpt":{"rendered":"<div class=\"mh-excerpt\"><p>V\u0161echno za\u010dalo jako oby\u010dejn\u00e9 odpoledne nad poklidn\u00fdmi p\u0159edm\u011bst\u00edmi severn\u00edho Illinoisu. Lid\u00e9 se proch\u00e1zeli v parc\u00edch, d\u011bti si hr\u00e1ly pod jasnou oblohou bez mr\u00e1\u010dku. Ale kolem <a class=\"mh-excerpt-more\" href=\"https:\/\/erevanblog.am\/?p=10174\" title=\"Letadlo z\u00e1hadn\u011b zmizelo v \u010dern\u00e9m kruhu na obloze\u2026\">[&#8230;]<\/a><\/p>\n<\/div>","protected":false},"author":1,"featured_media":10175,"comment_status":"open","ping_status":"open","sticky":false,"template":"","format":"standard","meta":{"footnotes":""},"categories":[1],"tags":[],"class_list":["post-10174","post","type-post","status-publish","format-standard","has-post-thumbnail","hentry","category-uncategorised"],"yoast_head":"<!-- This site is optimized with the Yoast SEO plugin v27.5 - https:\/\/yoast.com\/product\/yoast-seo-wordpress\/ -->\n<title>Letadlo z\u00e1hadn\u011b zmizelo v \u010dern\u00e9m kruhu na obloze\u2026 -<\/title>\n<meta name=\"robots\" content=\"index, follow, max-snippet:-1, max-image-preview:large, max-video-preview:-1\" \/>\n<link rel=\"canonical\" href=\"https:\/\/erevanblog.am\/?p=10174\" \/>\n<meta property=\"og:locale\" content=\"en_US\" \/>\n<meta property=\"og:type\" content=\"article\" \/>\n<meta property=\"og:title\" content=\"Letadlo z\u00e1hadn\u011b zmizelo v \u010dern\u00e9m kruhu na obloze\u2026 -\" \/>\n<meta property=\"og:description\" content=\"V\u0161echno za\u010dalo jako oby\u010dejn\u00e9 odpoledne nad poklidn\u00fdmi p\u0159edm\u011bst\u00edmi severn\u00edho Illinoisu. Lid\u00e9 se proch\u00e1zeli v parc\u00edch, d\u011bti si hr\u00e1ly pod jasnou oblohou bez mr\u00e1\u010dku. Ale kolem [...]\" \/>\n<meta property=\"og:url\" content=\"https:\/\/erevanblog.am\/?p=10174\" \/>\n<meta property=\"article:published_time\" content=\"2025-06-02T16:58:36+00:00\" \/>\n<meta property=\"article:modified_time\" content=\"2025-06-02T16:58:37+00:00\" \/>\n<meta property=\"og:image\" content=\"http:\/\/erevanblog.am\/wp-content\/uploads\/2025\/06\/710.jpeg\" \/>\n\t<meta property=\"og:image:width\" content=\"1010\" \/>\n\t<meta property=\"og:image:height\" content=\"1024\" \/>\n\t<meta property=\"og:image:type\" content=\"image\/jpeg\" \/>\n<meta name=\"author\" content=\"erevanblog_a\" \/>\n<meta name=\"twitter:card\" content=\"summary_large_image\" \/>\n<meta name=\"twitter:label1\" content=\"Written by\" \/>\n\t<meta name=\"twitter:data1\" content=\"erevanblog_a\" \/>\n\t<meta name=\"twitter:label2\" content=\"Est. reading time\" \/>\n\t<meta name=\"twitter:data2\" content=\"3 minutes\" \/>\n<script type=\"application\/ld+json\" class=\"yoast-schema-graph\">{\"@context\":\"https:\\\/\\\/schema.org\",\"@graph\":[{\"@type\":\"Article\",\"@id\":\"https:\\\/\\\/erevanblog.am\\\/?p=10174#article\",\"isPartOf\":{\"@id\":\"https:\\\/\\\/erevanblog.am\\\/?p=10174\"},\"author\":{\"name\":\"erevanblog_a\",\"@id\":\"https:\\\/\\\/erevanblog.am\\\/#\\\/schema\\\/person\\\/204f10311eb7ddb8914a5ab3e5f03928\"},\"headline\":\"Letadlo z\u00e1hadn\u011b zmizelo v \u010dern\u00e9m kruhu na obloze\u2026\",\"datePublished\":\"2025-06-02T16:58:36+00:00\",\"dateModified\":\"2025-06-02T16:58:37+00:00\",\"mainEntityOfPage\":{\"@id\":\"https:\\\/\\\/erevanblog.am\\\/?p=10174\"},\"wordCount\":750,\"commentCount\":0,\"image\":{\"@id\":\"https:\\\/\\\/erevanblog.am\\\/?p=10174#primaryimage\"},\"thumbnailUrl\":\"https:\\\/\\\/erevanblog.am\\\/wp-content\\\/uploads\\\/2025\\\/06\\\/710.jpeg\",\"articleSection\":[\"NEWS\"],\"inLanguage\":\"en-US\",\"potentialAction\":[{\"@type\":\"CommentAction\",\"name\":\"Comment\",\"target\":[\"https:\\\/\\\/erevanblog.am\\\/?p=10174#respond\"]}]},{\"@type\":\"WebPage\",\"@id\":\"https:\\\/\\\/erevanblog.am\\\/?p=10174\",\"url\":\"https:\\\/\\\/erevanblog.am\\\/?p=10174\",\"name\":\"Letadlo z\u00e1hadn\u011b zmizelo v \u010dern\u00e9m kruhu na obloze\u2026 -\",\"isPartOf\":{\"@id\":\"https:\\\/\\\/erevanblog.am\\\/#website\"},\"primaryImageOfPage\":{\"@id\":\"https:\\\/\\\/erevanblog.am\\\/?p=10174#primaryimage\"},\"image\":{\"@id\":\"https:\\\/\\\/erevanblog.am\\\/?p=10174#primaryimage\"},\"thumbnailUrl\":\"https:\\\/\\\/erevanblog.am\\\/wp-content\\\/uploads\\\/2025\\\/06\\\/710.jpeg\",\"datePublished\":\"2025-06-02T16:58:36+00:00\",\"dateModified\":\"2025-06-02T16:58:37+00:00\",\"author\":{\"@id\":\"https:\\\/\\\/erevanblog.am\\\/#\\\/schema\\\/person\\\/204f10311eb7ddb8914a5ab3e5f03928\"},\"breadcrumb\":{\"@id\":\"https:\\\/\\\/erevanblog.am\\\/?p=10174#breadcrumb\"},\"inLanguage\":\"en-US\",\"potentialAction\":[{\"@type\":\"ReadAction\",\"target\":[\"https:\\\/\\\/erevanblog.am\\\/?p=10174\"]}]},{\"@type\":\"ImageObject\",\"inLanguage\":\"en-US\",\"@id\":\"https:\\\/\\\/erevanblog.am\\\/?p=10174#primaryimage\",\"url\":\"https:\\\/\\\/erevanblog.am\\\/wp-content\\\/uploads\\\/2025\\\/06\\\/710.jpeg\",\"contentUrl\":\"https:\\\/\\\/erevanblog.am\\\/wp-content\\\/uploads\\\/2025\\\/06\\\/710.jpeg\",\"width\":1010,\"height\":1024},{\"@type\":\"BreadcrumbList\",\"@id\":\"https:\\\/\\\/erevanblog.am\\\/?p=10174#breadcrumb\",\"itemListElement\":[{\"@type\":\"ListItem\",\"position\":1,\"name\":\"Home\",\"item\":\"https:\\\/\\\/erevanblog.am\\\/\"},{\"@type\":\"ListItem\",\"position\":2,\"name\":\"Letadlo z\u00e1hadn\u011b zmizelo v \u010dern\u00e9m kruhu na obloze\u2026\"}]},{\"@type\":\"WebSite\",\"@id\":\"https:\\\/\\\/erevanblog.am\\\/#website\",\"url\":\"https:\\\/\\\/erevanblog.am\\\/\",\"name\":\"\",\"description\":\"\",\"potentialAction\":[{\"@type\":\"SearchAction\",\"target\":{\"@type\":\"EntryPoint\",\"urlTemplate\":\"https:\\\/\\\/erevanblog.am\\\/?s={search_term_string}\"},\"query-input\":{\"@type\":\"PropertyValueSpecification\",\"valueRequired\":true,\"valueName\":\"search_term_string\"}}],\"inLanguage\":\"en-US\"},{\"@type\":\"Person\",\"@id\":\"https:\\\/\\\/erevanblog.am\\\/#\\\/schema\\\/person\\\/204f10311eb7ddb8914a5ab3e5f03928\",\"name\":\"erevanblog_a\",\"image\":{\"@type\":\"ImageObject\",\"inLanguage\":\"en-US\",\"@id\":\"https:\\\/\\\/secure.gravatar.com\\\/avatar\\\/a24f4ac3a683f3c87303db525abc00db51ea26ccedee11dfaf1cc0f9a481a5d2?s=96&d=mm&r=g\",\"url\":\"https:\\\/\\\/secure.gravatar.com\\\/avatar\\\/a24f4ac3a683f3c87303db525abc00db51ea26ccedee11dfaf1cc0f9a481a5d2?s=96&d=mm&r=g\",\"contentUrl\":\"https:\\\/\\\/secure.gravatar.com\\\/avatar\\\/a24f4ac3a683f3c87303db525abc00db51ea26ccedee11dfaf1cc0f9a481a5d2?s=96&d=mm&r=g\",\"caption\":\"erevanblog_a\"},\"sameAs\":[\"http:\\\/\\\/erevanblog.am\"],\"url\":\"https:\\\/\\\/erevanblog.am\\\/?author=1\"}]}<\/script>\n<!-- \/ Yoast SEO plugin. -->","yoast_head_json":{"title":"Letadlo z\u00e1hadn\u011b zmizelo v \u010dern\u00e9m kruhu na obloze\u2026 -","robots":{"index":"index","follow":"follow","max-snippet":"max-snippet:-1","max-image-preview":"max-image-preview:large","max-video-preview":"max-video-preview:-1"},"canonical":"https:\/\/erevanblog.am\/?p=10174","og_locale":"en_US","og_type":"article","og_title":"Letadlo z\u00e1hadn\u011b zmizelo v \u010dern\u00e9m kruhu na obloze\u2026 -","og_description":"V\u0161echno za\u010dalo jako oby\u010dejn\u00e9 odpoledne nad poklidn\u00fdmi p\u0159edm\u011bst\u00edmi severn\u00edho Illinoisu. Lid\u00e9 se proch\u00e1zeli v parc\u00edch, d\u011bti si hr\u00e1ly pod jasnou oblohou bez mr\u00e1\u010dku. Ale kolem [...]","og_url":"https:\/\/erevanblog.am\/?p=10174","article_published_time":"2025-06-02T16:58:36+00:00","article_modified_time":"2025-06-02T16:58:37+00:00","og_image":[{"width":1010,"height":1024,"url":"http:\/\/erevanblog.am\/wp-content\/uploads\/2025\/06\/710.jpeg","type":"image\/jpeg"}],"author":"erevanblog_a","twitter_card":"summary_large_image","twitter_misc":{"Written by":"erevanblog_a","Est. reading time":"3 minutes"},"schema":{"@context":"https:\/\/schema.org","@graph":[{"@type":"Article","@id":"https:\/\/erevanblog.am\/?p=10174#article","isPartOf":{"@id":"https:\/\/erevanblog.am\/?p=10174"},"author":{"name":"erevanblog_a","@id":"https:\/\/erevanblog.am\/#\/schema\/person\/204f10311eb7ddb8914a5ab3e5f03928"},"headline":"Letadlo z\u00e1hadn\u011b zmizelo v \u010dern\u00e9m kruhu na obloze\u2026","datePublished":"2025-06-02T16:58:36+00:00","dateModified":"2025-06-02T16:58:37+00:00","mainEntityOfPage":{"@id":"https:\/\/erevanblog.am\/?p=10174"},"wordCount":750,"commentCount":0,"image":{"@id":"https:\/\/erevanblog.am\/?p=10174#primaryimage"},"thumbnailUrl":"https:\/\/erevanblog.am\/wp-content\/uploads\/2025\/06\/710.jpeg","articleSection":["NEWS"],"inLanguage":"en-US","potentialAction":[{"@type":"CommentAction","name":"Comment","target":["https:\/\/erevanblog.am\/?p=10174#respond"]}]},{"@type":"WebPage","@id":"https:\/\/erevanblog.am\/?p=10174","url":"https:\/\/erevanblog.am\/?p=10174","name":"Letadlo z\u00e1hadn\u011b zmizelo v \u010dern\u00e9m kruhu na obloze\u2026 -","isPartOf":{"@id":"https:\/\/erevanblog.am\/#website"},"primaryImageOfPage":{"@id":"https:\/\/erevanblog.am\/?p=10174#primaryimage"},"image":{"@id":"https:\/\/erevanblog.am\/?p=10174#primaryimage"},"thumbnailUrl":"https:\/\/erevanblog.am\/wp-content\/uploads\/2025\/06\/710.jpeg","datePublished":"2025-06-02T16:58:36+00:00","dateModified":"2025-06-02T16:58:37+00:00","author":{"@id":"https:\/\/erevanblog.am\/#\/schema\/person\/204f10311eb7ddb8914a5ab3e5f03928"},"breadcrumb":{"@id":"https:\/\/erevanblog.am\/?p=10174#breadcrumb"},"inLanguage":"en-US","potentialAction":[{"@type":"ReadAction","target":["https:\/\/erevanblog.am\/?p=10174"]}]},{"@type":"ImageObject","inLanguage":"en-US","@id":"https:\/\/erevanblog.am\/?p=10174#primaryimage","url":"https:\/\/erevanblog.am\/wp-content\/uploads\/2025\/06\/710.jpeg","contentUrl":"https:\/\/erevanblog.am\/wp-content\/uploads\/2025\/06\/710.jpeg","width":1010,"height":1024},{"@type":"BreadcrumbList","@id":"https:\/\/erevanblog.am\/?p=10174#breadcrumb","itemListElement":[{"@type":"ListItem","position":1,"name":"Home","item":"https:\/\/erevanblog.am\/"},{"@type":"ListItem","position":2,"name":"Letadlo z\u00e1hadn\u011b zmizelo v \u010dern\u00e9m kruhu na obloze\u2026"}]},{"@type":"WebSite","@id":"https:\/\/erevanblog.am\/#website","url":"https:\/\/erevanblog.am\/","name":"","description":"","potentialAction":[{"@type":"SearchAction","target":{"@type":"EntryPoint","urlTemplate":"https:\/\/erevanblog.am\/?s={search_term_string}"},"query-input":{"@type":"PropertyValueSpecification","valueRequired":true,"valueName":"search_term_string"}}],"inLanguage":"en-US"},{"@type":"Person","@id":"https:\/\/erevanblog.am\/#\/schema\/person\/204f10311eb7ddb8914a5ab3e5f03928","name":"erevanblog_a","image":{"@type":"ImageObject","inLanguage":"en-US","@id":"https:\/\/secure.gravatar.com\/avatar\/a24f4ac3a683f3c87303db525abc00db51ea26ccedee11dfaf1cc0f9a481a5d2?s=96&d=mm&r=g","url":"https:\/\/secure.gravatar.com\/avatar\/a24f4ac3a683f3c87303db525abc00db51ea26ccedee11dfaf1cc0f9a481a5d2?s=96&d=mm&r=g","contentUrl":"https:\/\/secure.gravatar.com\/avatar\/a24f4ac3a683f3c87303db525abc00db51ea26ccedee11dfaf1cc0f9a481a5d2?s=96&d=mm&r=g","caption":"erevanblog_a"},"sameAs":["http:\/\/erevanblog.am"],"url":"https:\/\/erevanblog.am\/?author=1"}]}},"views":201,"_links":{"self":[{"href":"https:\/\/erevanblog.am\/index.php?rest_route=\/wp\/v2\/posts\/10174","targetHints":{"allow":["GET"]}}],"collection":[{"href":"https:\/\/erevanblog.am\/index.php?rest_route=\/wp\/v2\/posts"}],"about":[{"href":"https:\/\/erevanblog.am\/index.php?rest_route=\/wp\/v2\/types\/post"}],"author":[{"embeddable":true,"href":"https:\/\/erevanblog.am\/index.php?rest_route=\/wp\/v2\/users\/1"}],"replies":[{"embeddable":true,"href":"https:\/\/erevanblog.am\/index.php?rest_route=%2Fwp%2Fv2%2Fcomments&post=10174"}],"version-history":[{"count":1,"href":"https:\/\/erevanblog.am\/index.php?rest_route=\/wp\/v2\/posts\/10174\/revisions"}],"predecessor-version":[{"id":10176,"href":"https:\/\/erevanblog.am\/index.php?rest_route=\/wp\/v2\/posts\/10174\/revisions\/10176"}],"wp:featuredmedia":[{"embeddable":true,"href":"https:\/\/erevanblog.am\/index.php?rest_route=\/wp\/v2\/media\/10175"}],"wp:attachment":[{"href":"https:\/\/erevanblog.am\/index.php?rest_route=%2Fwp%2Fv2%2Fmedia&parent=10174"}],"wp:term":[{"taxonomy":"category","embeddable":true,"href":"https:\/\/erevanblog.am\/index.php?rest_route=%2Fwp%2Fv2%2Fcategories&post=10174"},{"taxonomy":"post_tag","embeddable":true,"href":"https:\/\/erevanblog.am\/index.php?rest_route=%2Fwp%2Fv2%2Ftags&post=10174"}],"curies":[{"name":"wp","href":"https:\/\/api.w.org\/{rel}","templated":true}]}}