{"id":10186,"date":"2025-06-03T16:26:31","date_gmt":"2025-06-03T15:26:31","guid":{"rendered":"https:\/\/erevanblog.am\/?p=10186"},"modified":"2025-06-03T16:26:32","modified_gmt":"2025-06-03T15:26:32","slug":"tato-zena-porodila-22-deti-takto-vypada-zivot-nejvetsi-rodiny-ve-velke-britanii","status":"publish","type":"post","link":"https:\/\/erevanblog.am\/?p=10186","title":{"rendered":"Tato \u017eena porodila 22 d\u011bti: Takto vypad\u00e1 \u017eivot nejv\u011bt\u0161\u00ed rodiny ve Velk\u00e9 Brit\u00e1nii"},"content":{"rendered":"\n<p>V klidn\u00e9m m\u011bste\u010dku v anglick\u00e9m hrabstv\u00ed Lancashire \u017eije rodina, kter\u00e1 se stala skute\u010dn\u00fdm fenom\u00e9nem. Rodina Radfordov\u00fdch nen\u00ed oby\u010dejn\u00e1 rodina. V jej\u00edm srdci jsou Noel a Sue Radfordovi \u2013 p\u00e1r, jeho\u017e spole\u010dn\u00fd p\u0159\u00edb\u011bh za\u010dal na nejneo\u010dek\u00e1van\u011bj\u0161\u00edm m\u00edst\u011b: v d\u011btsk\u00e9m domov\u011b.<\/p>\n\n\n\n<p>Jako d\u011bti vyr\u016fstali spole\u010dn\u011b v instituci bez rodi\u010dovsk\u00e9 p\u00e9\u010de. Pr\u00e1v\u011b tam se zrodilo jejich prvn\u00ed p\u0159\u00e1telstv\u00ed, kter\u00e9 pozd\u011bji p\u0159erostlo v up\u0159\u00edmnou l\u00e1sku. Od t\u00e9 doby se nikdy nerozpadli. V roce 1993, kdy byla Sue teprve 17 let, se vzali. U\u017e n\u00e1sleduj\u00edc\u00ed rok porodila jejich prvn\u00ed d\u00edt\u011b.<\/p>\n\n\n\n<p>Dnes maj\u00ed 22 d\u011bt\u00ed, jejich\u017e v\u011bk se pohybuje od n\u011bkolika m\u011bs\u00edc\u016f a\u017e po v\u00edce ne\u017e 30 let. Jejich domov je pln\u00fd \u017eivota, ale tak\u00e9 l\u00e1sky, oddanosti a organizovanosti, kter\u00e1 fascinuje.<\/p>\n\n\n\n<figure class=\"wp-block-image size-full\"><img loading=\"lazy\" decoding=\"async\" width=\"1022\" height=\"1024\" src=\"https:\/\/erevanblog.am\/wp-content\/uploads\/2025\/06\/snapedit_1747337424206-1022x1024-1.jpeg\" alt=\"\" class=\"wp-image-10187\" srcset=\"https:\/\/erevanblog.am\/wp-content\/uploads\/2025\/06\/snapedit_1747337424206-1022x1024-1.jpeg 1022w, https:\/\/erevanblog.am\/wp-content\/uploads\/2025\/06\/snapedit_1747337424206-1022x1024-1-300x300.jpeg 300w, https:\/\/erevanblog.am\/wp-content\/uploads\/2025\/06\/snapedit_1747337424206-1022x1024-1-150x150.jpeg 150w, https:\/\/erevanblog.am\/wp-content\/uploads\/2025\/06\/snapedit_1747337424206-1022x1024-1-768x770.jpeg 768w\" sizes=\"auto, (max-width: 1022px) 100vw, 1022px\" \/><\/figure>\n\n\n\n<h3 class=\"wp-block-heading\">Ka\u017edodenn\u00ed \u017eivot pln\u00fd \u017eivota<\/h3>\n\n\n\n<p>R\u00e1no v dom\u011b Radfordov\u00fdch nen\u00ed jako u pr\u016fm\u011brn\u00e9 rodiny \u2013 p\u0159ipom\u00edn\u00e1 \u0161koln\u00ed instituci. Sn\u00eddan\u011b se p\u0159ipravuj\u00ed ve velk\u00e9m mno\u017estv\u00ed, oble\u010den\u00ed a denn\u00ed \u00fakoly jsou rozd\u011bleny p\u0159edem. Navzdory shonu domov vyza\u0159uje teplo, stabilitu a po\u0159\u00e1dek.<\/p>\n\n\n\n<p>Sue, kter\u00e1 str\u00e1vila t\u00e9m\u011b\u0159 polovinu sv\u00e9ho \u017eivota t\u011bhotn\u00e1, nese mate\u0159stv\u00ed s klidem a zku\u0161enostmi. Noel, krom\u011b toho, \u017ee je pe\u010dliv\u00fd otec, je tak\u00e9 hlavn\u00edm finan\u010dn\u00edm podporovatelem rodiny \u2013 vede rodinnou pek\u00e1rnu, kter\u00e1 zaji\u0161\u0165uje p\u0159\u00edjem pro v\u0161echny.<\/p>\n\n\n\n<p>Navzdory tomu, \u017ee vychov\u00e1vaj\u00ed obrovskou rodinu, ne\u010derpaj\u00ed od st\u00e1tu \u017e\u00e1dnou soci\u00e1ln\u00ed pomoc. Hrdost a pracovn\u00ed etika jsou v srdci jejich \u017eivota. U\u010d\u00ed d\u011bti odpov\u011bdnosti, \u00fact\u011b a samostatnosti.<\/p>\n\n\n\n<h3 class=\"wp-block-heading\">Jak vypad\u00e1 \u017eivot s 22 d\u011btmi<\/h3>\n\n\n\n<p>V jejich dom\u011b je soukrom\u00ed vz\u00e1cnost\u00ed a spole\u010dn\u00e9 j\u00eddlo p\u0159ipom\u00edn\u00e1 mal\u00e9 rodinn\u00e9 shrom\u00e1\u017ed\u011bn\u00ed. Ale to nen\u00ed z\u00e1t\u011b\u017e, n\u00fdbr\u017e zdroj s\u00edly. Star\u0161\u00ed d\u011bti \u010dasto pom\u00e1haj\u00ed s t\u011bmi nejmlad\u0161\u00edmi \u2013 s dom\u00e1c\u00edmi \u00fakoly, hygienou nebo jednodu\u0161e s podporou a porozum\u011bn\u00edm.<\/p>\n\n\n\n<p>Tento p\u0159irozen\u00fd syst\u00e9m vz\u00e1jemn\u00e9 pomoci vytv\u00e1\u0159\u00ed jedine\u010dn\u00e9 spojen\u00ed mezi d\u011btmi. Ka\u017ed\u00fd m\u00e1 svou roli a nikdo se nec\u00edt\u00ed zapomenut\u00fd. Rodi\u010de se sna\u017e\u00ed, aby se ka\u017ed\u00fd \u010dlen c\u00edtil cen\u011bn\u00fd a milovan\u00fd.<\/p>\n\n\n\n<p>Jejich zp\u016fsob \u017eivota v\u0161ak neproch\u00e1z\u00ed bez kritiky. N\u011bkte\u0159\u00ed se ptaj\u00ed, zda je mo\u017en\u00e9, aby ka\u017ed\u00e9 d\u00edt\u011b dostalo dostate\u010dnou pozornost, nebo jak je toto udr\u017eiteln\u00e9 dlouhodob\u011b. Noel a Sue se t\u011bmto ot\u00e1zk\u00e1m nevyh\u00fdbaj\u00ed. Naopak \u2013 prost\u0159ednictv\u00edm jejich popul\u00e1rn\u00edho YouTube kan\u00e1lu otev\u0159en\u011b mluv\u00ed o radostech a v\u00fdzv\u00e1ch jejich \u017eivota.<a href=\"https:\/\/www.walesonline.co.uk\/lifestyle\/tv\/22-kids-counting-radford-family-22798674?utm_source=chatgpt.com\" target=\"_blank\" rel=\"noreferrer noopener\">entertainmentdaily.com+3walesonline.co.uk+3en.wikipedia.org+3<\/a><\/p>\n\n\n\n<h3 class=\"wp-block-heading\">Rodina, kter\u00e1 dob\u00fdv\u00e1 internet<\/h3>\n\n\n\n<p>Radfordovi p\u0159itahuj\u00ed pozornost nejen kv\u016fli po\u010dtu d\u011bt\u00ed, ale tak\u00e9 kv\u016fli jejich up\u0159\u00edmnosti. Nejsou sou\u010d\u00e1st\u00ed reality show nebo medi\u00e1ln\u00ed senzace \u2013 jsou to oby\u010dejn\u00e1, ale v\u00fdjime\u010dn\u00e1 rodina, kter\u00e1 \u017eije skute\u010dn\u00fdmi hodnotami.<\/p>\n\n\n\n<p>V dob\u011b filtrovan\u00fdch fotografi\u00ed a dokonale upraven\u00fdch \u017eivot\u016f na soci\u00e1ln\u00edch s\u00edt\u00edch jejich p\u0159\u00edb\u011bh nab\u00edz\u00ed n\u011bco vz\u00e1cn\u00e9ho \u2013 autenti\u010dnost. Ukazuj\u00ed, \u017ee rodina nen\u00ed definov\u00e1na po\u010dtem lid\u00ed, ale l\u00e1skou, kter\u00e1 je spojuje.<\/p>\n\n\n\n<p>Miliony lid\u00ed sleduj\u00ed jejich ka\u017edodenn\u00ed \u017eivot, narozen\u00ed d\u011bt\u00ed, oslavy a dokonce i oby\u010dejn\u00e9 dny. A pr\u00e1v\u011b ta oby\u010dejnost se st\u00e1v\u00e1 jejich nejv\u011bt\u0161\u00ed silou \u2013 inspirovat ostatn\u00ed.<\/p>\n\n\n\n<h3 class=\"wp-block-heading\">Budoucnost velk\u00e9 rodiny<\/h3>\n\n\n\n<p>Zat\u00edmco n\u011bkter\u00e9 z jejich d\u011bt\u00ed ji\u017e za\u010d\u00ednaj\u00ed svou cestu \u017eivotem \u2013 s prac\u00ed, studiemi a vlastn\u00edmi rodinami \u2013 Sue a Noel se st\u00e1vaj\u00ed babi\u010dkou a d\u011bde\u010dkem. Otev\u0159en\u011b mluv\u00ed o tom, jak emocion\u00e1ln\u00ed je vid\u011bt, jak d\u011bti rostou a odch\u00e1zej\u00ed, zat\u00edmco z\u00e1rove\u0148 se rod\u00ed nov\u00ed \u010dlenov\u00e9.<a href=\"https:\/\/www.entertainmentdaily.com\/news\/the-radford-family-22-kids-14-grandchildren\/?utm_source=chatgpt.com\" target=\"_blank\" rel=\"noreferrer noopener\">en.wikipedia.org+2entertainmentdaily.com+2lancashiretelegraph.co.uk+2<\/a><\/p>\n\n\n\n<p>I kdy\u017e p\u00e1r uvedl, \u017ee ji\u017e nepl\u00e1nuj\u00ed dal\u0161\u00ed d\u011bti, podobn\u00e1 prohl\u00e1\u0161en\u00ed m\u011bli i d\u0159\u00edve. Bez ohledu na to, zda rodina poroste nebo ne, jejich vliv a p\u0159\u00edb\u011bh ji\u017e zanechaly hlubok\u00fd otisk.<\/p>\n\n\n\n<p>P\u0159\u00edb\u011bh Radfordov\u00fdch je p\u0159ipom\u00ednkou, \u017ee skute\u010dn\u00e9 rodiny nejsou definov\u00e1ny \u010d\u00edsly, ale l\u00e1skou, spole\u010dnost\u00ed a hodnotami. Ve sv\u011bt\u011b pln\u00e9m nejistot jsou jejich stabilita a oddanost jasn\u00fdm p\u0159\u00edkladem.<\/p>\n","protected":false},"excerpt":{"rendered":"<div class=\"mh-excerpt\"><p>V klidn\u00e9m m\u011bste\u010dku v anglick\u00e9m hrabstv\u00ed Lancashire \u017eije rodina, kter\u00e1 se stala skute\u010dn\u00fdm fenom\u00e9nem. Rodina Radfordov\u00fdch nen\u00ed oby\u010dejn\u00e1 rodina. V jej\u00edm srdci jsou Noel a <a class=\"mh-excerpt-more\" href=\"https:\/\/erevanblog.am\/?p=10186\" title=\"Tato \u017eena porodila 22 d\u011bti: Takto vypad\u00e1 \u017eivot nejv\u011bt\u0161\u00ed rodiny ve Velk\u00e9 Brit\u00e1nii\">[&#8230;]<\/a><\/p>\n<\/div>","protected":false},"author":1,"featured_media":10187,"comment_status":"open","ping_status":"open","sticky":false,"template":"","format":"standard","meta":{"footnotes":""},"categories":[1],"tags":[],"class_list":["post-10186","post","type-post","status-publish","format-standard","has-post-thumbnail","hentry","category-uncategorised"],"yoast_head":"<!-- This site is optimized with the Yoast SEO plugin v27.5 - https:\/\/yoast.com\/product\/yoast-seo-wordpress\/ -->\n<title>Tato \u017eena porodila 22 d\u011bti: Takto vypad\u00e1 \u017eivot nejv\u011bt\u0161\u00ed rodiny ve Velk\u00e9 Brit\u00e1nii -<\/title>\n<meta name=\"robots\" content=\"index, follow, max-snippet:-1, max-image-preview:large, max-video-preview:-1\" \/>\n<link rel=\"canonical\" href=\"https:\/\/erevanblog.am\/?p=10186\" \/>\n<meta property=\"og:locale\" content=\"en_US\" \/>\n<meta property=\"og:type\" content=\"article\" \/>\n<meta property=\"og:title\" content=\"Tato \u017eena porodila 22 d\u011bti: Takto vypad\u00e1 \u017eivot nejv\u011bt\u0161\u00ed rodiny ve Velk\u00e9 Brit\u00e1nii -\" \/>\n<meta property=\"og:description\" content=\"V klidn\u00e9m m\u011bste\u010dku v anglick\u00e9m hrabstv\u00ed Lancashire \u017eije rodina, kter\u00e1 se stala skute\u010dn\u00fdm fenom\u00e9nem. Rodina Radfordov\u00fdch nen\u00ed oby\u010dejn\u00e1 rodina. V jej\u00edm srdci jsou Noel a [...]\" \/>\n<meta property=\"og:url\" content=\"https:\/\/erevanblog.am\/?p=10186\" \/>\n<meta property=\"article:published_time\" content=\"2025-06-03T15:26:31+00:00\" \/>\n<meta property=\"article:modified_time\" content=\"2025-06-03T15:26:32+00:00\" \/>\n<meta property=\"og:image\" content=\"http:\/\/erevanblog.am\/wp-content\/uploads\/2025\/06\/snapedit_1747337424206-1022x1024-1.jpeg\" \/>\n\t<meta property=\"og:image:width\" content=\"1022\" \/>\n\t<meta property=\"og:image:height\" content=\"1024\" \/>\n\t<meta property=\"og:image:type\" content=\"image\/jpeg\" \/>\n<meta name=\"author\" content=\"erevanblog_a\" \/>\n<meta name=\"twitter:card\" content=\"summary_large_image\" \/>\n<meta name=\"twitter:label1\" content=\"Written by\" \/>\n\t<meta name=\"twitter:data1\" content=\"erevanblog_a\" \/>\n\t<meta name=\"twitter:label2\" content=\"Est. reading time\" \/>\n\t<meta name=\"twitter:data2\" content=\"3 minutes\" \/>\n<script type=\"application\/ld+json\" class=\"yoast-schema-graph\">{\"@context\":\"https:\\\/\\\/schema.org\",\"@graph\":[{\"@type\":\"Article\",\"@id\":\"https:\\\/\\\/erevanblog.am\\\/?p=10186#article\",\"isPartOf\":{\"@id\":\"https:\\\/\\\/erevanblog.am\\\/?p=10186\"},\"author\":{\"name\":\"erevanblog_a\",\"@id\":\"https:\\\/\\\/erevanblog.am\\\/#\\\/schema\\\/person\\\/204f10311eb7ddb8914a5ab3e5f03928\"},\"headline\":\"Tato \u017eena porodila 22 d\u011bti: Takto vypad\u00e1 \u017eivot nejv\u011bt\u0161\u00ed rodiny ve Velk\u00e9 Brit\u00e1nii\",\"datePublished\":\"2025-06-03T15:26:31+00:00\",\"dateModified\":\"2025-06-03T15:26:32+00:00\",\"mainEntityOfPage\":{\"@id\":\"https:\\\/\\\/erevanblog.am\\\/?p=10186\"},\"wordCount\":753,\"commentCount\":0,\"image\":{\"@id\":\"https:\\\/\\\/erevanblog.am\\\/?p=10186#primaryimage\"},\"thumbnailUrl\":\"https:\\\/\\\/erevanblog.am\\\/wp-content\\\/uploads\\\/2025\\\/06\\\/snapedit_1747337424206-1022x1024-1.jpeg\",\"articleSection\":[\"NEWS\"],\"inLanguage\":\"en-US\",\"potentialAction\":[{\"@type\":\"CommentAction\",\"name\":\"Comment\",\"target\":[\"https:\\\/\\\/erevanblog.am\\\/?p=10186#respond\"]}]},{\"@type\":\"WebPage\",\"@id\":\"https:\\\/\\\/erevanblog.am\\\/?p=10186\",\"url\":\"https:\\\/\\\/erevanblog.am\\\/?p=10186\",\"name\":\"Tato \u017eena porodila 22 d\u011bti: Takto vypad\u00e1 \u017eivot nejv\u011bt\u0161\u00ed rodiny ve Velk\u00e9 Brit\u00e1nii -\",\"isPartOf\":{\"@id\":\"https:\\\/\\\/erevanblog.am\\\/#website\"},\"primaryImageOfPage\":{\"@id\":\"https:\\\/\\\/erevanblog.am\\\/?p=10186#primaryimage\"},\"image\":{\"@id\":\"https:\\\/\\\/erevanblog.am\\\/?p=10186#primaryimage\"},\"thumbnailUrl\":\"https:\\\/\\\/erevanblog.am\\\/wp-content\\\/uploads\\\/2025\\\/06\\\/snapedit_1747337424206-1022x1024-1.jpeg\",\"datePublished\":\"2025-06-03T15:26:31+00:00\",\"dateModified\":\"2025-06-03T15:26:32+00:00\",\"author\":{\"@id\":\"https:\\\/\\\/erevanblog.am\\\/#\\\/schema\\\/person\\\/204f10311eb7ddb8914a5ab3e5f03928\"},\"breadcrumb\":{\"@id\":\"https:\\\/\\\/erevanblog.am\\\/?p=10186#breadcrumb\"},\"inLanguage\":\"en-US\",\"potentialAction\":[{\"@type\":\"ReadAction\",\"target\":[\"https:\\\/\\\/erevanblog.am\\\/?p=10186\"]}]},{\"@type\":\"ImageObject\",\"inLanguage\":\"en-US\",\"@id\":\"https:\\\/\\\/erevanblog.am\\\/?p=10186#primaryimage\",\"url\":\"https:\\\/\\\/erevanblog.am\\\/wp-content\\\/uploads\\\/2025\\\/06\\\/snapedit_1747337424206-1022x1024-1.jpeg\",\"contentUrl\":\"https:\\\/\\\/erevanblog.am\\\/wp-content\\\/uploads\\\/2025\\\/06\\\/snapedit_1747337424206-1022x1024-1.jpeg\",\"width\":1022,\"height\":1024},{\"@type\":\"BreadcrumbList\",\"@id\":\"https:\\\/\\\/erevanblog.am\\\/?p=10186#breadcrumb\",\"itemListElement\":[{\"@type\":\"ListItem\",\"position\":1,\"name\":\"Home\",\"item\":\"https:\\\/\\\/erevanblog.am\\\/\"},{\"@type\":\"ListItem\",\"position\":2,\"name\":\"Tato \u017eena porodila 22 d\u011bti: Takto vypad\u00e1 \u017eivot nejv\u011bt\u0161\u00ed rodiny ve Velk\u00e9 Brit\u00e1nii\"}]},{\"@type\":\"WebSite\",\"@id\":\"https:\\\/\\\/erevanblog.am\\\/#website\",\"url\":\"https:\\\/\\\/erevanblog.am\\\/\",\"name\":\"\",\"description\":\"\",\"potentialAction\":[{\"@type\":\"SearchAction\",\"target\":{\"@type\":\"EntryPoint\",\"urlTemplate\":\"https:\\\/\\\/erevanblog.am\\\/?s={search_term_string}\"},\"query-input\":{\"@type\":\"PropertyValueSpecification\",\"valueRequired\":true,\"valueName\":\"search_term_string\"}}],\"inLanguage\":\"en-US\"},{\"@type\":\"Person\",\"@id\":\"https:\\\/\\\/erevanblog.am\\\/#\\\/schema\\\/person\\\/204f10311eb7ddb8914a5ab3e5f03928\",\"name\":\"erevanblog_a\",\"image\":{\"@type\":\"ImageObject\",\"inLanguage\":\"en-US\",\"@id\":\"https:\\\/\\\/secure.gravatar.com\\\/avatar\\\/a24f4ac3a683f3c87303db525abc00db51ea26ccedee11dfaf1cc0f9a481a5d2?s=96&d=mm&r=g\",\"url\":\"https:\\\/\\\/secure.gravatar.com\\\/avatar\\\/a24f4ac3a683f3c87303db525abc00db51ea26ccedee11dfaf1cc0f9a481a5d2?s=96&d=mm&r=g\",\"contentUrl\":\"https:\\\/\\\/secure.gravatar.com\\\/avatar\\\/a24f4ac3a683f3c87303db525abc00db51ea26ccedee11dfaf1cc0f9a481a5d2?s=96&d=mm&r=g\",\"caption\":\"erevanblog_a\"},\"sameAs\":[\"http:\\\/\\\/erevanblog.am\"],\"url\":\"https:\\\/\\\/erevanblog.am\\\/?author=1\"}]}<\/script>\n<!-- \/ Yoast SEO plugin. -->","yoast_head_json":{"title":"Tato \u017eena porodila 22 d\u011bti: Takto vypad\u00e1 \u017eivot nejv\u011bt\u0161\u00ed rodiny ve Velk\u00e9 Brit\u00e1nii -","robots":{"index":"index","follow":"follow","max-snippet":"max-snippet:-1","max-image-preview":"max-image-preview:large","max-video-preview":"max-video-preview:-1"},"canonical":"https:\/\/erevanblog.am\/?p=10186","og_locale":"en_US","og_type":"article","og_title":"Tato \u017eena porodila 22 d\u011bti: Takto vypad\u00e1 \u017eivot nejv\u011bt\u0161\u00ed rodiny ve Velk\u00e9 Brit\u00e1nii -","og_description":"V klidn\u00e9m m\u011bste\u010dku v anglick\u00e9m hrabstv\u00ed Lancashire \u017eije rodina, kter\u00e1 se stala skute\u010dn\u00fdm fenom\u00e9nem. Rodina Radfordov\u00fdch nen\u00ed oby\u010dejn\u00e1 rodina. V jej\u00edm srdci jsou Noel a [...]","og_url":"https:\/\/erevanblog.am\/?p=10186","article_published_time":"2025-06-03T15:26:31+00:00","article_modified_time":"2025-06-03T15:26:32+00:00","og_image":[{"width":1022,"height":1024,"url":"http:\/\/erevanblog.am\/wp-content\/uploads\/2025\/06\/snapedit_1747337424206-1022x1024-1.jpeg","type":"image\/jpeg"}],"author":"erevanblog_a","twitter_card":"summary_large_image","twitter_misc":{"Written by":"erevanblog_a","Est. reading time":"3 minutes"},"schema":{"@context":"https:\/\/schema.org","@graph":[{"@type":"Article","@id":"https:\/\/erevanblog.am\/?p=10186#article","isPartOf":{"@id":"https:\/\/erevanblog.am\/?p=10186"},"author":{"name":"erevanblog_a","@id":"https:\/\/erevanblog.am\/#\/schema\/person\/204f10311eb7ddb8914a5ab3e5f03928"},"headline":"Tato \u017eena porodila 22 d\u011bti: Takto vypad\u00e1 \u017eivot nejv\u011bt\u0161\u00ed rodiny ve Velk\u00e9 Brit\u00e1nii","datePublished":"2025-06-03T15:26:31+00:00","dateModified":"2025-06-03T15:26:32+00:00","mainEntityOfPage":{"@id":"https:\/\/erevanblog.am\/?p=10186"},"wordCount":753,"commentCount":0,"image":{"@id":"https:\/\/erevanblog.am\/?p=10186#primaryimage"},"thumbnailUrl":"https:\/\/erevanblog.am\/wp-content\/uploads\/2025\/06\/snapedit_1747337424206-1022x1024-1.jpeg","articleSection":["NEWS"],"inLanguage":"en-US","potentialAction":[{"@type":"CommentAction","name":"Comment","target":["https:\/\/erevanblog.am\/?p=10186#respond"]}]},{"@type":"WebPage","@id":"https:\/\/erevanblog.am\/?p=10186","url":"https:\/\/erevanblog.am\/?p=10186","name":"Tato \u017eena porodila 22 d\u011bti: Takto vypad\u00e1 \u017eivot nejv\u011bt\u0161\u00ed rodiny ve Velk\u00e9 Brit\u00e1nii -","isPartOf":{"@id":"https:\/\/erevanblog.am\/#website"},"primaryImageOfPage":{"@id":"https:\/\/erevanblog.am\/?p=10186#primaryimage"},"image":{"@id":"https:\/\/erevanblog.am\/?p=10186#primaryimage"},"thumbnailUrl":"https:\/\/erevanblog.am\/wp-content\/uploads\/2025\/06\/snapedit_1747337424206-1022x1024-1.jpeg","datePublished":"2025-06-03T15:26:31+00:00","dateModified":"2025-06-03T15:26:32+00:00","author":{"@id":"https:\/\/erevanblog.am\/#\/schema\/person\/204f10311eb7ddb8914a5ab3e5f03928"},"breadcrumb":{"@id":"https:\/\/erevanblog.am\/?p=10186#breadcrumb"},"inLanguage":"en-US","potentialAction":[{"@type":"ReadAction","target":["https:\/\/erevanblog.am\/?p=10186"]}]},{"@type":"ImageObject","inLanguage":"en-US","@id":"https:\/\/erevanblog.am\/?p=10186#primaryimage","url":"https:\/\/erevanblog.am\/wp-content\/uploads\/2025\/06\/snapedit_1747337424206-1022x1024-1.jpeg","contentUrl":"https:\/\/erevanblog.am\/wp-content\/uploads\/2025\/06\/snapedit_1747337424206-1022x1024-1.jpeg","width":1022,"height":1024},{"@type":"BreadcrumbList","@id":"https:\/\/erevanblog.am\/?p=10186#breadcrumb","itemListElement":[{"@type":"ListItem","position":1,"name":"Home","item":"https:\/\/erevanblog.am\/"},{"@type":"ListItem","position":2,"name":"Tato \u017eena porodila 22 d\u011bti: Takto vypad\u00e1 \u017eivot nejv\u011bt\u0161\u00ed rodiny ve Velk\u00e9 Brit\u00e1nii"}]},{"@type":"WebSite","@id":"https:\/\/erevanblog.am\/#website","url":"https:\/\/erevanblog.am\/","name":"","description":"","potentialAction":[{"@type":"SearchAction","target":{"@type":"EntryPoint","urlTemplate":"https:\/\/erevanblog.am\/?s={search_term_string}"},"query-input":{"@type":"PropertyValueSpecification","valueRequired":true,"valueName":"search_term_string"}}],"inLanguage":"en-US"},{"@type":"Person","@id":"https:\/\/erevanblog.am\/#\/schema\/person\/204f10311eb7ddb8914a5ab3e5f03928","name":"erevanblog_a","image":{"@type":"ImageObject","inLanguage":"en-US","@id":"https:\/\/secure.gravatar.com\/avatar\/a24f4ac3a683f3c87303db525abc00db51ea26ccedee11dfaf1cc0f9a481a5d2?s=96&d=mm&r=g","url":"https:\/\/secure.gravatar.com\/avatar\/a24f4ac3a683f3c87303db525abc00db51ea26ccedee11dfaf1cc0f9a481a5d2?s=96&d=mm&r=g","contentUrl":"https:\/\/secure.gravatar.com\/avatar\/a24f4ac3a683f3c87303db525abc00db51ea26ccedee11dfaf1cc0f9a481a5d2?s=96&d=mm&r=g","caption":"erevanblog_a"},"sameAs":["http:\/\/erevanblog.am"],"url":"https:\/\/erevanblog.am\/?author=1"}]}},"views":236,"_links":{"self":[{"href":"https:\/\/erevanblog.am\/index.php?rest_route=\/wp\/v2\/posts\/10186","targetHints":{"allow":["GET"]}}],"collection":[{"href":"https:\/\/erevanblog.am\/index.php?rest_route=\/wp\/v2\/posts"}],"about":[{"href":"https:\/\/erevanblog.am\/index.php?rest_route=\/wp\/v2\/types\/post"}],"author":[{"embeddable":true,"href":"https:\/\/erevanblog.am\/index.php?rest_route=\/wp\/v2\/users\/1"}],"replies":[{"embeddable":true,"href":"https:\/\/erevanblog.am\/index.php?rest_route=%2Fwp%2Fv2%2Fcomments&post=10186"}],"version-history":[{"count":1,"href":"https:\/\/erevanblog.am\/index.php?rest_route=\/wp\/v2\/posts\/10186\/revisions"}],"predecessor-version":[{"id":10188,"href":"https:\/\/erevanblog.am\/index.php?rest_route=\/wp\/v2\/posts\/10186\/revisions\/10188"}],"wp:featuredmedia":[{"embeddable":true,"href":"https:\/\/erevanblog.am\/index.php?rest_route=\/wp\/v2\/media\/10187"}],"wp:attachment":[{"href":"https:\/\/erevanblog.am\/index.php?rest_route=%2Fwp%2Fv2%2Fmedia&parent=10186"}],"wp:term":[{"taxonomy":"category","embeddable":true,"href":"https:\/\/erevanblog.am\/index.php?rest_route=%2Fwp%2Fv2%2Fcategories&post=10186"},{"taxonomy":"post_tag","embeddable":true,"href":"https:\/\/erevanblog.am\/index.php?rest_route=%2Fwp%2Fv2%2Ftags&post=10186"}],"curies":[{"name":"wp","href":"https:\/\/api.w.org\/{rel}","templated":true}]}}