{"id":10198,"date":"2025-06-04T15:00:44","date_gmt":"2025-06-04T14:00:44","guid":{"rendered":"https:\/\/erevanblog.am\/?p=10198"},"modified":"2025-06-04T15:00:44","modified_gmt":"2025-06-04T14:00:44","slug":"manzele-se-chteli-zbavit-psa-ale-kdyz-si-prohledli-zabery-z-kamer-onemeli-hruzou","status":"publish","type":"post","link":"https:\/\/erevanblog.am\/?p=10198","title":{"rendered":"Man\u017eel\u00e9 se cht\u011bli zbavit psa. Ale kdy\u017e si prohl\u00e9dli z\u00e1b\u011bry z kamer \u2014 on\u011bm\u011bli hr\u016fzou\u2026"},"content":{"rendered":"\n<p>Narozen\u00ed d\u00edt\u011bte m\u011bn\u00ed v\u0161echno \u2014 priority, ka\u017edodenn\u00ed \u017eivot, dokonce i vztahy mezi lidmi. Pro Olega a Annu to byl nej\u0161\u0165astn\u011bj\u0161\u00ed okam\u017eik v \u017eivot\u011b. Po dlouh\u00fdch letech \u010dek\u00e1n\u00ed se jim narodila dcera \u2014 mal\u00e1 Nadja. Mal\u00fd byt, ve kter\u00e9m \u017eili, najednou o\u017eil. Ka\u017ed\u00fd pokoj vypadal jinak. Ka\u017ed\u00fd zvuk m\u011bl nov\u00fd v\u00fdznam.<\/p>\n\n\n\n<p>Ale ne v\u0161echny zm\u011bny byly p\u0159\u00edjemn\u00e9.<\/p>\n\n\n\n<p>Jasmina, jejich sedmilet\u00e1 zlat\u00e1 retr\u00edv\u0159ice, v\u017edycky byla v\u00edc ne\u017e jen dom\u00e1c\u00ed mazl\u00ed\u010dek. Byla sou\u010d\u00e1st\u00ed rodiny. Tr\u00e1vila s nimi v\u00edkendy, spala vedle nich b\u011bhem tich\u00fdch noc\u00ed, c\u00edtila jejich emoce. V\u017edy klidn\u00e1, p\u0159\u00edtomn\u00e1, v\u011brn\u00e1.<\/p>\n\n\n\n<figure class=\"wp-block-image size-full\"><img loading=\"lazy\" decoding=\"async\" width=\"1024\" height=\"970\" src=\"https:\/\/erevanblog.am\/wp-content\/uploads\/2025\/06\/7852.jpeg\" alt=\"\" class=\"wp-image-10199\" srcset=\"https:\/\/erevanblog.am\/wp-content\/uploads\/2025\/06\/7852.jpeg 1024w, https:\/\/erevanblog.am\/wp-content\/uploads\/2025\/06\/7852-300x284.jpeg 300w, https:\/\/erevanblog.am\/wp-content\/uploads\/2025\/06\/7852-768x728.jpeg 768w\" sizes=\"auto, (max-width: 1024px) 100vw, 1024px\" \/><\/figure>\n\n\n\n<p>Kdy\u017e se narodila Nadja, o\u010dek\u00e1vali, \u017ee se Jasmina snadno p\u0159izp\u016fsob\u00ed. Ale zm\u011bnila se t\u00e9m\u011b\u0159 okam\u017eit\u011b.<\/p>\n\n\n\n<p>Nejd\u0159\u00edv to bylo nen\u00e1padn\u00e9. Lepila se k post\u00fdlce, neodch\u00e1zela od d\u00edt\u011bte. Za\u010dala \u0161t\u011bkat na po\u0161\u0165\u00e1ka, vr\u010det na ka\u017ed\u00fd nezn\u00e1m\u00fd zvuk. Nejneobvyklej\u0161\u00ed v\u0161ak bylo jej\u00ed chov\u00e1n\u00ed v\u016f\u010di nov\u00e9 ch\u016fv\u011b \u2014 Marin\u011b.<\/p>\n\n\n\n<p>Marina m\u011bla dobr\u00e1 doporu\u010den\u00ed a p\u016fsobila klidn\u011b a pe\u010dliv\u011b. Ale Jasmina j\u00ed ned\u016fv\u011b\u0159ovala. Kdykoli se Marina p\u0159ibl\u00ed\u017eila k Nadje, pes se postavil mezi n\u011b a vr\u010del. Jednou j\u00ed dokonce zachytila ruk\u00e1v zuby.<\/p>\n\n\n\n<p>Anna byla zmaten\u00e1. \u201eTohle nikdy neud\u011blala. Nikdy nebyla agresivn\u00ed,\u201c tvrdila.<\/p>\n\n\n\n<p>Oleg byl rozhodn\u011bj\u0161\u00ed. \u201eNem\u016f\u017eeme riskovat. Kdyby se Nadje n\u011bco stalo, nikdy bychom si to neodpustili.\u201c<\/p>\n\n\n\n<p>Bylo to t\u011b\u017ek\u00e9, ale museli u\u010dinit rozhodnut\u00ed: budou se muset s Jasminou rozlou\u010dit.<\/p>\n\n\n\n<p>Ne\u017e to ale ud\u011blali, rozhodli se zjistit, co se skute\u010dn\u011b d\u011bje. Ten den nainstalovali skrytou kameru v d\u011btsk\u00e9m pokoji a ode\u0161li na kr\u00e1tkou ve\u010de\u0159i, nech\u00e1vaj\u00edc Nadju pod dohledem Mariny.<\/p>\n\n\n\n<p>Uprost\u0159ed ve\u010de\u0159e dostal Oleg telefon\u00e1t. Marin hlas byl hysterick\u00fd.<\/p>\n\n\n\n<p>\u201eVa\u0161e fena je \u0161\u00edlen\u00e1! Cht\u011bla m\u011b napadnout! Odch\u00e1z\u00edm!\u201c<\/p>\n\n\n\n<p>Kdy\u017e dorazili dom\u016f, Marina u\u017e tam nebyla. Jasmina le\u017eela klidn\u011b u post\u00fdlky.<\/p>\n\n\n\n<p>Oleg pustil z\u00e1znam z kamery.<\/p>\n\n\n\n<p>To, co vid\u011bli, je uml\u010delo.<\/p>\n\n\n\n<p>Na za\u010d\u00e1tku v\u0161e vypadalo norm\u00e1ln\u011b. Marina krmila Nadju, ti\u0161e mluvila. Pot\u00e9 ji hrub\u011b polo\u017eila do post\u00fdlky a ode\u0161la z m\u00edstnosti. Vr\u00e1tila se po n\u011bkolika minut\u00e1ch s n\u011bjak\u00fdm had\u0159\u00edkem v ruce.<\/p>\n\n\n\n<p>Naklonila se nad d\u00edt\u011b a pomalu, ale rozhodn\u011b, polo\u017eila had\u0159\u00edk na Nadjinu tv\u00e1\u0159. D\u00edt\u011b se za\u010dalo h\u00fdbat. Jasmina v ten okam\u017eik vysko\u010dila \u2014 \u0161t\u011bkala, zuby st\u00e1hla Marinu zp\u011bt. Had\u0159\u00edk spadl na podlahu. Marina utekla z m\u00edstnosti.<\/p>\n\n\n\n<p>Nadja za\u010dala plakat \u2014 ale byla na\u017eivu.<\/p>\n\n\n\n<p>D\u00edky Jasmin\u011b.<\/p>\n\n\n\n<p>Oleg a Anna byli v \u0161oku. Pes, kter\u00e9ho se cht\u011bli \u201ezbavit\u201c, zachr\u00e1nil jejich dceru.<\/p>\n\n\n\n<p>Okam\u017eit\u011b p\u0159edali z\u00e1znam policii. Marina byla n\u00e1sleduj\u00edc\u00ed den zat\u010dena. M\u011bla temnou minulost, skrytou za p\u011bkn\u00fdmi slovy. P\u0159edchoz\u00ed rodiny se b\u00e1ly promluvit, ale nyn\u00ed pravda vy\u0161la najevo.<\/p>\n\n\n\n<p>Jasmina nikdy nebyla \u017e\u00e1rliv\u00e1. V\u011bd\u011bla. C\u00edtila nebezpe\u010d\u00ed.<\/p>\n\n\n\n<p>Rodina se rozhodla \u2014 Jasmina z\u016fstane tam, kam pat\u0159\u00ed: s nimi.<\/p>\n\n\n\n<p>Nadja vyrostla po jej\u00edm boku. Byly nerozlu\u010dn\u00e9. I kdy\u017e Jasmina s v\u011bkem zpomalovala, jej\u00ed o\u010di z\u016fstaly stejn\u00e9: bd\u011bl\u00e9, v\u011brn\u00e9, ochranitelsk\u00e9.<\/p>\n\n\n\n<p>Oleg a Anna si \u010dasto p\u0159ehr\u00e1vaj\u00ed to video. Jak bl\u00edzko byli k trag\u00e9dii. A jak snadno mohli ztratit nejen Nadju, ale i sv\u00e9ho hrdinu.<\/p>\n\n\n\n<p>Dnes ten p\u0159\u00edb\u011bh vypr\u00e1v\u011bj\u00ed \u2014 jako varov\u00e1n\u00ed.<\/p>\n\n\n\n<p>Proto\u017ee ne ka\u017ed\u00e9 nebezpe\u010d\u00ed \u0161t\u011bk\u00e1. A ne ka\u017ed\u00fd hrdina nos\u00ed uniformu.<\/p>\n\n\n\n<p>N\u011bkdy je t\u00edm prav\u00fdm str\u00e1\u017ecem ten, kdo nemluv\u00ed \u2014 ale vid\u00ed, c\u00edt\u00ed a jedn\u00e1.<\/p>\n","protected":false},"excerpt":{"rendered":"<div class=\"mh-excerpt\"><p>Narozen\u00ed d\u00edt\u011bte m\u011bn\u00ed v\u0161echno \u2014 priority, ka\u017edodenn\u00ed \u017eivot, dokonce i vztahy mezi lidmi. Pro Olega a Annu to byl nej\u0161\u0165astn\u011bj\u0161\u00ed okam\u017eik v \u017eivot\u011b. Po dlouh\u00fdch <a class=\"mh-excerpt-more\" href=\"https:\/\/erevanblog.am\/?p=10198\" title=\"Man\u017eel\u00e9 se cht\u011bli zbavit psa. Ale kdy\u017e si prohl\u00e9dli z\u00e1b\u011bry z kamer \u2014 on\u011bm\u011bli hr\u016fzou\u2026\">[&#8230;]<\/a><\/p>\n<\/div>","protected":false},"author":1,"featured_media":10199,"comment_status":"open","ping_status":"open","sticky":false,"template":"","format":"standard","meta":{"footnotes":""},"categories":[1],"tags":[],"class_list":["post-10198","post","type-post","status-publish","format-standard","has-post-thumbnail","hentry","category-uncategorised"],"yoast_head":"<!-- This site is optimized with the Yoast SEO plugin v27.5 - https:\/\/yoast.com\/product\/yoast-seo-wordpress\/ -->\n<title>Man\u017eel\u00e9 se cht\u011bli zbavit psa. Ale kdy\u017e si prohl\u00e9dli z\u00e1b\u011bry z kamer \u2014 on\u011bm\u011bli hr\u016fzou\u2026 -<\/title>\n<meta name=\"robots\" content=\"index, follow, max-snippet:-1, max-image-preview:large, max-video-preview:-1\" \/>\n<link rel=\"canonical\" href=\"https:\/\/erevanblog.am\/?p=10198\" \/>\n<meta property=\"og:locale\" content=\"en_US\" \/>\n<meta property=\"og:type\" content=\"article\" \/>\n<meta property=\"og:title\" content=\"Man\u017eel\u00e9 se cht\u011bli zbavit psa. Ale kdy\u017e si prohl\u00e9dli z\u00e1b\u011bry z kamer \u2014 on\u011bm\u011bli hr\u016fzou\u2026 -\" \/>\n<meta property=\"og:description\" content=\"Narozen\u00ed d\u00edt\u011bte m\u011bn\u00ed v\u0161echno \u2014 priority, ka\u017edodenn\u00ed \u017eivot, dokonce i vztahy mezi lidmi. Pro Olega a Annu to byl nej\u0161\u0165astn\u011bj\u0161\u00ed okam\u017eik v \u017eivot\u011b. Po dlouh\u00fdch [...]\" \/>\n<meta property=\"og:url\" content=\"https:\/\/erevanblog.am\/?p=10198\" \/>\n<meta property=\"article:published_time\" content=\"2025-06-04T14:00:44+00:00\" \/>\n<meta property=\"og:image\" content=\"http:\/\/erevanblog.am\/wp-content\/uploads\/2025\/06\/7852.jpeg\" \/>\n\t<meta property=\"og:image:width\" content=\"1024\" \/>\n\t<meta property=\"og:image:height\" content=\"970\" \/>\n\t<meta property=\"og:image:type\" content=\"image\/jpeg\" \/>\n<meta name=\"author\" content=\"erevanblog_a\" \/>\n<meta name=\"twitter:card\" content=\"summary_large_image\" \/>\n<meta name=\"twitter:label1\" content=\"Written by\" \/>\n\t<meta name=\"twitter:data1\" content=\"erevanblog_a\" \/>\n\t<meta name=\"twitter:label2\" content=\"Est. reading time\" \/>\n\t<meta name=\"twitter:data2\" content=\"3 minutes\" \/>\n<script type=\"application\/ld+json\" class=\"yoast-schema-graph\">{\"@context\":\"https:\\\/\\\/schema.org\",\"@graph\":[{\"@type\":\"Article\",\"@id\":\"https:\\\/\\\/erevanblog.am\\\/?p=10198#article\",\"isPartOf\":{\"@id\":\"https:\\\/\\\/erevanblog.am\\\/?p=10198\"},\"author\":{\"name\":\"erevanblog_a\",\"@id\":\"https:\\\/\\\/erevanblog.am\\\/#\\\/schema\\\/person\\\/204f10311eb7ddb8914a5ab3e5f03928\"},\"headline\":\"Man\u017eel\u00e9 se cht\u011bli zbavit psa. Ale kdy\u017e si prohl\u00e9dli z\u00e1b\u011bry z kamer \u2014 on\u011bm\u011bli hr\u016fzou\u2026\",\"datePublished\":\"2025-06-04T14:00:44+00:00\",\"mainEntityOfPage\":{\"@id\":\"https:\\\/\\\/erevanblog.am\\\/?p=10198\"},\"wordCount\":667,\"commentCount\":0,\"image\":{\"@id\":\"https:\\\/\\\/erevanblog.am\\\/?p=10198#primaryimage\"},\"thumbnailUrl\":\"https:\\\/\\\/erevanblog.am\\\/wp-content\\\/uploads\\\/2025\\\/06\\\/7852.jpeg\",\"articleSection\":[\"NEWS\"],\"inLanguage\":\"en-US\",\"potentialAction\":[{\"@type\":\"CommentAction\",\"name\":\"Comment\",\"target\":[\"https:\\\/\\\/erevanblog.am\\\/?p=10198#respond\"]}]},{\"@type\":\"WebPage\",\"@id\":\"https:\\\/\\\/erevanblog.am\\\/?p=10198\",\"url\":\"https:\\\/\\\/erevanblog.am\\\/?p=10198\",\"name\":\"Man\u017eel\u00e9 se cht\u011bli zbavit psa. Ale kdy\u017e si prohl\u00e9dli z\u00e1b\u011bry z kamer \u2014 on\u011bm\u011bli hr\u016fzou\u2026 -\",\"isPartOf\":{\"@id\":\"https:\\\/\\\/erevanblog.am\\\/#website\"},\"primaryImageOfPage\":{\"@id\":\"https:\\\/\\\/erevanblog.am\\\/?p=10198#primaryimage\"},\"image\":{\"@id\":\"https:\\\/\\\/erevanblog.am\\\/?p=10198#primaryimage\"},\"thumbnailUrl\":\"https:\\\/\\\/erevanblog.am\\\/wp-content\\\/uploads\\\/2025\\\/06\\\/7852.jpeg\",\"datePublished\":\"2025-06-04T14:00:44+00:00\",\"author\":{\"@id\":\"https:\\\/\\\/erevanblog.am\\\/#\\\/schema\\\/person\\\/204f10311eb7ddb8914a5ab3e5f03928\"},\"breadcrumb\":{\"@id\":\"https:\\\/\\\/erevanblog.am\\\/?p=10198#breadcrumb\"},\"inLanguage\":\"en-US\",\"potentialAction\":[{\"@type\":\"ReadAction\",\"target\":[\"https:\\\/\\\/erevanblog.am\\\/?p=10198\"]}]},{\"@type\":\"ImageObject\",\"inLanguage\":\"en-US\",\"@id\":\"https:\\\/\\\/erevanblog.am\\\/?p=10198#primaryimage\",\"url\":\"https:\\\/\\\/erevanblog.am\\\/wp-content\\\/uploads\\\/2025\\\/06\\\/7852.jpeg\",\"contentUrl\":\"https:\\\/\\\/erevanblog.am\\\/wp-content\\\/uploads\\\/2025\\\/06\\\/7852.jpeg\",\"width\":1024,\"height\":970},{\"@type\":\"BreadcrumbList\",\"@id\":\"https:\\\/\\\/erevanblog.am\\\/?p=10198#breadcrumb\",\"itemListElement\":[{\"@type\":\"ListItem\",\"position\":1,\"name\":\"Home\",\"item\":\"https:\\\/\\\/erevanblog.am\\\/\"},{\"@type\":\"ListItem\",\"position\":2,\"name\":\"Man\u017eel\u00e9 se cht\u011bli zbavit psa. Ale kdy\u017e si prohl\u00e9dli z\u00e1b\u011bry z kamer \u2014 on\u011bm\u011bli hr\u016fzou\u2026\"}]},{\"@type\":\"WebSite\",\"@id\":\"https:\\\/\\\/erevanblog.am\\\/#website\",\"url\":\"https:\\\/\\\/erevanblog.am\\\/\",\"name\":\"\",\"description\":\"\",\"potentialAction\":[{\"@type\":\"SearchAction\",\"target\":{\"@type\":\"EntryPoint\",\"urlTemplate\":\"https:\\\/\\\/erevanblog.am\\\/?s={search_term_string}\"},\"query-input\":{\"@type\":\"PropertyValueSpecification\",\"valueRequired\":true,\"valueName\":\"search_term_string\"}}],\"inLanguage\":\"en-US\"},{\"@type\":\"Person\",\"@id\":\"https:\\\/\\\/erevanblog.am\\\/#\\\/schema\\\/person\\\/204f10311eb7ddb8914a5ab3e5f03928\",\"name\":\"erevanblog_a\",\"image\":{\"@type\":\"ImageObject\",\"inLanguage\":\"en-US\",\"@id\":\"https:\\\/\\\/secure.gravatar.com\\\/avatar\\\/a24f4ac3a683f3c87303db525abc00db51ea26ccedee11dfaf1cc0f9a481a5d2?s=96&d=mm&r=g\",\"url\":\"https:\\\/\\\/secure.gravatar.com\\\/avatar\\\/a24f4ac3a683f3c87303db525abc00db51ea26ccedee11dfaf1cc0f9a481a5d2?s=96&d=mm&r=g\",\"contentUrl\":\"https:\\\/\\\/secure.gravatar.com\\\/avatar\\\/a24f4ac3a683f3c87303db525abc00db51ea26ccedee11dfaf1cc0f9a481a5d2?s=96&d=mm&r=g\",\"caption\":\"erevanblog_a\"},\"sameAs\":[\"http:\\\/\\\/erevanblog.am\"],\"url\":\"https:\\\/\\\/erevanblog.am\\\/?author=1\"}]}<\/script>\n<!-- \/ Yoast SEO plugin. -->","yoast_head_json":{"title":"Man\u017eel\u00e9 se cht\u011bli zbavit psa. Ale kdy\u017e si prohl\u00e9dli z\u00e1b\u011bry z kamer \u2014 on\u011bm\u011bli hr\u016fzou\u2026 -","robots":{"index":"index","follow":"follow","max-snippet":"max-snippet:-1","max-image-preview":"max-image-preview:large","max-video-preview":"max-video-preview:-1"},"canonical":"https:\/\/erevanblog.am\/?p=10198","og_locale":"en_US","og_type":"article","og_title":"Man\u017eel\u00e9 se cht\u011bli zbavit psa. Ale kdy\u017e si prohl\u00e9dli z\u00e1b\u011bry z kamer \u2014 on\u011bm\u011bli hr\u016fzou\u2026 -","og_description":"Narozen\u00ed d\u00edt\u011bte m\u011bn\u00ed v\u0161echno \u2014 priority, ka\u017edodenn\u00ed \u017eivot, dokonce i vztahy mezi lidmi. Pro Olega a Annu to byl nej\u0161\u0165astn\u011bj\u0161\u00ed okam\u017eik v \u017eivot\u011b. Po dlouh\u00fdch [...]","og_url":"https:\/\/erevanblog.am\/?p=10198","article_published_time":"2025-06-04T14:00:44+00:00","og_image":[{"width":1024,"height":970,"url":"http:\/\/erevanblog.am\/wp-content\/uploads\/2025\/06\/7852.jpeg","type":"image\/jpeg"}],"author":"erevanblog_a","twitter_card":"summary_large_image","twitter_misc":{"Written by":"erevanblog_a","Est. reading time":"3 minutes"},"schema":{"@context":"https:\/\/schema.org","@graph":[{"@type":"Article","@id":"https:\/\/erevanblog.am\/?p=10198#article","isPartOf":{"@id":"https:\/\/erevanblog.am\/?p=10198"},"author":{"name":"erevanblog_a","@id":"https:\/\/erevanblog.am\/#\/schema\/person\/204f10311eb7ddb8914a5ab3e5f03928"},"headline":"Man\u017eel\u00e9 se cht\u011bli zbavit psa. Ale kdy\u017e si prohl\u00e9dli z\u00e1b\u011bry z kamer \u2014 on\u011bm\u011bli hr\u016fzou\u2026","datePublished":"2025-06-04T14:00:44+00:00","mainEntityOfPage":{"@id":"https:\/\/erevanblog.am\/?p=10198"},"wordCount":667,"commentCount":0,"image":{"@id":"https:\/\/erevanblog.am\/?p=10198#primaryimage"},"thumbnailUrl":"https:\/\/erevanblog.am\/wp-content\/uploads\/2025\/06\/7852.jpeg","articleSection":["NEWS"],"inLanguage":"en-US","potentialAction":[{"@type":"CommentAction","name":"Comment","target":["https:\/\/erevanblog.am\/?p=10198#respond"]}]},{"@type":"WebPage","@id":"https:\/\/erevanblog.am\/?p=10198","url":"https:\/\/erevanblog.am\/?p=10198","name":"Man\u017eel\u00e9 se cht\u011bli zbavit psa. Ale kdy\u017e si prohl\u00e9dli z\u00e1b\u011bry z kamer \u2014 on\u011bm\u011bli hr\u016fzou\u2026 -","isPartOf":{"@id":"https:\/\/erevanblog.am\/#website"},"primaryImageOfPage":{"@id":"https:\/\/erevanblog.am\/?p=10198#primaryimage"},"image":{"@id":"https:\/\/erevanblog.am\/?p=10198#primaryimage"},"thumbnailUrl":"https:\/\/erevanblog.am\/wp-content\/uploads\/2025\/06\/7852.jpeg","datePublished":"2025-06-04T14:00:44+00:00","author":{"@id":"https:\/\/erevanblog.am\/#\/schema\/person\/204f10311eb7ddb8914a5ab3e5f03928"},"breadcrumb":{"@id":"https:\/\/erevanblog.am\/?p=10198#breadcrumb"},"inLanguage":"en-US","potentialAction":[{"@type":"ReadAction","target":["https:\/\/erevanblog.am\/?p=10198"]}]},{"@type":"ImageObject","inLanguage":"en-US","@id":"https:\/\/erevanblog.am\/?p=10198#primaryimage","url":"https:\/\/erevanblog.am\/wp-content\/uploads\/2025\/06\/7852.jpeg","contentUrl":"https:\/\/erevanblog.am\/wp-content\/uploads\/2025\/06\/7852.jpeg","width":1024,"height":970},{"@type":"BreadcrumbList","@id":"https:\/\/erevanblog.am\/?p=10198#breadcrumb","itemListElement":[{"@type":"ListItem","position":1,"name":"Home","item":"https:\/\/erevanblog.am\/"},{"@type":"ListItem","position":2,"name":"Man\u017eel\u00e9 se cht\u011bli zbavit psa. Ale kdy\u017e si prohl\u00e9dli z\u00e1b\u011bry z kamer \u2014 on\u011bm\u011bli hr\u016fzou\u2026"}]},{"@type":"WebSite","@id":"https:\/\/erevanblog.am\/#website","url":"https:\/\/erevanblog.am\/","name":"","description":"","potentialAction":[{"@type":"SearchAction","target":{"@type":"EntryPoint","urlTemplate":"https:\/\/erevanblog.am\/?s={search_term_string}"},"query-input":{"@type":"PropertyValueSpecification","valueRequired":true,"valueName":"search_term_string"}}],"inLanguage":"en-US"},{"@type":"Person","@id":"https:\/\/erevanblog.am\/#\/schema\/person\/204f10311eb7ddb8914a5ab3e5f03928","name":"erevanblog_a","image":{"@type":"ImageObject","inLanguage":"en-US","@id":"https:\/\/secure.gravatar.com\/avatar\/a24f4ac3a683f3c87303db525abc00db51ea26ccedee11dfaf1cc0f9a481a5d2?s=96&d=mm&r=g","url":"https:\/\/secure.gravatar.com\/avatar\/a24f4ac3a683f3c87303db525abc00db51ea26ccedee11dfaf1cc0f9a481a5d2?s=96&d=mm&r=g","contentUrl":"https:\/\/secure.gravatar.com\/avatar\/a24f4ac3a683f3c87303db525abc00db51ea26ccedee11dfaf1cc0f9a481a5d2?s=96&d=mm&r=g","caption":"erevanblog_a"},"sameAs":["http:\/\/erevanblog.am"],"url":"https:\/\/erevanblog.am\/?author=1"}]}},"views":221,"_links":{"self":[{"href":"https:\/\/erevanblog.am\/index.php?rest_route=\/wp\/v2\/posts\/10198","targetHints":{"allow":["GET"]}}],"collection":[{"href":"https:\/\/erevanblog.am\/index.php?rest_route=\/wp\/v2\/posts"}],"about":[{"href":"https:\/\/erevanblog.am\/index.php?rest_route=\/wp\/v2\/types\/post"}],"author":[{"embeddable":true,"href":"https:\/\/erevanblog.am\/index.php?rest_route=\/wp\/v2\/users\/1"}],"replies":[{"embeddable":true,"href":"https:\/\/erevanblog.am\/index.php?rest_route=%2Fwp%2Fv2%2Fcomments&post=10198"}],"version-history":[{"count":1,"href":"https:\/\/erevanblog.am\/index.php?rest_route=\/wp\/v2\/posts\/10198\/revisions"}],"predecessor-version":[{"id":10200,"href":"https:\/\/erevanblog.am\/index.php?rest_route=\/wp\/v2\/posts\/10198\/revisions\/10200"}],"wp:featuredmedia":[{"embeddable":true,"href":"https:\/\/erevanblog.am\/index.php?rest_route=\/wp\/v2\/media\/10199"}],"wp:attachment":[{"href":"https:\/\/erevanblog.am\/index.php?rest_route=%2Fwp%2Fv2%2Fmedia&parent=10198"}],"wp:term":[{"taxonomy":"category","embeddable":true,"href":"https:\/\/erevanblog.am\/index.php?rest_route=%2Fwp%2Fv2%2Fcategories&post=10198"},{"taxonomy":"post_tag","embeddable":true,"href":"https:\/\/erevanblog.am\/index.php?rest_route=%2Fwp%2Fv2%2Ftags&post=10198"}],"curies":[{"name":"wp","href":"https:\/\/api.w.org\/{rel}","templated":true}]}}