{"id":10204,"date":"2025-06-04T19:43:00","date_gmt":"2025-06-04T18:43:00","guid":{"rendered":"https:\/\/erevanblog.am\/?p=10204"},"modified":"2025-06-04T19:43:01","modified_gmt":"2025-06-04T18:43:01","slug":"ona-je-porad-nazivu-pribeh-chlapce-ktery-odmitl-uverit-ve-smrt","status":"publish","type":"post","link":"https:\/\/erevanblog.am\/?p=10204","title":{"rendered":"\u201eOna je po\u0159\u00e1d na\u017eivu\u201c: P\u0159\u00edb\u011bh chlapce, kter\u00fd odm\u00edtl uv\u011b\u0159it ve smrt"},"content":{"rendered":"\n<p>V\u00edtr \u0161eptal mezi hroby jako star\u00e1 zapomenut\u00e1 p\u00edse\u0148 \u2014 tich\u00e1, pr\u00e1zdn\u00e1, nas\u00e1kl\u00e1 vzpom\u00ednkami. Klouzal po zarostl\u00fdch cesti\u010dk\u00e1ch, dot\u00fdkal se zreziv\u011bl\u00e9ho plotu a rozt\u00e1\u010del such\u00e9 list\u00ed, jako by se sna\u017eil probudit to, co u\u017e d\u00e1vno odpo\u010d\u00edv\u00e1. V nejzapomenut\u011bj\u0161\u00edm kout\u011b h\u0159bitova, kde n\u00e1hrobky byly star\u00e9 a popraskan\u00e9, kle\u010del mal\u00fd chlapec.<\/p>\n\n\n\n<p>Kevin Davydenko m\u011bl jen \u0161est let. Huben\u00fd, s velk\u00fdma o\u010dima pln\u00fdma nejen smutku, ale i v\u011bd\u011bn\u00ed. Ka\u017ed\u00fd den chodil na stejn\u00e9 m\u00edsto. Jeho mal\u00e9 ruce se t\u0159\u00e1sly zimou, ale ani se nepohnul. St\u00e1l u jednoduch\u00e9ho n\u00e1hrobku a \u0161eptal:<br>\u2014 Ona je po\u0159\u00e1d na\u017eivu.<\/p>\n\n\n\n<p>Jeho matka, Alina Davydenko, byla prohl\u00e1\u0161ena za mrtvou p\u0159ed dv\u011bma m\u011bs\u00edci po po\u017e\u00e1ru, kter\u00fd ot\u0159\u00e1sl celou oblast\u00ed. Podle ofici\u00e1ln\u00ed zpr\u00e1vy bylo jej\u00ed t\u011blo identifikov\u00e1no a poh\u0159beno. Ale Kevin to odm\u00edtal p\u0159ijmout. Neplakal. Nek\u0159i\u010del. Jen v\u011bd\u011bl. C\u00edtil, \u017ee jej\u00ed srdce je\u0161t\u011b bije \u2014 n\u011bkde, mo\u017en\u00e1 ne pod zem\u00ed, ale n\u011bkde na\u017eivu.<\/p>\n\n\n\n<p>Dosp\u011bl\u00ed jeho nad\u011bji naz\u00fdvali fantazi\u00ed. \u201eTo je d\u011btsk\u00e9 trauma,\u201c \u0159\u00edkali. \u201eNevinn\u00fd omyl.\u201c Ale jeden mu\u017e se rozhodl, \u017ee ho vyslechne.<\/p>\n\n\n\n<figure class=\"wp-block-image size-full\"><img loading=\"lazy\" decoding=\"async\" width=\"1024\" height=\"981\" src=\"https:\/\/erevanblog.am\/wp-content\/uploads\/2025\/06\/85210.jpeg\" alt=\"\" class=\"wp-image-10205\" srcset=\"https:\/\/erevanblog.am\/wp-content\/uploads\/2025\/06\/85210.jpeg 1024w, https:\/\/erevanblog.am\/wp-content\/uploads\/2025\/06\/85210-300x287.jpeg 300w, https:\/\/erevanblog.am\/wp-content\/uploads\/2025\/06\/85210-768x736.jpeg 768w\" sizes=\"auto, (max-width: 1024px) 100vw, 1024px\" \/><\/figure>\n\n\n\n<p>Richard Clark byl milion\u00e1\u0159, filantrop a podiv\u00edn. Zn\u00e1m\u00fd t\u00edm, \u017ee hledal pravdu tam, kde ji jin\u00ed nevid\u011bli. O Kevinovi se dozv\u011bd\u011bl od asistentky, kter\u00e1 chlapce potkala p\u0159i n\u00e1v\u0161t\u011bv\u011b d\u011btsk\u00e9ho domova. N\u011bco v p\u0159\u00edb\u011bhu j\u00ed zas\u00e1hlo srdce, a tak to \u0159ekla Richardovi.<\/p>\n\n\n\n<p>Clark p\u0159ijel do m\u011bsta. Pro\u0161el se h\u0159bitovem a uvid\u011bl chlapce. Sed\u011bl ti\u0161e, v\u00e1\u017en\u011b, jako str\u00e1\u017ece tajemstv\u00ed, kter\u00e9 nikdo neznal.<\/p>\n\n\n\n<p>\u2014 Pro\u010d si mysl\u00ed\u0161, \u017ee \u017eije? \u2014 zeptal se.<\/p>\n\n\n\n<p>Kevin se na n\u011bj pod\u00edval beze strachu:<br>\u2014 Proto\u017ee ji ka\u017edou noc sly\u0161\u00edm, jak m\u011b vol\u00e1.<\/p>\n\n\n\n<p>Clark se nezasm\u00e1l. Neignoroval ho. Objednal soukrom\u00e9 vy\u0161et\u0159ov\u00e1n\u00ed. Nikdo ne\u010dekal nic zvl\u00e1\u0161tn\u00edho. Ale to, co se odhalilo, v\u0161echny uml\u010delo.<\/p>\n\n\n\n<p>Alinina smrt nebyla nehoda. Po\u017e\u00e1r byl \u00famysln\u011b zalo\u017een. T\u011blo, kter\u00e9 bylo nalezeno, nebylo jej\u00ed. Dokumenty \u2014 zfal\u0161ovan\u00e9. Soudn\u00ed l\u00e9ka\u0159sk\u00e9 zpr\u00e1vy byly p\u016fvodn\u011b p\u0159ehl\u00ed\u017eeny, ale p\u0159i nov\u00e9m pro\u0161et\u0159en\u00ed se objevily nesrovnalosti.<\/p>\n\n\n\n<p>Stopy vedly do soukrom\u00e9 kliniky za m\u011bstem. Tam, pod jin\u00fdm jm\u00e9nem, le\u017eela \u017eena v k\u00f3matu. Bez doklad\u016f. Bez p\u0159\u00edbuzn\u00fdch. Bez minulosti. Jedin\u00e9, co m\u011bla u sebe, byl prsten \u2014 ten sam\u00fd, kter\u00fd Kevin okam\u017eit\u011b poznal. D\u00e1rek od jeho otce pro jeho matku.<\/p>\n\n\n\n<p>Po dvou dnech se Alina probudila. Prvn\u00ed slova, kter\u00e1 pronesla, byla:<br>\u2014 Kde je m\u016fj syn?<\/p>\n\n\n\n<p>Setk\u00e1n\u00ed matky a d\u00edt\u011bte prob\u011bhlo v tichu. Bez dramatick\u00fdch slov. Jen slzy. Prvn\u00ed skute\u010dn\u00e9 Kevinovy slzy. V\u011bd\u011bl to. V\u017edycky to v\u011bd\u011bl. Jeho pocit, nezaml\u017een\u00fd racionalitou, ho dovedl ke z\u00e1zraku.<\/p>\n\n\n\n<p>Kevin\u016fv p\u0159\u00edb\u011bh se roz\u0161\u00ed\u0159il po cel\u00e9m sv\u011bt\u011b. Lid\u00e9 byli dojati, inspirov\u00e1ni, zmateni. Miliony sd\u00edlely jeho p\u0159\u00edb\u011bh. Ka\u017ed\u00fd se ptal: jak \u010dasto ignorujeme to, co neum\u00edme vysv\u011btlit? Kolik pravd z\u016fst\u00e1v\u00e1 nevysly\u0161eno jen proto, \u017ee p\u0159ich\u00e1z\u00ed z d\u011btsk\u00fdch \u00fast?<\/p>\n\n\n\n<p>Richard Clark zalo\u017eil nadaci na po\u010dest Kevina a Aliny Davydenkov\u00fdch. Organizaci, kter\u00e1 se zab\u00fdv\u00e1 hled\u00e1n\u00edm poh\u0159e\u0161ovan\u00fdch osob a znovuotev\u00edr\u00e1n\u00edm uzav\u0159en\u00fdch p\u0159\u00edpad\u016f.<br>\u2014 To d\u00edt\u011b n\u00e1m p\u0159ipomn\u011blo, \u017ee pravda n\u011bkdy nek\u0159i\u010d\u00ed \u2014 \u0159ekl Clark. \u2014 Ona \u0161ept\u00e1. A jen ti, kdo jsou opravdu ti\u0161\u00ed, ji dok\u00e1\u017eou sly\u0161et.<\/p>\n\n\n\n<p>A Kevin? Kevin u\u017e nesed\u00ed na h\u0159bitov\u011b. Znovu se sm\u011bje. Chod\u00ed do \u0161koly. Kresl\u00ed. Sn\u00edt. Ale ka\u017ed\u00fd ve\u010der, ne\u017e usne, \u0159\u00edk\u00e1:<br>\u2014 D\u011bkuji, \u017ee ses vr\u00e1tila.<\/p>\n\n\n\n<p>A my, dosp\u011bl\u00ed, si znovu p\u0159ipom\u00edn\u00e1me: ne v\u0161echno lze vysv\u011btlit. Ale kdy\u017e n\u011bkdo \u0161ept\u00e1 pravdu \u2014 m\u011bli bychom naslouchat. I kdyby to bylo \u0161estilet\u00e9 d\u00edt\u011b kle\u010d\u00edc\u00ed u zapomenut\u00e9ho hrobu.<\/p>\n","protected":false},"excerpt":{"rendered":"<div class=\"mh-excerpt\"><p>V\u00edtr \u0161eptal mezi hroby jako star\u00e1 zapomenut\u00e1 p\u00edse\u0148 \u2014 tich\u00e1, pr\u00e1zdn\u00e1, nas\u00e1kl\u00e1 vzpom\u00ednkami. Klouzal po zarostl\u00fdch cesti\u010dk\u00e1ch, dot\u00fdkal se zreziv\u011bl\u00e9ho plotu a rozt\u00e1\u010del such\u00e9 list\u00ed, <a class=\"mh-excerpt-more\" href=\"https:\/\/erevanblog.am\/?p=10204\" title=\"\u201eOna je po\u0159\u00e1d na\u017eivu\u201c: P\u0159\u00edb\u011bh chlapce, kter\u00fd odm\u00edtl uv\u011b\u0159it ve smrt\">[&#8230;]<\/a><\/p>\n<\/div>","protected":false},"author":1,"featured_media":10205,"comment_status":"open","ping_status":"open","sticky":false,"template":"","format":"standard","meta":{"footnotes":""},"categories":[1],"tags":[],"class_list":["post-10204","post","type-post","status-publish","format-standard","has-post-thumbnail","hentry","category-uncategorised"],"yoast_head":"<!-- This site is optimized with the Yoast SEO plugin v27.5 - https:\/\/yoast.com\/product\/yoast-seo-wordpress\/ -->\n<title>\u201eOna je po\u0159\u00e1d na\u017eivu\u201c: P\u0159\u00edb\u011bh chlapce, kter\u00fd odm\u00edtl uv\u011b\u0159it ve smrt -<\/title>\n<meta name=\"robots\" content=\"index, follow, max-snippet:-1, max-image-preview:large, max-video-preview:-1\" \/>\n<link rel=\"canonical\" href=\"https:\/\/erevanblog.am\/?p=10204\" \/>\n<meta property=\"og:locale\" content=\"en_US\" \/>\n<meta property=\"og:type\" content=\"article\" \/>\n<meta property=\"og:title\" content=\"\u201eOna je po\u0159\u00e1d na\u017eivu\u201c: P\u0159\u00edb\u011bh chlapce, kter\u00fd odm\u00edtl uv\u011b\u0159it ve smrt -\" \/>\n<meta property=\"og:description\" content=\"V\u00edtr \u0161eptal mezi hroby jako star\u00e1 zapomenut\u00e1 p\u00edse\u0148 \u2014 tich\u00e1, pr\u00e1zdn\u00e1, nas\u00e1kl\u00e1 vzpom\u00ednkami. Klouzal po zarostl\u00fdch cesti\u010dk\u00e1ch, dot\u00fdkal se zreziv\u011bl\u00e9ho plotu a rozt\u00e1\u010del such\u00e9 list\u00ed, [...]\" \/>\n<meta property=\"og:url\" content=\"https:\/\/erevanblog.am\/?p=10204\" \/>\n<meta property=\"article:published_time\" content=\"2025-06-04T18:43:00+00:00\" \/>\n<meta property=\"article:modified_time\" content=\"2025-06-04T18:43:01+00:00\" \/>\n<meta property=\"og:image\" content=\"http:\/\/erevanblog.am\/wp-content\/uploads\/2025\/06\/85210.jpeg\" \/>\n\t<meta property=\"og:image:width\" content=\"1024\" \/>\n\t<meta property=\"og:image:height\" content=\"981\" \/>\n\t<meta property=\"og:image:type\" content=\"image\/jpeg\" \/>\n<meta name=\"author\" content=\"erevanblog_a\" \/>\n<meta name=\"twitter:card\" content=\"summary_large_image\" \/>\n<meta name=\"twitter:label1\" content=\"Written by\" \/>\n\t<meta name=\"twitter:data1\" content=\"erevanblog_a\" \/>\n\t<meta name=\"twitter:label2\" content=\"Est. reading time\" \/>\n\t<meta name=\"twitter:data2\" content=\"3 minutes\" \/>\n<script type=\"application\/ld+json\" class=\"yoast-schema-graph\">{\"@context\":\"https:\\\/\\\/schema.org\",\"@graph\":[{\"@type\":\"Article\",\"@id\":\"https:\\\/\\\/erevanblog.am\\\/?p=10204#article\",\"isPartOf\":{\"@id\":\"https:\\\/\\\/erevanblog.am\\\/?p=10204\"},\"author\":{\"name\":\"erevanblog_a\",\"@id\":\"https:\\\/\\\/erevanblog.am\\\/#\\\/schema\\\/person\\\/204f10311eb7ddb8914a5ab3e5f03928\"},\"headline\":\"\u201eOna je po\u0159\u00e1d na\u017eivu\u201c: P\u0159\u00edb\u011bh chlapce, kter\u00fd odm\u00edtl uv\u011b\u0159it ve smrt\",\"datePublished\":\"2025-06-04T18:43:00+00:00\",\"dateModified\":\"2025-06-04T18:43:01+00:00\",\"mainEntityOfPage\":{\"@id\":\"https:\\\/\\\/erevanblog.am\\\/?p=10204\"},\"wordCount\":723,\"commentCount\":0,\"image\":{\"@id\":\"https:\\\/\\\/erevanblog.am\\\/?p=10204#primaryimage\"},\"thumbnailUrl\":\"https:\\\/\\\/erevanblog.am\\\/wp-content\\\/uploads\\\/2025\\\/06\\\/85210.jpeg\",\"articleSection\":[\"NEWS\"],\"inLanguage\":\"en-US\",\"potentialAction\":[{\"@type\":\"CommentAction\",\"name\":\"Comment\",\"target\":[\"https:\\\/\\\/erevanblog.am\\\/?p=10204#respond\"]}]},{\"@type\":\"WebPage\",\"@id\":\"https:\\\/\\\/erevanblog.am\\\/?p=10204\",\"url\":\"https:\\\/\\\/erevanblog.am\\\/?p=10204\",\"name\":\"\u201eOna je po\u0159\u00e1d na\u017eivu\u201c: P\u0159\u00edb\u011bh chlapce, kter\u00fd odm\u00edtl uv\u011b\u0159it ve smrt -\",\"isPartOf\":{\"@id\":\"https:\\\/\\\/erevanblog.am\\\/#website\"},\"primaryImageOfPage\":{\"@id\":\"https:\\\/\\\/erevanblog.am\\\/?p=10204#primaryimage\"},\"image\":{\"@id\":\"https:\\\/\\\/erevanblog.am\\\/?p=10204#primaryimage\"},\"thumbnailUrl\":\"https:\\\/\\\/erevanblog.am\\\/wp-content\\\/uploads\\\/2025\\\/06\\\/85210.jpeg\",\"datePublished\":\"2025-06-04T18:43:00+00:00\",\"dateModified\":\"2025-06-04T18:43:01+00:00\",\"author\":{\"@id\":\"https:\\\/\\\/erevanblog.am\\\/#\\\/schema\\\/person\\\/204f10311eb7ddb8914a5ab3e5f03928\"},\"breadcrumb\":{\"@id\":\"https:\\\/\\\/erevanblog.am\\\/?p=10204#breadcrumb\"},\"inLanguage\":\"en-US\",\"potentialAction\":[{\"@type\":\"ReadAction\",\"target\":[\"https:\\\/\\\/erevanblog.am\\\/?p=10204\"]}]},{\"@type\":\"ImageObject\",\"inLanguage\":\"en-US\",\"@id\":\"https:\\\/\\\/erevanblog.am\\\/?p=10204#primaryimage\",\"url\":\"https:\\\/\\\/erevanblog.am\\\/wp-content\\\/uploads\\\/2025\\\/06\\\/85210.jpeg\",\"contentUrl\":\"https:\\\/\\\/erevanblog.am\\\/wp-content\\\/uploads\\\/2025\\\/06\\\/85210.jpeg\",\"width\":1024,\"height\":981},{\"@type\":\"BreadcrumbList\",\"@id\":\"https:\\\/\\\/erevanblog.am\\\/?p=10204#breadcrumb\",\"itemListElement\":[{\"@type\":\"ListItem\",\"position\":1,\"name\":\"Home\",\"item\":\"https:\\\/\\\/erevanblog.am\\\/\"},{\"@type\":\"ListItem\",\"position\":2,\"name\":\"\u201eOna je po\u0159\u00e1d na\u017eivu\u201c: P\u0159\u00edb\u011bh chlapce, kter\u00fd odm\u00edtl uv\u011b\u0159it ve smrt\"}]},{\"@type\":\"WebSite\",\"@id\":\"https:\\\/\\\/erevanblog.am\\\/#website\",\"url\":\"https:\\\/\\\/erevanblog.am\\\/\",\"name\":\"\",\"description\":\"\",\"potentialAction\":[{\"@type\":\"SearchAction\",\"target\":{\"@type\":\"EntryPoint\",\"urlTemplate\":\"https:\\\/\\\/erevanblog.am\\\/?s={search_term_string}\"},\"query-input\":{\"@type\":\"PropertyValueSpecification\",\"valueRequired\":true,\"valueName\":\"search_term_string\"}}],\"inLanguage\":\"en-US\"},{\"@type\":\"Person\",\"@id\":\"https:\\\/\\\/erevanblog.am\\\/#\\\/schema\\\/person\\\/204f10311eb7ddb8914a5ab3e5f03928\",\"name\":\"erevanblog_a\",\"image\":{\"@type\":\"ImageObject\",\"inLanguage\":\"en-US\",\"@id\":\"https:\\\/\\\/secure.gravatar.com\\\/avatar\\\/a24f4ac3a683f3c87303db525abc00db51ea26ccedee11dfaf1cc0f9a481a5d2?s=96&d=mm&r=g\",\"url\":\"https:\\\/\\\/secure.gravatar.com\\\/avatar\\\/a24f4ac3a683f3c87303db525abc00db51ea26ccedee11dfaf1cc0f9a481a5d2?s=96&d=mm&r=g\",\"contentUrl\":\"https:\\\/\\\/secure.gravatar.com\\\/avatar\\\/a24f4ac3a683f3c87303db525abc00db51ea26ccedee11dfaf1cc0f9a481a5d2?s=96&d=mm&r=g\",\"caption\":\"erevanblog_a\"},\"sameAs\":[\"http:\\\/\\\/erevanblog.am\"],\"url\":\"https:\\\/\\\/erevanblog.am\\\/?author=1\"}]}<\/script>\n<!-- \/ Yoast SEO plugin. -->","yoast_head_json":{"title":"\u201eOna je po\u0159\u00e1d na\u017eivu\u201c: P\u0159\u00edb\u011bh chlapce, kter\u00fd odm\u00edtl uv\u011b\u0159it ve smrt -","robots":{"index":"index","follow":"follow","max-snippet":"max-snippet:-1","max-image-preview":"max-image-preview:large","max-video-preview":"max-video-preview:-1"},"canonical":"https:\/\/erevanblog.am\/?p=10204","og_locale":"en_US","og_type":"article","og_title":"\u201eOna je po\u0159\u00e1d na\u017eivu\u201c: P\u0159\u00edb\u011bh chlapce, kter\u00fd odm\u00edtl uv\u011b\u0159it ve smrt -","og_description":"V\u00edtr \u0161eptal mezi hroby jako star\u00e1 zapomenut\u00e1 p\u00edse\u0148 \u2014 tich\u00e1, pr\u00e1zdn\u00e1, nas\u00e1kl\u00e1 vzpom\u00ednkami. Klouzal po zarostl\u00fdch cesti\u010dk\u00e1ch, dot\u00fdkal se zreziv\u011bl\u00e9ho plotu a rozt\u00e1\u010del such\u00e9 list\u00ed, [...]","og_url":"https:\/\/erevanblog.am\/?p=10204","article_published_time":"2025-06-04T18:43:00+00:00","article_modified_time":"2025-06-04T18:43:01+00:00","og_image":[{"width":1024,"height":981,"url":"http:\/\/erevanblog.am\/wp-content\/uploads\/2025\/06\/85210.jpeg","type":"image\/jpeg"}],"author":"erevanblog_a","twitter_card":"summary_large_image","twitter_misc":{"Written by":"erevanblog_a","Est. reading time":"3 minutes"},"schema":{"@context":"https:\/\/schema.org","@graph":[{"@type":"Article","@id":"https:\/\/erevanblog.am\/?p=10204#article","isPartOf":{"@id":"https:\/\/erevanblog.am\/?p=10204"},"author":{"name":"erevanblog_a","@id":"https:\/\/erevanblog.am\/#\/schema\/person\/204f10311eb7ddb8914a5ab3e5f03928"},"headline":"\u201eOna je po\u0159\u00e1d na\u017eivu\u201c: P\u0159\u00edb\u011bh chlapce, kter\u00fd odm\u00edtl uv\u011b\u0159it ve smrt","datePublished":"2025-06-04T18:43:00+00:00","dateModified":"2025-06-04T18:43:01+00:00","mainEntityOfPage":{"@id":"https:\/\/erevanblog.am\/?p=10204"},"wordCount":723,"commentCount":0,"image":{"@id":"https:\/\/erevanblog.am\/?p=10204#primaryimage"},"thumbnailUrl":"https:\/\/erevanblog.am\/wp-content\/uploads\/2025\/06\/85210.jpeg","articleSection":["NEWS"],"inLanguage":"en-US","potentialAction":[{"@type":"CommentAction","name":"Comment","target":["https:\/\/erevanblog.am\/?p=10204#respond"]}]},{"@type":"WebPage","@id":"https:\/\/erevanblog.am\/?p=10204","url":"https:\/\/erevanblog.am\/?p=10204","name":"\u201eOna je po\u0159\u00e1d na\u017eivu\u201c: P\u0159\u00edb\u011bh chlapce, kter\u00fd odm\u00edtl uv\u011b\u0159it ve smrt -","isPartOf":{"@id":"https:\/\/erevanblog.am\/#website"},"primaryImageOfPage":{"@id":"https:\/\/erevanblog.am\/?p=10204#primaryimage"},"image":{"@id":"https:\/\/erevanblog.am\/?p=10204#primaryimage"},"thumbnailUrl":"https:\/\/erevanblog.am\/wp-content\/uploads\/2025\/06\/85210.jpeg","datePublished":"2025-06-04T18:43:00+00:00","dateModified":"2025-06-04T18:43:01+00:00","author":{"@id":"https:\/\/erevanblog.am\/#\/schema\/person\/204f10311eb7ddb8914a5ab3e5f03928"},"breadcrumb":{"@id":"https:\/\/erevanblog.am\/?p=10204#breadcrumb"},"inLanguage":"en-US","potentialAction":[{"@type":"ReadAction","target":["https:\/\/erevanblog.am\/?p=10204"]}]},{"@type":"ImageObject","inLanguage":"en-US","@id":"https:\/\/erevanblog.am\/?p=10204#primaryimage","url":"https:\/\/erevanblog.am\/wp-content\/uploads\/2025\/06\/85210.jpeg","contentUrl":"https:\/\/erevanblog.am\/wp-content\/uploads\/2025\/06\/85210.jpeg","width":1024,"height":981},{"@type":"BreadcrumbList","@id":"https:\/\/erevanblog.am\/?p=10204#breadcrumb","itemListElement":[{"@type":"ListItem","position":1,"name":"Home","item":"https:\/\/erevanblog.am\/"},{"@type":"ListItem","position":2,"name":"\u201eOna je po\u0159\u00e1d na\u017eivu\u201c: P\u0159\u00edb\u011bh chlapce, kter\u00fd odm\u00edtl uv\u011b\u0159it ve smrt"}]},{"@type":"WebSite","@id":"https:\/\/erevanblog.am\/#website","url":"https:\/\/erevanblog.am\/","name":"","description":"","potentialAction":[{"@type":"SearchAction","target":{"@type":"EntryPoint","urlTemplate":"https:\/\/erevanblog.am\/?s={search_term_string}"},"query-input":{"@type":"PropertyValueSpecification","valueRequired":true,"valueName":"search_term_string"}}],"inLanguage":"en-US"},{"@type":"Person","@id":"https:\/\/erevanblog.am\/#\/schema\/person\/204f10311eb7ddb8914a5ab3e5f03928","name":"erevanblog_a","image":{"@type":"ImageObject","inLanguage":"en-US","@id":"https:\/\/secure.gravatar.com\/avatar\/a24f4ac3a683f3c87303db525abc00db51ea26ccedee11dfaf1cc0f9a481a5d2?s=96&d=mm&r=g","url":"https:\/\/secure.gravatar.com\/avatar\/a24f4ac3a683f3c87303db525abc00db51ea26ccedee11dfaf1cc0f9a481a5d2?s=96&d=mm&r=g","contentUrl":"https:\/\/secure.gravatar.com\/avatar\/a24f4ac3a683f3c87303db525abc00db51ea26ccedee11dfaf1cc0f9a481a5d2?s=96&d=mm&r=g","caption":"erevanblog_a"},"sameAs":["http:\/\/erevanblog.am"],"url":"https:\/\/erevanblog.am\/?author=1"}]}},"views":205,"_links":{"self":[{"href":"https:\/\/erevanblog.am\/index.php?rest_route=\/wp\/v2\/posts\/10204","targetHints":{"allow":["GET"]}}],"collection":[{"href":"https:\/\/erevanblog.am\/index.php?rest_route=\/wp\/v2\/posts"}],"about":[{"href":"https:\/\/erevanblog.am\/index.php?rest_route=\/wp\/v2\/types\/post"}],"author":[{"embeddable":true,"href":"https:\/\/erevanblog.am\/index.php?rest_route=\/wp\/v2\/users\/1"}],"replies":[{"embeddable":true,"href":"https:\/\/erevanblog.am\/index.php?rest_route=%2Fwp%2Fv2%2Fcomments&post=10204"}],"version-history":[{"count":1,"href":"https:\/\/erevanblog.am\/index.php?rest_route=\/wp\/v2\/posts\/10204\/revisions"}],"predecessor-version":[{"id":10206,"href":"https:\/\/erevanblog.am\/index.php?rest_route=\/wp\/v2\/posts\/10204\/revisions\/10206"}],"wp:featuredmedia":[{"embeddable":true,"href":"https:\/\/erevanblog.am\/index.php?rest_route=\/wp\/v2\/media\/10205"}],"wp:attachment":[{"href":"https:\/\/erevanblog.am\/index.php?rest_route=%2Fwp%2Fv2%2Fmedia&parent=10204"}],"wp:term":[{"taxonomy":"category","embeddable":true,"href":"https:\/\/erevanblog.am\/index.php?rest_route=%2Fwp%2Fv2%2Fcategories&post=10204"},{"taxonomy":"post_tag","embeddable":true,"href":"https:\/\/erevanblog.am\/index.php?rest_route=%2Fwp%2Fv2%2Ftags&post=10204"}],"curies":[{"name":"wp","href":"https:\/\/api.w.org\/{rel}","templated":true}]}}