{"id":10210,"date":"2025-06-11T13:05:52","date_gmt":"2025-06-11T12:05:52","guid":{"rendered":"https:\/\/erevanblog.am\/?p=10210"},"modified":"2025-06-11T13:05:53","modified_gmt":"2025-06-11T12:05:53","slug":"divaci-si-tento-zivy-prenos-zapamatuji-na-cely-zivot-kricela-na-vsechny-v-sale","status":"publish","type":"post","link":"https:\/\/erevanblog.am\/?p=10210","title":{"rendered":"Div\u00e1ci si tento \u017eiv\u00fd p\u0159enos zapamatuj\u00ed na cel\u00fd \u017eivot \u2014 k\u0159i\u010dela na v\u0161echny v s\u00e1le!"},"content":{"rendered":"\n<p>V \u00e9\u0159e digit\u00e1ln\u00ed komunikace, kdy ka\u017ed\u00fd den tis\u00edce lid\u00ed vys\u00edlaj\u00ed \u017eiv\u011b \u2014 sd\u00edlej\u00ed \u010d\u00e1sti sv\u00e9ho \u017eivota, d\u00e1vaj\u00ed rady, diskutuj\u00ed, sm\u011bj\u00ed se nebo prost\u011b jen mluv\u00ed se sv\u00fdmi sleduj\u00edc\u00edmi \u2014 m\u00e1lokter\u00e1 ud\u00e1lost opravdu zanech\u00e1 hlubokou stopu. Ale stala se jedna takov\u00e1 ud\u00e1lost. Jednoho oby\u010dejn\u00e9ho ve\u010dera, bez ozn\u00e1men\u00ed a bez sc\u00e9n\u00e1\u0159e, \u017eena st\u00e1la p\u0159ed kamerou a o n\u011bkolik minut pozd\u011bji cel\u00fd internet mluvil jen o n\u00ed.<\/p>\n\n\n\n<p>Sc\u00e9na za\u010dala ti\u0161e. V z\u00e1b\u011bru byla vid\u011bt skromn\u00e1 m\u00edstnost, n\u011bkolik lid\u00ed sed\u00edc\u00edch kolem stolu. Sv\u011btlo bylo m\u00edrn\u00e9, atmosf\u00e9ra \u2014 zd\u00e1nliv\u011b klidn\u00e1. Uprost\u0159ed v\u0161eho \u2014 jedna \u017eena, kter\u00e9 budeme \u0159\u00edkat Maja. Nebyla slavn\u00e1, nebyla influencerka s milionem sleduj\u00edc\u00edch. Ale m\u011bla mal\u00e9 okruhy lid\u00ed, kte\u0159\u00ed ji sledovali kv\u016fli jej\u00ed up\u0159\u00edmnosti, odvaze a schopnosti mluvit otev\u0159en\u011b.<\/p>\n\n\n\n<figure class=\"wp-block-image size-full\"><img loading=\"lazy\" decoding=\"async\" width=\"1024\" height=\"1024\" src=\"https:\/\/erevanblog.am\/wp-content\/uploads\/2025\/06\/74125862.jpeg\" alt=\"\" class=\"wp-image-10211\" srcset=\"https:\/\/erevanblog.am\/wp-content\/uploads\/2025\/06\/74125862.jpeg 1024w, https:\/\/erevanblog.am\/wp-content\/uploads\/2025\/06\/74125862-300x300.jpeg 300w, https:\/\/erevanblog.am\/wp-content\/uploads\/2025\/06\/74125862-150x150.jpeg 150w, https:\/\/erevanblog.am\/wp-content\/uploads\/2025\/06\/74125862-768x768.jpeg 768w\" sizes=\"auto, (max-width: 1024px) 100vw, 1024px\" \/><\/figure>\n\n\n\n<p>To, co se toho ve\u010dera stalo, bylo n\u011bco, co nikdo ne\u010dekal.<\/p>\n\n\n\n<p>N\u011bkolik minut po za\u010d\u00e1tku p\u0159enosu Maja vstala. V jej\u00edch o\u010d\u00edch bylo n\u011bco, co nelze popsat \u2014 bolest, nap\u011bt\u00ed a rozhodnost. Za\u010dala mluvit. Ne ti\u0161e, ne zdr\u017eenliv\u011b. Za\u010dala k\u0159i\u010det. Hlasem pln\u00fdm let nahromad\u011bn\u00fdch emoc\u00ed. Ka\u017ed\u00fd v m\u00edstnosti dostal svou d\u00e1vku. Neobvi\u0148ovala impulzivn\u011b \u2014 ale konkr\u00e9tn\u011b, s detaily, s pravdami, kter\u00e9 byly p\u0159\u00edli\u0161 dlouho zaml\u010dov\u00e1ny.<\/p>\n\n\n\n<p>Mluvila o zrad\u00e1ch. O ml\u010den\u00ed. O tom, jak byla sly\u0161ena, ale nikdy opravdu pochopena. O manipulac\u00edch za \u00fasm\u011bvy. O bolesti z ignorov\u00e1n\u00ed. Lid\u00e9 v m\u00edstnosti byli v \u0161oku. N\u011bkte\u0159\u00ed se ji sna\u017eili p\u0159eru\u0161it, ale ona nedovolila. Nebyl to nervov\u00fd zlom. Bylo to uvoln\u011bn\u00ed. K\u0159i\u010dela za v\u0161echny, kdo se roky neodv\u00e1\u017eili.<\/p>\n\n\n\n<p>P\u0159enos dos\u00e1hl p\u0159es 90 000 \u017eiv\u00fdch div\u00e1k\u016f, ne\u017e byl n\u00e1hle p\u0159eru\u0161en. Ale u\u017e bylo pozd\u011b \u2014 video bylo nato\u010deno, sd\u00edleno, analyzov\u00e1no. Soci\u00e1ln\u00ed s\u00edt\u011b explodovaly. Hashtagy jako #MajaMluv\u00ed, #HlasPravdy, #NeStyd\u00edmSe se roz\u0161\u00ed\u0159ily b\u011bhem p\u00e1r hodin. Koment\u00e1\u0159e p\u0159ib\u00fdvaly:<br>\u2013 \u201eTo jsem j\u00e1, kdy\u017e se neodva\u017euji mluvit.\u201c<br>\u2013 \u201eTo nebyla slabost, ale odvaha.\u201c<br>\u2013 \u201eD\u011bkuji ti, \u017ee jsi k\u0159i\u010dela za n\u00e1s v\u0161echny, co je\u0161t\u011b ml\u010d\u00edme.\u201c<\/p>\n\n\n\n<p>Samoz\u0159ejm\u011b, objevily se i kritiky. N\u011bkte\u0159\u00ed \u0159\u00edkali, \u017ee to bylo p\u0159ehnan\u00e9, \u017ee probl\u00e9my se k\u0159ikem ne\u0159e\u0161\u00ed. Ale realita je jin\u00e1: k\u0159i\u010dela, proto\u017ee ji nikdo p\u0159\u00edli\u0161 dlouho nesly\u0161el.<\/p>\n\n\n\n<p>N\u011bkolik dn\u00ed pot\u00e9 Maja zve\u0159ejnila kr\u00e1tkou zpr\u00e1vu:<br>\u201eNeomlouv\u00e1m se, \u017ee jsem k\u0159i\u010dela. Omlouv\u00e1m se, \u017ee jsem p\u0159\u00edli\u0161 dlouho ml\u010dela.\u201c<\/p>\n\n\n\n<p>Tato v\u011bta shrnula v\u0161e, co p\u0159enos p\u0159edstavoval. Nebylo to drama. Nebylo to o z\u00edsk\u00e1n\u00ed pozornosti. \u0160lo o pravdu. O \u017eenu, kter\u00e1 u\u017e nemohla ml\u010det. A o okam\u017eik, kdy jsme v\u0161ichni jako publikum pochopili, co znamen\u00e1 b\u00fdt vysly\u0161en.<\/p>\n\n\n\n<p>Tento p\u0159enos z\u016fstane zapamatov\u00e1n ne proto, \u017ee byl dokonal\u00fd, ale proto, \u017ee byl skute\u010dn\u00fd. Bylo to p\u0159ipomenut\u00ed, \u017ee pravda nen\u00ed v\u017edy tich\u00e1. N\u011bkdy mus\u00ed b\u00fdt vyk\u0159i\u010dena \u2014 aby ji kone\u010dn\u011b n\u011bkdo sly\u0161el.<\/p>\n","protected":false},"excerpt":{"rendered":"<div class=\"mh-excerpt\"><p>V \u00e9\u0159e digit\u00e1ln\u00ed komunikace, kdy ka\u017ed\u00fd den tis\u00edce lid\u00ed vys\u00edlaj\u00ed \u017eiv\u011b \u2014 sd\u00edlej\u00ed \u010d\u00e1sti sv\u00e9ho \u017eivota, d\u00e1vaj\u00ed rady, diskutuj\u00ed, sm\u011bj\u00ed se nebo prost\u011b jen mluv\u00ed <a class=\"mh-excerpt-more\" href=\"https:\/\/erevanblog.am\/?p=10210\" title=\"Div\u00e1ci si tento \u017eiv\u00fd p\u0159enos zapamatuj\u00ed na cel\u00fd \u017eivot \u2014 k\u0159i\u010dela na v\u0161echny v s\u00e1le!\">[&#8230;]<\/a><\/p>\n<\/div>","protected":false},"author":1,"featured_media":10211,"comment_status":"open","ping_status":"open","sticky":false,"template":"","format":"standard","meta":{"footnotes":""},"categories":[1],"tags":[],"class_list":["post-10210","post","type-post","status-publish","format-standard","has-post-thumbnail","hentry","category-uncategorised"],"yoast_head":"<!-- This site is optimized with the Yoast SEO plugin v27.5 - https:\/\/yoast.com\/product\/yoast-seo-wordpress\/ -->\n<title>Div\u00e1ci si tento \u017eiv\u00fd p\u0159enos zapamatuj\u00ed na cel\u00fd \u017eivot \u2014 k\u0159i\u010dela na v\u0161echny v s\u00e1le! -<\/title>\n<meta name=\"robots\" content=\"index, follow, max-snippet:-1, max-image-preview:large, max-video-preview:-1\" \/>\n<link rel=\"canonical\" href=\"https:\/\/erevanblog.am\/?p=10210\" \/>\n<meta property=\"og:locale\" content=\"en_US\" \/>\n<meta property=\"og:type\" content=\"article\" \/>\n<meta property=\"og:title\" content=\"Div\u00e1ci si tento \u017eiv\u00fd p\u0159enos zapamatuj\u00ed na cel\u00fd \u017eivot \u2014 k\u0159i\u010dela na v\u0161echny v s\u00e1le! -\" \/>\n<meta property=\"og:description\" content=\"V \u00e9\u0159e digit\u00e1ln\u00ed komunikace, kdy ka\u017ed\u00fd den tis\u00edce lid\u00ed vys\u00edlaj\u00ed \u017eiv\u011b \u2014 sd\u00edlej\u00ed \u010d\u00e1sti sv\u00e9ho \u017eivota, d\u00e1vaj\u00ed rady, diskutuj\u00ed, sm\u011bj\u00ed se nebo prost\u011b jen mluv\u00ed [...]\" \/>\n<meta property=\"og:url\" content=\"https:\/\/erevanblog.am\/?p=10210\" \/>\n<meta property=\"article:published_time\" content=\"2025-06-11T12:05:52+00:00\" \/>\n<meta property=\"article:modified_time\" content=\"2025-06-11T12:05:53+00:00\" \/>\n<meta property=\"og:image\" content=\"http:\/\/erevanblog.am\/wp-content\/uploads\/2025\/06\/74125862.jpeg\" \/>\n\t<meta property=\"og:image:width\" content=\"1024\" \/>\n\t<meta property=\"og:image:height\" content=\"1024\" \/>\n\t<meta property=\"og:image:type\" content=\"image\/jpeg\" \/>\n<meta name=\"author\" content=\"erevanblog_a\" \/>\n<meta name=\"twitter:card\" content=\"summary_large_image\" \/>\n<meta name=\"twitter:label1\" content=\"Written by\" \/>\n\t<meta name=\"twitter:data1\" content=\"erevanblog_a\" \/>\n\t<meta name=\"twitter:label2\" content=\"Est. reading time\" \/>\n\t<meta name=\"twitter:data2\" content=\"3 minutes\" \/>\n<script type=\"application\/ld+json\" class=\"yoast-schema-graph\">{\"@context\":\"https:\\\/\\\/schema.org\",\"@graph\":[{\"@type\":\"Article\",\"@id\":\"https:\\\/\\\/erevanblog.am\\\/?p=10210#article\",\"isPartOf\":{\"@id\":\"https:\\\/\\\/erevanblog.am\\\/?p=10210\"},\"author\":{\"name\":\"erevanblog_a\",\"@id\":\"https:\\\/\\\/erevanblog.am\\\/#\\\/schema\\\/person\\\/204f10311eb7ddb8914a5ab3e5f03928\"},\"headline\":\"Div\u00e1ci si tento \u017eiv\u00fd p\u0159enos zapamatuj\u00ed na cel\u00fd \u017eivot \u2014 k\u0159i\u010dela na v\u0161echny v s\u00e1le!\",\"datePublished\":\"2025-06-11T12:05:52+00:00\",\"dateModified\":\"2025-06-11T12:05:53+00:00\",\"mainEntityOfPage\":{\"@id\":\"https:\\\/\\\/erevanblog.am\\\/?p=10210\"},\"wordCount\":577,\"commentCount\":0,\"image\":{\"@id\":\"https:\\\/\\\/erevanblog.am\\\/?p=10210#primaryimage\"},\"thumbnailUrl\":\"https:\\\/\\\/erevanblog.am\\\/wp-content\\\/uploads\\\/2025\\\/06\\\/74125862.jpeg\",\"articleSection\":[\"NEWS\"],\"inLanguage\":\"en-US\",\"potentialAction\":[{\"@type\":\"CommentAction\",\"name\":\"Comment\",\"target\":[\"https:\\\/\\\/erevanblog.am\\\/?p=10210#respond\"]}]},{\"@type\":\"WebPage\",\"@id\":\"https:\\\/\\\/erevanblog.am\\\/?p=10210\",\"url\":\"https:\\\/\\\/erevanblog.am\\\/?p=10210\",\"name\":\"Div\u00e1ci si tento \u017eiv\u00fd p\u0159enos zapamatuj\u00ed na cel\u00fd \u017eivot \u2014 k\u0159i\u010dela na v\u0161echny v s\u00e1le! -\",\"isPartOf\":{\"@id\":\"https:\\\/\\\/erevanblog.am\\\/#website\"},\"primaryImageOfPage\":{\"@id\":\"https:\\\/\\\/erevanblog.am\\\/?p=10210#primaryimage\"},\"image\":{\"@id\":\"https:\\\/\\\/erevanblog.am\\\/?p=10210#primaryimage\"},\"thumbnailUrl\":\"https:\\\/\\\/erevanblog.am\\\/wp-content\\\/uploads\\\/2025\\\/06\\\/74125862.jpeg\",\"datePublished\":\"2025-06-11T12:05:52+00:00\",\"dateModified\":\"2025-06-11T12:05:53+00:00\",\"author\":{\"@id\":\"https:\\\/\\\/erevanblog.am\\\/#\\\/schema\\\/person\\\/204f10311eb7ddb8914a5ab3e5f03928\"},\"breadcrumb\":{\"@id\":\"https:\\\/\\\/erevanblog.am\\\/?p=10210#breadcrumb\"},\"inLanguage\":\"en-US\",\"potentialAction\":[{\"@type\":\"ReadAction\",\"target\":[\"https:\\\/\\\/erevanblog.am\\\/?p=10210\"]}]},{\"@type\":\"ImageObject\",\"inLanguage\":\"en-US\",\"@id\":\"https:\\\/\\\/erevanblog.am\\\/?p=10210#primaryimage\",\"url\":\"https:\\\/\\\/erevanblog.am\\\/wp-content\\\/uploads\\\/2025\\\/06\\\/74125862.jpeg\",\"contentUrl\":\"https:\\\/\\\/erevanblog.am\\\/wp-content\\\/uploads\\\/2025\\\/06\\\/74125862.jpeg\",\"width\":1024,\"height\":1024},{\"@type\":\"BreadcrumbList\",\"@id\":\"https:\\\/\\\/erevanblog.am\\\/?p=10210#breadcrumb\",\"itemListElement\":[{\"@type\":\"ListItem\",\"position\":1,\"name\":\"Home\",\"item\":\"https:\\\/\\\/erevanblog.am\\\/\"},{\"@type\":\"ListItem\",\"position\":2,\"name\":\"Div\u00e1ci si tento \u017eiv\u00fd p\u0159enos zapamatuj\u00ed na cel\u00fd \u017eivot \u2014 k\u0159i\u010dela na v\u0161echny v s\u00e1le!\"}]},{\"@type\":\"WebSite\",\"@id\":\"https:\\\/\\\/erevanblog.am\\\/#website\",\"url\":\"https:\\\/\\\/erevanblog.am\\\/\",\"name\":\"\",\"description\":\"\",\"potentialAction\":[{\"@type\":\"SearchAction\",\"target\":{\"@type\":\"EntryPoint\",\"urlTemplate\":\"https:\\\/\\\/erevanblog.am\\\/?s={search_term_string}\"},\"query-input\":{\"@type\":\"PropertyValueSpecification\",\"valueRequired\":true,\"valueName\":\"search_term_string\"}}],\"inLanguage\":\"en-US\"},{\"@type\":\"Person\",\"@id\":\"https:\\\/\\\/erevanblog.am\\\/#\\\/schema\\\/person\\\/204f10311eb7ddb8914a5ab3e5f03928\",\"name\":\"erevanblog_a\",\"image\":{\"@type\":\"ImageObject\",\"inLanguage\":\"en-US\",\"@id\":\"https:\\\/\\\/secure.gravatar.com\\\/avatar\\\/a24f4ac3a683f3c87303db525abc00db51ea26ccedee11dfaf1cc0f9a481a5d2?s=96&d=mm&r=g\",\"url\":\"https:\\\/\\\/secure.gravatar.com\\\/avatar\\\/a24f4ac3a683f3c87303db525abc00db51ea26ccedee11dfaf1cc0f9a481a5d2?s=96&d=mm&r=g\",\"contentUrl\":\"https:\\\/\\\/secure.gravatar.com\\\/avatar\\\/a24f4ac3a683f3c87303db525abc00db51ea26ccedee11dfaf1cc0f9a481a5d2?s=96&d=mm&r=g\",\"caption\":\"erevanblog_a\"},\"sameAs\":[\"http:\\\/\\\/erevanblog.am\"],\"url\":\"https:\\\/\\\/erevanblog.am\\\/?author=1\"}]}<\/script>\n<!-- \/ Yoast SEO plugin. -->","yoast_head_json":{"title":"Div\u00e1ci si tento \u017eiv\u00fd p\u0159enos zapamatuj\u00ed na cel\u00fd \u017eivot \u2014 k\u0159i\u010dela na v\u0161echny v s\u00e1le! -","robots":{"index":"index","follow":"follow","max-snippet":"max-snippet:-1","max-image-preview":"max-image-preview:large","max-video-preview":"max-video-preview:-1"},"canonical":"https:\/\/erevanblog.am\/?p=10210","og_locale":"en_US","og_type":"article","og_title":"Div\u00e1ci si tento \u017eiv\u00fd p\u0159enos zapamatuj\u00ed na cel\u00fd \u017eivot \u2014 k\u0159i\u010dela na v\u0161echny v s\u00e1le! -","og_description":"V \u00e9\u0159e digit\u00e1ln\u00ed komunikace, kdy ka\u017ed\u00fd den tis\u00edce lid\u00ed vys\u00edlaj\u00ed \u017eiv\u011b \u2014 sd\u00edlej\u00ed \u010d\u00e1sti sv\u00e9ho \u017eivota, d\u00e1vaj\u00ed rady, diskutuj\u00ed, sm\u011bj\u00ed se nebo prost\u011b jen mluv\u00ed [...]","og_url":"https:\/\/erevanblog.am\/?p=10210","article_published_time":"2025-06-11T12:05:52+00:00","article_modified_time":"2025-06-11T12:05:53+00:00","og_image":[{"width":1024,"height":1024,"url":"http:\/\/erevanblog.am\/wp-content\/uploads\/2025\/06\/74125862.jpeg","type":"image\/jpeg"}],"author":"erevanblog_a","twitter_card":"summary_large_image","twitter_misc":{"Written by":"erevanblog_a","Est. reading time":"3 minutes"},"schema":{"@context":"https:\/\/schema.org","@graph":[{"@type":"Article","@id":"https:\/\/erevanblog.am\/?p=10210#article","isPartOf":{"@id":"https:\/\/erevanblog.am\/?p=10210"},"author":{"name":"erevanblog_a","@id":"https:\/\/erevanblog.am\/#\/schema\/person\/204f10311eb7ddb8914a5ab3e5f03928"},"headline":"Div\u00e1ci si tento \u017eiv\u00fd p\u0159enos zapamatuj\u00ed na cel\u00fd \u017eivot \u2014 k\u0159i\u010dela na v\u0161echny v s\u00e1le!","datePublished":"2025-06-11T12:05:52+00:00","dateModified":"2025-06-11T12:05:53+00:00","mainEntityOfPage":{"@id":"https:\/\/erevanblog.am\/?p=10210"},"wordCount":577,"commentCount":0,"image":{"@id":"https:\/\/erevanblog.am\/?p=10210#primaryimage"},"thumbnailUrl":"https:\/\/erevanblog.am\/wp-content\/uploads\/2025\/06\/74125862.jpeg","articleSection":["NEWS"],"inLanguage":"en-US","potentialAction":[{"@type":"CommentAction","name":"Comment","target":["https:\/\/erevanblog.am\/?p=10210#respond"]}]},{"@type":"WebPage","@id":"https:\/\/erevanblog.am\/?p=10210","url":"https:\/\/erevanblog.am\/?p=10210","name":"Div\u00e1ci si tento \u017eiv\u00fd p\u0159enos zapamatuj\u00ed na cel\u00fd \u017eivot \u2014 k\u0159i\u010dela na v\u0161echny v s\u00e1le! -","isPartOf":{"@id":"https:\/\/erevanblog.am\/#website"},"primaryImageOfPage":{"@id":"https:\/\/erevanblog.am\/?p=10210#primaryimage"},"image":{"@id":"https:\/\/erevanblog.am\/?p=10210#primaryimage"},"thumbnailUrl":"https:\/\/erevanblog.am\/wp-content\/uploads\/2025\/06\/74125862.jpeg","datePublished":"2025-06-11T12:05:52+00:00","dateModified":"2025-06-11T12:05:53+00:00","author":{"@id":"https:\/\/erevanblog.am\/#\/schema\/person\/204f10311eb7ddb8914a5ab3e5f03928"},"breadcrumb":{"@id":"https:\/\/erevanblog.am\/?p=10210#breadcrumb"},"inLanguage":"en-US","potentialAction":[{"@type":"ReadAction","target":["https:\/\/erevanblog.am\/?p=10210"]}]},{"@type":"ImageObject","inLanguage":"en-US","@id":"https:\/\/erevanblog.am\/?p=10210#primaryimage","url":"https:\/\/erevanblog.am\/wp-content\/uploads\/2025\/06\/74125862.jpeg","contentUrl":"https:\/\/erevanblog.am\/wp-content\/uploads\/2025\/06\/74125862.jpeg","width":1024,"height":1024},{"@type":"BreadcrumbList","@id":"https:\/\/erevanblog.am\/?p=10210#breadcrumb","itemListElement":[{"@type":"ListItem","position":1,"name":"Home","item":"https:\/\/erevanblog.am\/"},{"@type":"ListItem","position":2,"name":"Div\u00e1ci si tento \u017eiv\u00fd p\u0159enos zapamatuj\u00ed na cel\u00fd \u017eivot \u2014 k\u0159i\u010dela na v\u0161echny v s\u00e1le!"}]},{"@type":"WebSite","@id":"https:\/\/erevanblog.am\/#website","url":"https:\/\/erevanblog.am\/","name":"","description":"","potentialAction":[{"@type":"SearchAction","target":{"@type":"EntryPoint","urlTemplate":"https:\/\/erevanblog.am\/?s={search_term_string}"},"query-input":{"@type":"PropertyValueSpecification","valueRequired":true,"valueName":"search_term_string"}}],"inLanguage":"en-US"},{"@type":"Person","@id":"https:\/\/erevanblog.am\/#\/schema\/person\/204f10311eb7ddb8914a5ab3e5f03928","name":"erevanblog_a","image":{"@type":"ImageObject","inLanguage":"en-US","@id":"https:\/\/secure.gravatar.com\/avatar\/a24f4ac3a683f3c87303db525abc00db51ea26ccedee11dfaf1cc0f9a481a5d2?s=96&d=mm&r=g","url":"https:\/\/secure.gravatar.com\/avatar\/a24f4ac3a683f3c87303db525abc00db51ea26ccedee11dfaf1cc0f9a481a5d2?s=96&d=mm&r=g","contentUrl":"https:\/\/secure.gravatar.com\/avatar\/a24f4ac3a683f3c87303db525abc00db51ea26ccedee11dfaf1cc0f9a481a5d2?s=96&d=mm&r=g","caption":"erevanblog_a"},"sameAs":["http:\/\/erevanblog.am"],"url":"https:\/\/erevanblog.am\/?author=1"}]}},"views":544,"_links":{"self":[{"href":"https:\/\/erevanblog.am\/index.php?rest_route=\/wp\/v2\/posts\/10210","targetHints":{"allow":["GET"]}}],"collection":[{"href":"https:\/\/erevanblog.am\/index.php?rest_route=\/wp\/v2\/posts"}],"about":[{"href":"https:\/\/erevanblog.am\/index.php?rest_route=\/wp\/v2\/types\/post"}],"author":[{"embeddable":true,"href":"https:\/\/erevanblog.am\/index.php?rest_route=\/wp\/v2\/users\/1"}],"replies":[{"embeddable":true,"href":"https:\/\/erevanblog.am\/index.php?rest_route=%2Fwp%2Fv2%2Fcomments&post=10210"}],"version-history":[{"count":1,"href":"https:\/\/erevanblog.am\/index.php?rest_route=\/wp\/v2\/posts\/10210\/revisions"}],"predecessor-version":[{"id":10212,"href":"https:\/\/erevanblog.am\/index.php?rest_route=\/wp\/v2\/posts\/10210\/revisions\/10212"}],"wp:featuredmedia":[{"embeddable":true,"href":"https:\/\/erevanblog.am\/index.php?rest_route=\/wp\/v2\/media\/10211"}],"wp:attachment":[{"href":"https:\/\/erevanblog.am\/index.php?rest_route=%2Fwp%2Fv2%2Fmedia&parent=10210"}],"wp:term":[{"taxonomy":"category","embeddable":true,"href":"https:\/\/erevanblog.am\/index.php?rest_route=%2Fwp%2Fv2%2Fcategories&post=10210"},{"taxonomy":"post_tag","embeddable":true,"href":"https:\/\/erevanblog.am\/index.php?rest_route=%2Fwp%2Fv2%2Ftags&post=10210"}],"curies":[{"name":"wp","href":"https:\/\/api.w.org\/{rel}","templated":true}]}}