{"id":10249,"date":"2025-06-12T14:04:17","date_gmt":"2025-06-12T13:04:17","guid":{"rendered":"https:\/\/erevanblog.am\/?p=10249"},"modified":"2025-06-12T14:04:18","modified_gmt":"2025-06-12T13:04:18","slug":"jen-se-divaly-do-zrcadla-dokud-se-neobjevil-na-druhe-strane-to-co-nasledovalo-sokovalo-vsechny","status":"publish","type":"post","link":"https:\/\/erevanblog.am\/?p=10249","title":{"rendered":"Jen se d\u00edvaly do zrcadla\u2026 dokud SE NEOBJEVIL na druh\u00e9 stran\u011b! To, co n\u00e1sledovalo, \u0161okovalo v\u0161echny!"},"content":{"rendered":"\n<p>Byl to oby\u010dejn\u00fd \u0161koln\u00ed den. Skupina d\u00edvek v uniform\u00e1ch, sm\u011bj\u00edc\u00ed se, upravuj\u00edc\u00ed si vlasy, fot\u00edc\u00ed selfie. Na chodb\u011b nebylo nic zvl\u00e1\u0161tn\u00edho\u2026 dokud se nepod\u00edvaly do zrcadla. Nejprve vid\u011bly jen sebe. Ale v dal\u0161\u00edm okam\u017eiku \u2014 si v\u0161imly n\u011b\u010deho, co se ned\u00e1 vysv\u011btlit. Nebo n\u011bkoho. N\u011bkoho, kdo tam nebyl\u2026 ale byl v zrcadle.<\/p>\n\n\n\n<figure class=\"wp-block-image size-large\"><img loading=\"lazy\" decoding=\"async\" width=\"1024\" height=\"803\" src=\"https:\/\/erevanblog.am\/wp-content\/uploads\/2025\/06\/12587663-1024x803.jpg\" alt=\"\" class=\"wp-image-10250\" srcset=\"https:\/\/erevanblog.am\/wp-content\/uploads\/2025\/06\/12587663-1024x803.jpg 1024w, https:\/\/erevanblog.am\/wp-content\/uploads\/2025\/06\/12587663-300x235.jpg 300w, https:\/\/erevanblog.am\/wp-content\/uploads\/2025\/06\/12587663-768x602.jpg 768w, https:\/\/erevanblog.am\/wp-content\/uploads\/2025\/06\/12587663-1536x1205.jpg 1536w, https:\/\/erevanblog.am\/wp-content\/uploads\/2025\/06\/12587663.jpg 1594w\" sizes=\"auto, (max-width: 1024px) 100vw, 1024px\" \/><\/figure>\n\n\n\n<p><strong>Zrcadlo ve t\u0159et\u00edm pat\u0159e<\/strong><br>To zrcadlo tam bylo cel\u00e9 roky. Velk\u00e9, leskl\u00e9, dokonale \u010dist\u00e9. Studenti kolem n\u011bj chod\u00ed ka\u017ed\u00fd den. Ale \u010dasem se za\u010daly \u0161\u00ed\u0159it zv\u011bsti:<\/p>\n\n\n\n<p>\u201eV tom zrcadle vid\u00ed\u0161 v\u011bci, kter\u00e9 nejsou v m\u00edstnosti.\u201c<br>\u201eN\u011bkdy je tam v\u00edc obli\u010dej\u016f, ne\u017e lid\u00ed.\u201c<\/p>\n\n\n\n<p>V\u0161ichni si mysleli, \u017ee to jsou jen hloup\u00e9 historky \u2014 dokud p\u0159ed n\u011bj nestouplo \u0161est \u0161kola\u010dek, aby nato\u010dily TikTok.<\/p>\n\n\n\n<p><strong>Za\u010dalo to jako hra\u2026 ale skon\u010dilo to jako no\u010dn\u00ed m\u016fra<\/strong><br>Sm\u00e1ly se, p\u00f3zovaly, nat\u00edraly si rty a nech\u00e1valy otisky polibk\u016f na skle. V\u0161echno to byl jen \u201etrend\u201c.<\/p>\n\n\n\n<p>Ale pak jedna z nich \u2014 Nina \u2014 sklopila kameru a \u0159ekla:<\/p>\n\n\n\n<p>\u201ePo\u010dkej\u2026 kolik n\u00e1s je v odrazu?\u201c<br>\u201e\u0160est, samoz\u0159ejm\u011b\u2026 nebo\u2026 sedm?!\u201c<\/p>\n\n\n\n<p>V zrcadle bylo sedm\u00e9 tv\u00e1\u0159.<\/p>\n\n\n\n<p><strong>Nebyl to nikdo z nich. A nebyl n\u00e1hodn\u00fd.<\/strong><br>Byla to mu\u017esk\u00e1 tv\u00e1\u0159. Bled\u00e1. Chladn\u00e1. Nem\u011bl \u0161koln\u00ed uniformu. Nesmal se. Jen se na n\u011b d\u00edval\u2026 z druh\u00e9 strany zrcadla.<\/p>\n\n\n\n<p>Nikdo z p\u0159\u00edtomn\u00fdch ho nevid\u011bl ve skute\u010dn\u00e9m prostoru.<\/p>\n\n\n\n<p><strong>Jedna d\u00edvka p\u0159istoupila bl\u00ed\u017e. A bude toho nav\u017edy litovat.<\/strong><br>Nina ud\u011blala krok vp\u0159ed.<\/p>\n\n\n\n<p>\u201eMyslela jsem, \u017ee je to n\u011bjak\u00fd filtr. Nebo mo\u017en\u00e1 odraz jin\u00e9ho displeje. Ale kdy\u017e jsem se p\u0159ibl\u00ed\u017eila\u2026 zrcadlo se zaml\u017eilo \u2014 pr\u00e1v\u011b tam, kde bylo jeho obli\u010dej. A pak\u2026 na m\u011b mrknul.\u201c<\/p>\n\n\n\n<p><strong>Panika. V\u00fdk\u0159iky. Telefon na zemi, ale nahr\u00e1v\u00e1n\u00ed pokra\u010dovalo.<\/strong><br>N\u011bkter\u00e9 utekly. Jin\u00e9 ztuhly. U\u010ditelka, kter\u00e1 vb\u011bhla dovnit\u0159, nena\u0161la nic neobvykl\u00e9ho \u2014 krom\u011b \u0161okovan\u00fdch d\u00edvek a otisk\u016f rt\u011bnky na skle.<\/p>\n\n\n\n<p>A ta tv\u00e1\u0159 zmizela. Beze zvuku. Beze stopy.<\/p>\n\n\n\n<p><strong>\u0160kola se pokusila incident utajit. Ale bylo pozd\u011b.<\/strong><br>Telefony byly zabaveny. D\u00edvk\u00e1m bylo \u0159e\u010deno, aby o tom nemluvily. Ale jedno z vide\u00ed se u\u017e automaticky ulo\u017eilo do cloudu.<\/p>\n\n\n\n<p>Kr\u00e1tk\u00e9 dvousekundov\u00e9 video se \u0161\u00ed\u0159ilo po soci\u00e1ln\u00edch s\u00edt\u00edch jako lavina:<\/p>\n\n\n\n<p>\u201eKdo je ten mu\u017e v odraze?\u201c<br>\u201e\u0160est d\u00edvek. Sedm st\u00edn\u016f.\u201c<br>\u201eZrcadlo s vlastn\u00edm \u017eivotem?\u201c<\/p>\n\n\n\n<p><strong>Historie zrcadla je d\u011bsiv\u011bj\u0161\u00ed, ne\u017e si kdokoliv myslel<\/strong><br>Podle m\u00edstn\u00edho novin\u00e1\u0159e nebylo zrcadlo p\u016fvodn\u00ed sou\u010d\u00e1st\u00ed \u0161koln\u00edho vybaven\u00ed. Bylo darov\u00e1no p\u0159ed \u010dty\u0159mi lety \u2014 bez podpisu, bez faktury.<\/p>\n\n\n\n<p>Vy\u0161et\u0159ov\u00e1n\u00ed vedlo k b\u00fdval\u00e9 psychiatrick\u00e9 l\u00e9\u010debn\u011b, kter\u00e1 byla uzav\u0159ena v roce 1996. Posledn\u00ed pacient, kter\u00fd tam byl l\u00e9\u010den \u2014 zmizel pr\u00e1v\u011b v m\u00edstnosti s velk\u00fdm n\u00e1st\u011bnn\u00fdm zrcadlem.<\/p>\n\n\n\n<p><strong>Skupina paranorm\u00e1ln\u00edch vy\u0161et\u0159ovatel\u016f tajn\u011b vstoupila do \u0161koly<\/strong><br>P\u0159inesli EMF detektory, termovizn\u00ed kamery a digit\u00e1ln\u00ed rekord\u00e9ry. To, co zjistili, bylo znepokojiv\u00e9:<\/p>\n\n\n\n<p>Teplota kolem zrcadla byla neust\u00e1le o 5 \u00b0C ni\u017e\u0161\u00ed.<\/p>\n\n\n\n<p>Zaznamenali \u0161epot:<\/p>\n\n\n\n<p>\u201eTe\u010f, kdy\u017e jsi m\u011b vid\u011bl\u2026 i j\u00e1 vid\u00edm tebe.\u201c<\/p>\n\n\n\n<p>A to nejhor\u0161\u00ed: jedna kamera se vybila \u2014 pouze kdy\u017e byla nam\u00ed\u0159ena na zrcadlo.<\/p>\n\n\n\n<p><strong>Co se stalo s d\u00edvkami?<\/strong><br>Dv\u011b p\u0159estoupily na jinou \u0161kolu. Jedna chod\u00ed na terapii. Ostatn\u00ed odm\u00edtaj\u00ed o tom mluvit.<\/p>\n\n\n\n<p>Jedin\u00e1 d\u00edvka \u2014 Anna \u2014 anonymn\u011b napsala na f\u00f3ru:<\/p>\n\n\n\n<p>\u201eNed\u00edval se na v\u0161echny n\u00e1s. D\u00edval se jen na jednu. A ona v\u00ed, kdo to je.\u201c<\/p>\n\n\n\n<p><strong>Z\u00e1v\u011br: zrcadlo neodr\u00e1\u017e\u00ed jen obraz \u2014 n\u011bkdy t\u011b sleduje<\/strong><br>Mo\u017en\u00e1 tv\u016fj odraz nen\u00ed jen obraz. Mo\u017en\u00e1 je to v\u00fdzva. Nebo br\u00e1na. A mo\u017en\u00e1 \u2014 varov\u00e1n\u00ed.<\/p>\n","protected":false},"excerpt":{"rendered":"<div class=\"mh-excerpt\"><p>Byl to oby\u010dejn\u00fd \u0161koln\u00ed den. Skupina d\u00edvek v uniform\u00e1ch, sm\u011bj\u00edc\u00ed se, upravuj\u00edc\u00ed si vlasy, fot\u00edc\u00ed selfie. Na chodb\u011b nebylo nic zvl\u00e1\u0161tn\u00edho\u2026 dokud se nepod\u00edvaly do <a class=\"mh-excerpt-more\" href=\"https:\/\/erevanblog.am\/?p=10249\" title=\"Jen se d\u00edvaly do zrcadla\u2026 dokud SE NEOBJEVIL na druh\u00e9 stran\u011b! To, co n\u00e1sledovalo, \u0161okovalo v\u0161echny!\">[&#8230;]<\/a><\/p>\n<\/div>","protected":false},"author":1,"featured_media":10250,"comment_status":"open","ping_status":"open","sticky":false,"template":"","format":"standard","meta":{"footnotes":""},"categories":[1],"tags":[],"class_list":["post-10249","post","type-post","status-publish","format-standard","has-post-thumbnail","hentry","category-uncategorised"],"yoast_head":"<!-- This site is optimized with the Yoast SEO plugin v27.5 - https:\/\/yoast.com\/product\/yoast-seo-wordpress\/ -->\n<title>Jen se d\u00edvaly do zrcadla\u2026 dokud SE NEOBJEVIL na druh\u00e9 stran\u011b! To, co n\u00e1sledovalo, \u0161okovalo v\u0161echny! -<\/title>\n<meta name=\"robots\" content=\"index, follow, max-snippet:-1, max-image-preview:large, max-video-preview:-1\" \/>\n<link rel=\"canonical\" href=\"https:\/\/erevanblog.am\/?p=10249\" \/>\n<meta property=\"og:locale\" content=\"en_US\" \/>\n<meta property=\"og:type\" content=\"article\" \/>\n<meta property=\"og:title\" content=\"Jen se d\u00edvaly do zrcadla\u2026 dokud SE NEOBJEVIL na druh\u00e9 stran\u011b! To, co n\u00e1sledovalo, \u0161okovalo v\u0161echny! -\" \/>\n<meta property=\"og:description\" content=\"Byl to oby\u010dejn\u00fd \u0161koln\u00ed den. Skupina d\u00edvek v uniform\u00e1ch, sm\u011bj\u00edc\u00ed se, upravuj\u00edc\u00ed si vlasy, fot\u00edc\u00ed selfie. Na chodb\u011b nebylo nic zvl\u00e1\u0161tn\u00edho\u2026 dokud se nepod\u00edvaly do [...]\" \/>\n<meta property=\"og:url\" content=\"https:\/\/erevanblog.am\/?p=10249\" \/>\n<meta property=\"article:published_time\" content=\"2025-06-12T13:04:17+00:00\" \/>\n<meta property=\"article:modified_time\" content=\"2025-06-12T13:04:18+00:00\" \/>\n<meta property=\"og:image\" content=\"http:\/\/erevanblog.am\/wp-content\/uploads\/2025\/06\/12587663.jpg\" \/>\n\t<meta property=\"og:image:width\" content=\"1594\" \/>\n\t<meta property=\"og:image:height\" content=\"1250\" \/>\n\t<meta property=\"og:image:type\" content=\"image\/jpeg\" \/>\n<meta name=\"author\" content=\"erevanblog_a\" \/>\n<meta name=\"twitter:card\" content=\"summary_large_image\" \/>\n<meta name=\"twitter:label1\" content=\"Written by\" \/>\n\t<meta name=\"twitter:data1\" content=\"erevanblog_a\" \/>\n\t<meta name=\"twitter:label2\" content=\"Est. reading time\" \/>\n\t<meta name=\"twitter:data2\" content=\"3 minutes\" \/>\n<script type=\"application\/ld+json\" class=\"yoast-schema-graph\">{\"@context\":\"https:\\\/\\\/schema.org\",\"@graph\":[{\"@type\":\"Article\",\"@id\":\"https:\\\/\\\/erevanblog.am\\\/?p=10249#article\",\"isPartOf\":{\"@id\":\"https:\\\/\\\/erevanblog.am\\\/?p=10249\"},\"author\":{\"name\":\"erevanblog_a\",\"@id\":\"https:\\\/\\\/erevanblog.am\\\/#\\\/schema\\\/person\\\/204f10311eb7ddb8914a5ab3e5f03928\"},\"headline\":\"Jen se d\u00edvaly do zrcadla\u2026 dokud SE NEOBJEVIL na druh\u00e9 stran\u011b! To, co n\u00e1sledovalo, \u0161okovalo v\u0161echny!\",\"datePublished\":\"2025-06-12T13:04:17+00:00\",\"dateModified\":\"2025-06-12T13:04:18+00:00\",\"mainEntityOfPage\":{\"@id\":\"https:\\\/\\\/erevanblog.am\\\/?p=10249\"},\"wordCount\":665,\"commentCount\":0,\"image\":{\"@id\":\"https:\\\/\\\/erevanblog.am\\\/?p=10249#primaryimage\"},\"thumbnailUrl\":\"https:\\\/\\\/erevanblog.am\\\/wp-content\\\/uploads\\\/2025\\\/06\\\/12587663.jpg\",\"articleSection\":[\"NEWS\"],\"inLanguage\":\"en-US\",\"potentialAction\":[{\"@type\":\"CommentAction\",\"name\":\"Comment\",\"target\":[\"https:\\\/\\\/erevanblog.am\\\/?p=10249#respond\"]}]},{\"@type\":\"WebPage\",\"@id\":\"https:\\\/\\\/erevanblog.am\\\/?p=10249\",\"url\":\"https:\\\/\\\/erevanblog.am\\\/?p=10249\",\"name\":\"Jen se d\u00edvaly do zrcadla\u2026 dokud SE NEOBJEVIL na druh\u00e9 stran\u011b! To, co n\u00e1sledovalo, \u0161okovalo v\u0161echny! -\",\"isPartOf\":{\"@id\":\"https:\\\/\\\/erevanblog.am\\\/#website\"},\"primaryImageOfPage\":{\"@id\":\"https:\\\/\\\/erevanblog.am\\\/?p=10249#primaryimage\"},\"image\":{\"@id\":\"https:\\\/\\\/erevanblog.am\\\/?p=10249#primaryimage\"},\"thumbnailUrl\":\"https:\\\/\\\/erevanblog.am\\\/wp-content\\\/uploads\\\/2025\\\/06\\\/12587663.jpg\",\"datePublished\":\"2025-06-12T13:04:17+00:00\",\"dateModified\":\"2025-06-12T13:04:18+00:00\",\"author\":{\"@id\":\"https:\\\/\\\/erevanblog.am\\\/#\\\/schema\\\/person\\\/204f10311eb7ddb8914a5ab3e5f03928\"},\"breadcrumb\":{\"@id\":\"https:\\\/\\\/erevanblog.am\\\/?p=10249#breadcrumb\"},\"inLanguage\":\"en-US\",\"potentialAction\":[{\"@type\":\"ReadAction\",\"target\":[\"https:\\\/\\\/erevanblog.am\\\/?p=10249\"]}]},{\"@type\":\"ImageObject\",\"inLanguage\":\"en-US\",\"@id\":\"https:\\\/\\\/erevanblog.am\\\/?p=10249#primaryimage\",\"url\":\"https:\\\/\\\/erevanblog.am\\\/wp-content\\\/uploads\\\/2025\\\/06\\\/12587663.jpg\",\"contentUrl\":\"https:\\\/\\\/erevanblog.am\\\/wp-content\\\/uploads\\\/2025\\\/06\\\/12587663.jpg\",\"width\":1594,\"height\":1250},{\"@type\":\"BreadcrumbList\",\"@id\":\"https:\\\/\\\/erevanblog.am\\\/?p=10249#breadcrumb\",\"itemListElement\":[{\"@type\":\"ListItem\",\"position\":1,\"name\":\"Home\",\"item\":\"https:\\\/\\\/erevanblog.am\\\/\"},{\"@type\":\"ListItem\",\"position\":2,\"name\":\"Jen se d\u00edvaly do zrcadla\u2026 dokud SE NEOBJEVIL na druh\u00e9 stran\u011b! To, co n\u00e1sledovalo, \u0161okovalo v\u0161echny!\"}]},{\"@type\":\"WebSite\",\"@id\":\"https:\\\/\\\/erevanblog.am\\\/#website\",\"url\":\"https:\\\/\\\/erevanblog.am\\\/\",\"name\":\"\",\"description\":\"\",\"potentialAction\":[{\"@type\":\"SearchAction\",\"target\":{\"@type\":\"EntryPoint\",\"urlTemplate\":\"https:\\\/\\\/erevanblog.am\\\/?s={search_term_string}\"},\"query-input\":{\"@type\":\"PropertyValueSpecification\",\"valueRequired\":true,\"valueName\":\"search_term_string\"}}],\"inLanguage\":\"en-US\"},{\"@type\":\"Person\",\"@id\":\"https:\\\/\\\/erevanblog.am\\\/#\\\/schema\\\/person\\\/204f10311eb7ddb8914a5ab3e5f03928\",\"name\":\"erevanblog_a\",\"image\":{\"@type\":\"ImageObject\",\"inLanguage\":\"en-US\",\"@id\":\"https:\\\/\\\/secure.gravatar.com\\\/avatar\\\/a24f4ac3a683f3c87303db525abc00db51ea26ccedee11dfaf1cc0f9a481a5d2?s=96&d=mm&r=g\",\"url\":\"https:\\\/\\\/secure.gravatar.com\\\/avatar\\\/a24f4ac3a683f3c87303db525abc00db51ea26ccedee11dfaf1cc0f9a481a5d2?s=96&d=mm&r=g\",\"contentUrl\":\"https:\\\/\\\/secure.gravatar.com\\\/avatar\\\/a24f4ac3a683f3c87303db525abc00db51ea26ccedee11dfaf1cc0f9a481a5d2?s=96&d=mm&r=g\",\"caption\":\"erevanblog_a\"},\"sameAs\":[\"http:\\\/\\\/erevanblog.am\"],\"url\":\"https:\\\/\\\/erevanblog.am\\\/?author=1\"}]}<\/script>\n<!-- \/ Yoast SEO plugin. -->","yoast_head_json":{"title":"Jen se d\u00edvaly do zrcadla\u2026 dokud SE NEOBJEVIL na druh\u00e9 stran\u011b! To, co n\u00e1sledovalo, \u0161okovalo v\u0161echny! -","robots":{"index":"index","follow":"follow","max-snippet":"max-snippet:-1","max-image-preview":"max-image-preview:large","max-video-preview":"max-video-preview:-1"},"canonical":"https:\/\/erevanblog.am\/?p=10249","og_locale":"en_US","og_type":"article","og_title":"Jen se d\u00edvaly do zrcadla\u2026 dokud SE NEOBJEVIL na druh\u00e9 stran\u011b! To, co n\u00e1sledovalo, \u0161okovalo v\u0161echny! -","og_description":"Byl to oby\u010dejn\u00fd \u0161koln\u00ed den. Skupina d\u00edvek v uniform\u00e1ch, sm\u011bj\u00edc\u00ed se, upravuj\u00edc\u00ed si vlasy, fot\u00edc\u00ed selfie. Na chodb\u011b nebylo nic zvl\u00e1\u0161tn\u00edho\u2026 dokud se nepod\u00edvaly do [...]","og_url":"https:\/\/erevanblog.am\/?p=10249","article_published_time":"2025-06-12T13:04:17+00:00","article_modified_time":"2025-06-12T13:04:18+00:00","og_image":[{"width":1594,"height":1250,"url":"http:\/\/erevanblog.am\/wp-content\/uploads\/2025\/06\/12587663.jpg","type":"image\/jpeg"}],"author":"erevanblog_a","twitter_card":"summary_large_image","twitter_misc":{"Written by":"erevanblog_a","Est. reading time":"3 minutes"},"schema":{"@context":"https:\/\/schema.org","@graph":[{"@type":"Article","@id":"https:\/\/erevanblog.am\/?p=10249#article","isPartOf":{"@id":"https:\/\/erevanblog.am\/?p=10249"},"author":{"name":"erevanblog_a","@id":"https:\/\/erevanblog.am\/#\/schema\/person\/204f10311eb7ddb8914a5ab3e5f03928"},"headline":"Jen se d\u00edvaly do zrcadla\u2026 dokud SE NEOBJEVIL na druh\u00e9 stran\u011b! To, co n\u00e1sledovalo, \u0161okovalo v\u0161echny!","datePublished":"2025-06-12T13:04:17+00:00","dateModified":"2025-06-12T13:04:18+00:00","mainEntityOfPage":{"@id":"https:\/\/erevanblog.am\/?p=10249"},"wordCount":665,"commentCount":0,"image":{"@id":"https:\/\/erevanblog.am\/?p=10249#primaryimage"},"thumbnailUrl":"https:\/\/erevanblog.am\/wp-content\/uploads\/2025\/06\/12587663.jpg","articleSection":["NEWS"],"inLanguage":"en-US","potentialAction":[{"@type":"CommentAction","name":"Comment","target":["https:\/\/erevanblog.am\/?p=10249#respond"]}]},{"@type":"WebPage","@id":"https:\/\/erevanblog.am\/?p=10249","url":"https:\/\/erevanblog.am\/?p=10249","name":"Jen se d\u00edvaly do zrcadla\u2026 dokud SE NEOBJEVIL na druh\u00e9 stran\u011b! To, co n\u00e1sledovalo, \u0161okovalo v\u0161echny! -","isPartOf":{"@id":"https:\/\/erevanblog.am\/#website"},"primaryImageOfPage":{"@id":"https:\/\/erevanblog.am\/?p=10249#primaryimage"},"image":{"@id":"https:\/\/erevanblog.am\/?p=10249#primaryimage"},"thumbnailUrl":"https:\/\/erevanblog.am\/wp-content\/uploads\/2025\/06\/12587663.jpg","datePublished":"2025-06-12T13:04:17+00:00","dateModified":"2025-06-12T13:04:18+00:00","author":{"@id":"https:\/\/erevanblog.am\/#\/schema\/person\/204f10311eb7ddb8914a5ab3e5f03928"},"breadcrumb":{"@id":"https:\/\/erevanblog.am\/?p=10249#breadcrumb"},"inLanguage":"en-US","potentialAction":[{"@type":"ReadAction","target":["https:\/\/erevanblog.am\/?p=10249"]}]},{"@type":"ImageObject","inLanguage":"en-US","@id":"https:\/\/erevanblog.am\/?p=10249#primaryimage","url":"https:\/\/erevanblog.am\/wp-content\/uploads\/2025\/06\/12587663.jpg","contentUrl":"https:\/\/erevanblog.am\/wp-content\/uploads\/2025\/06\/12587663.jpg","width":1594,"height":1250},{"@type":"BreadcrumbList","@id":"https:\/\/erevanblog.am\/?p=10249#breadcrumb","itemListElement":[{"@type":"ListItem","position":1,"name":"Home","item":"https:\/\/erevanblog.am\/"},{"@type":"ListItem","position":2,"name":"Jen se d\u00edvaly do zrcadla\u2026 dokud SE NEOBJEVIL na druh\u00e9 stran\u011b! To, co n\u00e1sledovalo, \u0161okovalo v\u0161echny!"}]},{"@type":"WebSite","@id":"https:\/\/erevanblog.am\/#website","url":"https:\/\/erevanblog.am\/","name":"","description":"","potentialAction":[{"@type":"SearchAction","target":{"@type":"EntryPoint","urlTemplate":"https:\/\/erevanblog.am\/?s={search_term_string}"},"query-input":{"@type":"PropertyValueSpecification","valueRequired":true,"valueName":"search_term_string"}}],"inLanguage":"en-US"},{"@type":"Person","@id":"https:\/\/erevanblog.am\/#\/schema\/person\/204f10311eb7ddb8914a5ab3e5f03928","name":"erevanblog_a","image":{"@type":"ImageObject","inLanguage":"en-US","@id":"https:\/\/secure.gravatar.com\/avatar\/a24f4ac3a683f3c87303db525abc00db51ea26ccedee11dfaf1cc0f9a481a5d2?s=96&d=mm&r=g","url":"https:\/\/secure.gravatar.com\/avatar\/a24f4ac3a683f3c87303db525abc00db51ea26ccedee11dfaf1cc0f9a481a5d2?s=96&d=mm&r=g","contentUrl":"https:\/\/secure.gravatar.com\/avatar\/a24f4ac3a683f3c87303db525abc00db51ea26ccedee11dfaf1cc0f9a481a5d2?s=96&d=mm&r=g","caption":"erevanblog_a"},"sameAs":["http:\/\/erevanblog.am"],"url":"https:\/\/erevanblog.am\/?author=1"}]}},"views":183,"_links":{"self":[{"href":"https:\/\/erevanblog.am\/index.php?rest_route=\/wp\/v2\/posts\/10249","targetHints":{"allow":["GET"]}}],"collection":[{"href":"https:\/\/erevanblog.am\/index.php?rest_route=\/wp\/v2\/posts"}],"about":[{"href":"https:\/\/erevanblog.am\/index.php?rest_route=\/wp\/v2\/types\/post"}],"author":[{"embeddable":true,"href":"https:\/\/erevanblog.am\/index.php?rest_route=\/wp\/v2\/users\/1"}],"replies":[{"embeddable":true,"href":"https:\/\/erevanblog.am\/index.php?rest_route=%2Fwp%2Fv2%2Fcomments&post=10249"}],"version-history":[{"count":1,"href":"https:\/\/erevanblog.am\/index.php?rest_route=\/wp\/v2\/posts\/10249\/revisions"}],"predecessor-version":[{"id":10251,"href":"https:\/\/erevanblog.am\/index.php?rest_route=\/wp\/v2\/posts\/10249\/revisions\/10251"}],"wp:featuredmedia":[{"embeddable":true,"href":"https:\/\/erevanblog.am\/index.php?rest_route=\/wp\/v2\/media\/10250"}],"wp:attachment":[{"href":"https:\/\/erevanblog.am\/index.php?rest_route=%2Fwp%2Fv2%2Fmedia&parent=10249"}],"wp:term":[{"taxonomy":"category","embeddable":true,"href":"https:\/\/erevanblog.am\/index.php?rest_route=%2Fwp%2Fv2%2Fcategories&post=10249"},{"taxonomy":"post_tag","embeddable":true,"href":"https:\/\/erevanblog.am\/index.php?rest_route=%2Fwp%2Fv2%2Ftags&post=10249"}],"curies":[{"name":"wp","href":"https:\/\/api.w.org\/{rel}","templated":true}]}}