{"id":10258,"date":"2025-06-13T07:13:11","date_gmt":"2025-06-13T06:13:11","guid":{"rendered":"https:\/\/erevanblog.am\/?p=10258"},"modified":"2025-06-13T07:13:12","modified_gmt":"2025-06-13T06:13:12","slug":"on-jen-sedel-ve-virivce-se-svymi-prateli-ale-to-co-se-objevilo-hned-vedle-nej-vsechny-vydesilo-kamery-zachytily-cely-okamzik","status":"publish","type":"post","link":"https:\/\/erevanblog.am\/?p=10258","title":{"rendered":"On jen sed\u011bl ve v\u00ed\u0159ivce se sv\u00fdmi p\u0159\u00e1teli\u2026 ale to, co se objevilo hned vedle n\u011bj, v\u0161echny vyd\u011bsilo! Kamery zachytily cel\u00fd okam\u017eik!"},"content":{"rendered":"\n<p>V\u0161echno za\u010dalo jako oby\u010dejn\u00fd slune\u010dn\u00fd den. Mlad\u00ed lid\u00e9, sm\u00edch, osv\u011b\u017euj\u00edc\u00ed n\u00e1poje, vesel\u00e1 konverzace a tepl\u00e1 v\u00ed\u0159ivka. Na prvn\u00ed pohled \u2013 nic neobvykl\u00e9ho. Ale pr\u00e1v\u011b tehdy, kdy\u017e nikdo nic ne\u010dekal, se z hlubin vody objevilo n\u011bco. Nez\u0159eteln\u00e9ho. Temn\u00e9ho. D\u011bsiv\u00e9ho. To, co se objevilo hned vedle n\u011bj, zmlklo ka\u017ed\u00e9ho v baz\u00e9nu. A kdy\u017e se pod\u00edvali l\u00e9pe\u2026 u\u017e bylo pozd\u011b.<\/p>\n\n\n\n<figure class=\"wp-block-image size-large\"><img loading=\"lazy\" decoding=\"async\" width=\"1024\" height=\"839\" src=\"https:\/\/erevanblog.am\/wp-content\/uploads\/2025\/06\/4569321-1024x839.jpg\" alt=\"\" class=\"wp-image-10259\" srcset=\"https:\/\/erevanblog.am\/wp-content\/uploads\/2025\/06\/4569321-1024x839.jpg 1024w, https:\/\/erevanblog.am\/wp-content\/uploads\/2025\/06\/4569321-300x246.jpg 300w, https:\/\/erevanblog.am\/wp-content\/uploads\/2025\/06\/4569321-768x629.jpg 768w, https:\/\/erevanblog.am\/wp-content\/uploads\/2025\/06\/4569321-1536x1258.jpg 1536w, https:\/\/erevanblog.am\/wp-content\/uploads\/2025\/06\/4569321.jpg 1568w\" sizes=\"auto, (max-width: 1024px) 100vw, 1024px\" \/><\/figure>\n\n\n\n<p><strong>Perfektn\u00ed odpoledne se b\u011bhem n\u011bkolika sekund zm\u011bnilo v horor<\/strong><\/p>\n\n\n\n<p>Tom sed\u011bl uvoln\u011bn\u011b s \u010derven\u00fdm plastov\u00fdm poh\u00e1rem v ruce. Sm\u00e1l se, pov\u00eddal si s p\u0159\u00e1teli, voda jemn\u011b bublala kolem nich. Ale pak \u2013 voda vlevo od n\u011bj za\u010dala podivn\u011b v\u00ed\u0159it. Ne od trysek. Ne od n\u011bkoho, kdo se pohybuje. Od n\u011b\u010deho\u2026 co vystupovalo ze dna.<\/p>\n\n\n\n<p>\u201eNejprve jsme si mysleli, \u017ee je to n\u011bjak\u00fd filmov\u00fd trik. Nebo n\u011bjak\u00e1 hra\u010dka. Ale nebylo to ani jedno z toho.\u201c<\/p>\n\n\n\n<p>To, co se objevilo na povrchu, bylo tmav\u00e9, nepravideln\u00e9ho tvaru a co je nejd\u011bsiv\u011bj\u0161\u00ed \u2013 m\u011blo O\u010cI. A d\u00edvalo se.<\/p>\n\n\n\n<p>\u201eVid\u011bl jsem to p\u0159\u00edmo. Nen\u00ed to zv\u00ed\u0159e. Nen\u00ed to v\u011bc. To n\u011bco\u2026 mi mrklo,\u201c vypr\u00e1v\u00ed Tom.<\/p>\n\n\n\n<p><strong>Panika. V\u00fdk\u0159iky. V\u0161ichni sk\u00e1kali ven z vody<\/strong><\/p>\n\n\n\n<p>Jedna d\u00edvka za\u010dala k\u0159i\u010det. Jeden z kluk\u016f uklouzl, kdy\u017e vych\u00e1zel. Tom z\u016fstal n\u011bkolik sekund zara\u017een\u00fd \u2013 paralyzovan\u00fd. A pak to zmizelo pod p\u011bnou. Bez zvuku. Bez stopy.<\/p>\n\n\n\n<p>Ale to nebyl konec.<\/p>\n\n\n\n<p><strong>Voda\u2026 za\u010dala nab\u00edrat \u010cERVENOU barvu<\/strong><\/p>\n\n\n\n<p>Pomalu. Nez\u0159eteln\u011b na za\u010d\u00e1tku. Ale po n\u011bkolika sekund\u00e1ch se v oblasti, kde se objevilo \u201estvo\u0159en\u00ed\u201c, roz\u0161\u00ed\u0159il \u010derven\u00fd n\u00e1dech.<\/p>\n\n\n\n<p>\u201eMysleli jsme si, \u017ee n\u011bkdo vylil d\u017eus. Ale nikdo nic takov\u00e9ho nepil. A tohle vych\u00e1zelo zevnit\u0159. Z hloubky.\u201c<\/p>\n\n\n\n<p>Byli zavol\u00e1ni \u00fadr\u017eb\u00e1\u0159i. Ale to, co na\u0161li ve filtru\u2026 NEM\u00c1 VYSV\u011aTLEN\u00cd<\/p>\n\n\n\n<p>V\u00ed\u0159ivka byla vypu\u0161t\u011bn\u00e1. Filtr otev\u0159en\u00fd. Uvnit\u0159 \u2013 \u0161okuj\u00edc\u00ed n\u00e1lezy:<\/p>\n\n\n\n<ul class=\"wp-block-list\">\n<li>Plastov\u00fd fragment s n\u00e1pisem: \u201eBIO-LAB UNIT 43\u201c<\/li>\n\n\n\n<li>Roztrhan\u00e1 tkanina podobn\u00e1 laboratorn\u00edmu ochrann\u00e9mu obleku<\/li>\n\n\n\n<li>A n\u011bco, co vypadalo jako zub \u2013 ale ne lidsk\u00fd<\/li>\n<\/ul>\n\n\n\n<p><strong>Nehoda? Tajn\u00fd experiment? Nebo n\u011bco jin\u00e9ho?<\/strong><\/p>\n\n\n\n<p>Objevily se zv\u011bsti o opu\u0161t\u011bn\u00e9m biologick\u00e9m centru za m\u011bstem. Lid\u00e9 si vzpomn\u011bli na p\u0159\u00edb\u011bhy o experimentech, kter\u00e9 \u201evyprchaly\u201c. Nebo n\u011bco, co \u201euteklo\u201c. A te\u010f\u2026 mo\u017en\u00e1 se skr\u00fdv\u00e1 v trubk\u00e1ch.<\/p>\n\n\n\n<p>Jeden p\u0159\u00edsp\u011bvek z p\u0159ed 8 m\u011bs\u00edci se znovu sd\u00edl\u00ed:<\/p>\n\n\n\n<p>\u201eVe v\u00ed\u0159ivce, ob\u010das, c\u00edt\u00edm, \u017ee mi n\u011bco sah\u00e1 po noh\u00e1ch. Myslel jsem, \u017ee je to v m\u00e9 hlav\u011b. Ale te\u010f\u2026 nejsem si jist\u00fd.\u201c<\/p>\n\n\n\n<p><strong>Kamerov\u00e9 z\u00e1znamy zachytily v\u0161e \u2013 ale z\u00e1znam zmizel<\/strong><\/p>\n\n\n\n<p>T\u0159i sekundy videa se objevily na internetu. Vid\u011bt, jak se Tom ot\u00e1\u010d\u00ed. Vid\u011bt, jak se objev\u00ed st\u00edn. Sly\u0161et v\u00fdk\u0159iky.<\/p>\n\n\n\n<p>A pak\u2026 nic.<\/p>\n\n\n\n<p>Kl\u00edp byl smaz\u00e1n ze v\u0161ech platforem. Nazv\u00e1n \u201efale\u0161n\u00fd\u201c, \u201emont\u00e1\u017en\u00ed\u201c, \u201eohro\u017een\u00ed soukrom\u00ed\u201c. Ale ti, kte\u0159\u00ed to vid\u011bli \u2013 nezapom\u00ednaj\u00ed:<\/p>\n\n\n\n<p>\u201eBylo to n\u011bco s tvarem. S tv\u00e1\u0159\u00ed. A s \u00daMYSELEM.\u201c<\/p>\n\n\n\n<p>Tom se u\u017e nekoupe. Ani ve v\u00ed\u0159ivce. Ani ve van\u011b.<\/p>\n\n\n\n<p>\u201eOd toho dne, v\u017edy kdy\u017e vstoup\u00edm do vody\u2026 boj\u00edm se, \u017ee ho znovu uvid\u00edm. Nemohu zapomenout. Nemohu sp\u00e1t.\u201c<\/p>\n\n\n\n<p>\u010cerven\u00fd plastov\u00fd poh\u00e1r \u2013 zahodil. P\u0159\u00e1tel\u00e9 odm\u00edtaj\u00ed mluvit o ud\u00e1losti.<\/p>\n\n\n\n<p>V\u00ed\u0159ivka je znovu otev\u0159ena. Ale odpov\u011bd\u00ed nen\u00ed<\/p>\n\n\n\n<p>Nov\u00fd filtr. Nov\u00e1 pravidla. Ale \u017e\u00e1dn\u00e9 vysv\u011btlen\u00ed pro BIO-LAB UNIT 43. Ani slovo o \u201ezubu\u201c.<\/p>\n\n\n\n<p>Ani o TOM, co se objevilo.<\/p>\n\n\n\n<p><strong>Z\u00e1v\u011br: co kdy\u017e skute\u010dn\u00e1 hrozba\u2026 nep\u0159ich\u00e1z\u00ed shora \u2013 ale zdola?<\/strong><\/p>\n\n\n\n<p>Kdy\u017e se pod\u00edv\u00e1\u0161 na klidnou hladinu vody, v\u011b\u0159\u00ed\u0161, \u017ee je bezpe\u010dn\u00e1. \u010cist\u00e1. Tepl\u00e1.<\/p>\n\n\n\n<p>Ale mo\u017en\u00e1 n\u011bco kouk\u00e1\u2026 z druh\u00e9 strany.<\/p>\n","protected":false},"excerpt":{"rendered":"<div class=\"mh-excerpt\"><p>V\u0161echno za\u010dalo jako oby\u010dejn\u00fd slune\u010dn\u00fd den. Mlad\u00ed lid\u00e9, sm\u00edch, osv\u011b\u017euj\u00edc\u00ed n\u00e1poje, vesel\u00e1 konverzace a tepl\u00e1 v\u00ed\u0159ivka. Na prvn\u00ed pohled \u2013 nic neobvykl\u00e9ho. Ale pr\u00e1v\u011b tehdy, <a class=\"mh-excerpt-more\" href=\"https:\/\/erevanblog.am\/?p=10258\" title=\"On jen sed\u011bl ve v\u00ed\u0159ivce se sv\u00fdmi p\u0159\u00e1teli\u2026 ale to, co se objevilo hned vedle n\u011bj, v\u0161echny vyd\u011bsilo! Kamery zachytily cel\u00fd okam\u017eik!\">[&#8230;]<\/a><\/p>\n<\/div>","protected":false},"author":1,"featured_media":10259,"comment_status":"open","ping_status":"open","sticky":false,"template":"","format":"standard","meta":{"footnotes":""},"categories":[1],"tags":[],"class_list":["post-10258","post","type-post","status-publish","format-standard","has-post-thumbnail","hentry","category-uncategorised"],"yoast_head":"<!-- This site is optimized with the Yoast SEO plugin v27.5 - https:\/\/yoast.com\/product\/yoast-seo-wordpress\/ -->\n<title>On jen sed\u011bl ve v\u00ed\u0159ivce se sv\u00fdmi p\u0159\u00e1teli\u2026 ale to, co se objevilo hned vedle n\u011bj, v\u0161echny vyd\u011bsilo! Kamery zachytily cel\u00fd okam\u017eik! -<\/title>\n<meta name=\"robots\" content=\"index, follow, max-snippet:-1, max-image-preview:large, max-video-preview:-1\" \/>\n<link rel=\"canonical\" href=\"https:\/\/erevanblog.am\/?p=10258\" \/>\n<meta property=\"og:locale\" content=\"en_US\" \/>\n<meta property=\"og:type\" content=\"article\" \/>\n<meta property=\"og:title\" content=\"On jen sed\u011bl ve v\u00ed\u0159ivce se sv\u00fdmi p\u0159\u00e1teli\u2026 ale to, co se objevilo hned vedle n\u011bj, v\u0161echny vyd\u011bsilo! Kamery zachytily cel\u00fd okam\u017eik! -\" \/>\n<meta property=\"og:description\" content=\"V\u0161echno za\u010dalo jako oby\u010dejn\u00fd slune\u010dn\u00fd den. Mlad\u00ed lid\u00e9, sm\u00edch, osv\u011b\u017euj\u00edc\u00ed n\u00e1poje, vesel\u00e1 konverzace a tepl\u00e1 v\u00ed\u0159ivka. Na prvn\u00ed pohled \u2013 nic neobvykl\u00e9ho. Ale pr\u00e1v\u011b tehdy, [...]\" \/>\n<meta property=\"og:url\" content=\"https:\/\/erevanblog.am\/?p=10258\" \/>\n<meta property=\"article:published_time\" content=\"2025-06-13T06:13:11+00:00\" \/>\n<meta property=\"article:modified_time\" content=\"2025-06-13T06:13:12+00:00\" \/>\n<meta property=\"og:image\" content=\"http:\/\/erevanblog.am\/wp-content\/uploads\/2025\/06\/4569321.jpg\" \/>\n\t<meta property=\"og:image:width\" content=\"1568\" \/>\n\t<meta property=\"og:image:height\" content=\"1284\" \/>\n\t<meta property=\"og:image:type\" content=\"image\/jpeg\" \/>\n<meta name=\"author\" content=\"erevanblog_a\" \/>\n<meta name=\"twitter:card\" content=\"summary_large_image\" \/>\n<meta name=\"twitter:label1\" content=\"Written by\" \/>\n\t<meta name=\"twitter:data1\" content=\"erevanblog_a\" \/>\n\t<meta name=\"twitter:label2\" content=\"Est. reading time\" \/>\n\t<meta name=\"twitter:data2\" content=\"3 minutes\" \/>\n<script type=\"application\/ld+json\" class=\"yoast-schema-graph\">{\"@context\":\"https:\\\/\\\/schema.org\",\"@graph\":[{\"@type\":\"Article\",\"@id\":\"https:\\\/\\\/erevanblog.am\\\/?p=10258#article\",\"isPartOf\":{\"@id\":\"https:\\\/\\\/erevanblog.am\\\/?p=10258\"},\"author\":{\"name\":\"erevanblog_a\",\"@id\":\"https:\\\/\\\/erevanblog.am\\\/#\\\/schema\\\/person\\\/204f10311eb7ddb8914a5ab3e5f03928\"},\"headline\":\"On jen sed\u011bl ve v\u00ed\u0159ivce se sv\u00fdmi p\u0159\u00e1teli\u2026 ale to, co se objevilo hned vedle n\u011bj, v\u0161echny vyd\u011bsilo! Kamery zachytily cel\u00fd okam\u017eik!\",\"datePublished\":\"2025-06-13T06:13:11+00:00\",\"dateModified\":\"2025-06-13T06:13:12+00:00\",\"mainEntityOfPage\":{\"@id\":\"https:\\\/\\\/erevanblog.am\\\/?p=10258\"},\"wordCount\":693,\"commentCount\":0,\"image\":{\"@id\":\"https:\\\/\\\/erevanblog.am\\\/?p=10258#primaryimage\"},\"thumbnailUrl\":\"https:\\\/\\\/erevanblog.am\\\/wp-content\\\/uploads\\\/2025\\\/06\\\/4569321.jpg\",\"articleSection\":[\"NEWS\"],\"inLanguage\":\"en-US\",\"potentialAction\":[{\"@type\":\"CommentAction\",\"name\":\"Comment\",\"target\":[\"https:\\\/\\\/erevanblog.am\\\/?p=10258#respond\"]}]},{\"@type\":\"WebPage\",\"@id\":\"https:\\\/\\\/erevanblog.am\\\/?p=10258\",\"url\":\"https:\\\/\\\/erevanblog.am\\\/?p=10258\",\"name\":\"On jen sed\u011bl ve v\u00ed\u0159ivce se sv\u00fdmi p\u0159\u00e1teli\u2026 ale to, co se objevilo hned vedle n\u011bj, v\u0161echny vyd\u011bsilo! Kamery zachytily cel\u00fd okam\u017eik! -\",\"isPartOf\":{\"@id\":\"https:\\\/\\\/erevanblog.am\\\/#website\"},\"primaryImageOfPage\":{\"@id\":\"https:\\\/\\\/erevanblog.am\\\/?p=10258#primaryimage\"},\"image\":{\"@id\":\"https:\\\/\\\/erevanblog.am\\\/?p=10258#primaryimage\"},\"thumbnailUrl\":\"https:\\\/\\\/erevanblog.am\\\/wp-content\\\/uploads\\\/2025\\\/06\\\/4569321.jpg\",\"datePublished\":\"2025-06-13T06:13:11+00:00\",\"dateModified\":\"2025-06-13T06:13:12+00:00\",\"author\":{\"@id\":\"https:\\\/\\\/erevanblog.am\\\/#\\\/schema\\\/person\\\/204f10311eb7ddb8914a5ab3e5f03928\"},\"breadcrumb\":{\"@id\":\"https:\\\/\\\/erevanblog.am\\\/?p=10258#breadcrumb\"},\"inLanguage\":\"en-US\",\"potentialAction\":[{\"@type\":\"ReadAction\",\"target\":[\"https:\\\/\\\/erevanblog.am\\\/?p=10258\"]}]},{\"@type\":\"ImageObject\",\"inLanguage\":\"en-US\",\"@id\":\"https:\\\/\\\/erevanblog.am\\\/?p=10258#primaryimage\",\"url\":\"https:\\\/\\\/erevanblog.am\\\/wp-content\\\/uploads\\\/2025\\\/06\\\/4569321.jpg\",\"contentUrl\":\"https:\\\/\\\/erevanblog.am\\\/wp-content\\\/uploads\\\/2025\\\/06\\\/4569321.jpg\",\"width\":1568,\"height\":1284},{\"@type\":\"BreadcrumbList\",\"@id\":\"https:\\\/\\\/erevanblog.am\\\/?p=10258#breadcrumb\",\"itemListElement\":[{\"@type\":\"ListItem\",\"position\":1,\"name\":\"Home\",\"item\":\"https:\\\/\\\/erevanblog.am\\\/\"},{\"@type\":\"ListItem\",\"position\":2,\"name\":\"On jen sed\u011bl ve v\u00ed\u0159ivce se sv\u00fdmi p\u0159\u00e1teli\u2026 ale to, co se objevilo hned vedle n\u011bj, v\u0161echny vyd\u011bsilo! Kamery zachytily cel\u00fd okam\u017eik!\"}]},{\"@type\":\"WebSite\",\"@id\":\"https:\\\/\\\/erevanblog.am\\\/#website\",\"url\":\"https:\\\/\\\/erevanblog.am\\\/\",\"name\":\"\",\"description\":\"\",\"potentialAction\":[{\"@type\":\"SearchAction\",\"target\":{\"@type\":\"EntryPoint\",\"urlTemplate\":\"https:\\\/\\\/erevanblog.am\\\/?s={search_term_string}\"},\"query-input\":{\"@type\":\"PropertyValueSpecification\",\"valueRequired\":true,\"valueName\":\"search_term_string\"}}],\"inLanguage\":\"en-US\"},{\"@type\":\"Person\",\"@id\":\"https:\\\/\\\/erevanblog.am\\\/#\\\/schema\\\/person\\\/204f10311eb7ddb8914a5ab3e5f03928\",\"name\":\"erevanblog_a\",\"image\":{\"@type\":\"ImageObject\",\"inLanguage\":\"en-US\",\"@id\":\"https:\\\/\\\/secure.gravatar.com\\\/avatar\\\/a24f4ac3a683f3c87303db525abc00db51ea26ccedee11dfaf1cc0f9a481a5d2?s=96&d=mm&r=g\",\"url\":\"https:\\\/\\\/secure.gravatar.com\\\/avatar\\\/a24f4ac3a683f3c87303db525abc00db51ea26ccedee11dfaf1cc0f9a481a5d2?s=96&d=mm&r=g\",\"contentUrl\":\"https:\\\/\\\/secure.gravatar.com\\\/avatar\\\/a24f4ac3a683f3c87303db525abc00db51ea26ccedee11dfaf1cc0f9a481a5d2?s=96&d=mm&r=g\",\"caption\":\"erevanblog_a\"},\"sameAs\":[\"http:\\\/\\\/erevanblog.am\"],\"url\":\"https:\\\/\\\/erevanblog.am\\\/?author=1\"}]}<\/script>\n<!-- \/ Yoast SEO plugin. -->","yoast_head_json":{"title":"On jen sed\u011bl ve v\u00ed\u0159ivce se sv\u00fdmi p\u0159\u00e1teli\u2026 ale to, co se objevilo hned vedle n\u011bj, v\u0161echny vyd\u011bsilo! Kamery zachytily cel\u00fd okam\u017eik! -","robots":{"index":"index","follow":"follow","max-snippet":"max-snippet:-1","max-image-preview":"max-image-preview:large","max-video-preview":"max-video-preview:-1"},"canonical":"https:\/\/erevanblog.am\/?p=10258","og_locale":"en_US","og_type":"article","og_title":"On jen sed\u011bl ve v\u00ed\u0159ivce se sv\u00fdmi p\u0159\u00e1teli\u2026 ale to, co se objevilo hned vedle n\u011bj, v\u0161echny vyd\u011bsilo! Kamery zachytily cel\u00fd okam\u017eik! -","og_description":"V\u0161echno za\u010dalo jako oby\u010dejn\u00fd slune\u010dn\u00fd den. Mlad\u00ed lid\u00e9, sm\u00edch, osv\u011b\u017euj\u00edc\u00ed n\u00e1poje, vesel\u00e1 konverzace a tepl\u00e1 v\u00ed\u0159ivka. Na prvn\u00ed pohled \u2013 nic neobvykl\u00e9ho. Ale pr\u00e1v\u011b tehdy, [...]","og_url":"https:\/\/erevanblog.am\/?p=10258","article_published_time":"2025-06-13T06:13:11+00:00","article_modified_time":"2025-06-13T06:13:12+00:00","og_image":[{"width":1568,"height":1284,"url":"http:\/\/erevanblog.am\/wp-content\/uploads\/2025\/06\/4569321.jpg","type":"image\/jpeg"}],"author":"erevanblog_a","twitter_card":"summary_large_image","twitter_misc":{"Written by":"erevanblog_a","Est. reading time":"3 minutes"},"schema":{"@context":"https:\/\/schema.org","@graph":[{"@type":"Article","@id":"https:\/\/erevanblog.am\/?p=10258#article","isPartOf":{"@id":"https:\/\/erevanblog.am\/?p=10258"},"author":{"name":"erevanblog_a","@id":"https:\/\/erevanblog.am\/#\/schema\/person\/204f10311eb7ddb8914a5ab3e5f03928"},"headline":"On jen sed\u011bl ve v\u00ed\u0159ivce se sv\u00fdmi p\u0159\u00e1teli\u2026 ale to, co se objevilo hned vedle n\u011bj, v\u0161echny vyd\u011bsilo! Kamery zachytily cel\u00fd okam\u017eik!","datePublished":"2025-06-13T06:13:11+00:00","dateModified":"2025-06-13T06:13:12+00:00","mainEntityOfPage":{"@id":"https:\/\/erevanblog.am\/?p=10258"},"wordCount":693,"commentCount":0,"image":{"@id":"https:\/\/erevanblog.am\/?p=10258#primaryimage"},"thumbnailUrl":"https:\/\/erevanblog.am\/wp-content\/uploads\/2025\/06\/4569321.jpg","articleSection":["NEWS"],"inLanguage":"en-US","potentialAction":[{"@type":"CommentAction","name":"Comment","target":["https:\/\/erevanblog.am\/?p=10258#respond"]}]},{"@type":"WebPage","@id":"https:\/\/erevanblog.am\/?p=10258","url":"https:\/\/erevanblog.am\/?p=10258","name":"On jen sed\u011bl ve v\u00ed\u0159ivce se sv\u00fdmi p\u0159\u00e1teli\u2026 ale to, co se objevilo hned vedle n\u011bj, v\u0161echny vyd\u011bsilo! Kamery zachytily cel\u00fd okam\u017eik! -","isPartOf":{"@id":"https:\/\/erevanblog.am\/#website"},"primaryImageOfPage":{"@id":"https:\/\/erevanblog.am\/?p=10258#primaryimage"},"image":{"@id":"https:\/\/erevanblog.am\/?p=10258#primaryimage"},"thumbnailUrl":"https:\/\/erevanblog.am\/wp-content\/uploads\/2025\/06\/4569321.jpg","datePublished":"2025-06-13T06:13:11+00:00","dateModified":"2025-06-13T06:13:12+00:00","author":{"@id":"https:\/\/erevanblog.am\/#\/schema\/person\/204f10311eb7ddb8914a5ab3e5f03928"},"breadcrumb":{"@id":"https:\/\/erevanblog.am\/?p=10258#breadcrumb"},"inLanguage":"en-US","potentialAction":[{"@type":"ReadAction","target":["https:\/\/erevanblog.am\/?p=10258"]}]},{"@type":"ImageObject","inLanguage":"en-US","@id":"https:\/\/erevanblog.am\/?p=10258#primaryimage","url":"https:\/\/erevanblog.am\/wp-content\/uploads\/2025\/06\/4569321.jpg","contentUrl":"https:\/\/erevanblog.am\/wp-content\/uploads\/2025\/06\/4569321.jpg","width":1568,"height":1284},{"@type":"BreadcrumbList","@id":"https:\/\/erevanblog.am\/?p=10258#breadcrumb","itemListElement":[{"@type":"ListItem","position":1,"name":"Home","item":"https:\/\/erevanblog.am\/"},{"@type":"ListItem","position":2,"name":"On jen sed\u011bl ve v\u00ed\u0159ivce se sv\u00fdmi p\u0159\u00e1teli\u2026 ale to, co se objevilo hned vedle n\u011bj, v\u0161echny vyd\u011bsilo! Kamery zachytily cel\u00fd okam\u017eik!"}]},{"@type":"WebSite","@id":"https:\/\/erevanblog.am\/#website","url":"https:\/\/erevanblog.am\/","name":"","description":"","potentialAction":[{"@type":"SearchAction","target":{"@type":"EntryPoint","urlTemplate":"https:\/\/erevanblog.am\/?s={search_term_string}"},"query-input":{"@type":"PropertyValueSpecification","valueRequired":true,"valueName":"search_term_string"}}],"inLanguage":"en-US"},{"@type":"Person","@id":"https:\/\/erevanblog.am\/#\/schema\/person\/204f10311eb7ddb8914a5ab3e5f03928","name":"erevanblog_a","image":{"@type":"ImageObject","inLanguage":"en-US","@id":"https:\/\/secure.gravatar.com\/avatar\/a24f4ac3a683f3c87303db525abc00db51ea26ccedee11dfaf1cc0f9a481a5d2?s=96&d=mm&r=g","url":"https:\/\/secure.gravatar.com\/avatar\/a24f4ac3a683f3c87303db525abc00db51ea26ccedee11dfaf1cc0f9a481a5d2?s=96&d=mm&r=g","contentUrl":"https:\/\/secure.gravatar.com\/avatar\/a24f4ac3a683f3c87303db525abc00db51ea26ccedee11dfaf1cc0f9a481a5d2?s=96&d=mm&r=g","caption":"erevanblog_a"},"sameAs":["http:\/\/erevanblog.am"],"url":"https:\/\/erevanblog.am\/?author=1"}]}},"views":221,"_links":{"self":[{"href":"https:\/\/erevanblog.am\/index.php?rest_route=\/wp\/v2\/posts\/10258","targetHints":{"allow":["GET"]}}],"collection":[{"href":"https:\/\/erevanblog.am\/index.php?rest_route=\/wp\/v2\/posts"}],"about":[{"href":"https:\/\/erevanblog.am\/index.php?rest_route=\/wp\/v2\/types\/post"}],"author":[{"embeddable":true,"href":"https:\/\/erevanblog.am\/index.php?rest_route=\/wp\/v2\/users\/1"}],"replies":[{"embeddable":true,"href":"https:\/\/erevanblog.am\/index.php?rest_route=%2Fwp%2Fv2%2Fcomments&post=10258"}],"version-history":[{"count":1,"href":"https:\/\/erevanblog.am\/index.php?rest_route=\/wp\/v2\/posts\/10258\/revisions"}],"predecessor-version":[{"id":10260,"href":"https:\/\/erevanblog.am\/index.php?rest_route=\/wp\/v2\/posts\/10258\/revisions\/10260"}],"wp:featuredmedia":[{"embeddable":true,"href":"https:\/\/erevanblog.am\/index.php?rest_route=\/wp\/v2\/media\/10259"}],"wp:attachment":[{"href":"https:\/\/erevanblog.am\/index.php?rest_route=%2Fwp%2Fv2%2Fmedia&parent=10258"}],"wp:term":[{"taxonomy":"category","embeddable":true,"href":"https:\/\/erevanblog.am\/index.php?rest_route=%2Fwp%2Fv2%2Fcategories&post=10258"},{"taxonomy":"post_tag","embeddable":true,"href":"https:\/\/erevanblog.am\/index.php?rest_route=%2Fwp%2Fv2%2Ftags&post=10258"}],"curies":[{"name":"wp","href":"https:\/\/api.w.org\/{rel}","templated":true}]}}