{"id":10276,"date":"2025-06-13T18:54:41","date_gmt":"2025-06-13T17:54:41","guid":{"rendered":"https:\/\/erevanblog.am\/?p=10276"},"modified":"2025-06-13T18:54:41","modified_gmt":"2025-06-13T17:54:41","slug":"moje-zena-me-opustila-s-peti-detmi-ale-o-deset-let-pozdeji-byla-v-soku-z-toho-co-jsem-dokazal","status":"publish","type":"post","link":"https:\/\/erevanblog.am\/?p=10276","title":{"rendered":"Moje \u017eena m\u011b opustila s p\u011bti d\u011btmi\u2026 Ale o deset let pozd\u011bji byla v \u0161oku z toho, co jsem dok\u00e1zal!"},"content":{"rendered":"\n<p>Nikdy nezapomenu ten den. Den, kdy se moje \u017eena rozhodla odej\u00edt \u2014 a j\u00e1 jsem z\u016fstal s\u00e1m, s p\u011bti d\u011btmi v rukou. Byl to \u0161ok, zmatek a obrovsk\u00e1 zodpov\u011bdnost najednou.<\/p>\n\n\n\n<p>Byli jsme rodina jako ka\u017ed\u00e1 jin\u00e1. Spole\u010dn\u00e9 pl\u00e1ny, sny, starosti. A pak najednou \u2014 ticho po bou\u0159i.<\/p>\n\n\n\n<p>Den, kdy ode\u0161la<br>Byla to zima, sychrav\u00fd listopadov\u00fd ve\u010der. Moje \u017eena, Jana, si sbalila p\u00e1r v\u011bc\u00ed, vzala si d\u011bti a \u0159ekla mi, \u017ee u\u017e to d\u00e1l nezvl\u00e1d\u00e1. \u201ePot\u0159ebuji zm\u011bnu,\u201c \u0159ekla. \u201eNen\u00ed to o tob\u011b, je to o mn\u011b.\u201c<\/p>\n\n\n\n<figure class=\"wp-block-image size-full\"><img loading=\"lazy\" decoding=\"async\" width=\"1024\" height=\"1015\" src=\"https:\/\/erevanblog.am\/wp-content\/uploads\/2025\/06\/45231477.png\" alt=\"\" class=\"wp-image-10277\" srcset=\"https:\/\/erevanblog.am\/wp-content\/uploads\/2025\/06\/45231477.png 1024w, https:\/\/erevanblog.am\/wp-content\/uploads\/2025\/06\/45231477-300x297.png 300w, https:\/\/erevanblog.am\/wp-content\/uploads\/2025\/06\/45231477-150x150.png 150w, https:\/\/erevanblog.am\/wp-content\/uploads\/2025\/06\/45231477-768x761.png 768w\" sizes=\"auto, (max-width: 1024px) 100vw, 1024px\" \/><\/figure>\n\n\n\n<p>Z\u016fstal jsem st\u00e1t u pr\u00e1zdn\u00e9ho stolu a nev\u011bd\u011bl, co m\u00e1m d\u011blat. Jak zajistit p\u011bt d\u011bt\u00ed, kdy\u017e jsem dosud byl sp\u00ed\u0161 t\u00edm, kdo odch\u00e1z\u00ed do pr\u00e1ce a vrac\u00ed se unaven\u00fd?<\/p>\n\n\n\n<p>Za\u010d\u00e1tek t\u011b\u017ek\u00fdch let<br>Prvn\u00ed m\u011bs\u00edce byly peklo. Vst\u00e1val jsem brzy r\u00e1no, va\u0159il, ukl\u00edzel, pom\u00e1hal s dom\u00e1c\u00edmi \u00fakoly. \u010casto jsem us\u00ednal a\u017e pot\u00e9, co jsem zkontroloval, zda v\u0161ichni d\u011bti sp\u00ed.<\/p>\n\n\n\n<p>Finan\u010dn\u00ed t\u00edse\u0148, \u00fanava a neust\u00e1l\u00e9 obavy \u2014 to byla moje nov\u00e1 realita.<\/p>\n\n\n\n<p>Ale vzd\u00e1t se? Nikdy.<\/p>\n\n\n\n<p>Prom\u011bna a s\u00edla otce<br>Postupn\u011b jsem se nau\u010dil zvl\u00e1dat v\u0161e najednou. Zm\u011bnil jsem pr\u00e1ci na flexibiln\u011bj\u0161\u00ed, abych mohl b\u00fdt v\u00edc s d\u011btmi. Nau\u010dil jsem je samostatnosti i zodpov\u011bdnosti.<\/p>\n\n\n\n<p>Opravoval jsem d\u016fm, abychom m\u011bli d\u016fstojn\u00e9 bydlen\u00ed. Ka\u017ed\u00fd den jsem jim p\u0159ipom\u00ednal, \u017ee nejsou sami.<\/p>\n\n\n\n<p>A oni rostli, siln\u00ed a \u0161\u0165astn\u00ed.<\/p>\n\n\n\n<p>N\u00e1vrat a \u0161ok<br>Po deseti letech se Jana vr\u00e1tila. Ne\u010dekala, co najde. D\u011bti \u2014 te\u010f teenageri \u2014 byly sebev\u011bdom\u00e9, \u0161ikovn\u00e9, navz\u00e1jem si pom\u00e1haly. D\u016fm nebyl u\u017e jen stavba, byl domovem.<\/p>\n\n\n\n<p>\u201eTy jsi to dok\u00e1zal,\u201c p\u0159iznala se mi s ne\u010dekan\u00fdm obdivem. \u201eJ\u00e1 jsem si myslela, \u017ee v\u0161echno spadne, ale ty jsi z n\u00e1s ud\u011blal rodinu.\u201c<\/p>\n\n\n\n<p>Byla v \u0161oku, ale i pln\u00e1 uzn\u00e1n\u00ed.<\/p>\n\n\n\n<p>Nov\u00fd za\u010d\u00e1tek?<br>Dnes se sna\u017e\u00edme naj\u00edt spole\u010dnou \u0159e\u010d. Minulost z\u016fst\u00e1v\u00e1, ale je na n\u00e1s, jakou budoucnost vytvo\u0159\u00edme. Pro d\u011bti chceme b\u00fdt t\u00fdm \u2014 i kdy\u017e u\u017e nejsme man\u017eel\u00e9.<\/p>\n\n\n\n<p>Z\u00e1v\u011br: S\u00edla l\u00e1sky a odhodl\u00e1n\u00ed<br>Tento p\u0159\u00edb\u011bh je d\u016fkazem, \u017ee i z nejtemn\u011bj\u0161\u00edch okam\u017eik\u016f m\u016f\u017ee vyr\u016fst sv\u011btlo. Otec, kter\u00fd nevzdal sv\u00e9 d\u011bti, zm\u011bnil osud cel\u00e9 rodiny.<\/p>\n\n\n\n<p>A co vy? Co byste dok\u00e1zali pro svou rodinu?<\/p>\n","protected":false},"excerpt":{"rendered":"<div class=\"mh-excerpt\"><p>Nikdy nezapomenu ten den. Den, kdy se moje \u017eena rozhodla odej\u00edt \u2014 a j\u00e1 jsem z\u016fstal s\u00e1m, s p\u011bti d\u011btmi v rukou. Byl to \u0161ok, <a class=\"mh-excerpt-more\" href=\"https:\/\/erevanblog.am\/?p=10276\" title=\"Moje \u017eena m\u011b opustila s p\u011bti d\u011btmi\u2026 Ale o deset let pozd\u011bji byla v \u0161oku z toho, co jsem dok\u00e1zal!\">[&#8230;]<\/a><\/p>\n<\/div>","protected":false},"author":1,"featured_media":10277,"comment_status":"open","ping_status":"open","sticky":false,"template":"","format":"standard","meta":{"footnotes":""},"categories":[1],"tags":[],"class_list":["post-10276","post","type-post","status-publish","format-standard","has-post-thumbnail","hentry","category-uncategorised"],"yoast_head":"<!-- This site is optimized with the Yoast SEO plugin v27.5 - https:\/\/yoast.com\/product\/yoast-seo-wordpress\/ -->\n<title>Moje \u017eena m\u011b opustila s p\u011bti d\u011btmi\u2026 Ale o deset let pozd\u011bji byla v \u0161oku z toho, co jsem dok\u00e1zal! -<\/title>\n<meta name=\"robots\" content=\"index, follow, max-snippet:-1, max-image-preview:large, max-video-preview:-1\" \/>\n<link rel=\"canonical\" href=\"https:\/\/erevanblog.am\/?p=10276\" \/>\n<meta property=\"og:locale\" content=\"en_US\" \/>\n<meta property=\"og:type\" content=\"article\" \/>\n<meta property=\"og:title\" content=\"Moje \u017eena m\u011b opustila s p\u011bti d\u011btmi\u2026 Ale o deset let pozd\u011bji byla v \u0161oku z toho, co jsem dok\u00e1zal! -\" \/>\n<meta property=\"og:description\" content=\"Nikdy nezapomenu ten den. Den, kdy se moje \u017eena rozhodla odej\u00edt \u2014 a j\u00e1 jsem z\u016fstal s\u00e1m, s p\u011bti d\u011btmi v rukou. Byl to \u0161ok, [...]\" \/>\n<meta property=\"og:url\" content=\"https:\/\/erevanblog.am\/?p=10276\" \/>\n<meta property=\"article:published_time\" content=\"2025-06-13T17:54:41+00:00\" \/>\n<meta property=\"og:image\" content=\"http:\/\/erevanblog.am\/wp-content\/uploads\/2025\/06\/45231477.png\" \/>\n\t<meta property=\"og:image:width\" content=\"747\" \/>\n\t<meta property=\"og:image:height\" content=\"740\" \/>\n\t<meta property=\"og:image:type\" content=\"image\/png\" \/>\n<meta name=\"author\" content=\"erevanblog_a\" \/>\n<meta name=\"twitter:card\" content=\"summary_large_image\" \/>\n<meta name=\"twitter:label1\" content=\"Written by\" \/>\n\t<meta name=\"twitter:data1\" content=\"erevanblog_a\" \/>\n\t<meta name=\"twitter:label2\" content=\"Est. reading time\" \/>\n\t<meta name=\"twitter:data2\" content=\"2 minutes\" \/>\n<script type=\"application\/ld+json\" class=\"yoast-schema-graph\">{\"@context\":\"https:\\\/\\\/schema.org\",\"@graph\":[{\"@type\":\"Article\",\"@id\":\"https:\\\/\\\/erevanblog.am\\\/?p=10276#article\",\"isPartOf\":{\"@id\":\"https:\\\/\\\/erevanblog.am\\\/?p=10276\"},\"author\":{\"name\":\"erevanblog_a\",\"@id\":\"https:\\\/\\\/erevanblog.am\\\/#\\\/schema\\\/person\\\/204f10311eb7ddb8914a5ab3e5f03928\"},\"headline\":\"Moje \u017eena m\u011b opustila s p\u011bti d\u011btmi\u2026 Ale o deset let pozd\u011bji byla v \u0161oku z toho, co jsem dok\u00e1zal!\",\"datePublished\":\"2025-06-13T17:54:41+00:00\",\"mainEntityOfPage\":{\"@id\":\"https:\\\/\\\/erevanblog.am\\\/?p=10276\"},\"wordCount\":461,\"commentCount\":0,\"image\":{\"@id\":\"https:\\\/\\\/erevanblog.am\\\/?p=10276#primaryimage\"},\"thumbnailUrl\":\"https:\\\/\\\/erevanblog.am\\\/wp-content\\\/uploads\\\/2025\\\/06\\\/45231477.png\",\"articleSection\":[\"NEWS\"],\"inLanguage\":\"en-US\",\"potentialAction\":[{\"@type\":\"CommentAction\",\"name\":\"Comment\",\"target\":[\"https:\\\/\\\/erevanblog.am\\\/?p=10276#respond\"]}]},{\"@type\":\"WebPage\",\"@id\":\"https:\\\/\\\/erevanblog.am\\\/?p=10276\",\"url\":\"https:\\\/\\\/erevanblog.am\\\/?p=10276\",\"name\":\"Moje \u017eena m\u011b opustila s p\u011bti d\u011btmi\u2026 Ale o deset let pozd\u011bji byla v \u0161oku z toho, co jsem dok\u00e1zal! -\",\"isPartOf\":{\"@id\":\"https:\\\/\\\/erevanblog.am\\\/#website\"},\"primaryImageOfPage\":{\"@id\":\"https:\\\/\\\/erevanblog.am\\\/?p=10276#primaryimage\"},\"image\":{\"@id\":\"https:\\\/\\\/erevanblog.am\\\/?p=10276#primaryimage\"},\"thumbnailUrl\":\"https:\\\/\\\/erevanblog.am\\\/wp-content\\\/uploads\\\/2025\\\/06\\\/45231477.png\",\"datePublished\":\"2025-06-13T17:54:41+00:00\",\"author\":{\"@id\":\"https:\\\/\\\/erevanblog.am\\\/#\\\/schema\\\/person\\\/204f10311eb7ddb8914a5ab3e5f03928\"},\"breadcrumb\":{\"@id\":\"https:\\\/\\\/erevanblog.am\\\/?p=10276#breadcrumb\"},\"inLanguage\":\"en-US\",\"potentialAction\":[{\"@type\":\"ReadAction\",\"target\":[\"https:\\\/\\\/erevanblog.am\\\/?p=10276\"]}]},{\"@type\":\"ImageObject\",\"inLanguage\":\"en-US\",\"@id\":\"https:\\\/\\\/erevanblog.am\\\/?p=10276#primaryimage\",\"url\":\"https:\\\/\\\/erevanblog.am\\\/wp-content\\\/uploads\\\/2025\\\/06\\\/45231477.png\",\"contentUrl\":\"https:\\\/\\\/erevanblog.am\\\/wp-content\\\/uploads\\\/2025\\\/06\\\/45231477.png\",\"width\":1024,\"height\":1015},{\"@type\":\"BreadcrumbList\",\"@id\":\"https:\\\/\\\/erevanblog.am\\\/?p=10276#breadcrumb\",\"itemListElement\":[{\"@type\":\"ListItem\",\"position\":1,\"name\":\"Home\",\"item\":\"https:\\\/\\\/erevanblog.am\\\/\"},{\"@type\":\"ListItem\",\"position\":2,\"name\":\"Moje \u017eena m\u011b opustila s p\u011bti d\u011btmi\u2026 Ale o deset let pozd\u011bji byla v \u0161oku z toho, co jsem dok\u00e1zal!\"}]},{\"@type\":\"WebSite\",\"@id\":\"https:\\\/\\\/erevanblog.am\\\/#website\",\"url\":\"https:\\\/\\\/erevanblog.am\\\/\",\"name\":\"\",\"description\":\"\",\"potentialAction\":[{\"@type\":\"SearchAction\",\"target\":{\"@type\":\"EntryPoint\",\"urlTemplate\":\"https:\\\/\\\/erevanblog.am\\\/?s={search_term_string}\"},\"query-input\":{\"@type\":\"PropertyValueSpecification\",\"valueRequired\":true,\"valueName\":\"search_term_string\"}}],\"inLanguage\":\"en-US\"},{\"@type\":\"Person\",\"@id\":\"https:\\\/\\\/erevanblog.am\\\/#\\\/schema\\\/person\\\/204f10311eb7ddb8914a5ab3e5f03928\",\"name\":\"erevanblog_a\",\"image\":{\"@type\":\"ImageObject\",\"inLanguage\":\"en-US\",\"@id\":\"https:\\\/\\\/secure.gravatar.com\\\/avatar\\\/a24f4ac3a683f3c87303db525abc00db51ea26ccedee11dfaf1cc0f9a481a5d2?s=96&d=mm&r=g\",\"url\":\"https:\\\/\\\/secure.gravatar.com\\\/avatar\\\/a24f4ac3a683f3c87303db525abc00db51ea26ccedee11dfaf1cc0f9a481a5d2?s=96&d=mm&r=g\",\"contentUrl\":\"https:\\\/\\\/secure.gravatar.com\\\/avatar\\\/a24f4ac3a683f3c87303db525abc00db51ea26ccedee11dfaf1cc0f9a481a5d2?s=96&d=mm&r=g\",\"caption\":\"erevanblog_a\"},\"sameAs\":[\"http:\\\/\\\/erevanblog.am\"],\"url\":\"https:\\\/\\\/erevanblog.am\\\/?author=1\"}]}<\/script>\n<!-- \/ Yoast SEO plugin. -->","yoast_head_json":{"title":"Moje \u017eena m\u011b opustila s p\u011bti d\u011btmi\u2026 Ale o deset let pozd\u011bji byla v \u0161oku z toho, co jsem dok\u00e1zal! -","robots":{"index":"index","follow":"follow","max-snippet":"max-snippet:-1","max-image-preview":"max-image-preview:large","max-video-preview":"max-video-preview:-1"},"canonical":"https:\/\/erevanblog.am\/?p=10276","og_locale":"en_US","og_type":"article","og_title":"Moje \u017eena m\u011b opustila s p\u011bti d\u011btmi\u2026 Ale o deset let pozd\u011bji byla v \u0161oku z toho, co jsem dok\u00e1zal! -","og_description":"Nikdy nezapomenu ten den. Den, kdy se moje \u017eena rozhodla odej\u00edt \u2014 a j\u00e1 jsem z\u016fstal s\u00e1m, s p\u011bti d\u011btmi v rukou. Byl to \u0161ok, [...]","og_url":"https:\/\/erevanblog.am\/?p=10276","article_published_time":"2025-06-13T17:54:41+00:00","og_image":[{"url":"http:\/\/erevanblog.am\/wp-content\/uploads\/2025\/06\/45231477.png","width":747,"height":740,"type":"image\/png"}],"author":"erevanblog_a","twitter_card":"summary_large_image","twitter_misc":{"Written by":"erevanblog_a","Est. reading time":"2 minutes"},"schema":{"@context":"https:\/\/schema.org","@graph":[{"@type":"Article","@id":"https:\/\/erevanblog.am\/?p=10276#article","isPartOf":{"@id":"https:\/\/erevanblog.am\/?p=10276"},"author":{"name":"erevanblog_a","@id":"https:\/\/erevanblog.am\/#\/schema\/person\/204f10311eb7ddb8914a5ab3e5f03928"},"headline":"Moje \u017eena m\u011b opustila s p\u011bti d\u011btmi\u2026 Ale o deset let pozd\u011bji byla v \u0161oku z toho, co jsem dok\u00e1zal!","datePublished":"2025-06-13T17:54:41+00:00","mainEntityOfPage":{"@id":"https:\/\/erevanblog.am\/?p=10276"},"wordCount":461,"commentCount":0,"image":{"@id":"https:\/\/erevanblog.am\/?p=10276#primaryimage"},"thumbnailUrl":"https:\/\/erevanblog.am\/wp-content\/uploads\/2025\/06\/45231477.png","articleSection":["NEWS"],"inLanguage":"en-US","potentialAction":[{"@type":"CommentAction","name":"Comment","target":["https:\/\/erevanblog.am\/?p=10276#respond"]}]},{"@type":"WebPage","@id":"https:\/\/erevanblog.am\/?p=10276","url":"https:\/\/erevanblog.am\/?p=10276","name":"Moje \u017eena m\u011b opustila s p\u011bti d\u011btmi\u2026 Ale o deset let pozd\u011bji byla v \u0161oku z toho, co jsem dok\u00e1zal! -","isPartOf":{"@id":"https:\/\/erevanblog.am\/#website"},"primaryImageOfPage":{"@id":"https:\/\/erevanblog.am\/?p=10276#primaryimage"},"image":{"@id":"https:\/\/erevanblog.am\/?p=10276#primaryimage"},"thumbnailUrl":"https:\/\/erevanblog.am\/wp-content\/uploads\/2025\/06\/45231477.png","datePublished":"2025-06-13T17:54:41+00:00","author":{"@id":"https:\/\/erevanblog.am\/#\/schema\/person\/204f10311eb7ddb8914a5ab3e5f03928"},"breadcrumb":{"@id":"https:\/\/erevanblog.am\/?p=10276#breadcrumb"},"inLanguage":"en-US","potentialAction":[{"@type":"ReadAction","target":["https:\/\/erevanblog.am\/?p=10276"]}]},{"@type":"ImageObject","inLanguage":"en-US","@id":"https:\/\/erevanblog.am\/?p=10276#primaryimage","url":"https:\/\/erevanblog.am\/wp-content\/uploads\/2025\/06\/45231477.png","contentUrl":"https:\/\/erevanblog.am\/wp-content\/uploads\/2025\/06\/45231477.png","width":1024,"height":1015},{"@type":"BreadcrumbList","@id":"https:\/\/erevanblog.am\/?p=10276#breadcrumb","itemListElement":[{"@type":"ListItem","position":1,"name":"Home","item":"https:\/\/erevanblog.am\/"},{"@type":"ListItem","position":2,"name":"Moje \u017eena m\u011b opustila s p\u011bti d\u011btmi\u2026 Ale o deset let pozd\u011bji byla v \u0161oku z toho, co jsem dok\u00e1zal!"}]},{"@type":"WebSite","@id":"https:\/\/erevanblog.am\/#website","url":"https:\/\/erevanblog.am\/","name":"","description":"","potentialAction":[{"@type":"SearchAction","target":{"@type":"EntryPoint","urlTemplate":"https:\/\/erevanblog.am\/?s={search_term_string}"},"query-input":{"@type":"PropertyValueSpecification","valueRequired":true,"valueName":"search_term_string"}}],"inLanguage":"en-US"},{"@type":"Person","@id":"https:\/\/erevanblog.am\/#\/schema\/person\/204f10311eb7ddb8914a5ab3e5f03928","name":"erevanblog_a","image":{"@type":"ImageObject","inLanguage":"en-US","@id":"https:\/\/secure.gravatar.com\/avatar\/a24f4ac3a683f3c87303db525abc00db51ea26ccedee11dfaf1cc0f9a481a5d2?s=96&d=mm&r=g","url":"https:\/\/secure.gravatar.com\/avatar\/a24f4ac3a683f3c87303db525abc00db51ea26ccedee11dfaf1cc0f9a481a5d2?s=96&d=mm&r=g","contentUrl":"https:\/\/secure.gravatar.com\/avatar\/a24f4ac3a683f3c87303db525abc00db51ea26ccedee11dfaf1cc0f9a481a5d2?s=96&d=mm&r=g","caption":"erevanblog_a"},"sameAs":["http:\/\/erevanblog.am"],"url":"https:\/\/erevanblog.am\/?author=1"}]}},"views":190,"_links":{"self":[{"href":"https:\/\/erevanblog.am\/index.php?rest_route=\/wp\/v2\/posts\/10276","targetHints":{"allow":["GET"]}}],"collection":[{"href":"https:\/\/erevanblog.am\/index.php?rest_route=\/wp\/v2\/posts"}],"about":[{"href":"https:\/\/erevanblog.am\/index.php?rest_route=\/wp\/v2\/types\/post"}],"author":[{"embeddable":true,"href":"https:\/\/erevanblog.am\/index.php?rest_route=\/wp\/v2\/users\/1"}],"replies":[{"embeddable":true,"href":"https:\/\/erevanblog.am\/index.php?rest_route=%2Fwp%2Fv2%2Fcomments&post=10276"}],"version-history":[{"count":1,"href":"https:\/\/erevanblog.am\/index.php?rest_route=\/wp\/v2\/posts\/10276\/revisions"}],"predecessor-version":[{"id":10278,"href":"https:\/\/erevanblog.am\/index.php?rest_route=\/wp\/v2\/posts\/10276\/revisions\/10278"}],"wp:featuredmedia":[{"embeddable":true,"href":"https:\/\/erevanblog.am\/index.php?rest_route=\/wp\/v2\/media\/10277"}],"wp:attachment":[{"href":"https:\/\/erevanblog.am\/index.php?rest_route=%2Fwp%2Fv2%2Fmedia&parent=10276"}],"wp:term":[{"taxonomy":"category","embeddable":true,"href":"https:\/\/erevanblog.am\/index.php?rest_route=%2Fwp%2Fv2%2Fcategories&post=10276"},{"taxonomy":"post_tag","embeddable":true,"href":"https:\/\/erevanblog.am\/index.php?rest_route=%2Fwp%2Fv2%2Ftags&post=10276"}],"curies":[{"name":"wp","href":"https:\/\/api.w.org\/{rel}","templated":true}]}}