{"id":10279,"date":"2025-06-14T08:01:44","date_gmt":"2025-06-14T07:01:44","guid":{"rendered":"https:\/\/erevanblog.am\/?p=10279"},"modified":"2025-06-14T08:01:44","modified_gmt":"2025-06-14T07:01:44","slug":"tichy-plac-a-hlasne-varovani-co-nasla-maminka-v-plene-sveho-ditete-promenilo-se-v-nocni-muru-kazdeho-rodice","status":"publish","type":"post","link":"https:\/\/erevanblog.am\/?p=10279","title":{"rendered":"Tich\u00fd pl\u00e1\u010d a hlasn\u00e9 varov\u00e1n\u00ed: Co na\u0161la maminka v plen\u011b sv\u00e9ho d\u00edt\u011bte, prom\u011bnilo se v no\u010dn\u00ed m\u016fru ka\u017ed\u00e9ho rodi\u010de"},"content":{"rendered":"\n<p>Pro Terezu, maminku mal\u00e9ho Maty\u00e1\u0161ka z Olomouce, byl b\u011b\u017en\u00fd d\u011btsk\u00fd pl\u00e1\u010d denn\u00edm kolob\u011bhem. Ale ten ve\u010der byl jin\u00fd. Maty\u00e1\u0161ek neust\u00e1le plakal, srdcervouc\u00edm, zoufal\u00fdm hlasem. Ani kojen\u00ed, no\u0161en\u00ed, ani ukol\u00e9bavky nepom\u00e1haly.<\/p>\n\n\n\n<figure class=\"wp-block-image size-full\"><img loading=\"lazy\" decoding=\"async\" width=\"955\" height=\"1024\" src=\"https:\/\/erevanblog.am\/wp-content\/uploads\/2025\/06\/45896321.png\" alt=\"\" class=\"wp-image-10280\" srcset=\"https:\/\/erevanblog.am\/wp-content\/uploads\/2025\/06\/45896321.png 955w, https:\/\/erevanblog.am\/wp-content\/uploads\/2025\/06\/45896321-280x300.png 280w, https:\/\/erevanblog.am\/wp-content\/uploads\/2025\/06\/45896321-768x823.png 768w\" sizes=\"auto, (max-width: 955px) 100vw, 955px\" \/><\/figure>\n\n\n\n<p>\u201eC\u00edtila jsem, \u017ee n\u011bco nen\u00ed v po\u0159\u00e1dku,\u201c \u0159\u00edk\u00e1 Tereza.<\/p>\n\n\n\n<p>Po v\u00edce ne\u017e hodin\u011b zoufalstv\u00ed se rozhodla zkontrolovat plenku je\u0161t\u011b jednou, p\u0159esto\u017ee ji p\u0159ed chv\u00edl\u00ed m\u011bnila. Kdy\u017e ji otev\u0159ela, z\u016fstala st\u00e1t.<\/p>\n\n\n\n<p>Uvnit\u0159 plenky na\u0161la ostr\u00fd kousek plastu, kter\u00fd se zap\u00edchl do citliv\u00e9 d\u011btsk\u00e9 k\u016f\u017ee. Mal\u00e1 ranka krv\u00e1cela a bylo jasn\u00e9, \u017ee d\u00edt\u011b muselo trp\u011bt, ale nemohlo si pomoct jinak ne\u017e pl\u00e1\u010dem.<\/p>\n\n\n\n<p>\u201eC\u00edtila jsem se bezmocn\u00e1, jako nejhor\u0161\u00ed matka, i kdy\u017e to nebyla moje chyba,\u201c vypr\u00e1v\u00ed Tereza.<\/p>\n\n\n\n<p>Maty\u00e1\u0161 byl okam\u017eit\u011b o\u0161et\u0159en a d\u00edky rychl\u00e9 reakci v\u0161e dob\u0159e dopadlo. Firma st\u00e1hla z trhu celou \u0161ar\u017ei posti\u017een\u00fdch plenek a zah\u00e1jila d\u016fkladnou kontrolu kvality. Tereza v\u0161ak u\u017e v\u00ed sv\u00e9:<\/p>\n\n\n\n<p>\u201eTe\u010f plenky nejen m\u011bn\u00edm, ale i pe\u010dliv\u011b kontroluju. D\u016fv\u011bru si \u010dlov\u011bk m\u016f\u017ee ztratit jedin\u00fdm mal\u00fdm \u00falomkem plastu.\u201c<\/p>\n","protected":false},"excerpt":{"rendered":"<div class=\"mh-excerpt\"><p>Pro Terezu, maminku mal\u00e9ho Maty\u00e1\u0161ka z Olomouce, byl b\u011b\u017en\u00fd d\u011btsk\u00fd pl\u00e1\u010d denn\u00edm kolob\u011bhem. Ale ten ve\u010der byl jin\u00fd. Maty\u00e1\u0161ek neust\u00e1le plakal, srdcervouc\u00edm, zoufal\u00fdm hlasem. Ani <a class=\"mh-excerpt-more\" href=\"https:\/\/erevanblog.am\/?p=10279\" title=\"Tich\u00fd pl\u00e1\u010d a hlasn\u00e9 varov\u00e1n\u00ed: Co na\u0161la maminka v plen\u011b sv\u00e9ho d\u00edt\u011bte, prom\u011bnilo se v no\u010dn\u00ed m\u016fru ka\u017ed\u00e9ho rodi\u010de\">[&#8230;]<\/a><\/p>\n<\/div>","protected":false},"author":1,"featured_media":10280,"comment_status":"open","ping_status":"open","sticky":false,"template":"","format":"standard","meta":{"footnotes":""},"categories":[1],"tags":[],"class_list":["post-10279","post","type-post","status-publish","format-standard","has-post-thumbnail","hentry","category-uncategorised"],"yoast_head":"<!-- This site is optimized with the Yoast SEO plugin v27.5 - https:\/\/yoast.com\/product\/yoast-seo-wordpress\/ -->\n<title>Tich\u00fd pl\u00e1\u010d a hlasn\u00e9 varov\u00e1n\u00ed: Co na\u0161la maminka v plen\u011b sv\u00e9ho d\u00edt\u011bte, prom\u011bnilo se v no\u010dn\u00ed m\u016fru ka\u017ed\u00e9ho rodi\u010de -<\/title>\n<meta name=\"robots\" content=\"index, follow, max-snippet:-1, max-image-preview:large, max-video-preview:-1\" \/>\n<link rel=\"canonical\" href=\"https:\/\/erevanblog.am\/?p=10279\" \/>\n<meta property=\"og:locale\" content=\"en_US\" \/>\n<meta property=\"og:type\" content=\"article\" \/>\n<meta property=\"og:title\" content=\"Tich\u00fd pl\u00e1\u010d a hlasn\u00e9 varov\u00e1n\u00ed: Co na\u0161la maminka v plen\u011b sv\u00e9ho d\u00edt\u011bte, prom\u011bnilo se v no\u010dn\u00ed m\u016fru ka\u017ed\u00e9ho rodi\u010de -\" \/>\n<meta property=\"og:description\" content=\"Pro Terezu, maminku mal\u00e9ho Maty\u00e1\u0161ka z Olomouce, byl b\u011b\u017en\u00fd d\u011btsk\u00fd pl\u00e1\u010d denn\u00edm kolob\u011bhem. Ale ten ve\u010der byl jin\u00fd. Maty\u00e1\u0161ek neust\u00e1le plakal, srdcervouc\u00edm, zoufal\u00fdm hlasem. Ani [...]\" \/>\n<meta property=\"og:url\" content=\"https:\/\/erevanblog.am\/?p=10279\" \/>\n<meta property=\"article:published_time\" content=\"2025-06-14T07:01:44+00:00\" \/>\n<meta property=\"og:image\" content=\"http:\/\/erevanblog.am\/wp-content\/uploads\/2025\/06\/45896321.png\" \/>\n\t<meta property=\"og:image:width\" content=\"955\" \/>\n\t<meta property=\"og:image:height\" content=\"1024\" \/>\n\t<meta property=\"og:image:type\" content=\"image\/png\" \/>\n<meta name=\"author\" content=\"erevanblog_a\" \/>\n<meta name=\"twitter:card\" content=\"summary_large_image\" \/>\n<meta name=\"twitter:label1\" content=\"Written by\" \/>\n\t<meta name=\"twitter:data1\" content=\"erevanblog_a\" \/>\n\t<meta name=\"twitter:label2\" content=\"Est. reading time\" \/>\n\t<meta name=\"twitter:data2\" content=\"2 minutes\" \/>\n<script type=\"application\/ld+json\" class=\"yoast-schema-graph\">{\"@context\":\"https:\\\/\\\/schema.org\",\"@graph\":[{\"@type\":\"Article\",\"@id\":\"https:\\\/\\\/erevanblog.am\\\/?p=10279#article\",\"isPartOf\":{\"@id\":\"https:\\\/\\\/erevanblog.am\\\/?p=10279\"},\"author\":{\"name\":\"erevanblog_a\",\"@id\":\"https:\\\/\\\/erevanblog.am\\\/#\\\/schema\\\/person\\\/204f10311eb7ddb8914a5ab3e5f03928\"},\"headline\":\"Tich\u00fd pl\u00e1\u010d a hlasn\u00e9 varov\u00e1n\u00ed: Co na\u0161la maminka v plen\u011b sv\u00e9ho d\u00edt\u011bte, prom\u011bnilo se v no\u010dn\u00ed m\u016fru ka\u017ed\u00e9ho rodi\u010de\",\"datePublished\":\"2025-06-14T07:01:44+00:00\",\"mainEntityOfPage\":{\"@id\":\"https:\\\/\\\/erevanblog.am\\\/?p=10279\"},\"wordCount\":240,\"commentCount\":0,\"image\":{\"@id\":\"https:\\\/\\\/erevanblog.am\\\/?p=10279#primaryimage\"},\"thumbnailUrl\":\"https:\\\/\\\/erevanblog.am\\\/wp-content\\\/uploads\\\/2025\\\/06\\\/45896321.png\",\"articleSection\":[\"NEWS\"],\"inLanguage\":\"en-US\",\"potentialAction\":[{\"@type\":\"CommentAction\",\"name\":\"Comment\",\"target\":[\"https:\\\/\\\/erevanblog.am\\\/?p=10279#respond\"]}]},{\"@type\":\"WebPage\",\"@id\":\"https:\\\/\\\/erevanblog.am\\\/?p=10279\",\"url\":\"https:\\\/\\\/erevanblog.am\\\/?p=10279\",\"name\":\"Tich\u00fd pl\u00e1\u010d a hlasn\u00e9 varov\u00e1n\u00ed: Co na\u0161la maminka v plen\u011b sv\u00e9ho d\u00edt\u011bte, prom\u011bnilo se v no\u010dn\u00ed m\u016fru ka\u017ed\u00e9ho rodi\u010de -\",\"isPartOf\":{\"@id\":\"https:\\\/\\\/erevanblog.am\\\/#website\"},\"primaryImageOfPage\":{\"@id\":\"https:\\\/\\\/erevanblog.am\\\/?p=10279#primaryimage\"},\"image\":{\"@id\":\"https:\\\/\\\/erevanblog.am\\\/?p=10279#primaryimage\"},\"thumbnailUrl\":\"https:\\\/\\\/erevanblog.am\\\/wp-content\\\/uploads\\\/2025\\\/06\\\/45896321.png\",\"datePublished\":\"2025-06-14T07:01:44+00:00\",\"author\":{\"@id\":\"https:\\\/\\\/erevanblog.am\\\/#\\\/schema\\\/person\\\/204f10311eb7ddb8914a5ab3e5f03928\"},\"breadcrumb\":{\"@id\":\"https:\\\/\\\/erevanblog.am\\\/?p=10279#breadcrumb\"},\"inLanguage\":\"en-US\",\"potentialAction\":[{\"@type\":\"ReadAction\",\"target\":[\"https:\\\/\\\/erevanblog.am\\\/?p=10279\"]}]},{\"@type\":\"ImageObject\",\"inLanguage\":\"en-US\",\"@id\":\"https:\\\/\\\/erevanblog.am\\\/?p=10279#primaryimage\",\"url\":\"https:\\\/\\\/erevanblog.am\\\/wp-content\\\/uploads\\\/2025\\\/06\\\/45896321.png\",\"contentUrl\":\"https:\\\/\\\/erevanblog.am\\\/wp-content\\\/uploads\\\/2025\\\/06\\\/45896321.png\",\"width\":955,\"height\":1024},{\"@type\":\"BreadcrumbList\",\"@id\":\"https:\\\/\\\/erevanblog.am\\\/?p=10279#breadcrumb\",\"itemListElement\":[{\"@type\":\"ListItem\",\"position\":1,\"name\":\"Home\",\"item\":\"https:\\\/\\\/erevanblog.am\\\/\"},{\"@type\":\"ListItem\",\"position\":2,\"name\":\"Tich\u00fd pl\u00e1\u010d a hlasn\u00e9 varov\u00e1n\u00ed: Co na\u0161la maminka v plen\u011b sv\u00e9ho d\u00edt\u011bte, prom\u011bnilo se v no\u010dn\u00ed m\u016fru ka\u017ed\u00e9ho rodi\u010de\"}]},{\"@type\":\"WebSite\",\"@id\":\"https:\\\/\\\/erevanblog.am\\\/#website\",\"url\":\"https:\\\/\\\/erevanblog.am\\\/\",\"name\":\"\",\"description\":\"\",\"potentialAction\":[{\"@type\":\"SearchAction\",\"target\":{\"@type\":\"EntryPoint\",\"urlTemplate\":\"https:\\\/\\\/erevanblog.am\\\/?s={search_term_string}\"},\"query-input\":{\"@type\":\"PropertyValueSpecification\",\"valueRequired\":true,\"valueName\":\"search_term_string\"}}],\"inLanguage\":\"en-US\"},{\"@type\":\"Person\",\"@id\":\"https:\\\/\\\/erevanblog.am\\\/#\\\/schema\\\/person\\\/204f10311eb7ddb8914a5ab3e5f03928\",\"name\":\"erevanblog_a\",\"image\":{\"@type\":\"ImageObject\",\"inLanguage\":\"en-US\",\"@id\":\"https:\\\/\\\/secure.gravatar.com\\\/avatar\\\/a24f4ac3a683f3c87303db525abc00db51ea26ccedee11dfaf1cc0f9a481a5d2?s=96&d=mm&r=g\",\"url\":\"https:\\\/\\\/secure.gravatar.com\\\/avatar\\\/a24f4ac3a683f3c87303db525abc00db51ea26ccedee11dfaf1cc0f9a481a5d2?s=96&d=mm&r=g\",\"contentUrl\":\"https:\\\/\\\/secure.gravatar.com\\\/avatar\\\/a24f4ac3a683f3c87303db525abc00db51ea26ccedee11dfaf1cc0f9a481a5d2?s=96&d=mm&r=g\",\"caption\":\"erevanblog_a\"},\"sameAs\":[\"http:\\\/\\\/erevanblog.am\"],\"url\":\"https:\\\/\\\/erevanblog.am\\\/?author=1\"}]}<\/script>\n<!-- \/ Yoast SEO plugin. -->","yoast_head_json":{"title":"Tich\u00fd pl\u00e1\u010d a hlasn\u00e9 varov\u00e1n\u00ed: Co na\u0161la maminka v plen\u011b sv\u00e9ho d\u00edt\u011bte, prom\u011bnilo se v no\u010dn\u00ed m\u016fru ka\u017ed\u00e9ho rodi\u010de -","robots":{"index":"index","follow":"follow","max-snippet":"max-snippet:-1","max-image-preview":"max-image-preview:large","max-video-preview":"max-video-preview:-1"},"canonical":"https:\/\/erevanblog.am\/?p=10279","og_locale":"en_US","og_type":"article","og_title":"Tich\u00fd pl\u00e1\u010d a hlasn\u00e9 varov\u00e1n\u00ed: Co na\u0161la maminka v plen\u011b sv\u00e9ho d\u00edt\u011bte, prom\u011bnilo se v no\u010dn\u00ed m\u016fru ka\u017ed\u00e9ho rodi\u010de -","og_description":"Pro Terezu, maminku mal\u00e9ho Maty\u00e1\u0161ka z Olomouce, byl b\u011b\u017en\u00fd d\u011btsk\u00fd pl\u00e1\u010d denn\u00edm kolob\u011bhem. Ale ten ve\u010der byl jin\u00fd. Maty\u00e1\u0161ek neust\u00e1le plakal, srdcervouc\u00edm, zoufal\u00fdm hlasem. Ani [...]","og_url":"https:\/\/erevanblog.am\/?p=10279","article_published_time":"2025-06-14T07:01:44+00:00","og_image":[{"width":955,"height":1024,"url":"http:\/\/erevanblog.am\/wp-content\/uploads\/2025\/06\/45896321.png","type":"image\/png"}],"author":"erevanblog_a","twitter_card":"summary_large_image","twitter_misc":{"Written by":"erevanblog_a","Est. reading time":"2 minutes"},"schema":{"@context":"https:\/\/schema.org","@graph":[{"@type":"Article","@id":"https:\/\/erevanblog.am\/?p=10279#article","isPartOf":{"@id":"https:\/\/erevanblog.am\/?p=10279"},"author":{"name":"erevanblog_a","@id":"https:\/\/erevanblog.am\/#\/schema\/person\/204f10311eb7ddb8914a5ab3e5f03928"},"headline":"Tich\u00fd pl\u00e1\u010d a hlasn\u00e9 varov\u00e1n\u00ed: Co na\u0161la maminka v plen\u011b sv\u00e9ho d\u00edt\u011bte, prom\u011bnilo se v no\u010dn\u00ed m\u016fru ka\u017ed\u00e9ho rodi\u010de","datePublished":"2025-06-14T07:01:44+00:00","mainEntityOfPage":{"@id":"https:\/\/erevanblog.am\/?p=10279"},"wordCount":240,"commentCount":0,"image":{"@id":"https:\/\/erevanblog.am\/?p=10279#primaryimage"},"thumbnailUrl":"https:\/\/erevanblog.am\/wp-content\/uploads\/2025\/06\/45896321.png","articleSection":["NEWS"],"inLanguage":"en-US","potentialAction":[{"@type":"CommentAction","name":"Comment","target":["https:\/\/erevanblog.am\/?p=10279#respond"]}]},{"@type":"WebPage","@id":"https:\/\/erevanblog.am\/?p=10279","url":"https:\/\/erevanblog.am\/?p=10279","name":"Tich\u00fd pl\u00e1\u010d a hlasn\u00e9 varov\u00e1n\u00ed: Co na\u0161la maminka v plen\u011b sv\u00e9ho d\u00edt\u011bte, prom\u011bnilo se v no\u010dn\u00ed m\u016fru ka\u017ed\u00e9ho rodi\u010de -","isPartOf":{"@id":"https:\/\/erevanblog.am\/#website"},"primaryImageOfPage":{"@id":"https:\/\/erevanblog.am\/?p=10279#primaryimage"},"image":{"@id":"https:\/\/erevanblog.am\/?p=10279#primaryimage"},"thumbnailUrl":"https:\/\/erevanblog.am\/wp-content\/uploads\/2025\/06\/45896321.png","datePublished":"2025-06-14T07:01:44+00:00","author":{"@id":"https:\/\/erevanblog.am\/#\/schema\/person\/204f10311eb7ddb8914a5ab3e5f03928"},"breadcrumb":{"@id":"https:\/\/erevanblog.am\/?p=10279#breadcrumb"},"inLanguage":"en-US","potentialAction":[{"@type":"ReadAction","target":["https:\/\/erevanblog.am\/?p=10279"]}]},{"@type":"ImageObject","inLanguage":"en-US","@id":"https:\/\/erevanblog.am\/?p=10279#primaryimage","url":"https:\/\/erevanblog.am\/wp-content\/uploads\/2025\/06\/45896321.png","contentUrl":"https:\/\/erevanblog.am\/wp-content\/uploads\/2025\/06\/45896321.png","width":955,"height":1024},{"@type":"BreadcrumbList","@id":"https:\/\/erevanblog.am\/?p=10279#breadcrumb","itemListElement":[{"@type":"ListItem","position":1,"name":"Home","item":"https:\/\/erevanblog.am\/"},{"@type":"ListItem","position":2,"name":"Tich\u00fd pl\u00e1\u010d a hlasn\u00e9 varov\u00e1n\u00ed: Co na\u0161la maminka v plen\u011b sv\u00e9ho d\u00edt\u011bte, prom\u011bnilo se v no\u010dn\u00ed m\u016fru ka\u017ed\u00e9ho rodi\u010de"}]},{"@type":"WebSite","@id":"https:\/\/erevanblog.am\/#website","url":"https:\/\/erevanblog.am\/","name":"","description":"","potentialAction":[{"@type":"SearchAction","target":{"@type":"EntryPoint","urlTemplate":"https:\/\/erevanblog.am\/?s={search_term_string}"},"query-input":{"@type":"PropertyValueSpecification","valueRequired":true,"valueName":"search_term_string"}}],"inLanguage":"en-US"},{"@type":"Person","@id":"https:\/\/erevanblog.am\/#\/schema\/person\/204f10311eb7ddb8914a5ab3e5f03928","name":"erevanblog_a","image":{"@type":"ImageObject","inLanguage":"en-US","@id":"https:\/\/secure.gravatar.com\/avatar\/a24f4ac3a683f3c87303db525abc00db51ea26ccedee11dfaf1cc0f9a481a5d2?s=96&d=mm&r=g","url":"https:\/\/secure.gravatar.com\/avatar\/a24f4ac3a683f3c87303db525abc00db51ea26ccedee11dfaf1cc0f9a481a5d2?s=96&d=mm&r=g","contentUrl":"https:\/\/secure.gravatar.com\/avatar\/a24f4ac3a683f3c87303db525abc00db51ea26ccedee11dfaf1cc0f9a481a5d2?s=96&d=mm&r=g","caption":"erevanblog_a"},"sameAs":["http:\/\/erevanblog.am"],"url":"https:\/\/erevanblog.am\/?author=1"}]}},"views":214,"_links":{"self":[{"href":"https:\/\/erevanblog.am\/index.php?rest_route=\/wp\/v2\/posts\/10279","targetHints":{"allow":["GET"]}}],"collection":[{"href":"https:\/\/erevanblog.am\/index.php?rest_route=\/wp\/v2\/posts"}],"about":[{"href":"https:\/\/erevanblog.am\/index.php?rest_route=\/wp\/v2\/types\/post"}],"author":[{"embeddable":true,"href":"https:\/\/erevanblog.am\/index.php?rest_route=\/wp\/v2\/users\/1"}],"replies":[{"embeddable":true,"href":"https:\/\/erevanblog.am\/index.php?rest_route=%2Fwp%2Fv2%2Fcomments&post=10279"}],"version-history":[{"count":1,"href":"https:\/\/erevanblog.am\/index.php?rest_route=\/wp\/v2\/posts\/10279\/revisions"}],"predecessor-version":[{"id":10281,"href":"https:\/\/erevanblog.am\/index.php?rest_route=\/wp\/v2\/posts\/10279\/revisions\/10281"}],"wp:featuredmedia":[{"embeddable":true,"href":"https:\/\/erevanblog.am\/index.php?rest_route=\/wp\/v2\/media\/10280"}],"wp:attachment":[{"href":"https:\/\/erevanblog.am\/index.php?rest_route=%2Fwp%2Fv2%2Fmedia&parent=10279"}],"wp:term":[{"taxonomy":"category","embeddable":true,"href":"https:\/\/erevanblog.am\/index.php?rest_route=%2Fwp%2Fv2%2Fcategories&post=10279"},{"taxonomy":"post_tag","embeddable":true,"href":"https:\/\/erevanblog.am\/index.php?rest_route=%2Fwp%2Fv2%2Ftags&post=10279"}],"curies":[{"name":"wp","href":"https:\/\/api.w.org\/{rel}","templated":true}]}}