{"id":10286,"date":"2025-06-14T08:18:47","date_gmt":"2025-06-14T07:18:47","guid":{"rendered":"https:\/\/erevanblog.am\/?p=10286"},"modified":"2025-06-14T08:18:47","modified_gmt":"2025-06-14T07:18:47","slug":"desiva-nehoda-na-pobrezi-vyvolala-paniku-a-zmatek","status":"publish","type":"post","link":"https:\/\/erevanblog.am\/?p=10286","title":{"rendered":"D\u011bsiv\u00e1 nehoda na pob\u0159e\u017e\u00ed vyvolala paniku a zmatek"},"content":{"rendered":"\n<p>Bylo kr\u00e1sn\u00e9 slune\u010dn\u00e9 ned\u011bln\u00ed odpoledne v mal\u00e9m m\u011bst\u011b u Jadersk\u00e9ho mo\u0159e. Turist\u00e9 i m\u00edstn\u00ed obyvatel\u00e9 si u\u017e\u00edvali klidn\u00fd den \u2013 rodiny odpo\u010d\u00edvaly na pl\u00e1\u017ei, lid\u00e9 sed\u011bli v kav\u00e1rn\u00e1ch a mal\u00e9 \u010dluny se pohupovaly na vod\u011b.<\/p>\n\n\n\n<p>Najednou v\u0161ak ticho p\u0159eru\u0161il h\u0159motn\u00fd n\u00e1raz, kter\u00fd zazn\u011bl po cel\u00e9m pob\u0159e\u017e\u00ed. Dv\u011b lod\u011b se rychle a ne\u010dekan\u011b st\u0159etly jen p\u00e1r set metr\u016f od b\u0159ehu. M\u00edsto sr\u00e1\u017eky zas\u00e1hla ohniv\u00e1 exploze, z n\u00ed\u017e se zvedl hust\u00fd \u010dern\u00fd kou\u0159, kter\u00fd se rychle \u0161\u00ed\u0159il po hladin\u011b.<\/p>\n\n\n\n<figure class=\"wp-block-image size-full\"><img loading=\"lazy\" decoding=\"async\" width=\"992\" height=\"1024\" src=\"https:\/\/erevanblog.am\/wp-content\/uploads\/2025\/06\/45693122.png\" alt=\"\" class=\"wp-image-10287\" srcset=\"https:\/\/erevanblog.am\/wp-content\/uploads\/2025\/06\/45693122.png 992w, https:\/\/erevanblog.am\/wp-content\/uploads\/2025\/06\/45693122-291x300.png 291w, https:\/\/erevanblog.am\/wp-content\/uploads\/2025\/06\/45693122-768x793.png 768w\" sizes=\"auto, (max-width: 992px) 100vw, 992px\" \/><\/figure>\n\n\n\n<p>Lid\u00e9 na pl\u00e1\u017ei i promen\u00e1d\u011b z\u016fstali ztuhl\u00ed hr\u016fzou a pak propukli v paniku. Za\u010dal k\u0159ik, zmatek a chaos \u2013 nikdo nev\u011bd\u011bl, kam ut\u00e9ct, aby byl v bezpe\u010d\u00ed. N\u011bkte\u0159\u00ed popadli sv\u00e9 d\u011bti, jin\u00ed prchali sm\u011brem do uli\u010dek, pry\u010d od nebezpe\u010d\u00ed.<\/p>\n\n\n\n<p>Na m\u00edsto rychle dorazily z\u00e1chrann\u00e9 slo\u017eky \u2013 hasi\u010di, policie, z\u00e1chrann\u00e1 slu\u017eba a pob\u0159e\u017en\u00ed hl\u00eddka. Okam\u017eit\u011b zah\u00e1jili evakuaci okol\u00ed a z\u00e1chrannou operaci na mo\u0159i. Po kolizi byla lodn\u00ed plavidla po\u0161kozena, po hladin\u011b plavaly trosky a \u00falomky vybaven\u00ed.<\/p>\n\n\n\n<p>N\u011bkolik lid\u00ed utrp\u011blo zran\u011bn\u00ed, n\u011bkte\u0159\u00ed m\u011bli v\u00e1\u017en\u00e9 pop\u00e1leniny nebo zlomeniny. V\u0161ichni zran\u011bn\u00ed byli rychle p\u0159evezeni do nemocnic, kde l\u00e9ka\u0159i bojuj\u00ed o stabilizaci jejich stavu.<\/p>\n\n\n\n<p>P\u0159\u00ed\u010diny nehody zat\u00edm nejsou jasn\u00e9. Mluv\u00ed se o technick\u00e9 z\u00e1vad\u011b, lidsk\u00e9 chyb\u011b \u010di nep\u0159\u00edzniv\u00e9m po\u010das\u00ed. Vy\u0161et\u0159ov\u00e1n\u00ed za\u010dalo a odborn\u00edci se sna\u017e\u00ed zjistit p\u0159esn\u00e9 okolnosti trag\u00e9die.<\/p>\n\n\n\n<p>Obyvatel\u00e9 i n\u00e1v\u0161t\u011bvn\u00edci jsou ot\u0159eseni. \u201eNikdy jsem nic podobn\u00e9ho neza\u017eil,\u201c \u0159ekl jeden sv\u011bdek. \u201eNajednou p\u0159i\u0161el stra\u0161n\u00fd n\u00e1raz, kou\u0159 a k\u0159ik\u2026 V\u0161ichni jsme se rozutekli, nev\u011bd\u011bli jsme, co se d\u011bje.\u201c<\/p>\n\n\n\n<p>Tento incident uk\u00e1zal, jak rychle se m\u016f\u017ee klidn\u00fd den u mo\u0159e zm\u011bnit v okam\u017eik pln\u00fd strachu a zmatku.<\/p>\n","protected":false},"excerpt":{"rendered":"<div class=\"mh-excerpt\"><p>Bylo kr\u00e1sn\u00e9 slune\u010dn\u00e9 ned\u011bln\u00ed odpoledne v mal\u00e9m m\u011bst\u011b u Jadersk\u00e9ho mo\u0159e. Turist\u00e9 i m\u00edstn\u00ed obyvatel\u00e9 si u\u017e\u00edvali klidn\u00fd den \u2013 rodiny odpo\u010d\u00edvaly na pl\u00e1\u017ei, lid\u00e9 <a class=\"mh-excerpt-more\" href=\"https:\/\/erevanblog.am\/?p=10286\" title=\"D\u011bsiv\u00e1 nehoda na pob\u0159e\u017e\u00ed vyvolala paniku a zmatek\">[&#8230;]<\/a><\/p>\n<\/div>","protected":false},"author":1,"featured_media":10287,"comment_status":"open","ping_status":"open","sticky":false,"template":"","format":"standard","meta":{"footnotes":""},"categories":[1],"tags":[],"class_list":["post-10286","post","type-post","status-publish","format-standard","has-post-thumbnail","hentry","category-uncategorised"],"yoast_head":"<!-- This site is optimized with the Yoast SEO plugin v27.5 - https:\/\/yoast.com\/product\/yoast-seo-wordpress\/ -->\n<title>D\u011bsiv\u00e1 nehoda na pob\u0159e\u017e\u00ed vyvolala paniku a zmatek -<\/title>\n<meta name=\"robots\" content=\"index, follow, max-snippet:-1, max-image-preview:large, max-video-preview:-1\" \/>\n<link rel=\"canonical\" href=\"https:\/\/erevanblog.am\/?p=10286\" \/>\n<meta property=\"og:locale\" content=\"en_US\" \/>\n<meta property=\"og:type\" content=\"article\" \/>\n<meta property=\"og:title\" content=\"D\u011bsiv\u00e1 nehoda na pob\u0159e\u017e\u00ed vyvolala paniku a zmatek -\" \/>\n<meta property=\"og:description\" content=\"Bylo kr\u00e1sn\u00e9 slune\u010dn\u00e9 ned\u011bln\u00ed odpoledne v mal\u00e9m m\u011bst\u011b u Jadersk\u00e9ho mo\u0159e. Turist\u00e9 i m\u00edstn\u00ed obyvatel\u00e9 si u\u017e\u00edvali klidn\u00fd den \u2013 rodiny odpo\u010d\u00edvaly na pl\u00e1\u017ei, lid\u00e9 [...]\" \/>\n<meta property=\"og:url\" content=\"https:\/\/erevanblog.am\/?p=10286\" \/>\n<meta property=\"article:published_time\" content=\"2025-06-14T07:18:47+00:00\" \/>\n<meta property=\"og:image\" content=\"http:\/\/erevanblog.am\/wp-content\/uploads\/2025\/06\/45693122.png\" \/>\n\t<meta property=\"og:image:width\" content=\"992\" \/>\n\t<meta property=\"og:image:height\" content=\"1024\" \/>\n\t<meta property=\"og:image:type\" content=\"image\/png\" \/>\n<meta name=\"author\" content=\"erevanblog_a\" \/>\n<meta name=\"twitter:card\" content=\"summary_large_image\" \/>\n<meta name=\"twitter:label1\" content=\"Written by\" \/>\n\t<meta name=\"twitter:data1\" content=\"erevanblog_a\" \/>\n\t<meta name=\"twitter:label2\" content=\"Est. reading time\" \/>\n\t<meta name=\"twitter:data2\" content=\"2 minutes\" \/>\n<script type=\"application\/ld+json\" class=\"yoast-schema-graph\">{\"@context\":\"https:\\\/\\\/schema.org\",\"@graph\":[{\"@type\":\"Article\",\"@id\":\"https:\\\/\\\/erevanblog.am\\\/?p=10286#article\",\"isPartOf\":{\"@id\":\"https:\\\/\\\/erevanblog.am\\\/?p=10286\"},\"author\":{\"name\":\"erevanblog_a\",\"@id\":\"https:\\\/\\\/erevanblog.am\\\/#\\\/schema\\\/person\\\/204f10311eb7ddb8914a5ab3e5f03928\"},\"headline\":\"D\u011bsiv\u00e1 nehoda na pob\u0159e\u017e\u00ed vyvolala paniku a zmatek\",\"datePublished\":\"2025-06-14T07:18:47+00:00\",\"mainEntityOfPage\":{\"@id\":\"https:\\\/\\\/erevanblog.am\\\/?p=10286\"},\"wordCount\":358,\"commentCount\":0,\"image\":{\"@id\":\"https:\\\/\\\/erevanblog.am\\\/?p=10286#primaryimage\"},\"thumbnailUrl\":\"https:\\\/\\\/erevanblog.am\\\/wp-content\\\/uploads\\\/2025\\\/06\\\/45693122.png\",\"articleSection\":[\"NEWS\"],\"inLanguage\":\"en-US\",\"potentialAction\":[{\"@type\":\"CommentAction\",\"name\":\"Comment\",\"target\":[\"https:\\\/\\\/erevanblog.am\\\/?p=10286#respond\"]}]},{\"@type\":\"WebPage\",\"@id\":\"https:\\\/\\\/erevanblog.am\\\/?p=10286\",\"url\":\"https:\\\/\\\/erevanblog.am\\\/?p=10286\",\"name\":\"D\u011bsiv\u00e1 nehoda na pob\u0159e\u017e\u00ed vyvolala paniku a zmatek -\",\"isPartOf\":{\"@id\":\"https:\\\/\\\/erevanblog.am\\\/#website\"},\"primaryImageOfPage\":{\"@id\":\"https:\\\/\\\/erevanblog.am\\\/?p=10286#primaryimage\"},\"image\":{\"@id\":\"https:\\\/\\\/erevanblog.am\\\/?p=10286#primaryimage\"},\"thumbnailUrl\":\"https:\\\/\\\/erevanblog.am\\\/wp-content\\\/uploads\\\/2025\\\/06\\\/45693122.png\",\"datePublished\":\"2025-06-14T07:18:47+00:00\",\"author\":{\"@id\":\"https:\\\/\\\/erevanblog.am\\\/#\\\/schema\\\/person\\\/204f10311eb7ddb8914a5ab3e5f03928\"},\"breadcrumb\":{\"@id\":\"https:\\\/\\\/erevanblog.am\\\/?p=10286#breadcrumb\"},\"inLanguage\":\"en-US\",\"potentialAction\":[{\"@type\":\"ReadAction\",\"target\":[\"https:\\\/\\\/erevanblog.am\\\/?p=10286\"]}]},{\"@type\":\"ImageObject\",\"inLanguage\":\"en-US\",\"@id\":\"https:\\\/\\\/erevanblog.am\\\/?p=10286#primaryimage\",\"url\":\"https:\\\/\\\/erevanblog.am\\\/wp-content\\\/uploads\\\/2025\\\/06\\\/45693122.png\",\"contentUrl\":\"https:\\\/\\\/erevanblog.am\\\/wp-content\\\/uploads\\\/2025\\\/06\\\/45693122.png\",\"width\":992,\"height\":1024},{\"@type\":\"BreadcrumbList\",\"@id\":\"https:\\\/\\\/erevanblog.am\\\/?p=10286#breadcrumb\",\"itemListElement\":[{\"@type\":\"ListItem\",\"position\":1,\"name\":\"Home\",\"item\":\"https:\\\/\\\/erevanblog.am\\\/\"},{\"@type\":\"ListItem\",\"position\":2,\"name\":\"D\u011bsiv\u00e1 nehoda na pob\u0159e\u017e\u00ed vyvolala paniku a zmatek\"}]},{\"@type\":\"WebSite\",\"@id\":\"https:\\\/\\\/erevanblog.am\\\/#website\",\"url\":\"https:\\\/\\\/erevanblog.am\\\/\",\"name\":\"\",\"description\":\"\",\"potentialAction\":[{\"@type\":\"SearchAction\",\"target\":{\"@type\":\"EntryPoint\",\"urlTemplate\":\"https:\\\/\\\/erevanblog.am\\\/?s={search_term_string}\"},\"query-input\":{\"@type\":\"PropertyValueSpecification\",\"valueRequired\":true,\"valueName\":\"search_term_string\"}}],\"inLanguage\":\"en-US\"},{\"@type\":\"Person\",\"@id\":\"https:\\\/\\\/erevanblog.am\\\/#\\\/schema\\\/person\\\/204f10311eb7ddb8914a5ab3e5f03928\",\"name\":\"erevanblog_a\",\"image\":{\"@type\":\"ImageObject\",\"inLanguage\":\"en-US\",\"@id\":\"https:\\\/\\\/secure.gravatar.com\\\/avatar\\\/a24f4ac3a683f3c87303db525abc00db51ea26ccedee11dfaf1cc0f9a481a5d2?s=96&d=mm&r=g\",\"url\":\"https:\\\/\\\/secure.gravatar.com\\\/avatar\\\/a24f4ac3a683f3c87303db525abc00db51ea26ccedee11dfaf1cc0f9a481a5d2?s=96&d=mm&r=g\",\"contentUrl\":\"https:\\\/\\\/secure.gravatar.com\\\/avatar\\\/a24f4ac3a683f3c87303db525abc00db51ea26ccedee11dfaf1cc0f9a481a5d2?s=96&d=mm&r=g\",\"caption\":\"erevanblog_a\"},\"sameAs\":[\"http:\\\/\\\/erevanblog.am\"],\"url\":\"https:\\\/\\\/erevanblog.am\\\/?author=1\"}]}<\/script>\n<!-- \/ Yoast SEO plugin. -->","yoast_head_json":{"title":"D\u011bsiv\u00e1 nehoda na pob\u0159e\u017e\u00ed vyvolala paniku a zmatek -","robots":{"index":"index","follow":"follow","max-snippet":"max-snippet:-1","max-image-preview":"max-image-preview:large","max-video-preview":"max-video-preview:-1"},"canonical":"https:\/\/erevanblog.am\/?p=10286","og_locale":"en_US","og_type":"article","og_title":"D\u011bsiv\u00e1 nehoda na pob\u0159e\u017e\u00ed vyvolala paniku a zmatek -","og_description":"Bylo kr\u00e1sn\u00e9 slune\u010dn\u00e9 ned\u011bln\u00ed odpoledne v mal\u00e9m m\u011bst\u011b u Jadersk\u00e9ho mo\u0159e. Turist\u00e9 i m\u00edstn\u00ed obyvatel\u00e9 si u\u017e\u00edvali klidn\u00fd den \u2013 rodiny odpo\u010d\u00edvaly na pl\u00e1\u017ei, lid\u00e9 [...]","og_url":"https:\/\/erevanblog.am\/?p=10286","article_published_time":"2025-06-14T07:18:47+00:00","og_image":[{"width":992,"height":1024,"url":"http:\/\/erevanblog.am\/wp-content\/uploads\/2025\/06\/45693122.png","type":"image\/png"}],"author":"erevanblog_a","twitter_card":"summary_large_image","twitter_misc":{"Written by":"erevanblog_a","Est. reading time":"2 minutes"},"schema":{"@context":"https:\/\/schema.org","@graph":[{"@type":"Article","@id":"https:\/\/erevanblog.am\/?p=10286#article","isPartOf":{"@id":"https:\/\/erevanblog.am\/?p=10286"},"author":{"name":"erevanblog_a","@id":"https:\/\/erevanblog.am\/#\/schema\/person\/204f10311eb7ddb8914a5ab3e5f03928"},"headline":"D\u011bsiv\u00e1 nehoda na pob\u0159e\u017e\u00ed vyvolala paniku a zmatek","datePublished":"2025-06-14T07:18:47+00:00","mainEntityOfPage":{"@id":"https:\/\/erevanblog.am\/?p=10286"},"wordCount":358,"commentCount":0,"image":{"@id":"https:\/\/erevanblog.am\/?p=10286#primaryimage"},"thumbnailUrl":"https:\/\/erevanblog.am\/wp-content\/uploads\/2025\/06\/45693122.png","articleSection":["NEWS"],"inLanguage":"en-US","potentialAction":[{"@type":"CommentAction","name":"Comment","target":["https:\/\/erevanblog.am\/?p=10286#respond"]}]},{"@type":"WebPage","@id":"https:\/\/erevanblog.am\/?p=10286","url":"https:\/\/erevanblog.am\/?p=10286","name":"D\u011bsiv\u00e1 nehoda na pob\u0159e\u017e\u00ed vyvolala paniku a zmatek -","isPartOf":{"@id":"https:\/\/erevanblog.am\/#website"},"primaryImageOfPage":{"@id":"https:\/\/erevanblog.am\/?p=10286#primaryimage"},"image":{"@id":"https:\/\/erevanblog.am\/?p=10286#primaryimage"},"thumbnailUrl":"https:\/\/erevanblog.am\/wp-content\/uploads\/2025\/06\/45693122.png","datePublished":"2025-06-14T07:18:47+00:00","author":{"@id":"https:\/\/erevanblog.am\/#\/schema\/person\/204f10311eb7ddb8914a5ab3e5f03928"},"breadcrumb":{"@id":"https:\/\/erevanblog.am\/?p=10286#breadcrumb"},"inLanguage":"en-US","potentialAction":[{"@type":"ReadAction","target":["https:\/\/erevanblog.am\/?p=10286"]}]},{"@type":"ImageObject","inLanguage":"en-US","@id":"https:\/\/erevanblog.am\/?p=10286#primaryimage","url":"https:\/\/erevanblog.am\/wp-content\/uploads\/2025\/06\/45693122.png","contentUrl":"https:\/\/erevanblog.am\/wp-content\/uploads\/2025\/06\/45693122.png","width":992,"height":1024},{"@type":"BreadcrumbList","@id":"https:\/\/erevanblog.am\/?p=10286#breadcrumb","itemListElement":[{"@type":"ListItem","position":1,"name":"Home","item":"https:\/\/erevanblog.am\/"},{"@type":"ListItem","position":2,"name":"D\u011bsiv\u00e1 nehoda na pob\u0159e\u017e\u00ed vyvolala paniku a zmatek"}]},{"@type":"WebSite","@id":"https:\/\/erevanblog.am\/#website","url":"https:\/\/erevanblog.am\/","name":"","description":"","potentialAction":[{"@type":"SearchAction","target":{"@type":"EntryPoint","urlTemplate":"https:\/\/erevanblog.am\/?s={search_term_string}"},"query-input":{"@type":"PropertyValueSpecification","valueRequired":true,"valueName":"search_term_string"}}],"inLanguage":"en-US"},{"@type":"Person","@id":"https:\/\/erevanblog.am\/#\/schema\/person\/204f10311eb7ddb8914a5ab3e5f03928","name":"erevanblog_a","image":{"@type":"ImageObject","inLanguage":"en-US","@id":"https:\/\/secure.gravatar.com\/avatar\/a24f4ac3a683f3c87303db525abc00db51ea26ccedee11dfaf1cc0f9a481a5d2?s=96&d=mm&r=g","url":"https:\/\/secure.gravatar.com\/avatar\/a24f4ac3a683f3c87303db525abc00db51ea26ccedee11dfaf1cc0f9a481a5d2?s=96&d=mm&r=g","contentUrl":"https:\/\/secure.gravatar.com\/avatar\/a24f4ac3a683f3c87303db525abc00db51ea26ccedee11dfaf1cc0f9a481a5d2?s=96&d=mm&r=g","caption":"erevanblog_a"},"sameAs":["http:\/\/erevanblog.am"],"url":"https:\/\/erevanblog.am\/?author=1"}]}},"views":201,"_links":{"self":[{"href":"https:\/\/erevanblog.am\/index.php?rest_route=\/wp\/v2\/posts\/10286","targetHints":{"allow":["GET"]}}],"collection":[{"href":"https:\/\/erevanblog.am\/index.php?rest_route=\/wp\/v2\/posts"}],"about":[{"href":"https:\/\/erevanblog.am\/index.php?rest_route=\/wp\/v2\/types\/post"}],"author":[{"embeddable":true,"href":"https:\/\/erevanblog.am\/index.php?rest_route=\/wp\/v2\/users\/1"}],"replies":[{"embeddable":true,"href":"https:\/\/erevanblog.am\/index.php?rest_route=%2Fwp%2Fv2%2Fcomments&post=10286"}],"version-history":[{"count":1,"href":"https:\/\/erevanblog.am\/index.php?rest_route=\/wp\/v2\/posts\/10286\/revisions"}],"predecessor-version":[{"id":10288,"href":"https:\/\/erevanblog.am\/index.php?rest_route=\/wp\/v2\/posts\/10286\/revisions\/10288"}],"wp:featuredmedia":[{"embeddable":true,"href":"https:\/\/erevanblog.am\/index.php?rest_route=\/wp\/v2\/media\/10287"}],"wp:attachment":[{"href":"https:\/\/erevanblog.am\/index.php?rest_route=%2Fwp%2Fv2%2Fmedia&parent=10286"}],"wp:term":[{"taxonomy":"category","embeddable":true,"href":"https:\/\/erevanblog.am\/index.php?rest_route=%2Fwp%2Fv2%2Fcategories&post=10286"},{"taxonomy":"post_tag","embeddable":true,"href":"https:\/\/erevanblog.am\/index.php?rest_route=%2Fwp%2Fv2%2Ftags&post=10286"}],"curies":[{"name":"wp","href":"https:\/\/api.w.org\/{rel}","templated":true}]}}