{"id":10292,"date":"2025-06-14T08:50:29","date_gmt":"2025-06-14T07:50:29","guid":{"rendered":"https:\/\/erevanblog.am\/?p=10292"},"modified":"2025-06-14T08:50:29","modified_gmt":"2025-06-14T07:50:29","slug":"policista-odsouzeny-za-cin-ktery-nespachal-se-dockal-dojemneho-setkani-se-svym-psem","status":"publish","type":"post","link":"https:\/\/erevanblog.am\/?p=10292","title":{"rendered":"Policista odsouzen\u00fd za \u010din, kter\u00fd nesp\u00e1chal, se do\u010dkal dojemn\u00e9ho setk\u00e1n\u00ed se sv\u00fdm psem"},"content":{"rendered":"\n<p>Kdy\u017e byl b\u00fdval\u00fd policista Tom\u00e1\u0161 K. posl\u00e1n do v\u011bzen\u00ed za trestn\u00fd \u010din, o kter\u00e9m st\u00e1le tvrd\u00ed, \u017ee ho nesp\u00e1chal, nejv\u011bt\u0161\u00ed r\u00e1nu mu nezp\u016fsobil samotn\u00fd rozsudek, ale odlou\u010den\u00ed od jeho psa Maxe. Max byl jeho nerozlu\u010dn\u00fdm spole\u010dn\u00edkem \u2013 nejen v pr\u00e1ci, ale i v soukrom\u00e9m \u017eivot\u011b. Vychov\u00e1val ho od \u0161t\u011bn\u011bte a vytvo\u0159ilo se mezi nimi hlubok\u00e9 pouto. Po zat\u010den\u00ed byl v\u0161ak Max odvezen do \u00fatulku, a Tom\u00e1\u0161 z\u016fstal v cele se srdcem pln\u00fdm ot\u00e1zek a obav.<\/p>\n\n\n\n<figure class=\"wp-block-image size-large\"><img loading=\"lazy\" decoding=\"async\" width=\"1024\" height=\"1024\" src=\"https:\/\/erevanblog.am\/wp-content\/uploads\/2025\/06\/56983214-1024x1024.jpg\" alt=\"\" class=\"wp-image-10293\" srcset=\"https:\/\/erevanblog.am\/wp-content\/uploads\/2025\/06\/56983214-1024x1024.jpg 1024w, https:\/\/erevanblog.am\/wp-content\/uploads\/2025\/06\/56983214-300x300.jpg 300w, https:\/\/erevanblog.am\/wp-content\/uploads\/2025\/06\/56983214-150x150.jpg 150w, https:\/\/erevanblog.am\/wp-content\/uploads\/2025\/06\/56983214-768x768.jpg 768w, https:\/\/erevanblog.am\/wp-content\/uploads\/2025\/06\/56983214-1536x1536.jpg 1536w, https:\/\/erevanblog.am\/wp-content\/uploads\/2025\/06\/56983214.jpg 2048w\" sizes=\"auto, (max-width: 1024px) 100vw, 1024px\" \/><\/figure>\n\n\n\n<p>Denn\u011b si v duchu opakoval: \u201eJe Max v po\u0159\u00e1dku? Pamatuje si m\u011b v\u016fbec?\u201c<\/p>\n\n\n\n<p>Zat\u00edmco pr\u00e1vn\u00edci bojovali za obnovu procesu a prob\u00edhalo odvolac\u00ed \u0159\u00edzen\u00ed, Tom\u00e1\u0161 tou\u017eil po jedin\u00e9m \u2013 znovu vid\u011bt sv\u00e9ho \u010dty\u0159noh\u00e9ho p\u0159\u00edtele. Ps\u00e1val dopisy, pod\u00e1val \u017e\u00e1dosti, ale dlouho bez \u00fasp\u011bchu. A\u017e po dlouh\u00e9m \u010dek\u00e1n\u00ed a vytrval\u00e9m nal\u00e9h\u00e1n\u00ed p\u0159i\u0161la odpov\u011b\u010f: v\u011bznice mu umo\u017enila kr\u00e1tk\u00e9, ale dozorovan\u00e9 setk\u00e1n\u00ed s Maxem.<\/p>\n\n\n\n<p>Setk\u00e1n\u00ed, kter\u00e9 dojalo ka\u017ed\u00e9ho p\u0159\u00edtomn\u00e9ho. Max poznal Tom\u00e1\u0161e okam\u017eit\u011b. Navzdory dlouh\u00e9mu odlou\u010den\u00ed se k n\u011bmu vrhl s neuv\u011b\u0159itelnou radost\u00ed a silou, \u017ee ho museli zadr\u017eet dva pracovn\u00edci. Na p\u00e1r minut p\u0159estaly existovat m\u0159\u00ed\u017ee i zdi \u2013 byli tu jen dva p\u0159\u00e1tel\u00e9, kte\u0159\u00ed znovu na\u0161li jeden druh\u00e9ho.<\/p>\n\n\n\n<p>Z\u00e1b\u011bry z jejich setk\u00e1n\u00ed oblet\u011bly internet a znovu p\u0159it\u00e1hly pozornost k p\u0159\u00edpadu Tom\u00e1\u0161e K. Nov\u00e9 d\u016fkazy, kter\u00e9 vy\u0161ly najevo, nyn\u00ed d\u00e1vaj\u00ed nad\u011bji na obnovu \u0159\u00edzen\u00ed.<\/p>\n\n\n\n<p>\u201eTo objet\u00ed s Maxem mi vr\u00e1tilo v\u00edru. V\u0161echno kolem m\u011b selhalo \u2013 ale on ne,\u201c sv\u011b\u0159il se Tom\u00e1\u0161 se slzami v o\u010d\u00edch.<\/p>\n","protected":false},"excerpt":{"rendered":"<div class=\"mh-excerpt\"><p>Kdy\u017e byl b\u00fdval\u00fd policista Tom\u00e1\u0161 K. posl\u00e1n do v\u011bzen\u00ed za trestn\u00fd \u010din, o kter\u00e9m st\u00e1le tvrd\u00ed, \u017ee ho nesp\u00e1chal, nejv\u011bt\u0161\u00ed r\u00e1nu mu nezp\u016fsobil samotn\u00fd rozsudek, <a class=\"mh-excerpt-more\" href=\"https:\/\/erevanblog.am\/?p=10292\" title=\"Policista odsouzen\u00fd za \u010din, kter\u00fd nesp\u00e1chal, se do\u010dkal dojemn\u00e9ho setk\u00e1n\u00ed se sv\u00fdm psem\">[&#8230;]<\/a><\/p>\n<\/div>","protected":false},"author":1,"featured_media":10293,"comment_status":"open","ping_status":"open","sticky":false,"template":"","format":"standard","meta":{"footnotes":""},"categories":[1],"tags":[],"class_list":["post-10292","post","type-post","status-publish","format-standard","has-post-thumbnail","hentry","category-uncategorised"],"yoast_head":"<!-- This site is optimized with the Yoast SEO plugin v27.5 - https:\/\/yoast.com\/product\/yoast-seo-wordpress\/ -->\n<title>Policista odsouzen\u00fd za \u010din, kter\u00fd nesp\u00e1chal, se do\u010dkal dojemn\u00e9ho setk\u00e1n\u00ed se sv\u00fdm psem -<\/title>\n<meta name=\"robots\" content=\"index, follow, max-snippet:-1, max-image-preview:large, max-video-preview:-1\" \/>\n<link rel=\"canonical\" href=\"https:\/\/erevanblog.am\/?p=10292\" \/>\n<meta property=\"og:locale\" content=\"en_US\" \/>\n<meta property=\"og:type\" content=\"article\" \/>\n<meta property=\"og:title\" content=\"Policista odsouzen\u00fd za \u010din, kter\u00fd nesp\u00e1chal, se do\u010dkal dojemn\u00e9ho setk\u00e1n\u00ed se sv\u00fdm psem -\" \/>\n<meta property=\"og:description\" content=\"Kdy\u017e byl b\u00fdval\u00fd policista Tom\u00e1\u0161 K. posl\u00e1n do v\u011bzen\u00ed za trestn\u00fd \u010din, o kter\u00e9m st\u00e1le tvrd\u00ed, \u017ee ho nesp\u00e1chal, nejv\u011bt\u0161\u00ed r\u00e1nu mu nezp\u016fsobil samotn\u00fd rozsudek, [...]\" \/>\n<meta property=\"og:url\" content=\"https:\/\/erevanblog.am\/?p=10292\" \/>\n<meta property=\"article:published_time\" content=\"2025-06-14T07:50:29+00:00\" \/>\n<meta property=\"og:image\" content=\"http:\/\/erevanblog.am\/wp-content\/uploads\/2025\/06\/56983214.jpg\" \/>\n\t<meta property=\"og:image:width\" content=\"2048\" \/>\n\t<meta property=\"og:image:height\" content=\"2048\" \/>\n\t<meta property=\"og:image:type\" content=\"image\/jpeg\" \/>\n<meta name=\"author\" content=\"erevanblog_a\" \/>\n<meta name=\"twitter:card\" content=\"summary_large_image\" \/>\n<meta name=\"twitter:label1\" content=\"Written by\" \/>\n\t<meta name=\"twitter:data1\" content=\"erevanblog_a\" \/>\n\t<meta name=\"twitter:label2\" content=\"Est. reading time\" \/>\n\t<meta name=\"twitter:data2\" content=\"2 minutes\" \/>\n<script type=\"application\/ld+json\" class=\"yoast-schema-graph\">{\"@context\":\"https:\\\/\\\/schema.org\",\"@graph\":[{\"@type\":\"Article\",\"@id\":\"https:\\\/\\\/erevanblog.am\\\/?p=10292#article\",\"isPartOf\":{\"@id\":\"https:\\\/\\\/erevanblog.am\\\/?p=10292\"},\"author\":{\"name\":\"erevanblog_a\",\"@id\":\"https:\\\/\\\/erevanblog.am\\\/#\\\/schema\\\/person\\\/204f10311eb7ddb8914a5ab3e5f03928\"},\"headline\":\"Policista odsouzen\u00fd za \u010din, kter\u00fd nesp\u00e1chal, se do\u010dkal dojemn\u00e9ho setk\u00e1n\u00ed se sv\u00fdm psem\",\"datePublished\":\"2025-06-14T07:50:29+00:00\",\"mainEntityOfPage\":{\"@id\":\"https:\\\/\\\/erevanblog.am\\\/?p=10292\"},\"wordCount\":329,\"commentCount\":0,\"image\":{\"@id\":\"https:\\\/\\\/erevanblog.am\\\/?p=10292#primaryimage\"},\"thumbnailUrl\":\"https:\\\/\\\/erevanblog.am\\\/wp-content\\\/uploads\\\/2025\\\/06\\\/56983214.jpg\",\"articleSection\":[\"NEWS\"],\"inLanguage\":\"en-US\",\"potentialAction\":[{\"@type\":\"CommentAction\",\"name\":\"Comment\",\"target\":[\"https:\\\/\\\/erevanblog.am\\\/?p=10292#respond\"]}]},{\"@type\":\"WebPage\",\"@id\":\"https:\\\/\\\/erevanblog.am\\\/?p=10292\",\"url\":\"https:\\\/\\\/erevanblog.am\\\/?p=10292\",\"name\":\"Policista odsouzen\u00fd za \u010din, kter\u00fd nesp\u00e1chal, se do\u010dkal dojemn\u00e9ho setk\u00e1n\u00ed se sv\u00fdm psem -\",\"isPartOf\":{\"@id\":\"https:\\\/\\\/erevanblog.am\\\/#website\"},\"primaryImageOfPage\":{\"@id\":\"https:\\\/\\\/erevanblog.am\\\/?p=10292#primaryimage\"},\"image\":{\"@id\":\"https:\\\/\\\/erevanblog.am\\\/?p=10292#primaryimage\"},\"thumbnailUrl\":\"https:\\\/\\\/erevanblog.am\\\/wp-content\\\/uploads\\\/2025\\\/06\\\/56983214.jpg\",\"datePublished\":\"2025-06-14T07:50:29+00:00\",\"author\":{\"@id\":\"https:\\\/\\\/erevanblog.am\\\/#\\\/schema\\\/person\\\/204f10311eb7ddb8914a5ab3e5f03928\"},\"breadcrumb\":{\"@id\":\"https:\\\/\\\/erevanblog.am\\\/?p=10292#breadcrumb\"},\"inLanguage\":\"en-US\",\"potentialAction\":[{\"@type\":\"ReadAction\",\"target\":[\"https:\\\/\\\/erevanblog.am\\\/?p=10292\"]}]},{\"@type\":\"ImageObject\",\"inLanguage\":\"en-US\",\"@id\":\"https:\\\/\\\/erevanblog.am\\\/?p=10292#primaryimage\",\"url\":\"https:\\\/\\\/erevanblog.am\\\/wp-content\\\/uploads\\\/2025\\\/06\\\/56983214.jpg\",\"contentUrl\":\"https:\\\/\\\/erevanblog.am\\\/wp-content\\\/uploads\\\/2025\\\/06\\\/56983214.jpg\",\"width\":2048,\"height\":2048},{\"@type\":\"BreadcrumbList\",\"@id\":\"https:\\\/\\\/erevanblog.am\\\/?p=10292#breadcrumb\",\"itemListElement\":[{\"@type\":\"ListItem\",\"position\":1,\"name\":\"Home\",\"item\":\"https:\\\/\\\/erevanblog.am\\\/\"},{\"@type\":\"ListItem\",\"position\":2,\"name\":\"Policista odsouzen\u00fd za \u010din, kter\u00fd nesp\u00e1chal, se do\u010dkal dojemn\u00e9ho setk\u00e1n\u00ed se sv\u00fdm psem\"}]},{\"@type\":\"WebSite\",\"@id\":\"https:\\\/\\\/erevanblog.am\\\/#website\",\"url\":\"https:\\\/\\\/erevanblog.am\\\/\",\"name\":\"\",\"description\":\"\",\"potentialAction\":[{\"@type\":\"SearchAction\",\"target\":{\"@type\":\"EntryPoint\",\"urlTemplate\":\"https:\\\/\\\/erevanblog.am\\\/?s={search_term_string}\"},\"query-input\":{\"@type\":\"PropertyValueSpecification\",\"valueRequired\":true,\"valueName\":\"search_term_string\"}}],\"inLanguage\":\"en-US\"},{\"@type\":\"Person\",\"@id\":\"https:\\\/\\\/erevanblog.am\\\/#\\\/schema\\\/person\\\/204f10311eb7ddb8914a5ab3e5f03928\",\"name\":\"erevanblog_a\",\"image\":{\"@type\":\"ImageObject\",\"inLanguage\":\"en-US\",\"@id\":\"https:\\\/\\\/secure.gravatar.com\\\/avatar\\\/a24f4ac3a683f3c87303db525abc00db51ea26ccedee11dfaf1cc0f9a481a5d2?s=96&d=mm&r=g\",\"url\":\"https:\\\/\\\/secure.gravatar.com\\\/avatar\\\/a24f4ac3a683f3c87303db525abc00db51ea26ccedee11dfaf1cc0f9a481a5d2?s=96&d=mm&r=g\",\"contentUrl\":\"https:\\\/\\\/secure.gravatar.com\\\/avatar\\\/a24f4ac3a683f3c87303db525abc00db51ea26ccedee11dfaf1cc0f9a481a5d2?s=96&d=mm&r=g\",\"caption\":\"erevanblog_a\"},\"sameAs\":[\"http:\\\/\\\/erevanblog.am\"],\"url\":\"https:\\\/\\\/erevanblog.am\\\/?author=1\"}]}<\/script>\n<!-- \/ Yoast SEO plugin. -->","yoast_head_json":{"title":"Policista odsouzen\u00fd za \u010din, kter\u00fd nesp\u00e1chal, se do\u010dkal dojemn\u00e9ho setk\u00e1n\u00ed se sv\u00fdm psem -","robots":{"index":"index","follow":"follow","max-snippet":"max-snippet:-1","max-image-preview":"max-image-preview:large","max-video-preview":"max-video-preview:-1"},"canonical":"https:\/\/erevanblog.am\/?p=10292","og_locale":"en_US","og_type":"article","og_title":"Policista odsouzen\u00fd za \u010din, kter\u00fd nesp\u00e1chal, se do\u010dkal dojemn\u00e9ho setk\u00e1n\u00ed se sv\u00fdm psem -","og_description":"Kdy\u017e byl b\u00fdval\u00fd policista Tom\u00e1\u0161 K. posl\u00e1n do v\u011bzen\u00ed za trestn\u00fd \u010din, o kter\u00e9m st\u00e1le tvrd\u00ed, \u017ee ho nesp\u00e1chal, nejv\u011bt\u0161\u00ed r\u00e1nu mu nezp\u016fsobil samotn\u00fd rozsudek, [...]","og_url":"https:\/\/erevanblog.am\/?p=10292","article_published_time":"2025-06-14T07:50:29+00:00","og_image":[{"width":2048,"height":2048,"url":"http:\/\/erevanblog.am\/wp-content\/uploads\/2025\/06\/56983214.jpg","type":"image\/jpeg"}],"author":"erevanblog_a","twitter_card":"summary_large_image","twitter_misc":{"Written by":"erevanblog_a","Est. reading time":"2 minutes"},"schema":{"@context":"https:\/\/schema.org","@graph":[{"@type":"Article","@id":"https:\/\/erevanblog.am\/?p=10292#article","isPartOf":{"@id":"https:\/\/erevanblog.am\/?p=10292"},"author":{"name":"erevanblog_a","@id":"https:\/\/erevanblog.am\/#\/schema\/person\/204f10311eb7ddb8914a5ab3e5f03928"},"headline":"Policista odsouzen\u00fd za \u010din, kter\u00fd nesp\u00e1chal, se do\u010dkal dojemn\u00e9ho setk\u00e1n\u00ed se sv\u00fdm psem","datePublished":"2025-06-14T07:50:29+00:00","mainEntityOfPage":{"@id":"https:\/\/erevanblog.am\/?p=10292"},"wordCount":329,"commentCount":0,"image":{"@id":"https:\/\/erevanblog.am\/?p=10292#primaryimage"},"thumbnailUrl":"https:\/\/erevanblog.am\/wp-content\/uploads\/2025\/06\/56983214.jpg","articleSection":["NEWS"],"inLanguage":"en-US","potentialAction":[{"@type":"CommentAction","name":"Comment","target":["https:\/\/erevanblog.am\/?p=10292#respond"]}]},{"@type":"WebPage","@id":"https:\/\/erevanblog.am\/?p=10292","url":"https:\/\/erevanblog.am\/?p=10292","name":"Policista odsouzen\u00fd za \u010din, kter\u00fd nesp\u00e1chal, se do\u010dkal dojemn\u00e9ho setk\u00e1n\u00ed se sv\u00fdm psem -","isPartOf":{"@id":"https:\/\/erevanblog.am\/#website"},"primaryImageOfPage":{"@id":"https:\/\/erevanblog.am\/?p=10292#primaryimage"},"image":{"@id":"https:\/\/erevanblog.am\/?p=10292#primaryimage"},"thumbnailUrl":"https:\/\/erevanblog.am\/wp-content\/uploads\/2025\/06\/56983214.jpg","datePublished":"2025-06-14T07:50:29+00:00","author":{"@id":"https:\/\/erevanblog.am\/#\/schema\/person\/204f10311eb7ddb8914a5ab3e5f03928"},"breadcrumb":{"@id":"https:\/\/erevanblog.am\/?p=10292#breadcrumb"},"inLanguage":"en-US","potentialAction":[{"@type":"ReadAction","target":["https:\/\/erevanblog.am\/?p=10292"]}]},{"@type":"ImageObject","inLanguage":"en-US","@id":"https:\/\/erevanblog.am\/?p=10292#primaryimage","url":"https:\/\/erevanblog.am\/wp-content\/uploads\/2025\/06\/56983214.jpg","contentUrl":"https:\/\/erevanblog.am\/wp-content\/uploads\/2025\/06\/56983214.jpg","width":2048,"height":2048},{"@type":"BreadcrumbList","@id":"https:\/\/erevanblog.am\/?p=10292#breadcrumb","itemListElement":[{"@type":"ListItem","position":1,"name":"Home","item":"https:\/\/erevanblog.am\/"},{"@type":"ListItem","position":2,"name":"Policista odsouzen\u00fd za \u010din, kter\u00fd nesp\u00e1chal, se do\u010dkal dojemn\u00e9ho setk\u00e1n\u00ed se sv\u00fdm psem"}]},{"@type":"WebSite","@id":"https:\/\/erevanblog.am\/#website","url":"https:\/\/erevanblog.am\/","name":"","description":"","potentialAction":[{"@type":"SearchAction","target":{"@type":"EntryPoint","urlTemplate":"https:\/\/erevanblog.am\/?s={search_term_string}"},"query-input":{"@type":"PropertyValueSpecification","valueRequired":true,"valueName":"search_term_string"}}],"inLanguage":"en-US"},{"@type":"Person","@id":"https:\/\/erevanblog.am\/#\/schema\/person\/204f10311eb7ddb8914a5ab3e5f03928","name":"erevanblog_a","image":{"@type":"ImageObject","inLanguage":"en-US","@id":"https:\/\/secure.gravatar.com\/avatar\/a24f4ac3a683f3c87303db525abc00db51ea26ccedee11dfaf1cc0f9a481a5d2?s=96&d=mm&r=g","url":"https:\/\/secure.gravatar.com\/avatar\/a24f4ac3a683f3c87303db525abc00db51ea26ccedee11dfaf1cc0f9a481a5d2?s=96&d=mm&r=g","contentUrl":"https:\/\/secure.gravatar.com\/avatar\/a24f4ac3a683f3c87303db525abc00db51ea26ccedee11dfaf1cc0f9a481a5d2?s=96&d=mm&r=g","caption":"erevanblog_a"},"sameAs":["http:\/\/erevanblog.am"],"url":"https:\/\/erevanblog.am\/?author=1"}]}},"views":200,"_links":{"self":[{"href":"https:\/\/erevanblog.am\/index.php?rest_route=\/wp\/v2\/posts\/10292","targetHints":{"allow":["GET"]}}],"collection":[{"href":"https:\/\/erevanblog.am\/index.php?rest_route=\/wp\/v2\/posts"}],"about":[{"href":"https:\/\/erevanblog.am\/index.php?rest_route=\/wp\/v2\/types\/post"}],"author":[{"embeddable":true,"href":"https:\/\/erevanblog.am\/index.php?rest_route=\/wp\/v2\/users\/1"}],"replies":[{"embeddable":true,"href":"https:\/\/erevanblog.am\/index.php?rest_route=%2Fwp%2Fv2%2Fcomments&post=10292"}],"version-history":[{"count":1,"href":"https:\/\/erevanblog.am\/index.php?rest_route=\/wp\/v2\/posts\/10292\/revisions"}],"predecessor-version":[{"id":10294,"href":"https:\/\/erevanblog.am\/index.php?rest_route=\/wp\/v2\/posts\/10292\/revisions\/10294"}],"wp:featuredmedia":[{"embeddable":true,"href":"https:\/\/erevanblog.am\/index.php?rest_route=\/wp\/v2\/media\/10293"}],"wp:attachment":[{"href":"https:\/\/erevanblog.am\/index.php?rest_route=%2Fwp%2Fv2%2Fmedia&parent=10292"}],"wp:term":[{"taxonomy":"category","embeddable":true,"href":"https:\/\/erevanblog.am\/index.php?rest_route=%2Fwp%2Fv2%2Fcategories&post=10292"},{"taxonomy":"post_tag","embeddable":true,"href":"https:\/\/erevanblog.am\/index.php?rest_route=%2Fwp%2Fv2%2Ftags&post=10292"}],"curies":[{"name":"wp","href":"https:\/\/api.w.org\/{rel}","templated":true}]}}