{"id":10310,"date":"2025-06-15T08:10:21","date_gmt":"2025-06-15T07:10:21","guid":{"rendered":"https:\/\/erevanblog.am\/?p=10310"},"modified":"2025-06-15T08:10:22","modified_gmt":"2025-06-15T07:10:22","slug":"krik-u-hrobu-chlapec-tvrdil-ze-jeho-matka-zije-a-mel-pravdu","status":"publish","type":"post","link":"https:\/\/erevanblog.am\/?p=10310","title":{"rendered":"K\u0159ik u hrobu: Chlapec tvrdil, \u017ee jeho matka \u017eije. A m\u011bl pravdu."},"content":{"rendered":"\n<p>Byl chladn\u00fd podzimn\u00ed den, v\u011btve strom\u016f se oh\u00fdbaly pod n\u00e1pory v\u011btru a mezi star\u00fdmi hroby v zapadl\u00e9 \u010d\u00e1sti h\u0159bitova se oz\u00fdval d\u011btsk\u00fd hlas pln\u00fd zoufalstv\u00ed.<\/p>\n\n\n\n<p>\u201eMoje maminka \u017eije! Sly\u0161\u00edte m\u011b? Poh\u0159bili jste \u0161patn\u00e9ho \u010dlov\u011bka!\u201c<\/p>\n\n\n\n<p>Chlapec, sotva desetilet\u00fd, st\u00e1l s\u00e1m mezi n\u00e1hrobky a volal na p\u0159ihl\u00ed\u017eej\u00edc\u00ed. N\u011bkte\u0159\u00ed se d\u00edvali pohor\u0161en\u011b, jin\u00ed se strachem. Nikdo netu\u0161il, co si myslet \u2014 projev bolesti? P\u0159edstava truchl\u00edc\u00edho d\u00edt\u011bte?<\/p>\n\n\n\n<p>Ale to, co se na prvn\u00ed pohled zd\u00e1lo jako d\u011btsk\u00e1 fantazie, ukr\u00fdvalo mnohem temn\u011bj\u0161\u00ed skute\u010dnost.<\/p>\n\n\n\n<figure class=\"wp-block-image size-full\"><img loading=\"lazy\" decoding=\"async\" width=\"1024\" height=\"961\" src=\"https:\/\/erevanblog.am\/wp-content\/uploads\/2025\/06\/452378412000.png\" alt=\"\" class=\"wp-image-10311\" srcset=\"https:\/\/erevanblog.am\/wp-content\/uploads\/2025\/06\/452378412000.png 1024w, https:\/\/erevanblog.am\/wp-content\/uploads\/2025\/06\/452378412000-300x282.png 300w, https:\/\/erevanblog.am\/wp-content\/uploads\/2025\/06\/452378412000-768x721.png 768w\" sizes=\"auto, (max-width: 1024px) 100vw, 1024px\" \/><\/figure>\n\n\n\n<hr class=\"wp-block-separator has-alpha-channel-opacity\"\/>\n\n\n\n<h3 class=\"wp-block-heading\"><strong>Tajemstv\u00ed za smrt\u00ed<\/strong><\/h3>\n\n\n\n<p>David p\u0159i\u0161el o matku Lucii p\u0159ed dv\u011bma t\u00fddny. Podle ofici\u00e1ln\u00edch z\u00e1znam\u016f zem\u0159ela p\u0159i autonehod\u011b na okresn\u00ed silnici. Auto bylo nalezeno p\u0159evr\u00e1cen\u00e9, identifikace t\u011bla prob\u011bhla podle osobn\u00edch v\u011bc\u00ed. V\u0161e nasv\u011bd\u010dovalo trag\u00e9dii. Poh\u0159eb byl rychl\u00fd a bez ot\u00e1zek. David\u016fv otec se zhroutil a p\u00e9\u010de o chlapce p\u0159e\u0161la na tetu.<\/p>\n\n\n\n<p>Ale David byl p\u0159esv\u011bd\u010den\u00fd, \u017ee matka \u017eije.<\/p>\n\n\n\n<hr class=\"wp-block-separator has-alpha-channel-opacity\"\/>\n\n\n\n<h3 class=\"wp-block-heading\"><strong>N\u011bco nesed\u00ed<\/strong><\/h3>\n\n\n\n<p>Ve snech k n\u011bmu matka mluvila \u2013 prosila o pomoc, tvrdila, \u017ee je n\u011bkde zav\u0159en\u00e1, \u017ee ji nikdo nehled\u00e1. A David si v\u0161\u00edmal detail\u016f: \u017eena v rakvi m\u011bla jin\u00fd prsten, chyb\u011bla jizva na z\u00e1p\u011bst\u00ed, a hlavn\u011b \u2013 t\u011blo postr\u00e1dalo mate\u0159sk\u00e9 znam\u00e9nko, kter\u00e9 jeho matka v\u017edy m\u011bla.<\/p>\n\n\n\n<p>Jeho slova v\u0161ak nikdo nebral v\u00e1\u017en\u011b. Mysleli si, \u017ee je to zoufal\u00e9 vol\u00e1n\u00ed po pozornosti, zp\u016fsob, jak se vyrovn\u00e1v\u00e1 se ztr\u00e1tou.<\/p>\n\n\n\n<hr class=\"wp-block-separator has-alpha-channel-opacity\"\/>\n\n\n\n<h3 class=\"wp-block-heading\"><strong>Policie za\u010dne jednat<\/strong><\/h3>\n\n\n\n<p>Davidovo vol\u00e1n\u00ed u hrobu bylo natolik siln\u00e9, \u017ee jeden z n\u00e1v\u0161t\u011bvn\u00edk\u016f p\u0159ivolal policii. Dva str\u00e1\u017en\u00edci se sna\u017eili situaci uklidnit, ale zku\u0161en\u011bj\u0161\u00ed z nich zbyst\u0159il, kdy\u017e chlapec \u0159ekl:<\/p>\n\n\n\n<p>\u201eMoje m\u00e1ma m\u011bla znam\u00e9nko na z\u00e1dech. A to t\u011blo ho nem\u011blo. Vy jste to v\u011bd\u011bli, ne?\u201c<\/p>\n\n\n\n<p>Tenhle detail nemohl jen tak uh\u00e1dnout. Policista po\u017e\u00e1dal o p\u0159\u00edstup k pitevn\u00ed zpr\u00e1v\u011b a v p\u0159\u00edpadu se za\u010daly objevovat prvn\u00ed trhliny.<\/p>\n\n\n\n<hr class=\"wp-block-separator has-alpha-channel-opacity\"\/>\n\n\n\n<h3 class=\"wp-block-heading\"><strong>Pravda pod hl\u00ednou<\/strong><\/h3>\n\n\n\n<p>Pod tlakem nov\u00fdch informac\u00ed bylo rozhodnuto o exhumaci. A kdy\u017e bylo t\u011blo znovu prozkoum\u00e1no, vy\u0161lo najevo, \u017ee nejde o Lucii Novotnou, ale o jinou \u017eenu, kter\u00e1 byla n\u011bkolik m\u011bs\u00edc\u016f poh\u0159e\u0161ov\u00e1na. Podobn\u00e1 postava, v\u011bk \u2013 ale jin\u00e1 identita.<\/p>\n\n\n\n<p>Kde tedy byla skute\u010dn\u00e1 Lucie?<\/p>\n\n\n\n<hr class=\"wp-block-separator has-alpha-channel-opacity\"\/>\n\n\n\n<h3 class=\"wp-block-heading\"><strong>Ne\u010dekan\u00fd obrat<\/strong><\/h3>\n\n\n\n<p>P\u00e1r dn\u00ed nato byla Lucie nalezena \u2013 \u017eiv\u00e1. Dr\u017eeli ji \u00fanosci v opu\u0161t\u011bn\u00e9m dom\u011b asi 70 kilometr\u016f od m\u00edsta nehody. Cht\u011bli jej\u00ed smrt zfal\u0161ovat kv\u016fli podvodu, t\u011blo zam\u011bnili, doklady zneu\u017eili. Davidova ne\u00fastupnost ale cel\u00fd pl\u00e1n zhatila.<\/p>\n\n\n\n<hr class=\"wp-block-separator has-alpha-channel-opacity\"\/>\n\n\n\n<h3 class=\"wp-block-heading\"><strong>S\u00edla d\u011btsk\u00e9 pravdy<\/strong><\/h3>\n\n\n\n<p>P\u0159\u00edpad \u0161okoval ve\u0159ejnost a otev\u0159el o\u010di mnoha lidem. Uk\u00e1zal, \u017ee d\u011btsk\u00e1 intuice a odvaha mohou vid\u011bt pravdu i tam, kde ji dosp\u011bl\u00ed p\u0159ehl\u00ed\u017eej\u00ed.<\/p>\n\n\n\n<p>D\u00edky Davidovi se matka mohla vr\u00e1tit dom\u016f. A mo\u017en\u00e1 i d\u00edky n\u011bmu dnes v\u011b\u0159\u00edme, \u017ee n\u011bkdy se vyplat\u00ed poslouchat i ten nejti\u0161\u0161\u00ed hlas \u2013 proto\u017ee pr\u00e1v\u011b ten m\u016f\u017ee \u0159\u00edkat pravdu.<\/p>\n","protected":false},"excerpt":{"rendered":"<div class=\"mh-excerpt\"><p>Byl chladn\u00fd podzimn\u00ed den, v\u011btve strom\u016f se oh\u00fdbaly pod n\u00e1pory v\u011btru a mezi star\u00fdmi hroby v zapadl\u00e9 \u010d\u00e1sti h\u0159bitova se oz\u00fdval d\u011btsk\u00fd hlas pln\u00fd zoufalstv\u00ed. <a class=\"mh-excerpt-more\" href=\"https:\/\/erevanblog.am\/?p=10310\" title=\"K\u0159ik u hrobu: Chlapec tvrdil, \u017ee jeho matka \u017eije. A m\u011bl pravdu.\">[&#8230;]<\/a><\/p>\n<\/div>","protected":false},"author":1,"featured_media":10311,"comment_status":"open","ping_status":"open","sticky":false,"template":"","format":"standard","meta":{"footnotes":""},"categories":[1],"tags":[],"class_list":["post-10310","post","type-post","status-publish","format-standard","has-post-thumbnail","hentry","category-uncategorised"],"yoast_head":"<!-- This site is optimized with the Yoast SEO plugin v27.5 - https:\/\/yoast.com\/product\/yoast-seo-wordpress\/ -->\n<title>K\u0159ik u hrobu: Chlapec tvrdil, \u017ee jeho matka \u017eije. A m\u011bl pravdu. -<\/title>\n<meta name=\"robots\" content=\"index, follow, max-snippet:-1, max-image-preview:large, max-video-preview:-1\" \/>\n<link rel=\"canonical\" href=\"https:\/\/erevanblog.am\/?p=10310\" \/>\n<meta property=\"og:locale\" content=\"en_US\" \/>\n<meta property=\"og:type\" content=\"article\" \/>\n<meta property=\"og:title\" content=\"K\u0159ik u hrobu: Chlapec tvrdil, \u017ee jeho matka \u017eije. A m\u011bl pravdu. -\" \/>\n<meta property=\"og:description\" content=\"Byl chladn\u00fd podzimn\u00ed den, v\u011btve strom\u016f se oh\u00fdbaly pod n\u00e1pory v\u011btru a mezi star\u00fdmi hroby v zapadl\u00e9 \u010d\u00e1sti h\u0159bitova se oz\u00fdval d\u011btsk\u00fd hlas pln\u00fd zoufalstv\u00ed. [...]\" \/>\n<meta property=\"og:url\" content=\"https:\/\/erevanblog.am\/?p=10310\" \/>\n<meta property=\"article:published_time\" content=\"2025-06-15T07:10:21+00:00\" \/>\n<meta property=\"article:modified_time\" content=\"2025-06-15T07:10:22+00:00\" \/>\n<meta property=\"og:image\" content=\"http:\/\/erevanblog.am\/wp-content\/uploads\/2025\/06\/452378412000.png\" \/>\n\t<meta property=\"og:image:width\" content=\"1024\" \/>\n\t<meta property=\"og:image:height\" content=\"961\" \/>\n\t<meta property=\"og:image:type\" content=\"image\/png\" \/>\n<meta name=\"author\" content=\"erevanblog_a\" \/>\n<meta name=\"twitter:card\" content=\"summary_large_image\" \/>\n<meta name=\"twitter:label1\" content=\"Written by\" \/>\n\t<meta name=\"twitter:data1\" content=\"erevanblog_a\" \/>\n\t<meta name=\"twitter:label2\" content=\"Est. reading time\" \/>\n\t<meta name=\"twitter:data2\" content=\"3 minutes\" \/>\n<script type=\"application\/ld+json\" class=\"yoast-schema-graph\">{\"@context\":\"https:\\\/\\\/schema.org\",\"@graph\":[{\"@type\":\"Article\",\"@id\":\"https:\\\/\\\/erevanblog.am\\\/?p=10310#article\",\"isPartOf\":{\"@id\":\"https:\\\/\\\/erevanblog.am\\\/?p=10310\"},\"author\":{\"name\":\"erevanblog_a\",\"@id\":\"https:\\\/\\\/erevanblog.am\\\/#\\\/schema\\\/person\\\/204f10311eb7ddb8914a5ab3e5f03928\"},\"headline\":\"K\u0159ik u hrobu: Chlapec tvrdil, \u017ee jeho matka \u017eije. A m\u011bl pravdu.\",\"datePublished\":\"2025-06-15T07:10:21+00:00\",\"dateModified\":\"2025-06-15T07:10:22+00:00\",\"mainEntityOfPage\":{\"@id\":\"https:\\\/\\\/erevanblog.am\\\/?p=10310\"},\"wordCount\":576,\"commentCount\":0,\"image\":{\"@id\":\"https:\\\/\\\/erevanblog.am\\\/?p=10310#primaryimage\"},\"thumbnailUrl\":\"https:\\\/\\\/erevanblog.am\\\/wp-content\\\/uploads\\\/2025\\\/06\\\/452378412000.png\",\"articleSection\":[\"NEWS\"],\"inLanguage\":\"en-US\",\"potentialAction\":[{\"@type\":\"CommentAction\",\"name\":\"Comment\",\"target\":[\"https:\\\/\\\/erevanblog.am\\\/?p=10310#respond\"]}]},{\"@type\":\"WebPage\",\"@id\":\"https:\\\/\\\/erevanblog.am\\\/?p=10310\",\"url\":\"https:\\\/\\\/erevanblog.am\\\/?p=10310\",\"name\":\"K\u0159ik u hrobu: Chlapec tvrdil, \u017ee jeho matka \u017eije. A m\u011bl pravdu. -\",\"isPartOf\":{\"@id\":\"https:\\\/\\\/erevanblog.am\\\/#website\"},\"primaryImageOfPage\":{\"@id\":\"https:\\\/\\\/erevanblog.am\\\/?p=10310#primaryimage\"},\"image\":{\"@id\":\"https:\\\/\\\/erevanblog.am\\\/?p=10310#primaryimage\"},\"thumbnailUrl\":\"https:\\\/\\\/erevanblog.am\\\/wp-content\\\/uploads\\\/2025\\\/06\\\/452378412000.png\",\"datePublished\":\"2025-06-15T07:10:21+00:00\",\"dateModified\":\"2025-06-15T07:10:22+00:00\",\"author\":{\"@id\":\"https:\\\/\\\/erevanblog.am\\\/#\\\/schema\\\/person\\\/204f10311eb7ddb8914a5ab3e5f03928\"},\"breadcrumb\":{\"@id\":\"https:\\\/\\\/erevanblog.am\\\/?p=10310#breadcrumb\"},\"inLanguage\":\"en-US\",\"potentialAction\":[{\"@type\":\"ReadAction\",\"target\":[\"https:\\\/\\\/erevanblog.am\\\/?p=10310\"]}]},{\"@type\":\"ImageObject\",\"inLanguage\":\"en-US\",\"@id\":\"https:\\\/\\\/erevanblog.am\\\/?p=10310#primaryimage\",\"url\":\"https:\\\/\\\/erevanblog.am\\\/wp-content\\\/uploads\\\/2025\\\/06\\\/452378412000.png\",\"contentUrl\":\"https:\\\/\\\/erevanblog.am\\\/wp-content\\\/uploads\\\/2025\\\/06\\\/452378412000.png\",\"width\":1024,\"height\":961},{\"@type\":\"BreadcrumbList\",\"@id\":\"https:\\\/\\\/erevanblog.am\\\/?p=10310#breadcrumb\",\"itemListElement\":[{\"@type\":\"ListItem\",\"position\":1,\"name\":\"Home\",\"item\":\"https:\\\/\\\/erevanblog.am\\\/\"},{\"@type\":\"ListItem\",\"position\":2,\"name\":\"K\u0159ik u hrobu: Chlapec tvrdil, \u017ee jeho matka \u017eije. A m\u011bl pravdu.\"}]},{\"@type\":\"WebSite\",\"@id\":\"https:\\\/\\\/erevanblog.am\\\/#website\",\"url\":\"https:\\\/\\\/erevanblog.am\\\/\",\"name\":\"\",\"description\":\"\",\"potentialAction\":[{\"@type\":\"SearchAction\",\"target\":{\"@type\":\"EntryPoint\",\"urlTemplate\":\"https:\\\/\\\/erevanblog.am\\\/?s={search_term_string}\"},\"query-input\":{\"@type\":\"PropertyValueSpecification\",\"valueRequired\":true,\"valueName\":\"search_term_string\"}}],\"inLanguage\":\"en-US\"},{\"@type\":\"Person\",\"@id\":\"https:\\\/\\\/erevanblog.am\\\/#\\\/schema\\\/person\\\/204f10311eb7ddb8914a5ab3e5f03928\",\"name\":\"erevanblog_a\",\"image\":{\"@type\":\"ImageObject\",\"inLanguage\":\"en-US\",\"@id\":\"https:\\\/\\\/secure.gravatar.com\\\/avatar\\\/a24f4ac3a683f3c87303db525abc00db51ea26ccedee11dfaf1cc0f9a481a5d2?s=96&d=mm&r=g\",\"url\":\"https:\\\/\\\/secure.gravatar.com\\\/avatar\\\/a24f4ac3a683f3c87303db525abc00db51ea26ccedee11dfaf1cc0f9a481a5d2?s=96&d=mm&r=g\",\"contentUrl\":\"https:\\\/\\\/secure.gravatar.com\\\/avatar\\\/a24f4ac3a683f3c87303db525abc00db51ea26ccedee11dfaf1cc0f9a481a5d2?s=96&d=mm&r=g\",\"caption\":\"erevanblog_a\"},\"sameAs\":[\"http:\\\/\\\/erevanblog.am\"],\"url\":\"https:\\\/\\\/erevanblog.am\\\/?author=1\"}]}<\/script>\n<!-- \/ Yoast SEO plugin. -->","yoast_head_json":{"title":"K\u0159ik u hrobu: Chlapec tvrdil, \u017ee jeho matka \u017eije. A m\u011bl pravdu. -","robots":{"index":"index","follow":"follow","max-snippet":"max-snippet:-1","max-image-preview":"max-image-preview:large","max-video-preview":"max-video-preview:-1"},"canonical":"https:\/\/erevanblog.am\/?p=10310","og_locale":"en_US","og_type":"article","og_title":"K\u0159ik u hrobu: Chlapec tvrdil, \u017ee jeho matka \u017eije. A m\u011bl pravdu. -","og_description":"Byl chladn\u00fd podzimn\u00ed den, v\u011btve strom\u016f se oh\u00fdbaly pod n\u00e1pory v\u011btru a mezi star\u00fdmi hroby v zapadl\u00e9 \u010d\u00e1sti h\u0159bitova se oz\u00fdval d\u011btsk\u00fd hlas pln\u00fd zoufalstv\u00ed. [...]","og_url":"https:\/\/erevanblog.am\/?p=10310","article_published_time":"2025-06-15T07:10:21+00:00","article_modified_time":"2025-06-15T07:10:22+00:00","og_image":[{"width":1024,"height":961,"url":"http:\/\/erevanblog.am\/wp-content\/uploads\/2025\/06\/452378412000.png","type":"image\/png"}],"author":"erevanblog_a","twitter_card":"summary_large_image","twitter_misc":{"Written by":"erevanblog_a","Est. reading time":"3 minutes"},"schema":{"@context":"https:\/\/schema.org","@graph":[{"@type":"Article","@id":"https:\/\/erevanblog.am\/?p=10310#article","isPartOf":{"@id":"https:\/\/erevanblog.am\/?p=10310"},"author":{"name":"erevanblog_a","@id":"https:\/\/erevanblog.am\/#\/schema\/person\/204f10311eb7ddb8914a5ab3e5f03928"},"headline":"K\u0159ik u hrobu: Chlapec tvrdil, \u017ee jeho matka \u017eije. A m\u011bl pravdu.","datePublished":"2025-06-15T07:10:21+00:00","dateModified":"2025-06-15T07:10:22+00:00","mainEntityOfPage":{"@id":"https:\/\/erevanblog.am\/?p=10310"},"wordCount":576,"commentCount":0,"image":{"@id":"https:\/\/erevanblog.am\/?p=10310#primaryimage"},"thumbnailUrl":"https:\/\/erevanblog.am\/wp-content\/uploads\/2025\/06\/452378412000.png","articleSection":["NEWS"],"inLanguage":"en-US","potentialAction":[{"@type":"CommentAction","name":"Comment","target":["https:\/\/erevanblog.am\/?p=10310#respond"]}]},{"@type":"WebPage","@id":"https:\/\/erevanblog.am\/?p=10310","url":"https:\/\/erevanblog.am\/?p=10310","name":"K\u0159ik u hrobu: Chlapec tvrdil, \u017ee jeho matka \u017eije. A m\u011bl pravdu. -","isPartOf":{"@id":"https:\/\/erevanblog.am\/#website"},"primaryImageOfPage":{"@id":"https:\/\/erevanblog.am\/?p=10310#primaryimage"},"image":{"@id":"https:\/\/erevanblog.am\/?p=10310#primaryimage"},"thumbnailUrl":"https:\/\/erevanblog.am\/wp-content\/uploads\/2025\/06\/452378412000.png","datePublished":"2025-06-15T07:10:21+00:00","dateModified":"2025-06-15T07:10:22+00:00","author":{"@id":"https:\/\/erevanblog.am\/#\/schema\/person\/204f10311eb7ddb8914a5ab3e5f03928"},"breadcrumb":{"@id":"https:\/\/erevanblog.am\/?p=10310#breadcrumb"},"inLanguage":"en-US","potentialAction":[{"@type":"ReadAction","target":["https:\/\/erevanblog.am\/?p=10310"]}]},{"@type":"ImageObject","inLanguage":"en-US","@id":"https:\/\/erevanblog.am\/?p=10310#primaryimage","url":"https:\/\/erevanblog.am\/wp-content\/uploads\/2025\/06\/452378412000.png","contentUrl":"https:\/\/erevanblog.am\/wp-content\/uploads\/2025\/06\/452378412000.png","width":1024,"height":961},{"@type":"BreadcrumbList","@id":"https:\/\/erevanblog.am\/?p=10310#breadcrumb","itemListElement":[{"@type":"ListItem","position":1,"name":"Home","item":"https:\/\/erevanblog.am\/"},{"@type":"ListItem","position":2,"name":"K\u0159ik u hrobu: Chlapec tvrdil, \u017ee jeho matka \u017eije. A m\u011bl pravdu."}]},{"@type":"WebSite","@id":"https:\/\/erevanblog.am\/#website","url":"https:\/\/erevanblog.am\/","name":"","description":"","potentialAction":[{"@type":"SearchAction","target":{"@type":"EntryPoint","urlTemplate":"https:\/\/erevanblog.am\/?s={search_term_string}"},"query-input":{"@type":"PropertyValueSpecification","valueRequired":true,"valueName":"search_term_string"}}],"inLanguage":"en-US"},{"@type":"Person","@id":"https:\/\/erevanblog.am\/#\/schema\/person\/204f10311eb7ddb8914a5ab3e5f03928","name":"erevanblog_a","image":{"@type":"ImageObject","inLanguage":"en-US","@id":"https:\/\/secure.gravatar.com\/avatar\/a24f4ac3a683f3c87303db525abc00db51ea26ccedee11dfaf1cc0f9a481a5d2?s=96&d=mm&r=g","url":"https:\/\/secure.gravatar.com\/avatar\/a24f4ac3a683f3c87303db525abc00db51ea26ccedee11dfaf1cc0f9a481a5d2?s=96&d=mm&r=g","contentUrl":"https:\/\/secure.gravatar.com\/avatar\/a24f4ac3a683f3c87303db525abc00db51ea26ccedee11dfaf1cc0f9a481a5d2?s=96&d=mm&r=g","caption":"erevanblog_a"},"sameAs":["http:\/\/erevanblog.am"],"url":"https:\/\/erevanblog.am\/?author=1"}]}},"views":203,"_links":{"self":[{"href":"https:\/\/erevanblog.am\/index.php?rest_route=\/wp\/v2\/posts\/10310","targetHints":{"allow":["GET"]}}],"collection":[{"href":"https:\/\/erevanblog.am\/index.php?rest_route=\/wp\/v2\/posts"}],"about":[{"href":"https:\/\/erevanblog.am\/index.php?rest_route=\/wp\/v2\/types\/post"}],"author":[{"embeddable":true,"href":"https:\/\/erevanblog.am\/index.php?rest_route=\/wp\/v2\/users\/1"}],"replies":[{"embeddable":true,"href":"https:\/\/erevanblog.am\/index.php?rest_route=%2Fwp%2Fv2%2Fcomments&post=10310"}],"version-history":[{"count":1,"href":"https:\/\/erevanblog.am\/index.php?rest_route=\/wp\/v2\/posts\/10310\/revisions"}],"predecessor-version":[{"id":10312,"href":"https:\/\/erevanblog.am\/index.php?rest_route=\/wp\/v2\/posts\/10310\/revisions\/10312"}],"wp:featuredmedia":[{"embeddable":true,"href":"https:\/\/erevanblog.am\/index.php?rest_route=\/wp\/v2\/media\/10311"}],"wp:attachment":[{"href":"https:\/\/erevanblog.am\/index.php?rest_route=%2Fwp%2Fv2%2Fmedia&parent=10310"}],"wp:term":[{"taxonomy":"category","embeddable":true,"href":"https:\/\/erevanblog.am\/index.php?rest_route=%2Fwp%2Fv2%2Fcategories&post=10310"},{"taxonomy":"post_tag","embeddable":true,"href":"https:\/\/erevanblog.am\/index.php?rest_route=%2Fwp%2Fv2%2Ftags&post=10310"}],"curies":[{"name":"wp","href":"https:\/\/api.w.org\/{rel}","templated":true}]}}