{"id":10319,"date":"2025-06-15T08:37:36","date_gmt":"2025-06-15T07:37:36","guid":{"rendered":"https:\/\/erevanblog.am\/?p=10319"},"modified":"2025-06-15T08:37:37","modified_gmt":"2025-06-15T07:37:37","slug":"vsechno-vypadalo-jako-bezny-vecer-dokud-se-vedle-nej-nezacalo-neco-dit-to-co-zachytila-kamera-vsem-ztuhlo-krev-v-zilach","status":"publish","type":"post","link":"https:\/\/erevanblog.am\/?p=10319","title":{"rendered":"V\u0161echno vypadalo jako b\u011b\u017en\u00fd ve\u010der\u2026 dokud se vedle n\u011bj neza\u010dalo n\u011bco d\u00edt. To, co zachytila kamera, v\u0161em ztuhlo krev v \u017eil\u00e1ch."},"content":{"rendered":"\n<p>Byla sobota, ve\u010der jako stvo\u0159en\u00fd pro odpo\u010dinek. Skupina p\u0159\u00e1tel si pronajala stylovou chatu v hor\u00e1ch. Na terase v\u00ed\u0159ivka s v\u00fdhledem na les, hudba hr\u00e1la z reproduktoru, sm\u00e1li se, pop\u00edjeli a u\u017e\u00edvali si horkou vodu.<\/p>\n\n\n\n<p>V\u0161echno bylo v pohod\u011b. Do chv\u00edle, kdy si Martin v\u0161iml podivn\u00e9ho pohybu vedle sebe. Voda na jednom m\u00edst\u011b vypadala hust\u0161\u00ed\u2026 jako by se pod hladinou n\u011bco formovalo.<\/p>\n\n\n\n<figure class=\"wp-block-image size-large\"><img loading=\"lazy\" decoding=\"async\" width=\"1024\" height=\"839\" src=\"https:\/\/erevanblog.am\/wp-content\/uploads\/2025\/06\/2017456333-1024x839.jpg\" alt=\"\" class=\"wp-image-10320\" srcset=\"https:\/\/erevanblog.am\/wp-content\/uploads\/2025\/06\/2017456333-1024x839.jpg 1024w, https:\/\/erevanblog.am\/wp-content\/uploads\/2025\/06\/2017456333-300x246.jpg 300w, https:\/\/erevanblog.am\/wp-content\/uploads\/2025\/06\/2017456333-768x629.jpg 768w, https:\/\/erevanblog.am\/wp-content\/uploads\/2025\/06\/2017456333-1536x1258.jpg 1536w, https:\/\/erevanblog.am\/wp-content\/uploads\/2025\/06\/2017456333.jpg 1568w\" sizes=\"auto, (max-width: 1024px) 100vw, 1024px\" \/><\/figure>\n\n\n\n<p>Zprvu to bral jako vtip n\u011bkoho z party. Ale to, co se objevilo, vtip rozhodn\u011b nebyl.<\/p>\n\n\n\n<p>Z vody vystoupila ruka \u2013 ne lidsk\u00e1, ale dlouh\u00e1, bled\u00e1, s prsty neobvykl\u00e9ho tvaru. Pohybovala se ti\u0161e, bez rozvln\u011bn\u00ed vody. A pak\u2026 tv\u00e1\u0159. Nehybn\u00e1, mokr\u00e1, o\u010di doko\u0159\u00e1n \u2013 pr\u00e1zdn\u00e9, bez \u017eivota. Nebyla to \u017e\u00e1dn\u00e1 maska. Ani nikdo z p\u0159\u00e1tel.<\/p>\n\n\n\n<p>V\u0161ichni propadli panice. N\u011bkdo vysko\u010dil, dal\u0161\u00ed se p\u0159i \u00fat\u011bku zranil, voda z v\u00ed\u0159ivky se rozlila po cel\u00e9 terase. Kdy\u017e rozsv\u00edtili v\u0161echna sv\u011btla\u2026 po podivn\u00e9m v\u00fdjevu nezbyla ani stopa. Jen \u010dist\u00e1 voda. Ticho.<\/p>\n\n\n\n<p>A pak si vzpomn\u011bli, \u017ee nad v\u00ed\u0159ivkou je bezpe\u010dnostn\u00ed kamera.<\/p>\n\n\n\n<p>Kdy\u017e si z\u00e1znam pustili, vid\u011bli v\u0161echno znovu \u2013 ruku, tv\u00e1\u0159\u2026 a nav\u00edc jeden d\u011bsiv\u00fd detail: ta bytost nevze\u0161la z vody. Vyno\u0159ila se zpod v\u00ed\u0159ivky. Jako by tam byla celou dobu, p\u0159\u00edmo pod nimi.<\/p>\n\n\n\n<p>Od toho ve\u010dera se nikdo z nich v\u00ed\u0159ivky u\u017e nedotkl. A video? Rad\u0161i ho smazali. Pr\u00fd je lep\u0161\u00ed, kdy\u017e ho u\u017e nikdo neuvid\u00ed.<\/p>\n","protected":false},"excerpt":{"rendered":"<div class=\"mh-excerpt\"><p>Byla sobota, ve\u010der jako stvo\u0159en\u00fd pro odpo\u010dinek. Skupina p\u0159\u00e1tel si pronajala stylovou chatu v hor\u00e1ch. Na terase v\u00ed\u0159ivka s v\u00fdhledem na les, hudba hr\u00e1la z <a class=\"mh-excerpt-more\" href=\"https:\/\/erevanblog.am\/?p=10319\" title=\"V\u0161echno vypadalo jako b\u011b\u017en\u00fd ve\u010der\u2026 dokud se vedle n\u011bj neza\u010dalo n\u011bco d\u00edt. To, co zachytila kamera, v\u0161em ztuhlo krev v \u017eil\u00e1ch.\">[&#8230;]<\/a><\/p>\n<\/div>","protected":false},"author":1,"featured_media":10320,"comment_status":"open","ping_status":"open","sticky":false,"template":"","format":"standard","meta":{"footnotes":""},"categories":[1],"tags":[],"class_list":["post-10319","post","type-post","status-publish","format-standard","has-post-thumbnail","hentry","category-uncategorised"],"yoast_head":"<!-- This site is optimized with the Yoast SEO plugin v27.5 - https:\/\/yoast.com\/product\/yoast-seo-wordpress\/ -->\n<title>V\u0161echno vypadalo jako b\u011b\u017en\u00fd ve\u010der\u2026 dokud se vedle n\u011bj neza\u010dalo n\u011bco d\u00edt. To, co zachytila kamera, v\u0161em ztuhlo krev v \u017eil\u00e1ch. -<\/title>\n<meta name=\"robots\" content=\"index, follow, max-snippet:-1, max-image-preview:large, max-video-preview:-1\" \/>\n<link rel=\"canonical\" href=\"https:\/\/erevanblog.am\/?p=10319\" \/>\n<meta property=\"og:locale\" content=\"en_US\" \/>\n<meta property=\"og:type\" content=\"article\" \/>\n<meta property=\"og:title\" content=\"V\u0161echno vypadalo jako b\u011b\u017en\u00fd ve\u010der\u2026 dokud se vedle n\u011bj neza\u010dalo n\u011bco d\u00edt. To, co zachytila kamera, v\u0161em ztuhlo krev v \u017eil\u00e1ch. -\" \/>\n<meta property=\"og:description\" content=\"Byla sobota, ve\u010der jako stvo\u0159en\u00fd pro odpo\u010dinek. Skupina p\u0159\u00e1tel si pronajala stylovou chatu v hor\u00e1ch. Na terase v\u00ed\u0159ivka s v\u00fdhledem na les, hudba hr\u00e1la z [...]\" \/>\n<meta property=\"og:url\" content=\"https:\/\/erevanblog.am\/?p=10319\" \/>\n<meta property=\"article:published_time\" content=\"2025-06-15T07:37:36+00:00\" \/>\n<meta property=\"article:modified_time\" content=\"2025-06-15T07:37:37+00:00\" \/>\n<meta property=\"og:image\" content=\"http:\/\/erevanblog.am\/wp-content\/uploads\/2025\/06\/2017456333.jpg\" \/>\n\t<meta property=\"og:image:width\" content=\"1568\" \/>\n\t<meta property=\"og:image:height\" content=\"1284\" \/>\n\t<meta property=\"og:image:type\" content=\"image\/jpeg\" \/>\n<meta name=\"author\" content=\"erevanblog_a\" \/>\n<meta name=\"twitter:card\" content=\"summary_large_image\" \/>\n<meta name=\"twitter:label1\" content=\"Written by\" \/>\n\t<meta name=\"twitter:data1\" content=\"erevanblog_a\" \/>\n\t<meta name=\"twitter:label2\" content=\"Est. reading time\" \/>\n\t<meta name=\"twitter:data2\" content=\"2 minutes\" \/>\n<script type=\"application\/ld+json\" class=\"yoast-schema-graph\">{\"@context\":\"https:\\\/\\\/schema.org\",\"@graph\":[{\"@type\":\"Article\",\"@id\":\"https:\\\/\\\/erevanblog.am\\\/?p=10319#article\",\"isPartOf\":{\"@id\":\"https:\\\/\\\/erevanblog.am\\\/?p=10319\"},\"author\":{\"name\":\"erevanblog_a\",\"@id\":\"https:\\\/\\\/erevanblog.am\\\/#\\\/schema\\\/person\\\/204f10311eb7ddb8914a5ab3e5f03928\"},\"headline\":\"V\u0161echno vypadalo jako b\u011b\u017en\u00fd ve\u010der\u2026 dokud se vedle n\u011bj neza\u010dalo n\u011bco d\u00edt. To, co zachytila kamera, v\u0161em ztuhlo krev v \u017eil\u00e1ch.\",\"datePublished\":\"2025-06-15T07:37:36+00:00\",\"dateModified\":\"2025-06-15T07:37:37+00:00\",\"mainEntityOfPage\":{\"@id\":\"https:\\\/\\\/erevanblog.am\\\/?p=10319\"},\"wordCount\":292,\"commentCount\":0,\"image\":{\"@id\":\"https:\\\/\\\/erevanblog.am\\\/?p=10319#primaryimage\"},\"thumbnailUrl\":\"https:\\\/\\\/erevanblog.am\\\/wp-content\\\/uploads\\\/2025\\\/06\\\/2017456333.jpg\",\"articleSection\":[\"NEWS\"],\"inLanguage\":\"en-US\",\"potentialAction\":[{\"@type\":\"CommentAction\",\"name\":\"Comment\",\"target\":[\"https:\\\/\\\/erevanblog.am\\\/?p=10319#respond\"]}]},{\"@type\":\"WebPage\",\"@id\":\"https:\\\/\\\/erevanblog.am\\\/?p=10319\",\"url\":\"https:\\\/\\\/erevanblog.am\\\/?p=10319\",\"name\":\"V\u0161echno vypadalo jako b\u011b\u017en\u00fd ve\u010der\u2026 dokud se vedle n\u011bj neza\u010dalo n\u011bco d\u00edt. To, co zachytila kamera, v\u0161em ztuhlo krev v \u017eil\u00e1ch. -\",\"isPartOf\":{\"@id\":\"https:\\\/\\\/erevanblog.am\\\/#website\"},\"primaryImageOfPage\":{\"@id\":\"https:\\\/\\\/erevanblog.am\\\/?p=10319#primaryimage\"},\"image\":{\"@id\":\"https:\\\/\\\/erevanblog.am\\\/?p=10319#primaryimage\"},\"thumbnailUrl\":\"https:\\\/\\\/erevanblog.am\\\/wp-content\\\/uploads\\\/2025\\\/06\\\/2017456333.jpg\",\"datePublished\":\"2025-06-15T07:37:36+00:00\",\"dateModified\":\"2025-06-15T07:37:37+00:00\",\"author\":{\"@id\":\"https:\\\/\\\/erevanblog.am\\\/#\\\/schema\\\/person\\\/204f10311eb7ddb8914a5ab3e5f03928\"},\"breadcrumb\":{\"@id\":\"https:\\\/\\\/erevanblog.am\\\/?p=10319#breadcrumb\"},\"inLanguage\":\"en-US\",\"potentialAction\":[{\"@type\":\"ReadAction\",\"target\":[\"https:\\\/\\\/erevanblog.am\\\/?p=10319\"]}]},{\"@type\":\"ImageObject\",\"inLanguage\":\"en-US\",\"@id\":\"https:\\\/\\\/erevanblog.am\\\/?p=10319#primaryimage\",\"url\":\"https:\\\/\\\/erevanblog.am\\\/wp-content\\\/uploads\\\/2025\\\/06\\\/2017456333.jpg\",\"contentUrl\":\"https:\\\/\\\/erevanblog.am\\\/wp-content\\\/uploads\\\/2025\\\/06\\\/2017456333.jpg\",\"width\":1568,\"height\":1284},{\"@type\":\"BreadcrumbList\",\"@id\":\"https:\\\/\\\/erevanblog.am\\\/?p=10319#breadcrumb\",\"itemListElement\":[{\"@type\":\"ListItem\",\"position\":1,\"name\":\"Home\",\"item\":\"https:\\\/\\\/erevanblog.am\\\/\"},{\"@type\":\"ListItem\",\"position\":2,\"name\":\"V\u0161echno vypadalo jako b\u011b\u017en\u00fd ve\u010der\u2026 dokud se vedle n\u011bj neza\u010dalo n\u011bco d\u00edt. To, co zachytila kamera, v\u0161em ztuhlo krev v \u017eil\u00e1ch.\"}]},{\"@type\":\"WebSite\",\"@id\":\"https:\\\/\\\/erevanblog.am\\\/#website\",\"url\":\"https:\\\/\\\/erevanblog.am\\\/\",\"name\":\"\",\"description\":\"\",\"potentialAction\":[{\"@type\":\"SearchAction\",\"target\":{\"@type\":\"EntryPoint\",\"urlTemplate\":\"https:\\\/\\\/erevanblog.am\\\/?s={search_term_string}\"},\"query-input\":{\"@type\":\"PropertyValueSpecification\",\"valueRequired\":true,\"valueName\":\"search_term_string\"}}],\"inLanguage\":\"en-US\"},{\"@type\":\"Person\",\"@id\":\"https:\\\/\\\/erevanblog.am\\\/#\\\/schema\\\/person\\\/204f10311eb7ddb8914a5ab3e5f03928\",\"name\":\"erevanblog_a\",\"image\":{\"@type\":\"ImageObject\",\"inLanguage\":\"en-US\",\"@id\":\"https:\\\/\\\/secure.gravatar.com\\\/avatar\\\/a24f4ac3a683f3c87303db525abc00db51ea26ccedee11dfaf1cc0f9a481a5d2?s=96&d=mm&r=g\",\"url\":\"https:\\\/\\\/secure.gravatar.com\\\/avatar\\\/a24f4ac3a683f3c87303db525abc00db51ea26ccedee11dfaf1cc0f9a481a5d2?s=96&d=mm&r=g\",\"contentUrl\":\"https:\\\/\\\/secure.gravatar.com\\\/avatar\\\/a24f4ac3a683f3c87303db525abc00db51ea26ccedee11dfaf1cc0f9a481a5d2?s=96&d=mm&r=g\",\"caption\":\"erevanblog_a\"},\"sameAs\":[\"http:\\\/\\\/erevanblog.am\"],\"url\":\"https:\\\/\\\/erevanblog.am\\\/?author=1\"}]}<\/script>\n<!-- \/ Yoast SEO plugin. -->","yoast_head_json":{"title":"V\u0161echno vypadalo jako b\u011b\u017en\u00fd ve\u010der\u2026 dokud se vedle n\u011bj neza\u010dalo n\u011bco d\u00edt. To, co zachytila kamera, v\u0161em ztuhlo krev v \u017eil\u00e1ch. -","robots":{"index":"index","follow":"follow","max-snippet":"max-snippet:-1","max-image-preview":"max-image-preview:large","max-video-preview":"max-video-preview:-1"},"canonical":"https:\/\/erevanblog.am\/?p=10319","og_locale":"en_US","og_type":"article","og_title":"V\u0161echno vypadalo jako b\u011b\u017en\u00fd ve\u010der\u2026 dokud se vedle n\u011bj neza\u010dalo n\u011bco d\u00edt. To, co zachytila kamera, v\u0161em ztuhlo krev v \u017eil\u00e1ch. -","og_description":"Byla sobota, ve\u010der jako stvo\u0159en\u00fd pro odpo\u010dinek. Skupina p\u0159\u00e1tel si pronajala stylovou chatu v hor\u00e1ch. Na terase v\u00ed\u0159ivka s v\u00fdhledem na les, hudba hr\u00e1la z [...]","og_url":"https:\/\/erevanblog.am\/?p=10319","article_published_time":"2025-06-15T07:37:36+00:00","article_modified_time":"2025-06-15T07:37:37+00:00","og_image":[{"width":1568,"height":1284,"url":"http:\/\/erevanblog.am\/wp-content\/uploads\/2025\/06\/2017456333.jpg","type":"image\/jpeg"}],"author":"erevanblog_a","twitter_card":"summary_large_image","twitter_misc":{"Written by":"erevanblog_a","Est. reading time":"2 minutes"},"schema":{"@context":"https:\/\/schema.org","@graph":[{"@type":"Article","@id":"https:\/\/erevanblog.am\/?p=10319#article","isPartOf":{"@id":"https:\/\/erevanblog.am\/?p=10319"},"author":{"name":"erevanblog_a","@id":"https:\/\/erevanblog.am\/#\/schema\/person\/204f10311eb7ddb8914a5ab3e5f03928"},"headline":"V\u0161echno vypadalo jako b\u011b\u017en\u00fd ve\u010der\u2026 dokud se vedle n\u011bj neza\u010dalo n\u011bco d\u00edt. To, co zachytila kamera, v\u0161em ztuhlo krev v \u017eil\u00e1ch.","datePublished":"2025-06-15T07:37:36+00:00","dateModified":"2025-06-15T07:37:37+00:00","mainEntityOfPage":{"@id":"https:\/\/erevanblog.am\/?p=10319"},"wordCount":292,"commentCount":0,"image":{"@id":"https:\/\/erevanblog.am\/?p=10319#primaryimage"},"thumbnailUrl":"https:\/\/erevanblog.am\/wp-content\/uploads\/2025\/06\/2017456333.jpg","articleSection":["NEWS"],"inLanguage":"en-US","potentialAction":[{"@type":"CommentAction","name":"Comment","target":["https:\/\/erevanblog.am\/?p=10319#respond"]}]},{"@type":"WebPage","@id":"https:\/\/erevanblog.am\/?p=10319","url":"https:\/\/erevanblog.am\/?p=10319","name":"V\u0161echno vypadalo jako b\u011b\u017en\u00fd ve\u010der\u2026 dokud se vedle n\u011bj neza\u010dalo n\u011bco d\u00edt. To, co zachytila kamera, v\u0161em ztuhlo krev v \u017eil\u00e1ch. -","isPartOf":{"@id":"https:\/\/erevanblog.am\/#website"},"primaryImageOfPage":{"@id":"https:\/\/erevanblog.am\/?p=10319#primaryimage"},"image":{"@id":"https:\/\/erevanblog.am\/?p=10319#primaryimage"},"thumbnailUrl":"https:\/\/erevanblog.am\/wp-content\/uploads\/2025\/06\/2017456333.jpg","datePublished":"2025-06-15T07:37:36+00:00","dateModified":"2025-06-15T07:37:37+00:00","author":{"@id":"https:\/\/erevanblog.am\/#\/schema\/person\/204f10311eb7ddb8914a5ab3e5f03928"},"breadcrumb":{"@id":"https:\/\/erevanblog.am\/?p=10319#breadcrumb"},"inLanguage":"en-US","potentialAction":[{"@type":"ReadAction","target":["https:\/\/erevanblog.am\/?p=10319"]}]},{"@type":"ImageObject","inLanguage":"en-US","@id":"https:\/\/erevanblog.am\/?p=10319#primaryimage","url":"https:\/\/erevanblog.am\/wp-content\/uploads\/2025\/06\/2017456333.jpg","contentUrl":"https:\/\/erevanblog.am\/wp-content\/uploads\/2025\/06\/2017456333.jpg","width":1568,"height":1284},{"@type":"BreadcrumbList","@id":"https:\/\/erevanblog.am\/?p=10319#breadcrumb","itemListElement":[{"@type":"ListItem","position":1,"name":"Home","item":"https:\/\/erevanblog.am\/"},{"@type":"ListItem","position":2,"name":"V\u0161echno vypadalo jako b\u011b\u017en\u00fd ve\u010der\u2026 dokud se vedle n\u011bj neza\u010dalo n\u011bco d\u00edt. To, co zachytila kamera, v\u0161em ztuhlo krev v \u017eil\u00e1ch."}]},{"@type":"WebSite","@id":"https:\/\/erevanblog.am\/#website","url":"https:\/\/erevanblog.am\/","name":"","description":"","potentialAction":[{"@type":"SearchAction","target":{"@type":"EntryPoint","urlTemplate":"https:\/\/erevanblog.am\/?s={search_term_string}"},"query-input":{"@type":"PropertyValueSpecification","valueRequired":true,"valueName":"search_term_string"}}],"inLanguage":"en-US"},{"@type":"Person","@id":"https:\/\/erevanblog.am\/#\/schema\/person\/204f10311eb7ddb8914a5ab3e5f03928","name":"erevanblog_a","image":{"@type":"ImageObject","inLanguage":"en-US","@id":"https:\/\/secure.gravatar.com\/avatar\/a24f4ac3a683f3c87303db525abc00db51ea26ccedee11dfaf1cc0f9a481a5d2?s=96&d=mm&r=g","url":"https:\/\/secure.gravatar.com\/avatar\/a24f4ac3a683f3c87303db525abc00db51ea26ccedee11dfaf1cc0f9a481a5d2?s=96&d=mm&r=g","contentUrl":"https:\/\/secure.gravatar.com\/avatar\/a24f4ac3a683f3c87303db525abc00db51ea26ccedee11dfaf1cc0f9a481a5d2?s=96&d=mm&r=g","caption":"erevanblog_a"},"sameAs":["http:\/\/erevanblog.am"],"url":"https:\/\/erevanblog.am\/?author=1"}]}},"views":200,"_links":{"self":[{"href":"https:\/\/erevanblog.am\/index.php?rest_route=\/wp\/v2\/posts\/10319","targetHints":{"allow":["GET"]}}],"collection":[{"href":"https:\/\/erevanblog.am\/index.php?rest_route=\/wp\/v2\/posts"}],"about":[{"href":"https:\/\/erevanblog.am\/index.php?rest_route=\/wp\/v2\/types\/post"}],"author":[{"embeddable":true,"href":"https:\/\/erevanblog.am\/index.php?rest_route=\/wp\/v2\/users\/1"}],"replies":[{"embeddable":true,"href":"https:\/\/erevanblog.am\/index.php?rest_route=%2Fwp%2Fv2%2Fcomments&post=10319"}],"version-history":[{"count":1,"href":"https:\/\/erevanblog.am\/index.php?rest_route=\/wp\/v2\/posts\/10319\/revisions"}],"predecessor-version":[{"id":10321,"href":"https:\/\/erevanblog.am\/index.php?rest_route=\/wp\/v2\/posts\/10319\/revisions\/10321"}],"wp:featuredmedia":[{"embeddable":true,"href":"https:\/\/erevanblog.am\/index.php?rest_route=\/wp\/v2\/media\/10320"}],"wp:attachment":[{"href":"https:\/\/erevanblog.am\/index.php?rest_route=%2Fwp%2Fv2%2Fmedia&parent=10319"}],"wp:term":[{"taxonomy":"category","embeddable":true,"href":"https:\/\/erevanblog.am\/index.php?rest_route=%2Fwp%2Fv2%2Fcategories&post=10319"},{"taxonomy":"post_tag","embeddable":true,"href":"https:\/\/erevanblog.am\/index.php?rest_route=%2Fwp%2Fv2%2Ftags&post=10319"}],"curies":[{"name":"wp","href":"https:\/\/api.w.org\/{rel}","templated":true}]}}