{"id":10340,"date":"2025-06-16T07:59:17","date_gmt":"2025-06-16T06:59:17","guid":{"rendered":"https:\/\/erevanblog.am\/?p=10340"},"modified":"2025-06-16T07:59:18","modified_gmt":"2025-06-16T06:59:18","slug":"neuveritelna-promena-ceska-modelka-petra-zari-i-ve-veku-52-let","status":"publish","type":"post","link":"https:\/\/erevanblog.am\/?p=10340","title":{"rendered":"Neuv\u011b\u0159iteln\u00e1 prom\u011bna: \u010cesk\u00e1 modelka Petra z\u00e1\u0159\u00ed i ve v\u011bku 52 let"},"content":{"rendered":"\n<p>Kdy\u017e se pod\u00edv\u00e1te na postavu t\u00e9to \u017eeny, jen st\u011b\u017e\u00ed uv\u011b\u0159\u00edte, \u017ee j\u00ed je 52 let. Petra, \u010desk\u00e1 modelka, dokazuje, \u017ee kr\u00e1sa a vitalita nejsou jen v\u00fdsadou mlad\u00fdch. V prost\u0159ed\u00ed m\u00f3dn\u00edho pr\u016fmyslu, kde b\u00fdv\u00e1 ml\u00e1d\u00ed pova\u017eov\u00e1no za kl\u00ed\u010dov\u00fd faktor, Petra bo\u0159\u00ed p\u0159edsudky a ukazuje, \u017ee v\u011bk je skute\u010dn\u011b jen \u010d\u00edslo.<\/p>\n\n\n\n<figure class=\"wp-block-image size-large\"><img loading=\"lazy\" decoding=\"async\" width=\"768\" height=\"1024\" src=\"https:\/\/erevanblog.am\/wp-content\/uploads\/2025\/06\/4536932111-768x1024.jpg\" alt=\"\" class=\"wp-image-10341\" srcset=\"https:\/\/erevanblog.am\/wp-content\/uploads\/2025\/06\/4536932111-768x1024.jpg 768w, https:\/\/erevanblog.am\/wp-content\/uploads\/2025\/06\/4536932111-225x300.jpg 225w, https:\/\/erevanblog.am\/wp-content\/uploads\/2025\/06\/4536932111-1152x1536.jpg 1152w, https:\/\/erevanblog.am\/wp-content\/uploads\/2025\/06\/4536932111.jpg 1536w\" sizes=\"auto, (max-width: 768px) 100vw, 768px\" \/><\/figure>\n\n\n\n<p>Udr\u017eovan\u00e1 postava, zdrav\u00e1 ple\u0165 a jiskra v o\u010d\u00edch \u2013 to v\u0161e je v\u00fdsledkem jej\u00edho dlouhodob\u00e9ho p\u0159\u00edstupu k \u017eivotu. Petra db\u00e1 na pohyb, zdravou stravu a vnit\u0159n\u00ed rovnov\u00e1hu. J\u00f3ga a meditace j\u00ed pom\u00e1haj\u00ed z\u016fstat v psychick\u00e9 pohod\u011b, co\u017e se n\u00e1sledn\u011b odr\u00e1\u017e\u00ed i na jej\u00edm vzhledu. \u201eSkute\u010dn\u00e1 kr\u00e1sa za\u010d\u00edn\u00e1 uvnit\u0159,\u201c \u0159\u00edk\u00e1v\u00e1 s p\u0159esv\u011bd\u010den\u00edm.<\/p>\n\n\n\n<p>Ka\u017ed\u00fd den si dop\u0159\u00e1v\u00e1 vyv\u00e1\u017eenou stravu plnou \u010derstv\u00fdch surovin a vyh\u00fdb\u00e1 se zbyte\u010dn\u00e9 chemii v kosmetice. M\u00edsto z\u00e1zra\u010dn\u00fdch kr\u00e9m\u016f spol\u00e9h\u00e1 na pravidelnou p\u00e9\u010di a p\u0159\u00edrodn\u00ed produkty. \u201eNejde o z\u00e1zraky, ale o ka\u017edodenn\u00ed rutinu a vztah k sob\u011b sam\u00e9,\u201c \u0159\u00edk\u00e1.<\/p>\n\n\n\n<p>Velk\u00fd d\u016fraz klade i na kvalitn\u00ed sp\u00e1nek a dostatek odpo\u010dinku. Pr\u00e1v\u011b rovnov\u00e1ha mezi prac\u00ed, relaxac\u00ed, pohybem a radost\u00ed ze \u017eivota je pro Petru kl\u00ed\u010dem k tomu, aby se c\u00edtila dob\u0159e a vypadala skv\u011ble.<\/p>\n\n\n\n<p>Petra v\u011b\u0159\u00ed, \u017ee mladistv\u00fd vzhled pramen\u00ed z pozitivn\u00edho p\u0159\u00edstupu k \u017eivotu. Neztr\u00e1c\u00ed energii negativn\u00edmi my\u0161lenkami a m\u00edsto toho se soust\u0159ed\u00ed na to, co j\u00ed d\u011bl\u00e1 radost. \u201eChu\u0165 do \u017eivota a otev\u0159en\u00e9 srdce v\u00e1s udr\u017e\u00ed mlad\u00fdmi,\u201c tvrd\u00ed s \u00fasm\u011bvem.<\/p>\n\n\n\n<p>Jej\u00ed inspirativn\u00ed p\u0159\u00edb\u011bh oslovuje lidi v\u0161ech generac\u00ed. Petra je d\u016fkazem toho, \u017ee s l\u00e1skou k sob\u011b, p\u00e9\u010d\u00ed a zdrav\u00fdm \u017eivotn\u00edm stylem lze st\u00e1rnout s eleganc\u00ed a sebev\u011bdom\u00edm. A\u017e p\u0159\u00ed\u0161t\u011b uvid\u00edte jej\u00ed fotografii, nezapome\u0148te \u2013 za t\u00edm v\u0161\u00edm je s\u00edla, vytrvalost a vnit\u0159n\u00ed harmonie. Proto\u017ee opravdov\u00e1 kr\u00e1sa vych\u00e1z\u00ed ze srdce \u2013 a ta nezn\u00e1 v\u011bk.<\/p>\n","protected":false},"excerpt":{"rendered":"<div class=\"mh-excerpt\"><p>Kdy\u017e se pod\u00edv\u00e1te na postavu t\u00e9to \u017eeny, jen st\u011b\u017e\u00ed uv\u011b\u0159\u00edte, \u017ee j\u00ed je 52 let. Petra, \u010desk\u00e1 modelka, dokazuje, \u017ee kr\u00e1sa a vitalita nejsou jen <a class=\"mh-excerpt-more\" href=\"https:\/\/erevanblog.am\/?p=10340\" title=\"Neuv\u011b\u0159iteln\u00e1 prom\u011bna: \u010cesk\u00e1 modelka Petra z\u00e1\u0159\u00ed i ve v\u011bku 52 let\">[&#8230;]<\/a><\/p>\n<\/div>","protected":false},"author":1,"featured_media":10341,"comment_status":"open","ping_status":"open","sticky":false,"template":"","format":"standard","meta":{"footnotes":""},"categories":[1],"tags":[],"class_list":["post-10340","post","type-post","status-publish","format-standard","has-post-thumbnail","hentry","category-uncategorised"],"yoast_head":"<!-- This site is optimized with the Yoast SEO plugin v27.5 - https:\/\/yoast.com\/product\/yoast-seo-wordpress\/ -->\n<title>Neuv\u011b\u0159iteln\u00e1 prom\u011bna: \u010cesk\u00e1 modelka Petra z\u00e1\u0159\u00ed i ve v\u011bku 52 let -<\/title>\n<meta name=\"robots\" content=\"index, follow, max-snippet:-1, max-image-preview:large, max-video-preview:-1\" \/>\n<link rel=\"canonical\" href=\"https:\/\/erevanblog.am\/?p=10340\" \/>\n<meta property=\"og:locale\" content=\"en_US\" \/>\n<meta property=\"og:type\" content=\"article\" \/>\n<meta property=\"og:title\" content=\"Neuv\u011b\u0159iteln\u00e1 prom\u011bna: \u010cesk\u00e1 modelka Petra z\u00e1\u0159\u00ed i ve v\u011bku 52 let -\" \/>\n<meta property=\"og:description\" content=\"Kdy\u017e se pod\u00edv\u00e1te na postavu t\u00e9to \u017eeny, jen st\u011b\u017e\u00ed uv\u011b\u0159\u00edte, \u017ee j\u00ed je 52 let. Petra, \u010desk\u00e1 modelka, dokazuje, \u017ee kr\u00e1sa a vitalita nejsou jen [...]\" \/>\n<meta property=\"og:url\" content=\"https:\/\/erevanblog.am\/?p=10340\" \/>\n<meta property=\"article:published_time\" content=\"2025-06-16T06:59:17+00:00\" \/>\n<meta property=\"article:modified_time\" content=\"2025-06-16T06:59:18+00:00\" \/>\n<meta property=\"og:image\" content=\"http:\/\/erevanblog.am\/wp-content\/uploads\/2025\/06\/4536932111.jpg\" \/>\n\t<meta property=\"og:image:width\" content=\"1536\" \/>\n\t<meta property=\"og:image:height\" content=\"2048\" \/>\n\t<meta property=\"og:image:type\" content=\"image\/jpeg\" \/>\n<meta name=\"author\" content=\"erevanblog_a\" \/>\n<meta name=\"twitter:card\" content=\"summary_large_image\" \/>\n<meta name=\"twitter:label1\" content=\"Written by\" \/>\n\t<meta name=\"twitter:data1\" content=\"erevanblog_a\" \/>\n\t<meta name=\"twitter:label2\" content=\"Est. reading time\" \/>\n\t<meta name=\"twitter:data2\" content=\"2 minutes\" \/>\n<script type=\"application\/ld+json\" class=\"yoast-schema-graph\">{\"@context\":\"https:\\\/\\\/schema.org\",\"@graph\":[{\"@type\":\"Article\",\"@id\":\"https:\\\/\\\/erevanblog.am\\\/?p=10340#article\",\"isPartOf\":{\"@id\":\"https:\\\/\\\/erevanblog.am\\\/?p=10340\"},\"author\":{\"name\":\"erevanblog_a\",\"@id\":\"https:\\\/\\\/erevanblog.am\\\/#\\\/schema\\\/person\\\/204f10311eb7ddb8914a5ab3e5f03928\"},\"headline\":\"Neuv\u011b\u0159iteln\u00e1 prom\u011bna: \u010cesk\u00e1 modelka Petra z\u00e1\u0159\u00ed i ve v\u011bku 52 let\",\"datePublished\":\"2025-06-16T06:59:17+00:00\",\"dateModified\":\"2025-06-16T06:59:18+00:00\",\"mainEntityOfPage\":{\"@id\":\"https:\\\/\\\/erevanblog.am\\\/?p=10340\"},\"wordCount\":372,\"commentCount\":0,\"image\":{\"@id\":\"https:\\\/\\\/erevanblog.am\\\/?p=10340#primaryimage\"},\"thumbnailUrl\":\"https:\\\/\\\/erevanblog.am\\\/wp-content\\\/uploads\\\/2025\\\/06\\\/4536932111.jpg\",\"articleSection\":[\"NEWS\"],\"inLanguage\":\"en-US\",\"potentialAction\":[{\"@type\":\"CommentAction\",\"name\":\"Comment\",\"target\":[\"https:\\\/\\\/erevanblog.am\\\/?p=10340#respond\"]}]},{\"@type\":\"WebPage\",\"@id\":\"https:\\\/\\\/erevanblog.am\\\/?p=10340\",\"url\":\"https:\\\/\\\/erevanblog.am\\\/?p=10340\",\"name\":\"Neuv\u011b\u0159iteln\u00e1 prom\u011bna: \u010cesk\u00e1 modelka Petra z\u00e1\u0159\u00ed i ve v\u011bku 52 let -\",\"isPartOf\":{\"@id\":\"https:\\\/\\\/erevanblog.am\\\/#website\"},\"primaryImageOfPage\":{\"@id\":\"https:\\\/\\\/erevanblog.am\\\/?p=10340#primaryimage\"},\"image\":{\"@id\":\"https:\\\/\\\/erevanblog.am\\\/?p=10340#primaryimage\"},\"thumbnailUrl\":\"https:\\\/\\\/erevanblog.am\\\/wp-content\\\/uploads\\\/2025\\\/06\\\/4536932111.jpg\",\"datePublished\":\"2025-06-16T06:59:17+00:00\",\"dateModified\":\"2025-06-16T06:59:18+00:00\",\"author\":{\"@id\":\"https:\\\/\\\/erevanblog.am\\\/#\\\/schema\\\/person\\\/204f10311eb7ddb8914a5ab3e5f03928\"},\"breadcrumb\":{\"@id\":\"https:\\\/\\\/erevanblog.am\\\/?p=10340#breadcrumb\"},\"inLanguage\":\"en-US\",\"potentialAction\":[{\"@type\":\"ReadAction\",\"target\":[\"https:\\\/\\\/erevanblog.am\\\/?p=10340\"]}]},{\"@type\":\"ImageObject\",\"inLanguage\":\"en-US\",\"@id\":\"https:\\\/\\\/erevanblog.am\\\/?p=10340#primaryimage\",\"url\":\"https:\\\/\\\/erevanblog.am\\\/wp-content\\\/uploads\\\/2025\\\/06\\\/4536932111.jpg\",\"contentUrl\":\"https:\\\/\\\/erevanblog.am\\\/wp-content\\\/uploads\\\/2025\\\/06\\\/4536932111.jpg\",\"width\":1536,\"height\":2048},{\"@type\":\"BreadcrumbList\",\"@id\":\"https:\\\/\\\/erevanblog.am\\\/?p=10340#breadcrumb\",\"itemListElement\":[{\"@type\":\"ListItem\",\"position\":1,\"name\":\"Home\",\"item\":\"https:\\\/\\\/erevanblog.am\\\/\"},{\"@type\":\"ListItem\",\"position\":2,\"name\":\"Neuv\u011b\u0159iteln\u00e1 prom\u011bna: \u010cesk\u00e1 modelka Petra z\u00e1\u0159\u00ed i ve v\u011bku 52 let\"}]},{\"@type\":\"WebSite\",\"@id\":\"https:\\\/\\\/erevanblog.am\\\/#website\",\"url\":\"https:\\\/\\\/erevanblog.am\\\/\",\"name\":\"\",\"description\":\"\",\"potentialAction\":[{\"@type\":\"SearchAction\",\"target\":{\"@type\":\"EntryPoint\",\"urlTemplate\":\"https:\\\/\\\/erevanblog.am\\\/?s={search_term_string}\"},\"query-input\":{\"@type\":\"PropertyValueSpecification\",\"valueRequired\":true,\"valueName\":\"search_term_string\"}}],\"inLanguage\":\"en-US\"},{\"@type\":\"Person\",\"@id\":\"https:\\\/\\\/erevanblog.am\\\/#\\\/schema\\\/person\\\/204f10311eb7ddb8914a5ab3e5f03928\",\"name\":\"erevanblog_a\",\"image\":{\"@type\":\"ImageObject\",\"inLanguage\":\"en-US\",\"@id\":\"https:\\\/\\\/secure.gravatar.com\\\/avatar\\\/a24f4ac3a683f3c87303db525abc00db51ea26ccedee11dfaf1cc0f9a481a5d2?s=96&d=mm&r=g\",\"url\":\"https:\\\/\\\/secure.gravatar.com\\\/avatar\\\/a24f4ac3a683f3c87303db525abc00db51ea26ccedee11dfaf1cc0f9a481a5d2?s=96&d=mm&r=g\",\"contentUrl\":\"https:\\\/\\\/secure.gravatar.com\\\/avatar\\\/a24f4ac3a683f3c87303db525abc00db51ea26ccedee11dfaf1cc0f9a481a5d2?s=96&d=mm&r=g\",\"caption\":\"erevanblog_a\"},\"sameAs\":[\"http:\\\/\\\/erevanblog.am\"],\"url\":\"https:\\\/\\\/erevanblog.am\\\/?author=1\"}]}<\/script>\n<!-- \/ Yoast SEO plugin. -->","yoast_head_json":{"title":"Neuv\u011b\u0159iteln\u00e1 prom\u011bna: \u010cesk\u00e1 modelka Petra z\u00e1\u0159\u00ed i ve v\u011bku 52 let -","robots":{"index":"index","follow":"follow","max-snippet":"max-snippet:-1","max-image-preview":"max-image-preview:large","max-video-preview":"max-video-preview:-1"},"canonical":"https:\/\/erevanblog.am\/?p=10340","og_locale":"en_US","og_type":"article","og_title":"Neuv\u011b\u0159iteln\u00e1 prom\u011bna: \u010cesk\u00e1 modelka Petra z\u00e1\u0159\u00ed i ve v\u011bku 52 let -","og_description":"Kdy\u017e se pod\u00edv\u00e1te na postavu t\u00e9to \u017eeny, jen st\u011b\u017e\u00ed uv\u011b\u0159\u00edte, \u017ee j\u00ed je 52 let. Petra, \u010desk\u00e1 modelka, dokazuje, \u017ee kr\u00e1sa a vitalita nejsou jen [...]","og_url":"https:\/\/erevanblog.am\/?p=10340","article_published_time":"2025-06-16T06:59:17+00:00","article_modified_time":"2025-06-16T06:59:18+00:00","og_image":[{"width":1536,"height":2048,"url":"http:\/\/erevanblog.am\/wp-content\/uploads\/2025\/06\/4536932111.jpg","type":"image\/jpeg"}],"author":"erevanblog_a","twitter_card":"summary_large_image","twitter_misc":{"Written by":"erevanblog_a","Est. reading time":"2 minutes"},"schema":{"@context":"https:\/\/schema.org","@graph":[{"@type":"Article","@id":"https:\/\/erevanblog.am\/?p=10340#article","isPartOf":{"@id":"https:\/\/erevanblog.am\/?p=10340"},"author":{"name":"erevanblog_a","@id":"https:\/\/erevanblog.am\/#\/schema\/person\/204f10311eb7ddb8914a5ab3e5f03928"},"headline":"Neuv\u011b\u0159iteln\u00e1 prom\u011bna: \u010cesk\u00e1 modelka Petra z\u00e1\u0159\u00ed i ve v\u011bku 52 let","datePublished":"2025-06-16T06:59:17+00:00","dateModified":"2025-06-16T06:59:18+00:00","mainEntityOfPage":{"@id":"https:\/\/erevanblog.am\/?p=10340"},"wordCount":372,"commentCount":0,"image":{"@id":"https:\/\/erevanblog.am\/?p=10340#primaryimage"},"thumbnailUrl":"https:\/\/erevanblog.am\/wp-content\/uploads\/2025\/06\/4536932111.jpg","articleSection":["NEWS"],"inLanguage":"en-US","potentialAction":[{"@type":"CommentAction","name":"Comment","target":["https:\/\/erevanblog.am\/?p=10340#respond"]}]},{"@type":"WebPage","@id":"https:\/\/erevanblog.am\/?p=10340","url":"https:\/\/erevanblog.am\/?p=10340","name":"Neuv\u011b\u0159iteln\u00e1 prom\u011bna: \u010cesk\u00e1 modelka Petra z\u00e1\u0159\u00ed i ve v\u011bku 52 let -","isPartOf":{"@id":"https:\/\/erevanblog.am\/#website"},"primaryImageOfPage":{"@id":"https:\/\/erevanblog.am\/?p=10340#primaryimage"},"image":{"@id":"https:\/\/erevanblog.am\/?p=10340#primaryimage"},"thumbnailUrl":"https:\/\/erevanblog.am\/wp-content\/uploads\/2025\/06\/4536932111.jpg","datePublished":"2025-06-16T06:59:17+00:00","dateModified":"2025-06-16T06:59:18+00:00","author":{"@id":"https:\/\/erevanblog.am\/#\/schema\/person\/204f10311eb7ddb8914a5ab3e5f03928"},"breadcrumb":{"@id":"https:\/\/erevanblog.am\/?p=10340#breadcrumb"},"inLanguage":"en-US","potentialAction":[{"@type":"ReadAction","target":["https:\/\/erevanblog.am\/?p=10340"]}]},{"@type":"ImageObject","inLanguage":"en-US","@id":"https:\/\/erevanblog.am\/?p=10340#primaryimage","url":"https:\/\/erevanblog.am\/wp-content\/uploads\/2025\/06\/4536932111.jpg","contentUrl":"https:\/\/erevanblog.am\/wp-content\/uploads\/2025\/06\/4536932111.jpg","width":1536,"height":2048},{"@type":"BreadcrumbList","@id":"https:\/\/erevanblog.am\/?p=10340#breadcrumb","itemListElement":[{"@type":"ListItem","position":1,"name":"Home","item":"https:\/\/erevanblog.am\/"},{"@type":"ListItem","position":2,"name":"Neuv\u011b\u0159iteln\u00e1 prom\u011bna: \u010cesk\u00e1 modelka Petra z\u00e1\u0159\u00ed i ve v\u011bku 52 let"}]},{"@type":"WebSite","@id":"https:\/\/erevanblog.am\/#website","url":"https:\/\/erevanblog.am\/","name":"","description":"","potentialAction":[{"@type":"SearchAction","target":{"@type":"EntryPoint","urlTemplate":"https:\/\/erevanblog.am\/?s={search_term_string}"},"query-input":{"@type":"PropertyValueSpecification","valueRequired":true,"valueName":"search_term_string"}}],"inLanguage":"en-US"},{"@type":"Person","@id":"https:\/\/erevanblog.am\/#\/schema\/person\/204f10311eb7ddb8914a5ab3e5f03928","name":"erevanblog_a","image":{"@type":"ImageObject","inLanguage":"en-US","@id":"https:\/\/secure.gravatar.com\/avatar\/a24f4ac3a683f3c87303db525abc00db51ea26ccedee11dfaf1cc0f9a481a5d2?s=96&d=mm&r=g","url":"https:\/\/secure.gravatar.com\/avatar\/a24f4ac3a683f3c87303db525abc00db51ea26ccedee11dfaf1cc0f9a481a5d2?s=96&d=mm&r=g","contentUrl":"https:\/\/secure.gravatar.com\/avatar\/a24f4ac3a683f3c87303db525abc00db51ea26ccedee11dfaf1cc0f9a481a5d2?s=96&d=mm&r=g","caption":"erevanblog_a"},"sameAs":["http:\/\/erevanblog.am"],"url":"https:\/\/erevanblog.am\/?author=1"}]}},"views":215,"_links":{"self":[{"href":"https:\/\/erevanblog.am\/index.php?rest_route=\/wp\/v2\/posts\/10340","targetHints":{"allow":["GET"]}}],"collection":[{"href":"https:\/\/erevanblog.am\/index.php?rest_route=\/wp\/v2\/posts"}],"about":[{"href":"https:\/\/erevanblog.am\/index.php?rest_route=\/wp\/v2\/types\/post"}],"author":[{"embeddable":true,"href":"https:\/\/erevanblog.am\/index.php?rest_route=\/wp\/v2\/users\/1"}],"replies":[{"embeddable":true,"href":"https:\/\/erevanblog.am\/index.php?rest_route=%2Fwp%2Fv2%2Fcomments&post=10340"}],"version-history":[{"count":1,"href":"https:\/\/erevanblog.am\/index.php?rest_route=\/wp\/v2\/posts\/10340\/revisions"}],"predecessor-version":[{"id":10342,"href":"https:\/\/erevanblog.am\/index.php?rest_route=\/wp\/v2\/posts\/10340\/revisions\/10342"}],"wp:featuredmedia":[{"embeddable":true,"href":"https:\/\/erevanblog.am\/index.php?rest_route=\/wp\/v2\/media\/10341"}],"wp:attachment":[{"href":"https:\/\/erevanblog.am\/index.php?rest_route=%2Fwp%2Fv2%2Fmedia&parent=10340"}],"wp:term":[{"taxonomy":"category","embeddable":true,"href":"https:\/\/erevanblog.am\/index.php?rest_route=%2Fwp%2Fv2%2Fcategories&post=10340"},{"taxonomy":"post_tag","embeddable":true,"href":"https:\/\/erevanblog.am\/index.php?rest_route=%2Fwp%2Fv2%2Ftags&post=10340"}],"curies":[{"name":"wp","href":"https:\/\/api.w.org\/{rel}","templated":true}]}}