{"id":10358,"date":"2025-06-17T07:19:02","date_gmt":"2025-06-17T06:19:02","guid":{"rendered":"https:\/\/erevanblog.am\/?p=10358"},"modified":"2025-06-17T07:19:03","modified_gmt":"2025-06-17T06:19:03","slug":"sok-na-plazi-nikdo-necekal-co-nasledovalo-po-utoku-zraloka","status":"publish","type":"post","link":"https:\/\/erevanblog.am\/?p=10358","title":{"rendered":"\u0160ok na pl\u00e1\u017ei: Nikdo ne\u010dekal, co n\u00e1sledovalo po \u00fatoku \u017eraloka"},"content":{"rendered":"\n<p>Letn\u00ed den na chorvatsk\u00e9m pob\u0159e\u017e\u00ed prob\u00edhal poklidn\u011b. Slunce h\u0159\u00e1lo, mo\u0159e bylo klidn\u00e9 a lid\u00e9 si u\u017e\u00edvali odpo\u010dinku. Mezi nimi i jedna \u017eena st\u0159edn\u00edho v\u011bku, kter\u00e1 si plavala o n\u011bco d\u00e1l od b\u0159ehu. V\u0161echno p\u016fsobilo idylicky \u2014 a\u017e do chv\u00edle, kdy p\u0159i\u0161el zlom.<\/p>\n\n\n\n<figure class=\"wp-block-image size-full\"><img loading=\"lazy\" decoding=\"async\" width=\"1024\" height=\"576\" src=\"https:\/\/erevanblog.am\/wp-content\/uploads\/2025\/06\/45785233333.jpeg\" alt=\"\" class=\"wp-image-10359\" srcset=\"https:\/\/erevanblog.am\/wp-content\/uploads\/2025\/06\/45785233333.jpeg 1024w, https:\/\/erevanblog.am\/wp-content\/uploads\/2025\/06\/45785233333-300x169.jpeg 300w, https:\/\/erevanblog.am\/wp-content\/uploads\/2025\/06\/45785233333-768x432.jpeg 768w\" sizes=\"auto, (max-width: 1024px) 100vw, 1024px\" \/><\/figure>\n\n\n\n<p>Pod hladinou se n\u00e1hle zjevil tmav\u00fd st\u00edn. \u017dralok. Bez varov\u00e1n\u00ed vyrazil sm\u011brem k nic netu\u0161\u00edc\u00ed plavkyni. Pl\u00e1\u017e zachv\u00e1tila panika \u2014 ozvaly se v\u00fdk\u0159iky, n\u011bkte\u0159\u00ed lid\u00e9 prchali, jin\u00ed z\u016fstali jako p\u0159imra\u017een\u00ed.<\/p>\n\n\n\n<p>A pak nastal moment, kter\u00fd nikdo ne\u010dekal.<\/p>\n\n\n\n<p>Nam\u00edsto toho, aby \u017eena podlehla strachu, obr\u00e1tila se k dravci \u010delem a za\u010dala mohutn\u011b b\u00edt rukama o hladinu. Voda kolem n\u00ed za\u010dala \u0161pl\u00edchat a vyd\u00e1vat hluk. \u017dralok zav\u00e1hal, zpomalil a po n\u011bkolika zmaten\u00fdch okruz\u00edch ne\u010dekan\u011b odplaval.<\/p>\n\n\n\n<p>Z\u00e1chran\u00e1\u0159i dorazili kr\u00e1tce pot\u00e9, ale \u017eena u\u017e byla zp\u011bt na sou\u0161i \u2014 nezran\u011bn\u00e1, jen lehce ot\u0159esen\u00e1. Na ot\u00e1zku, jak v\u011bd\u011bla, co m\u00e1 d\u011blat, odpov\u011bd\u011bla s klidn\u00fdm \u00fasm\u011bvem: \u201eInstinkt. A asi i trochu \u0161t\u011bst\u00ed.\u201c<\/p>\n\n\n\n<p>P\u0159\u00edm\u00ed sv\u011bdci incidentu byli dlouho v \u0161oku. A p\u0159esto\u017ee se \u017eralok u\u017e neuk\u00e1zal, atmosf\u00e9ra na pl\u00e1\u017ei se od toho dne nav\u017edy zm\u011bnila.<\/p>\n","protected":false},"excerpt":{"rendered":"<div class=\"mh-excerpt\"><p>Letn\u00ed den na chorvatsk\u00e9m pob\u0159e\u017e\u00ed prob\u00edhal poklidn\u011b. Slunce h\u0159\u00e1lo, mo\u0159e bylo klidn\u00e9 a lid\u00e9 si u\u017e\u00edvali odpo\u010dinku. Mezi nimi i jedna \u017eena st\u0159edn\u00edho v\u011bku, kter\u00e1 <a class=\"mh-excerpt-more\" href=\"https:\/\/erevanblog.am\/?p=10358\" title=\"\u0160ok na pl\u00e1\u017ei: Nikdo ne\u010dekal, co n\u00e1sledovalo po \u00fatoku \u017eraloka\">[&#8230;]<\/a><\/p>\n<\/div>","protected":false},"author":1,"featured_media":10359,"comment_status":"open","ping_status":"open","sticky":false,"template":"","format":"standard","meta":{"footnotes":""},"categories":[1],"tags":[],"class_list":["post-10358","post","type-post","status-publish","format-standard","has-post-thumbnail","hentry","category-uncategorised"],"yoast_head":"<!-- This site is optimized with the Yoast SEO plugin v27.5 - https:\/\/yoast.com\/product\/yoast-seo-wordpress\/ -->\n<title>\u0160ok na pl\u00e1\u017ei: Nikdo ne\u010dekal, co n\u00e1sledovalo po \u00fatoku \u017eraloka -<\/title>\n<meta name=\"robots\" content=\"index, follow, max-snippet:-1, max-image-preview:large, max-video-preview:-1\" \/>\n<link rel=\"canonical\" href=\"https:\/\/erevanblog.am\/?p=10358\" \/>\n<meta property=\"og:locale\" content=\"en_US\" \/>\n<meta property=\"og:type\" content=\"article\" \/>\n<meta property=\"og:title\" content=\"\u0160ok na pl\u00e1\u017ei: Nikdo ne\u010dekal, co n\u00e1sledovalo po \u00fatoku \u017eraloka -\" \/>\n<meta property=\"og:description\" content=\"Letn\u00ed den na chorvatsk\u00e9m pob\u0159e\u017e\u00ed prob\u00edhal poklidn\u011b. Slunce h\u0159\u00e1lo, mo\u0159e bylo klidn\u00e9 a lid\u00e9 si u\u017e\u00edvali odpo\u010dinku. Mezi nimi i jedna \u017eena st\u0159edn\u00edho v\u011bku, kter\u00e1 [...]\" \/>\n<meta property=\"og:url\" content=\"https:\/\/erevanblog.am\/?p=10358\" \/>\n<meta property=\"article:published_time\" content=\"2025-06-17T06:19:02+00:00\" \/>\n<meta property=\"article:modified_time\" content=\"2025-06-17T06:19:03+00:00\" \/>\n<meta property=\"og:image\" content=\"http:\/\/erevanblog.am\/wp-content\/uploads\/2025\/06\/45785233333.jpeg\" \/>\n\t<meta property=\"og:image:width\" content=\"1024\" \/>\n\t<meta property=\"og:image:height\" content=\"576\" \/>\n\t<meta property=\"og:image:type\" content=\"image\/jpeg\" \/>\n<meta name=\"author\" content=\"erevanblog_a\" \/>\n<meta name=\"twitter:card\" content=\"summary_large_image\" \/>\n<meta name=\"twitter:label1\" content=\"Written by\" \/>\n\t<meta name=\"twitter:data1\" content=\"erevanblog_a\" \/>\n\t<meta name=\"twitter:label2\" content=\"Est. reading time\" \/>\n\t<meta name=\"twitter:data2\" content=\"2 minutes\" \/>\n<script type=\"application\/ld+json\" class=\"yoast-schema-graph\">{\"@context\":\"https:\\\/\\\/schema.org\",\"@graph\":[{\"@type\":\"Article\",\"@id\":\"https:\\\/\\\/erevanblog.am\\\/?p=10358#article\",\"isPartOf\":{\"@id\":\"https:\\\/\\\/erevanblog.am\\\/?p=10358\"},\"author\":{\"name\":\"erevanblog_a\",\"@id\":\"https:\\\/\\\/erevanblog.am\\\/#\\\/schema\\\/person\\\/204f10311eb7ddb8914a5ab3e5f03928\"},\"headline\":\"\u0160ok na pl\u00e1\u017ei: Nikdo ne\u010dekal, co n\u00e1sledovalo po \u00fatoku \u017eraloka\",\"datePublished\":\"2025-06-17T06:19:02+00:00\",\"dateModified\":\"2025-06-17T06:19:03+00:00\",\"mainEntityOfPage\":{\"@id\":\"https:\\\/\\\/erevanblog.am\\\/?p=10358\"},\"wordCount\":248,\"commentCount\":0,\"image\":{\"@id\":\"https:\\\/\\\/erevanblog.am\\\/?p=10358#primaryimage\"},\"thumbnailUrl\":\"https:\\\/\\\/erevanblog.am\\\/wp-content\\\/uploads\\\/2025\\\/06\\\/45785233333.jpeg\",\"articleSection\":[\"NEWS\"],\"inLanguage\":\"en-US\",\"potentialAction\":[{\"@type\":\"CommentAction\",\"name\":\"Comment\",\"target\":[\"https:\\\/\\\/erevanblog.am\\\/?p=10358#respond\"]}]},{\"@type\":\"WebPage\",\"@id\":\"https:\\\/\\\/erevanblog.am\\\/?p=10358\",\"url\":\"https:\\\/\\\/erevanblog.am\\\/?p=10358\",\"name\":\"\u0160ok na pl\u00e1\u017ei: Nikdo ne\u010dekal, co n\u00e1sledovalo po \u00fatoku \u017eraloka -\",\"isPartOf\":{\"@id\":\"https:\\\/\\\/erevanblog.am\\\/#website\"},\"primaryImageOfPage\":{\"@id\":\"https:\\\/\\\/erevanblog.am\\\/?p=10358#primaryimage\"},\"image\":{\"@id\":\"https:\\\/\\\/erevanblog.am\\\/?p=10358#primaryimage\"},\"thumbnailUrl\":\"https:\\\/\\\/erevanblog.am\\\/wp-content\\\/uploads\\\/2025\\\/06\\\/45785233333.jpeg\",\"datePublished\":\"2025-06-17T06:19:02+00:00\",\"dateModified\":\"2025-06-17T06:19:03+00:00\",\"author\":{\"@id\":\"https:\\\/\\\/erevanblog.am\\\/#\\\/schema\\\/person\\\/204f10311eb7ddb8914a5ab3e5f03928\"},\"breadcrumb\":{\"@id\":\"https:\\\/\\\/erevanblog.am\\\/?p=10358#breadcrumb\"},\"inLanguage\":\"en-US\",\"potentialAction\":[{\"@type\":\"ReadAction\",\"target\":[\"https:\\\/\\\/erevanblog.am\\\/?p=10358\"]}]},{\"@type\":\"ImageObject\",\"inLanguage\":\"en-US\",\"@id\":\"https:\\\/\\\/erevanblog.am\\\/?p=10358#primaryimage\",\"url\":\"https:\\\/\\\/erevanblog.am\\\/wp-content\\\/uploads\\\/2025\\\/06\\\/45785233333.jpeg\",\"contentUrl\":\"https:\\\/\\\/erevanblog.am\\\/wp-content\\\/uploads\\\/2025\\\/06\\\/45785233333.jpeg\",\"width\":1024,\"height\":576},{\"@type\":\"BreadcrumbList\",\"@id\":\"https:\\\/\\\/erevanblog.am\\\/?p=10358#breadcrumb\",\"itemListElement\":[{\"@type\":\"ListItem\",\"position\":1,\"name\":\"Home\",\"item\":\"https:\\\/\\\/erevanblog.am\\\/\"},{\"@type\":\"ListItem\",\"position\":2,\"name\":\"\u0160ok na pl\u00e1\u017ei: Nikdo ne\u010dekal, co n\u00e1sledovalo po \u00fatoku \u017eraloka\"}]},{\"@type\":\"WebSite\",\"@id\":\"https:\\\/\\\/erevanblog.am\\\/#website\",\"url\":\"https:\\\/\\\/erevanblog.am\\\/\",\"name\":\"\",\"description\":\"\",\"potentialAction\":[{\"@type\":\"SearchAction\",\"target\":{\"@type\":\"EntryPoint\",\"urlTemplate\":\"https:\\\/\\\/erevanblog.am\\\/?s={search_term_string}\"},\"query-input\":{\"@type\":\"PropertyValueSpecification\",\"valueRequired\":true,\"valueName\":\"search_term_string\"}}],\"inLanguage\":\"en-US\"},{\"@type\":\"Person\",\"@id\":\"https:\\\/\\\/erevanblog.am\\\/#\\\/schema\\\/person\\\/204f10311eb7ddb8914a5ab3e5f03928\",\"name\":\"erevanblog_a\",\"image\":{\"@type\":\"ImageObject\",\"inLanguage\":\"en-US\",\"@id\":\"https:\\\/\\\/secure.gravatar.com\\\/avatar\\\/a24f4ac3a683f3c87303db525abc00db51ea26ccedee11dfaf1cc0f9a481a5d2?s=96&d=mm&r=g\",\"url\":\"https:\\\/\\\/secure.gravatar.com\\\/avatar\\\/a24f4ac3a683f3c87303db525abc00db51ea26ccedee11dfaf1cc0f9a481a5d2?s=96&d=mm&r=g\",\"contentUrl\":\"https:\\\/\\\/secure.gravatar.com\\\/avatar\\\/a24f4ac3a683f3c87303db525abc00db51ea26ccedee11dfaf1cc0f9a481a5d2?s=96&d=mm&r=g\",\"caption\":\"erevanblog_a\"},\"sameAs\":[\"http:\\\/\\\/erevanblog.am\"],\"url\":\"https:\\\/\\\/erevanblog.am\\\/?author=1\"}]}<\/script>\n<!-- \/ Yoast SEO plugin. -->","yoast_head_json":{"title":"\u0160ok na pl\u00e1\u017ei: Nikdo ne\u010dekal, co n\u00e1sledovalo po \u00fatoku \u017eraloka -","robots":{"index":"index","follow":"follow","max-snippet":"max-snippet:-1","max-image-preview":"max-image-preview:large","max-video-preview":"max-video-preview:-1"},"canonical":"https:\/\/erevanblog.am\/?p=10358","og_locale":"en_US","og_type":"article","og_title":"\u0160ok na pl\u00e1\u017ei: Nikdo ne\u010dekal, co n\u00e1sledovalo po \u00fatoku \u017eraloka -","og_description":"Letn\u00ed den na chorvatsk\u00e9m pob\u0159e\u017e\u00ed prob\u00edhal poklidn\u011b. Slunce h\u0159\u00e1lo, mo\u0159e bylo klidn\u00e9 a lid\u00e9 si u\u017e\u00edvali odpo\u010dinku. Mezi nimi i jedna \u017eena st\u0159edn\u00edho v\u011bku, kter\u00e1 [...]","og_url":"https:\/\/erevanblog.am\/?p=10358","article_published_time":"2025-06-17T06:19:02+00:00","article_modified_time":"2025-06-17T06:19:03+00:00","og_image":[{"width":1024,"height":576,"url":"http:\/\/erevanblog.am\/wp-content\/uploads\/2025\/06\/45785233333.jpeg","type":"image\/jpeg"}],"author":"erevanblog_a","twitter_card":"summary_large_image","twitter_misc":{"Written by":"erevanblog_a","Est. reading time":"2 minutes"},"schema":{"@context":"https:\/\/schema.org","@graph":[{"@type":"Article","@id":"https:\/\/erevanblog.am\/?p=10358#article","isPartOf":{"@id":"https:\/\/erevanblog.am\/?p=10358"},"author":{"name":"erevanblog_a","@id":"https:\/\/erevanblog.am\/#\/schema\/person\/204f10311eb7ddb8914a5ab3e5f03928"},"headline":"\u0160ok na pl\u00e1\u017ei: Nikdo ne\u010dekal, co n\u00e1sledovalo po \u00fatoku \u017eraloka","datePublished":"2025-06-17T06:19:02+00:00","dateModified":"2025-06-17T06:19:03+00:00","mainEntityOfPage":{"@id":"https:\/\/erevanblog.am\/?p=10358"},"wordCount":248,"commentCount":0,"image":{"@id":"https:\/\/erevanblog.am\/?p=10358#primaryimage"},"thumbnailUrl":"https:\/\/erevanblog.am\/wp-content\/uploads\/2025\/06\/45785233333.jpeg","articleSection":["NEWS"],"inLanguage":"en-US","potentialAction":[{"@type":"CommentAction","name":"Comment","target":["https:\/\/erevanblog.am\/?p=10358#respond"]}]},{"@type":"WebPage","@id":"https:\/\/erevanblog.am\/?p=10358","url":"https:\/\/erevanblog.am\/?p=10358","name":"\u0160ok na pl\u00e1\u017ei: Nikdo ne\u010dekal, co n\u00e1sledovalo po \u00fatoku \u017eraloka -","isPartOf":{"@id":"https:\/\/erevanblog.am\/#website"},"primaryImageOfPage":{"@id":"https:\/\/erevanblog.am\/?p=10358#primaryimage"},"image":{"@id":"https:\/\/erevanblog.am\/?p=10358#primaryimage"},"thumbnailUrl":"https:\/\/erevanblog.am\/wp-content\/uploads\/2025\/06\/45785233333.jpeg","datePublished":"2025-06-17T06:19:02+00:00","dateModified":"2025-06-17T06:19:03+00:00","author":{"@id":"https:\/\/erevanblog.am\/#\/schema\/person\/204f10311eb7ddb8914a5ab3e5f03928"},"breadcrumb":{"@id":"https:\/\/erevanblog.am\/?p=10358#breadcrumb"},"inLanguage":"en-US","potentialAction":[{"@type":"ReadAction","target":["https:\/\/erevanblog.am\/?p=10358"]}]},{"@type":"ImageObject","inLanguage":"en-US","@id":"https:\/\/erevanblog.am\/?p=10358#primaryimage","url":"https:\/\/erevanblog.am\/wp-content\/uploads\/2025\/06\/45785233333.jpeg","contentUrl":"https:\/\/erevanblog.am\/wp-content\/uploads\/2025\/06\/45785233333.jpeg","width":1024,"height":576},{"@type":"BreadcrumbList","@id":"https:\/\/erevanblog.am\/?p=10358#breadcrumb","itemListElement":[{"@type":"ListItem","position":1,"name":"Home","item":"https:\/\/erevanblog.am\/"},{"@type":"ListItem","position":2,"name":"\u0160ok na pl\u00e1\u017ei: Nikdo ne\u010dekal, co n\u00e1sledovalo po \u00fatoku \u017eraloka"}]},{"@type":"WebSite","@id":"https:\/\/erevanblog.am\/#website","url":"https:\/\/erevanblog.am\/","name":"","description":"","potentialAction":[{"@type":"SearchAction","target":{"@type":"EntryPoint","urlTemplate":"https:\/\/erevanblog.am\/?s={search_term_string}"},"query-input":{"@type":"PropertyValueSpecification","valueRequired":true,"valueName":"search_term_string"}}],"inLanguage":"en-US"},{"@type":"Person","@id":"https:\/\/erevanblog.am\/#\/schema\/person\/204f10311eb7ddb8914a5ab3e5f03928","name":"erevanblog_a","image":{"@type":"ImageObject","inLanguage":"en-US","@id":"https:\/\/secure.gravatar.com\/avatar\/a24f4ac3a683f3c87303db525abc00db51ea26ccedee11dfaf1cc0f9a481a5d2?s=96&d=mm&r=g","url":"https:\/\/secure.gravatar.com\/avatar\/a24f4ac3a683f3c87303db525abc00db51ea26ccedee11dfaf1cc0f9a481a5d2?s=96&d=mm&r=g","contentUrl":"https:\/\/secure.gravatar.com\/avatar\/a24f4ac3a683f3c87303db525abc00db51ea26ccedee11dfaf1cc0f9a481a5d2?s=96&d=mm&r=g","caption":"erevanblog_a"},"sameAs":["http:\/\/erevanblog.am"],"url":"https:\/\/erevanblog.am\/?author=1"}]}},"views":227,"_links":{"self":[{"href":"https:\/\/erevanblog.am\/index.php?rest_route=\/wp\/v2\/posts\/10358","targetHints":{"allow":["GET"]}}],"collection":[{"href":"https:\/\/erevanblog.am\/index.php?rest_route=\/wp\/v2\/posts"}],"about":[{"href":"https:\/\/erevanblog.am\/index.php?rest_route=\/wp\/v2\/types\/post"}],"author":[{"embeddable":true,"href":"https:\/\/erevanblog.am\/index.php?rest_route=\/wp\/v2\/users\/1"}],"replies":[{"embeddable":true,"href":"https:\/\/erevanblog.am\/index.php?rest_route=%2Fwp%2Fv2%2Fcomments&post=10358"}],"version-history":[{"count":1,"href":"https:\/\/erevanblog.am\/index.php?rest_route=\/wp\/v2\/posts\/10358\/revisions"}],"predecessor-version":[{"id":10360,"href":"https:\/\/erevanblog.am\/index.php?rest_route=\/wp\/v2\/posts\/10358\/revisions\/10360"}],"wp:featuredmedia":[{"embeddable":true,"href":"https:\/\/erevanblog.am\/index.php?rest_route=\/wp\/v2\/media\/10359"}],"wp:attachment":[{"href":"https:\/\/erevanblog.am\/index.php?rest_route=%2Fwp%2Fv2%2Fmedia&parent=10358"}],"wp:term":[{"taxonomy":"category","embeddable":true,"href":"https:\/\/erevanblog.am\/index.php?rest_route=%2Fwp%2Fv2%2Fcategories&post=10358"},{"taxonomy":"post_tag","embeddable":true,"href":"https:\/\/erevanblog.am\/index.php?rest_route=%2Fwp%2Fv2%2Ftags&post=10358"}],"curies":[{"name":"wp","href":"https:\/\/api.w.org\/{rel}","templated":true}]}}