{"id":10367,"date":"2025-06-17T07:47:39","date_gmt":"2025-06-17T06:47:39","guid":{"rendered":"https:\/\/erevanblog.am\/?p=10367"},"modified":"2025-06-17T07:47:40","modified_gmt":"2025-06-17T06:47:40","slug":"otocil-se-jen-na-okamzik-a-srazil-malou-holcicku-kdyz-se-probrala-podala-mu-neco-co-mu-zamrazilo-krev-v-zilach","status":"publish","type":"post","link":"https:\/\/erevanblog.am\/?p=10367","title":{"rendered":"Oto\u010dil se jen na okam\u017eik\u2026 a srazil malou hol\u010di\u010dku. Kdy\u017e se probrala, podala mu n\u011bco, co mu zamrazilo krev v \u017eil\u00e1ch."},"content":{"rendered":"\n<p>Byl oby\u010dejn\u00fd podzimn\u00ed ve\u010der. Ond\u0159ej, \u010dty\u0159icetilet\u00fd obchodn\u00ed z\u00e1stupce, sed\u011bl za volantem sv\u00e9ho auta a proj\u00ed\u017ed\u011bl klidnou \u010dtvrt\u00ed na okraji m\u011bsta. V hlav\u011b m\u011bl spoustu my\u0161lenek \u2014 telefon\u00e1ty, faktury, nedokon\u010den\u00e9 \u00fakoly. M\u00ed\u0159il dom\u016f po dal\u0161\u00edm dlouh\u00e9m dni, byl unaven\u00fd a podr\u00e1\u017ed\u011bn\u00fd, my\u0161lenkami n\u011bkde \u00fapln\u011b jinde. A pak ud\u011blal chybu \u2014 n\u011bco, co u\u017e ud\u011blal tis\u00edckr\u00e1t, ale nikdy to nezp\u016fsobilo probl\u00e9m.<\/p>\n\n\n\n<figure class=\"wp-block-image size-large\"><img loading=\"lazy\" decoding=\"async\" width=\"880\" height=\"1024\" src=\"https:\/\/erevanblog.am\/wp-content\/uploads\/2025\/06\/541200000-880x1024.jpg\" alt=\"\" class=\"wp-image-10368\" srcset=\"https:\/\/erevanblog.am\/wp-content\/uploads\/2025\/06\/541200000-880x1024.jpg 880w, https:\/\/erevanblog.am\/wp-content\/uploads\/2025\/06\/541200000-258x300.jpg 258w, https:\/\/erevanblog.am\/wp-content\/uploads\/2025\/06\/541200000-768x894.jpg 768w, https:\/\/erevanblog.am\/wp-content\/uploads\/2025\/06\/541200000-1320x1536.jpg 1320w, https:\/\/erevanblog.am\/wp-content\/uploads\/2025\/06\/541200000.jpg 1760w\" sizes=\"auto, (max-width: 880px) 100vw, 880px\" \/><\/figure>\n\n\n\n<p>Pod\u00edval se na mobil. Jen na kr\u00e1tkou chv\u00edli.<\/p>\n\n\n\n<p>A pr\u00e1v\u011b tahle chv\u00edle v\u0161echno zm\u011bnila.<\/p>\n\n\n\n<hr class=\"wp-block-separator has-alpha-channel-opacity\"\/>\n\n\n\n<p><strong>N\u00e1raz, ticho\u2026 a panika<\/strong><\/p>\n\n\n\n<p>Sly\u0161el n\u00e1hl\u00fd v\u00fdk\u0159ik a v tu chv\u00edli poc\u00edtil prudk\u00fd n\u00e1raz. Auto posko\u010dilo, a on \u0161l\u00e1pl na brzdu tak siln\u011b, a\u017e mu ztuhly ruce na volantu.<\/p>\n\n\n\n<p>Vyb\u011bhl z auta a v\u0161echno kolem n\u011bj se zd\u00e1lo zpomalen\u00e9. Na p\u0159echodu le\u017eelo d\u011btsk\u00e9 kolo \u2014 ohnut\u00e9 a nehybn\u00e9. Vedle n\u011bj le\u017eela mal\u00e1 hol\u010di\u010dka. Lid\u00e9 se za\u010dali sb\u00edhat. N\u011bkte\u0159\u00ed k\u0159i\u010deli, jin\u00ed volali z\u00e1chranku. Ond\u0159ej st\u00e1l ztuhl\u00fd, nemohl nic \u0159\u00edct krom\u011b tich\u00e9ho, chraplav\u00e9ho: \u201eJ\u00e1\u2026 nevid\u011bl jsem ji\u2026\u201c<\/p>\n\n\n\n<p>Z\u00e1chranka p\u0159ijela b\u011bhem p\u00e1r minut. Hol\u010di\u010dka d\u00fdchala, ale byla v bezv\u011bdom\u00ed. Byla asi osmilet\u00e1. Nikdo nev\u011bd\u011bl, jak v\u00e1\u017en\u00e9 to je. Ond\u0159ej z\u016fstal st\u00e1t u kraje silnice s pr\u00e1zdn\u00fdm pohledem, p\u0159em\u00edtal:<\/p>\n\n\n\n<p>\u201eKv\u016fli jedin\u00e9 vte\u0159in\u011b. Jedin\u00e9 vte\u0159in\u011b\u2026\u201c<\/p>\n\n\n\n<hr class=\"wp-block-separator has-alpha-channel-opacity\"\/>\n\n\n\n<p><strong>Ne\u010dekan\u00e9 setk\u00e1n\u00ed<\/strong><\/p>\n\n\n\n<p>N\u011bkolik dn\u00ed nato se dozv\u011bd\u011bl, \u017ee hol\u010di\u010dka p\u0159e\u017eila. Jmenovala se Am\u00e1lka. M\u011bla ot\u0159es mozku, zlomenou ruku a pohmo\u017ed\u011bniny, ale byla stabiln\u00ed. Jej\u00ed rodi\u010de ho neobvi\u0148ovali, alespo\u0148 ne nahlas. Policie zkoumala p\u0159\u00edpad, ale v\u0161e nazna\u010dovalo, \u017ee \u0161lo o ne\u0161\u0165astnou n\u00e1hodu a nepozornost. P\u0159esto se Ond\u0159ej c\u00edtil, jako by n\u011bco v n\u011bm zem\u0159elo.<\/p>\n\n\n\n<p>Po t\u00fddnu dostal telefon\u00e1t \u2014 Am\u00e1lka cht\u011bla \u201epana \u0159idi\u010de\u201c vid\u011bt. Nev\u011bd\u011bl pro\u010d, ale vzal kv\u011btiny a \u010dokol\u00e1du a vyrazil do nemocnice s t\u011b\u017ek\u00fdm srdcem.<\/p>\n\n\n\n<hr class=\"wp-block-separator has-alpha-channel-opacity\"\/>\n\n\n\n<p><strong>Dar, kter\u00fd mraz\u00ed<\/strong><\/p>\n\n\n\n<p>Kdy\u017e vstoupil do nemocni\u010dn\u00edho pokoje, Am\u00e1lka se na n\u011bj pod\u00edvala. Na tv\u00e1\u0159i m\u011bla mal\u00fd \u0161r\u00e1m a ruku v obvazu, ale o\u010di m\u011bla neuv\u011b\u0159iteln\u011b klidn\u00e9.<\/p>\n\n\n\n<p>\u201eJste to vy?\u201c zeptala se ti\u0161e.<\/p>\n\n\n\n<p>Ond\u0159ej p\u0159ik\u00fdvl, ale nemohl promluvit.<\/p>\n\n\n\n<p>Hol\u010di\u010dka s\u00e1hla pod pol\u0161t\u00e1\u0159 a vyt\u00e1hla pap\u00edrovou ob\u00e1lku. Bez slov mu ji podala.<\/p>\n\n\n\n<p>Uvnit\u0159 byl d\u011btsk\u00fd obr\u00e1zek: \u010derven\u00e9 auto \u2014 stejn\u011b jako jeho \u2014 a vedle n\u011bj d\u00edvka s modrou ma\u0161l\u00ed. Nad obr\u00e1zkem bylo naps\u00e1no:<\/p>\n\n\n\n<p>\u201eOdpou\u0161t\u00edm ti. Ale u\u017e se nikdy ned\u00edvej jinam.\u201c<\/p>\n\n\n\n<p>Ond\u0159ejovi se podlomila kolena. C\u00edtil sev\u0159en\u00ed v hrdle a slzy mu zalily o\u010di. Jak m\u016f\u017ee tak mal\u00e9 a zran\u011bn\u00e9 d\u00edt\u011b nab\u00eddnout n\u011bco tak velk\u00e9ho? Odpustit\u2026 a z\u00e1rove\u0148 varovat.<\/p>\n\n\n\n<hr class=\"wp-block-separator has-alpha-channel-opacity\"\/>\n\n\n\n<p><strong>Druh\u00e1 \u0161ance<\/strong><\/p>\n\n\n\n<p>Od t\u00e9 chv\u00edle se Ond\u0159ej zm\u011bnil. Prodal auto a nikdy u\u017e nesedl za volant bez toho, aby si vzpomn\u011bl na ten v\u00fdkres. Za\u010dal p\u0159edn\u00e1\u0161et ve \u0161kol\u00e1ch o bezpe\u010dnosti na silnic\u00edch, mluvil s mlad\u00fdmi \u0159idi\u010di o zodpov\u011bdnosti a nebezpe\u010d\u00ed nepozornosti.<\/p>\n\n\n\n<p>A poka\u017ed\u00e9, kdy\u017e vypr\u00e1v\u011bl sv\u016fj p\u0159\u00edb\u011bh, kon\u010dil slovy:<\/p>\n\n\n\n<p>\u201eJedna vte\u0159ina m\u016f\u017ee zni\u010dit \u017eivot. V\u00e1\u0161 nebo n\u011bkoho jin\u00e9ho. Ale jedna vte\u0159ina pozornosti m\u016f\u017ee zachr\u00e1nit \u017eivot.\u201c<\/p>\n\n\n\n<p>Lid\u00e9 ho poslouchali, proto\u017ee v\u011bd\u011bli, \u017ee ten p\u0159\u00edb\u011bh nen\u00ed fikce. Stal se opravdu. A ta mal\u00e1 hol\u010di\u010dka dr\u017eela v rukou s\u00edlu, kter\u00e1 nav\u017edy zm\u011bnila jednoho \u010dlov\u011bka.<\/p>\n","protected":false},"excerpt":{"rendered":"<div class=\"mh-excerpt\"><p>Byl oby\u010dejn\u00fd podzimn\u00ed ve\u010der. Ond\u0159ej, \u010dty\u0159icetilet\u00fd obchodn\u00ed z\u00e1stupce, sed\u011bl za volantem sv\u00e9ho auta a proj\u00ed\u017ed\u011bl klidnou \u010dtvrt\u00ed na okraji m\u011bsta. V hlav\u011b m\u011bl spoustu my\u0161lenek <a class=\"mh-excerpt-more\" href=\"https:\/\/erevanblog.am\/?p=10367\" title=\"Oto\u010dil se jen na okam\u017eik\u2026 a srazil malou hol\u010di\u010dku. Kdy\u017e se probrala, podala mu n\u011bco, co mu zamrazilo krev v \u017eil\u00e1ch.\">[&#8230;]<\/a><\/p>\n<\/div>","protected":false},"author":1,"featured_media":10368,"comment_status":"open","ping_status":"open","sticky":false,"template":"","format":"standard","meta":{"footnotes":""},"categories":[1],"tags":[],"class_list":["post-10367","post","type-post","status-publish","format-standard","has-post-thumbnail","hentry","category-uncategorised"],"yoast_head":"<!-- This site is optimized with the Yoast SEO plugin v27.5 - https:\/\/yoast.com\/product\/yoast-seo-wordpress\/ -->\n<title>Oto\u010dil se jen na okam\u017eik\u2026 a srazil malou hol\u010di\u010dku. Kdy\u017e se probrala, podala mu n\u011bco, co mu zamrazilo krev v \u017eil\u00e1ch. -<\/title>\n<meta name=\"robots\" content=\"index, follow, max-snippet:-1, max-image-preview:large, max-video-preview:-1\" \/>\n<link rel=\"canonical\" href=\"https:\/\/erevanblog.am\/?p=10367\" \/>\n<meta property=\"og:locale\" content=\"en_US\" \/>\n<meta property=\"og:type\" content=\"article\" \/>\n<meta property=\"og:title\" content=\"Oto\u010dil se jen na okam\u017eik\u2026 a srazil malou hol\u010di\u010dku. Kdy\u017e se probrala, podala mu n\u011bco, co mu zamrazilo krev v \u017eil\u00e1ch. -\" \/>\n<meta property=\"og:description\" content=\"Byl oby\u010dejn\u00fd podzimn\u00ed ve\u010der. Ond\u0159ej, \u010dty\u0159icetilet\u00fd obchodn\u00ed z\u00e1stupce, sed\u011bl za volantem sv\u00e9ho auta a proj\u00ed\u017ed\u011bl klidnou \u010dtvrt\u00ed na okraji m\u011bsta. V hlav\u011b m\u011bl spoustu my\u0161lenek [...]\" \/>\n<meta property=\"og:url\" content=\"https:\/\/erevanblog.am\/?p=10367\" \/>\n<meta property=\"article:published_time\" content=\"2025-06-17T06:47:39+00:00\" \/>\n<meta property=\"article:modified_time\" content=\"2025-06-17T06:47:40+00:00\" \/>\n<meta property=\"og:image\" content=\"http:\/\/erevanblog.am\/wp-content\/uploads\/2025\/06\/541200000.jpg\" \/>\n\t<meta property=\"og:image:width\" content=\"1760\" \/>\n\t<meta property=\"og:image:height\" content=\"2048\" \/>\n\t<meta property=\"og:image:type\" content=\"image\/jpeg\" \/>\n<meta name=\"author\" content=\"erevanblog_a\" \/>\n<meta name=\"twitter:card\" content=\"summary_large_image\" \/>\n<meta name=\"twitter:label1\" content=\"Written by\" \/>\n\t<meta name=\"twitter:data1\" content=\"erevanblog_a\" \/>\n\t<meta name=\"twitter:label2\" content=\"Est. reading time\" \/>\n\t<meta name=\"twitter:data2\" content=\"3 minutes\" \/>\n<script type=\"application\/ld+json\" class=\"yoast-schema-graph\">{\"@context\":\"https:\\\/\\\/schema.org\",\"@graph\":[{\"@type\":\"Article\",\"@id\":\"https:\\\/\\\/erevanblog.am\\\/?p=10367#article\",\"isPartOf\":{\"@id\":\"https:\\\/\\\/erevanblog.am\\\/?p=10367\"},\"author\":{\"name\":\"erevanblog_a\",\"@id\":\"https:\\\/\\\/erevanblog.am\\\/#\\\/schema\\\/person\\\/204f10311eb7ddb8914a5ab3e5f03928\"},\"headline\":\"Oto\u010dil se jen na okam\u017eik\u2026 a srazil malou hol\u010di\u010dku. Kdy\u017e se probrala, podala mu n\u011bco, co mu zamrazilo krev v \u017eil\u00e1ch.\",\"datePublished\":\"2025-06-17T06:47:39+00:00\",\"dateModified\":\"2025-06-17T06:47:40+00:00\",\"mainEntityOfPage\":{\"@id\":\"https:\\\/\\\/erevanblog.am\\\/?p=10367\"},\"wordCount\":692,\"commentCount\":0,\"image\":{\"@id\":\"https:\\\/\\\/erevanblog.am\\\/?p=10367#primaryimage\"},\"thumbnailUrl\":\"https:\\\/\\\/erevanblog.am\\\/wp-content\\\/uploads\\\/2025\\\/06\\\/541200000.jpg\",\"articleSection\":[\"NEWS\"],\"inLanguage\":\"en-US\",\"potentialAction\":[{\"@type\":\"CommentAction\",\"name\":\"Comment\",\"target\":[\"https:\\\/\\\/erevanblog.am\\\/?p=10367#respond\"]}]},{\"@type\":\"WebPage\",\"@id\":\"https:\\\/\\\/erevanblog.am\\\/?p=10367\",\"url\":\"https:\\\/\\\/erevanblog.am\\\/?p=10367\",\"name\":\"Oto\u010dil se jen na okam\u017eik\u2026 a srazil malou hol\u010di\u010dku. Kdy\u017e se probrala, podala mu n\u011bco, co mu zamrazilo krev v \u017eil\u00e1ch. -\",\"isPartOf\":{\"@id\":\"https:\\\/\\\/erevanblog.am\\\/#website\"},\"primaryImageOfPage\":{\"@id\":\"https:\\\/\\\/erevanblog.am\\\/?p=10367#primaryimage\"},\"image\":{\"@id\":\"https:\\\/\\\/erevanblog.am\\\/?p=10367#primaryimage\"},\"thumbnailUrl\":\"https:\\\/\\\/erevanblog.am\\\/wp-content\\\/uploads\\\/2025\\\/06\\\/541200000.jpg\",\"datePublished\":\"2025-06-17T06:47:39+00:00\",\"dateModified\":\"2025-06-17T06:47:40+00:00\",\"author\":{\"@id\":\"https:\\\/\\\/erevanblog.am\\\/#\\\/schema\\\/person\\\/204f10311eb7ddb8914a5ab3e5f03928\"},\"breadcrumb\":{\"@id\":\"https:\\\/\\\/erevanblog.am\\\/?p=10367#breadcrumb\"},\"inLanguage\":\"en-US\",\"potentialAction\":[{\"@type\":\"ReadAction\",\"target\":[\"https:\\\/\\\/erevanblog.am\\\/?p=10367\"]}]},{\"@type\":\"ImageObject\",\"inLanguage\":\"en-US\",\"@id\":\"https:\\\/\\\/erevanblog.am\\\/?p=10367#primaryimage\",\"url\":\"https:\\\/\\\/erevanblog.am\\\/wp-content\\\/uploads\\\/2025\\\/06\\\/541200000.jpg\",\"contentUrl\":\"https:\\\/\\\/erevanblog.am\\\/wp-content\\\/uploads\\\/2025\\\/06\\\/541200000.jpg\",\"width\":1760,\"height\":2048},{\"@type\":\"BreadcrumbList\",\"@id\":\"https:\\\/\\\/erevanblog.am\\\/?p=10367#breadcrumb\",\"itemListElement\":[{\"@type\":\"ListItem\",\"position\":1,\"name\":\"Home\",\"item\":\"https:\\\/\\\/erevanblog.am\\\/\"},{\"@type\":\"ListItem\",\"position\":2,\"name\":\"Oto\u010dil se jen na okam\u017eik\u2026 a srazil malou hol\u010di\u010dku. Kdy\u017e se probrala, podala mu n\u011bco, co mu zamrazilo krev v \u017eil\u00e1ch.\"}]},{\"@type\":\"WebSite\",\"@id\":\"https:\\\/\\\/erevanblog.am\\\/#website\",\"url\":\"https:\\\/\\\/erevanblog.am\\\/\",\"name\":\"\",\"description\":\"\",\"potentialAction\":[{\"@type\":\"SearchAction\",\"target\":{\"@type\":\"EntryPoint\",\"urlTemplate\":\"https:\\\/\\\/erevanblog.am\\\/?s={search_term_string}\"},\"query-input\":{\"@type\":\"PropertyValueSpecification\",\"valueRequired\":true,\"valueName\":\"search_term_string\"}}],\"inLanguage\":\"en-US\"},{\"@type\":\"Person\",\"@id\":\"https:\\\/\\\/erevanblog.am\\\/#\\\/schema\\\/person\\\/204f10311eb7ddb8914a5ab3e5f03928\",\"name\":\"erevanblog_a\",\"image\":{\"@type\":\"ImageObject\",\"inLanguage\":\"en-US\",\"@id\":\"https:\\\/\\\/secure.gravatar.com\\\/avatar\\\/a24f4ac3a683f3c87303db525abc00db51ea26ccedee11dfaf1cc0f9a481a5d2?s=96&d=mm&r=g\",\"url\":\"https:\\\/\\\/secure.gravatar.com\\\/avatar\\\/a24f4ac3a683f3c87303db525abc00db51ea26ccedee11dfaf1cc0f9a481a5d2?s=96&d=mm&r=g\",\"contentUrl\":\"https:\\\/\\\/secure.gravatar.com\\\/avatar\\\/a24f4ac3a683f3c87303db525abc00db51ea26ccedee11dfaf1cc0f9a481a5d2?s=96&d=mm&r=g\",\"caption\":\"erevanblog_a\"},\"sameAs\":[\"http:\\\/\\\/erevanblog.am\"],\"url\":\"https:\\\/\\\/erevanblog.am\\\/?author=1\"}]}<\/script>\n<!-- \/ Yoast SEO plugin. -->","yoast_head_json":{"title":"Oto\u010dil se jen na okam\u017eik\u2026 a srazil malou hol\u010di\u010dku. Kdy\u017e se probrala, podala mu n\u011bco, co mu zamrazilo krev v \u017eil\u00e1ch. -","robots":{"index":"index","follow":"follow","max-snippet":"max-snippet:-1","max-image-preview":"max-image-preview:large","max-video-preview":"max-video-preview:-1"},"canonical":"https:\/\/erevanblog.am\/?p=10367","og_locale":"en_US","og_type":"article","og_title":"Oto\u010dil se jen na okam\u017eik\u2026 a srazil malou hol\u010di\u010dku. Kdy\u017e se probrala, podala mu n\u011bco, co mu zamrazilo krev v \u017eil\u00e1ch. -","og_description":"Byl oby\u010dejn\u00fd podzimn\u00ed ve\u010der. Ond\u0159ej, \u010dty\u0159icetilet\u00fd obchodn\u00ed z\u00e1stupce, sed\u011bl za volantem sv\u00e9ho auta a proj\u00ed\u017ed\u011bl klidnou \u010dtvrt\u00ed na okraji m\u011bsta. V hlav\u011b m\u011bl spoustu my\u0161lenek [...]","og_url":"https:\/\/erevanblog.am\/?p=10367","article_published_time":"2025-06-17T06:47:39+00:00","article_modified_time":"2025-06-17T06:47:40+00:00","og_image":[{"width":1760,"height":2048,"url":"http:\/\/erevanblog.am\/wp-content\/uploads\/2025\/06\/541200000.jpg","type":"image\/jpeg"}],"author":"erevanblog_a","twitter_card":"summary_large_image","twitter_misc":{"Written by":"erevanblog_a","Est. reading time":"3 minutes"},"schema":{"@context":"https:\/\/schema.org","@graph":[{"@type":"Article","@id":"https:\/\/erevanblog.am\/?p=10367#article","isPartOf":{"@id":"https:\/\/erevanblog.am\/?p=10367"},"author":{"name":"erevanblog_a","@id":"https:\/\/erevanblog.am\/#\/schema\/person\/204f10311eb7ddb8914a5ab3e5f03928"},"headline":"Oto\u010dil se jen na okam\u017eik\u2026 a srazil malou hol\u010di\u010dku. Kdy\u017e se probrala, podala mu n\u011bco, co mu zamrazilo krev v \u017eil\u00e1ch.","datePublished":"2025-06-17T06:47:39+00:00","dateModified":"2025-06-17T06:47:40+00:00","mainEntityOfPage":{"@id":"https:\/\/erevanblog.am\/?p=10367"},"wordCount":692,"commentCount":0,"image":{"@id":"https:\/\/erevanblog.am\/?p=10367#primaryimage"},"thumbnailUrl":"https:\/\/erevanblog.am\/wp-content\/uploads\/2025\/06\/541200000.jpg","articleSection":["NEWS"],"inLanguage":"en-US","potentialAction":[{"@type":"CommentAction","name":"Comment","target":["https:\/\/erevanblog.am\/?p=10367#respond"]}]},{"@type":"WebPage","@id":"https:\/\/erevanblog.am\/?p=10367","url":"https:\/\/erevanblog.am\/?p=10367","name":"Oto\u010dil se jen na okam\u017eik\u2026 a srazil malou hol\u010di\u010dku. Kdy\u017e se probrala, podala mu n\u011bco, co mu zamrazilo krev v \u017eil\u00e1ch. -","isPartOf":{"@id":"https:\/\/erevanblog.am\/#website"},"primaryImageOfPage":{"@id":"https:\/\/erevanblog.am\/?p=10367#primaryimage"},"image":{"@id":"https:\/\/erevanblog.am\/?p=10367#primaryimage"},"thumbnailUrl":"https:\/\/erevanblog.am\/wp-content\/uploads\/2025\/06\/541200000.jpg","datePublished":"2025-06-17T06:47:39+00:00","dateModified":"2025-06-17T06:47:40+00:00","author":{"@id":"https:\/\/erevanblog.am\/#\/schema\/person\/204f10311eb7ddb8914a5ab3e5f03928"},"breadcrumb":{"@id":"https:\/\/erevanblog.am\/?p=10367#breadcrumb"},"inLanguage":"en-US","potentialAction":[{"@type":"ReadAction","target":["https:\/\/erevanblog.am\/?p=10367"]}]},{"@type":"ImageObject","inLanguage":"en-US","@id":"https:\/\/erevanblog.am\/?p=10367#primaryimage","url":"https:\/\/erevanblog.am\/wp-content\/uploads\/2025\/06\/541200000.jpg","contentUrl":"https:\/\/erevanblog.am\/wp-content\/uploads\/2025\/06\/541200000.jpg","width":1760,"height":2048},{"@type":"BreadcrumbList","@id":"https:\/\/erevanblog.am\/?p=10367#breadcrumb","itemListElement":[{"@type":"ListItem","position":1,"name":"Home","item":"https:\/\/erevanblog.am\/"},{"@type":"ListItem","position":2,"name":"Oto\u010dil se jen na okam\u017eik\u2026 a srazil malou hol\u010di\u010dku. Kdy\u017e se probrala, podala mu n\u011bco, co mu zamrazilo krev v \u017eil\u00e1ch."}]},{"@type":"WebSite","@id":"https:\/\/erevanblog.am\/#website","url":"https:\/\/erevanblog.am\/","name":"","description":"","potentialAction":[{"@type":"SearchAction","target":{"@type":"EntryPoint","urlTemplate":"https:\/\/erevanblog.am\/?s={search_term_string}"},"query-input":{"@type":"PropertyValueSpecification","valueRequired":true,"valueName":"search_term_string"}}],"inLanguage":"en-US"},{"@type":"Person","@id":"https:\/\/erevanblog.am\/#\/schema\/person\/204f10311eb7ddb8914a5ab3e5f03928","name":"erevanblog_a","image":{"@type":"ImageObject","inLanguage":"en-US","@id":"https:\/\/secure.gravatar.com\/avatar\/a24f4ac3a683f3c87303db525abc00db51ea26ccedee11dfaf1cc0f9a481a5d2?s=96&d=mm&r=g","url":"https:\/\/secure.gravatar.com\/avatar\/a24f4ac3a683f3c87303db525abc00db51ea26ccedee11dfaf1cc0f9a481a5d2?s=96&d=mm&r=g","contentUrl":"https:\/\/secure.gravatar.com\/avatar\/a24f4ac3a683f3c87303db525abc00db51ea26ccedee11dfaf1cc0f9a481a5d2?s=96&d=mm&r=g","caption":"erevanblog_a"},"sameAs":["http:\/\/erevanblog.am"],"url":"https:\/\/erevanblog.am\/?author=1"}]}},"views":237,"_links":{"self":[{"href":"https:\/\/erevanblog.am\/index.php?rest_route=\/wp\/v2\/posts\/10367","targetHints":{"allow":["GET"]}}],"collection":[{"href":"https:\/\/erevanblog.am\/index.php?rest_route=\/wp\/v2\/posts"}],"about":[{"href":"https:\/\/erevanblog.am\/index.php?rest_route=\/wp\/v2\/types\/post"}],"author":[{"embeddable":true,"href":"https:\/\/erevanblog.am\/index.php?rest_route=\/wp\/v2\/users\/1"}],"replies":[{"embeddable":true,"href":"https:\/\/erevanblog.am\/index.php?rest_route=%2Fwp%2Fv2%2Fcomments&post=10367"}],"version-history":[{"count":1,"href":"https:\/\/erevanblog.am\/index.php?rest_route=\/wp\/v2\/posts\/10367\/revisions"}],"predecessor-version":[{"id":10369,"href":"https:\/\/erevanblog.am\/index.php?rest_route=\/wp\/v2\/posts\/10367\/revisions\/10369"}],"wp:featuredmedia":[{"embeddable":true,"href":"https:\/\/erevanblog.am\/index.php?rest_route=\/wp\/v2\/media\/10368"}],"wp:attachment":[{"href":"https:\/\/erevanblog.am\/index.php?rest_route=%2Fwp%2Fv2%2Fmedia&parent=10367"}],"wp:term":[{"taxonomy":"category","embeddable":true,"href":"https:\/\/erevanblog.am\/index.php?rest_route=%2Fwp%2Fv2%2Fcategories&post=10367"},{"taxonomy":"post_tag","embeddable":true,"href":"https:\/\/erevanblog.am\/index.php?rest_route=%2Fwp%2Fv2%2Ftags&post=10367"}],"curies":[{"name":"wp","href":"https:\/\/api.w.org\/{rel}","templated":true}]}}