{"id":10370,"date":"2025-06-17T08:05:57","date_gmt":"2025-06-17T07:05:57","guid":{"rendered":"https:\/\/erevanblog.am\/?p=10370"},"modified":"2025-06-17T08:05:58","modified_gmt":"2025-06-17T07:05:58","slug":"pred-tremi-lety-svet-ohromila-zprava-o-siamskych-dvojcatech-ktera-si-vzala-stejneho-muze-a-jejich-nove-rodinne-fotografie-nyni-prinaseji-dalsi-uzasne-momenty","status":"publish","type":"post","link":"https:\/\/erevanblog.am\/?p=10370","title":{"rendered":"P\u0159ed t\u0159emi lety sv\u011bt ohromila zpr\u00e1va o siamsk\u00fdch dvoj\u010datech, kter\u00e1 si vzala stejn\u00e9ho mu\u017ee \u2014 a jejich nov\u00e9 rodinn\u00e9 fotografie nyn\u00ed p\u0159in\u00e1\u0161ej\u00ed dal\u0161\u00ed \u00fa\u017easn\u00e9 momenty."},"content":{"rendered":"\n<p>P\u0159ed t\u0159emi lety se v\u0161ichni zastavili v \u00fa\u017easu nad p\u0159\u00edb\u011bhem dvou siamsk\u00fdch dvoj\u010dat, je\u017e nejen\u017ee byla spojena fyzicky, ale sd\u00edlela i spole\u010dn\u00fd \u017eivotn\u00ed osud. Tyto nerozlu\u010dn\u00e9 sestry, spojen\u00e9 hrudn\u00edkem a n\u011bkter\u00fdmi \u017eivotn\u011b d\u016fle\u017eit\u00fdmi org\u00e1ny, u\u010dinily neobvykl\u00e9 rozhodnut\u00ed \u2013 vdaly se za t\u00e9ho\u017e mu\u017ee. Jejich odvaha a jedine\u010dn\u00fd krok vzbudily \u0161irokou pozornost, r\u016fzn\u00e9 reakce i \u0159adu ot\u00e1zek.<\/p>\n\n\n\n<figure class=\"wp-block-image size-large\"><img loading=\"lazy\" decoding=\"async\" width=\"825\" height=\"1024\" src=\"https:\/\/erevanblog.am\/wp-content\/uploads\/2025\/06\/145793333-825x1024.jpg\" alt=\"\" class=\"wp-image-10371\" srcset=\"https:\/\/erevanblog.am\/wp-content\/uploads\/2025\/06\/145793333-825x1024.jpg 825w, https:\/\/erevanblog.am\/wp-content\/uploads\/2025\/06\/145793333-242x300.jpg 242w, https:\/\/erevanblog.am\/wp-content\/uploads\/2025\/06\/145793333-768x953.jpg 768w, https:\/\/erevanblog.am\/wp-content\/uploads\/2025\/06\/145793333-1238x1536.jpg 1238w, https:\/\/erevanblog.am\/wp-content\/uploads\/2025\/06\/145793333.jpg 1650w\" sizes=\"auto, (max-width: 825px) 100vw, 825px\" \/><\/figure>\n\n\n\n<p>Nyn\u00ed, o t\u0159i roky pozd\u011bji, m\u00e1me k dispozici nov\u00e9 fotografie, kter\u00e9 dokazuj\u00ed, \u017ee jejich p\u0159\u00edb\u011bh nen\u00ed jen o zvl\u00e1\u0161tn\u00edm spojen\u00ed t\u0159\u00ed lid\u00ed, ale p\u0159edev\u0161\u00edm o hlubok\u00e9 l\u00e1sce, odhodl\u00e1n\u00ed a s\u00edle rodiny. Na sn\u00edmc\u00edch je vid\u011bt radost, n\u011bha a harmonie, kter\u00e9 mezi nimi panuj\u00ed. Fotografie ukazuj\u00ed nejen jejich fyzickou jedine\u010dnost, ale tak\u00e9 pevn\u00e9 emo\u010dn\u00ed vazby a \u00fasm\u011bvy, kter\u00e9 potvrzuj\u00ed, \u017ee jejich spole\u010dn\u00fd \u017eivot nen\u00ed omezen\u00fd jejich specifick\u00fdm fyzick\u00fdm stavem.<\/p>\n\n\n\n<p>Eli\u0161ka a Karol\u00edna, jak se sestry jmenuj\u00ed, spolu s man\u017eelem Petrem tvo\u0159\u00ed rodinu, kter\u00e1 p\u0159ekon\u00e1v\u00e1 v\u0161echny p\u0159ek\u00e1\u017eky. Jejich p\u0159\u00edb\u011bh inspiruje nejen lidi s podobn\u00fdm osudem, ale i v\u0161echny, kdo v\u011b\u0159\u00ed v l\u00e1sku bez hranic. Nov\u00e9 sn\u00edmky zachycuj\u00ed nejen slavnostn\u00ed chv\u00edle, ale tak\u00e9 ka\u017edodenn\u00ed okam\u017eiky pln\u00e9 porozum\u011bn\u00ed a vz\u00e1jemn\u00e9 podpory.<\/p>\n\n\n\n<p>Tato rodina je \u017eiv\u00fdm d\u016fkazem, \u017ee l\u00e1ska nezn\u00e1 hranice a \u0161t\u011bst\u00ed lze naj\u00edt i v t\u011bch nejm\u00e9n\u011b obvykl\u00fdch \u017eivotn\u00edch podm\u00ednk\u00e1ch. Jejich p\u0159\u00edb\u011bh vzbuzuje \u00factu a z\u00e1rove\u0148 n\u00e1s p\u0159im\u011bje p\u0159em\u00fd\u0161let o tom, co opravdu znamen\u00e1 b\u00fdt rodinou.<\/p>\n\n\n\n<p>T\u0159i roky po svatb\u011b tak nejen p\u0159ekvapuj\u00ed a inspiruj\u00ed, ale tak\u00e9 dokazuj\u00ed, \u017ee ka\u017ed\u00fd \u010dlov\u011bk, bez ohledu na sv\u00e9 t\u011blesn\u00e9 omezen\u00ed, m\u00e1 pr\u00e1vo na l\u00e1sku, \u0161t\u011bst\u00ed a plnohodnotn\u00fd \u017eivot. Nov\u00e9 rodinn\u00e9 fotografie jsou nejen \u00fa\u017easnou vizu\u00e1ln\u00ed p\u0159ipom\u00ednkou jejich jedine\u010dn\u00e9ho p\u0159\u00edb\u011bhu, ale i oslavou \u017eivota a nezlomn\u00e9ho lidsk\u00e9ho ducha.<\/p>\n","protected":false},"excerpt":{"rendered":"<div class=\"mh-excerpt\"><p>P\u0159ed t\u0159emi lety se v\u0161ichni zastavili v \u00fa\u017easu nad p\u0159\u00edb\u011bhem dvou siamsk\u00fdch dvoj\u010dat, je\u017e nejen\u017ee byla spojena fyzicky, ale sd\u00edlela i spole\u010dn\u00fd \u017eivotn\u00ed osud. Tyto <a class=\"mh-excerpt-more\" href=\"https:\/\/erevanblog.am\/?p=10370\" title=\"P\u0159ed t\u0159emi lety sv\u011bt ohromila zpr\u00e1va o siamsk\u00fdch dvoj\u010datech, kter\u00e1 si vzala stejn\u00e9ho mu\u017ee \u2014 a jejich nov\u00e9 rodinn\u00e9 fotografie nyn\u00ed p\u0159in\u00e1\u0161ej\u00ed dal\u0161\u00ed \u00fa\u017easn\u00e9 momenty.\">[&#8230;]<\/a><\/p>\n<\/div>","protected":false},"author":1,"featured_media":10371,"comment_status":"open","ping_status":"open","sticky":false,"template":"","format":"standard","meta":{"footnotes":""},"categories":[1],"tags":[],"class_list":["post-10370","post","type-post","status-publish","format-standard","has-post-thumbnail","hentry","category-uncategorised"],"yoast_head":"<!-- This site is optimized with the Yoast SEO plugin v27.5 - https:\/\/yoast.com\/product\/yoast-seo-wordpress\/ -->\n<title>P\u0159ed t\u0159emi lety sv\u011bt ohromila zpr\u00e1va o siamsk\u00fdch dvoj\u010datech, kter\u00e1 si vzala stejn\u00e9ho mu\u017ee \u2014 a jejich nov\u00e9 rodinn\u00e9 fotografie nyn\u00ed p\u0159in\u00e1\u0161ej\u00ed dal\u0161\u00ed \u00fa\u017easn\u00e9 momenty. -<\/title>\n<meta name=\"robots\" content=\"index, follow, max-snippet:-1, max-image-preview:large, max-video-preview:-1\" \/>\n<link rel=\"canonical\" href=\"https:\/\/erevanblog.am\/?p=10370\" \/>\n<meta property=\"og:locale\" content=\"en_US\" \/>\n<meta property=\"og:type\" content=\"article\" \/>\n<meta property=\"og:title\" content=\"P\u0159ed t\u0159emi lety sv\u011bt ohromila zpr\u00e1va o siamsk\u00fdch dvoj\u010datech, kter\u00e1 si vzala stejn\u00e9ho mu\u017ee \u2014 a jejich nov\u00e9 rodinn\u00e9 fotografie nyn\u00ed p\u0159in\u00e1\u0161ej\u00ed dal\u0161\u00ed \u00fa\u017easn\u00e9 momenty. -\" \/>\n<meta property=\"og:description\" content=\"P\u0159ed t\u0159emi lety se v\u0161ichni zastavili v \u00fa\u017easu nad p\u0159\u00edb\u011bhem dvou siamsk\u00fdch dvoj\u010dat, je\u017e nejen\u017ee byla spojena fyzicky, ale sd\u00edlela i spole\u010dn\u00fd \u017eivotn\u00ed osud. Tyto [...]\" \/>\n<meta property=\"og:url\" content=\"https:\/\/erevanblog.am\/?p=10370\" \/>\n<meta property=\"article:published_time\" content=\"2025-06-17T07:05:57+00:00\" \/>\n<meta property=\"article:modified_time\" content=\"2025-06-17T07:05:58+00:00\" \/>\n<meta property=\"og:image\" content=\"http:\/\/erevanblog.am\/wp-content\/uploads\/2025\/06\/145793333.jpg\" \/>\n\t<meta property=\"og:image:width\" content=\"1650\" \/>\n\t<meta property=\"og:image:height\" content=\"2048\" \/>\n\t<meta property=\"og:image:type\" content=\"image\/jpeg\" \/>\n<meta name=\"author\" content=\"erevanblog_a\" \/>\n<meta name=\"twitter:card\" content=\"summary_large_image\" \/>\n<meta name=\"twitter:label1\" content=\"Written by\" \/>\n\t<meta name=\"twitter:data1\" content=\"erevanblog_a\" \/>\n\t<meta name=\"twitter:label2\" content=\"Est. reading time\" \/>\n\t<meta name=\"twitter:data2\" content=\"2 minutes\" \/>\n<script type=\"application\/ld+json\" class=\"yoast-schema-graph\">{\"@context\":\"https:\\\/\\\/schema.org\",\"@graph\":[{\"@type\":\"Article\",\"@id\":\"https:\\\/\\\/erevanblog.am\\\/?p=10370#article\",\"isPartOf\":{\"@id\":\"https:\\\/\\\/erevanblog.am\\\/?p=10370\"},\"author\":{\"name\":\"erevanblog_a\",\"@id\":\"https:\\\/\\\/erevanblog.am\\\/#\\\/schema\\\/person\\\/204f10311eb7ddb8914a5ab3e5f03928\"},\"headline\":\"P\u0159ed t\u0159emi lety sv\u011bt ohromila zpr\u00e1va o siamsk\u00fdch dvoj\u010datech, kter\u00e1 si vzala stejn\u00e9ho mu\u017ee \u2014 a jejich nov\u00e9 rodinn\u00e9 fotografie nyn\u00ed p\u0159in\u00e1\u0161ej\u00ed dal\u0161\u00ed \u00fa\u017easn\u00e9 momenty.\",\"datePublished\":\"2025-06-17T07:05:57+00:00\",\"dateModified\":\"2025-06-17T07:05:58+00:00\",\"mainEntityOfPage\":{\"@id\":\"https:\\\/\\\/erevanblog.am\\\/?p=10370\"},\"wordCount\":392,\"commentCount\":0,\"image\":{\"@id\":\"https:\\\/\\\/erevanblog.am\\\/?p=10370#primaryimage\"},\"thumbnailUrl\":\"https:\\\/\\\/erevanblog.am\\\/wp-content\\\/uploads\\\/2025\\\/06\\\/145793333.jpg\",\"articleSection\":[\"NEWS\"],\"inLanguage\":\"en-US\",\"potentialAction\":[{\"@type\":\"CommentAction\",\"name\":\"Comment\",\"target\":[\"https:\\\/\\\/erevanblog.am\\\/?p=10370#respond\"]}]},{\"@type\":\"WebPage\",\"@id\":\"https:\\\/\\\/erevanblog.am\\\/?p=10370\",\"url\":\"https:\\\/\\\/erevanblog.am\\\/?p=10370\",\"name\":\"P\u0159ed t\u0159emi lety sv\u011bt ohromila zpr\u00e1va o siamsk\u00fdch dvoj\u010datech, kter\u00e1 si vzala stejn\u00e9ho mu\u017ee \u2014 a jejich nov\u00e9 rodinn\u00e9 fotografie nyn\u00ed p\u0159in\u00e1\u0161ej\u00ed dal\u0161\u00ed \u00fa\u017easn\u00e9 momenty. -\",\"isPartOf\":{\"@id\":\"https:\\\/\\\/erevanblog.am\\\/#website\"},\"primaryImageOfPage\":{\"@id\":\"https:\\\/\\\/erevanblog.am\\\/?p=10370#primaryimage\"},\"image\":{\"@id\":\"https:\\\/\\\/erevanblog.am\\\/?p=10370#primaryimage\"},\"thumbnailUrl\":\"https:\\\/\\\/erevanblog.am\\\/wp-content\\\/uploads\\\/2025\\\/06\\\/145793333.jpg\",\"datePublished\":\"2025-06-17T07:05:57+00:00\",\"dateModified\":\"2025-06-17T07:05:58+00:00\",\"author\":{\"@id\":\"https:\\\/\\\/erevanblog.am\\\/#\\\/schema\\\/person\\\/204f10311eb7ddb8914a5ab3e5f03928\"},\"breadcrumb\":{\"@id\":\"https:\\\/\\\/erevanblog.am\\\/?p=10370#breadcrumb\"},\"inLanguage\":\"en-US\",\"potentialAction\":[{\"@type\":\"ReadAction\",\"target\":[\"https:\\\/\\\/erevanblog.am\\\/?p=10370\"]}]},{\"@type\":\"ImageObject\",\"inLanguage\":\"en-US\",\"@id\":\"https:\\\/\\\/erevanblog.am\\\/?p=10370#primaryimage\",\"url\":\"https:\\\/\\\/erevanblog.am\\\/wp-content\\\/uploads\\\/2025\\\/06\\\/145793333.jpg\",\"contentUrl\":\"https:\\\/\\\/erevanblog.am\\\/wp-content\\\/uploads\\\/2025\\\/06\\\/145793333.jpg\",\"width\":1650,\"height\":2048},{\"@type\":\"BreadcrumbList\",\"@id\":\"https:\\\/\\\/erevanblog.am\\\/?p=10370#breadcrumb\",\"itemListElement\":[{\"@type\":\"ListItem\",\"position\":1,\"name\":\"Home\",\"item\":\"https:\\\/\\\/erevanblog.am\\\/\"},{\"@type\":\"ListItem\",\"position\":2,\"name\":\"P\u0159ed t\u0159emi lety sv\u011bt ohromila zpr\u00e1va o siamsk\u00fdch dvoj\u010datech, kter\u00e1 si vzala stejn\u00e9ho mu\u017ee \u2014 a jejich nov\u00e9 rodinn\u00e9 fotografie nyn\u00ed p\u0159in\u00e1\u0161ej\u00ed dal\u0161\u00ed \u00fa\u017easn\u00e9 momenty.\"}]},{\"@type\":\"WebSite\",\"@id\":\"https:\\\/\\\/erevanblog.am\\\/#website\",\"url\":\"https:\\\/\\\/erevanblog.am\\\/\",\"name\":\"\",\"description\":\"\",\"potentialAction\":[{\"@type\":\"SearchAction\",\"target\":{\"@type\":\"EntryPoint\",\"urlTemplate\":\"https:\\\/\\\/erevanblog.am\\\/?s={search_term_string}\"},\"query-input\":{\"@type\":\"PropertyValueSpecification\",\"valueRequired\":true,\"valueName\":\"search_term_string\"}}],\"inLanguage\":\"en-US\"},{\"@type\":\"Person\",\"@id\":\"https:\\\/\\\/erevanblog.am\\\/#\\\/schema\\\/person\\\/204f10311eb7ddb8914a5ab3e5f03928\",\"name\":\"erevanblog_a\",\"image\":{\"@type\":\"ImageObject\",\"inLanguage\":\"en-US\",\"@id\":\"https:\\\/\\\/secure.gravatar.com\\\/avatar\\\/a24f4ac3a683f3c87303db525abc00db51ea26ccedee11dfaf1cc0f9a481a5d2?s=96&d=mm&r=g\",\"url\":\"https:\\\/\\\/secure.gravatar.com\\\/avatar\\\/a24f4ac3a683f3c87303db525abc00db51ea26ccedee11dfaf1cc0f9a481a5d2?s=96&d=mm&r=g\",\"contentUrl\":\"https:\\\/\\\/secure.gravatar.com\\\/avatar\\\/a24f4ac3a683f3c87303db525abc00db51ea26ccedee11dfaf1cc0f9a481a5d2?s=96&d=mm&r=g\",\"caption\":\"erevanblog_a\"},\"sameAs\":[\"http:\\\/\\\/erevanblog.am\"],\"url\":\"https:\\\/\\\/erevanblog.am\\\/?author=1\"}]}<\/script>\n<!-- \/ Yoast SEO plugin. -->","yoast_head_json":{"title":"P\u0159ed t\u0159emi lety sv\u011bt ohromila zpr\u00e1va o siamsk\u00fdch dvoj\u010datech, kter\u00e1 si vzala stejn\u00e9ho mu\u017ee \u2014 a jejich nov\u00e9 rodinn\u00e9 fotografie nyn\u00ed p\u0159in\u00e1\u0161ej\u00ed dal\u0161\u00ed \u00fa\u017easn\u00e9 momenty. -","robots":{"index":"index","follow":"follow","max-snippet":"max-snippet:-1","max-image-preview":"max-image-preview:large","max-video-preview":"max-video-preview:-1"},"canonical":"https:\/\/erevanblog.am\/?p=10370","og_locale":"en_US","og_type":"article","og_title":"P\u0159ed t\u0159emi lety sv\u011bt ohromila zpr\u00e1va o siamsk\u00fdch dvoj\u010datech, kter\u00e1 si vzala stejn\u00e9ho mu\u017ee \u2014 a jejich nov\u00e9 rodinn\u00e9 fotografie nyn\u00ed p\u0159in\u00e1\u0161ej\u00ed dal\u0161\u00ed \u00fa\u017easn\u00e9 momenty. -","og_description":"P\u0159ed t\u0159emi lety se v\u0161ichni zastavili v \u00fa\u017easu nad p\u0159\u00edb\u011bhem dvou siamsk\u00fdch dvoj\u010dat, je\u017e nejen\u017ee byla spojena fyzicky, ale sd\u00edlela i spole\u010dn\u00fd \u017eivotn\u00ed osud. Tyto [...]","og_url":"https:\/\/erevanblog.am\/?p=10370","article_published_time":"2025-06-17T07:05:57+00:00","article_modified_time":"2025-06-17T07:05:58+00:00","og_image":[{"width":1650,"height":2048,"url":"http:\/\/erevanblog.am\/wp-content\/uploads\/2025\/06\/145793333.jpg","type":"image\/jpeg"}],"author":"erevanblog_a","twitter_card":"summary_large_image","twitter_misc":{"Written by":"erevanblog_a","Est. reading time":"2 minutes"},"schema":{"@context":"https:\/\/schema.org","@graph":[{"@type":"Article","@id":"https:\/\/erevanblog.am\/?p=10370#article","isPartOf":{"@id":"https:\/\/erevanblog.am\/?p=10370"},"author":{"name":"erevanblog_a","@id":"https:\/\/erevanblog.am\/#\/schema\/person\/204f10311eb7ddb8914a5ab3e5f03928"},"headline":"P\u0159ed t\u0159emi lety sv\u011bt ohromila zpr\u00e1va o siamsk\u00fdch dvoj\u010datech, kter\u00e1 si vzala stejn\u00e9ho mu\u017ee \u2014 a jejich nov\u00e9 rodinn\u00e9 fotografie nyn\u00ed p\u0159in\u00e1\u0161ej\u00ed dal\u0161\u00ed \u00fa\u017easn\u00e9 momenty.","datePublished":"2025-06-17T07:05:57+00:00","dateModified":"2025-06-17T07:05:58+00:00","mainEntityOfPage":{"@id":"https:\/\/erevanblog.am\/?p=10370"},"wordCount":392,"commentCount":0,"image":{"@id":"https:\/\/erevanblog.am\/?p=10370#primaryimage"},"thumbnailUrl":"https:\/\/erevanblog.am\/wp-content\/uploads\/2025\/06\/145793333.jpg","articleSection":["NEWS"],"inLanguage":"en-US","potentialAction":[{"@type":"CommentAction","name":"Comment","target":["https:\/\/erevanblog.am\/?p=10370#respond"]}]},{"@type":"WebPage","@id":"https:\/\/erevanblog.am\/?p=10370","url":"https:\/\/erevanblog.am\/?p=10370","name":"P\u0159ed t\u0159emi lety sv\u011bt ohromila zpr\u00e1va o siamsk\u00fdch dvoj\u010datech, kter\u00e1 si vzala stejn\u00e9ho mu\u017ee \u2014 a jejich nov\u00e9 rodinn\u00e9 fotografie nyn\u00ed p\u0159in\u00e1\u0161ej\u00ed dal\u0161\u00ed \u00fa\u017easn\u00e9 momenty. -","isPartOf":{"@id":"https:\/\/erevanblog.am\/#website"},"primaryImageOfPage":{"@id":"https:\/\/erevanblog.am\/?p=10370#primaryimage"},"image":{"@id":"https:\/\/erevanblog.am\/?p=10370#primaryimage"},"thumbnailUrl":"https:\/\/erevanblog.am\/wp-content\/uploads\/2025\/06\/145793333.jpg","datePublished":"2025-06-17T07:05:57+00:00","dateModified":"2025-06-17T07:05:58+00:00","author":{"@id":"https:\/\/erevanblog.am\/#\/schema\/person\/204f10311eb7ddb8914a5ab3e5f03928"},"breadcrumb":{"@id":"https:\/\/erevanblog.am\/?p=10370#breadcrumb"},"inLanguage":"en-US","potentialAction":[{"@type":"ReadAction","target":["https:\/\/erevanblog.am\/?p=10370"]}]},{"@type":"ImageObject","inLanguage":"en-US","@id":"https:\/\/erevanblog.am\/?p=10370#primaryimage","url":"https:\/\/erevanblog.am\/wp-content\/uploads\/2025\/06\/145793333.jpg","contentUrl":"https:\/\/erevanblog.am\/wp-content\/uploads\/2025\/06\/145793333.jpg","width":1650,"height":2048},{"@type":"BreadcrumbList","@id":"https:\/\/erevanblog.am\/?p=10370#breadcrumb","itemListElement":[{"@type":"ListItem","position":1,"name":"Home","item":"https:\/\/erevanblog.am\/"},{"@type":"ListItem","position":2,"name":"P\u0159ed t\u0159emi lety sv\u011bt ohromila zpr\u00e1va o siamsk\u00fdch dvoj\u010datech, kter\u00e1 si vzala stejn\u00e9ho mu\u017ee \u2014 a jejich nov\u00e9 rodinn\u00e9 fotografie nyn\u00ed p\u0159in\u00e1\u0161ej\u00ed dal\u0161\u00ed \u00fa\u017easn\u00e9 momenty."}]},{"@type":"WebSite","@id":"https:\/\/erevanblog.am\/#website","url":"https:\/\/erevanblog.am\/","name":"","description":"","potentialAction":[{"@type":"SearchAction","target":{"@type":"EntryPoint","urlTemplate":"https:\/\/erevanblog.am\/?s={search_term_string}"},"query-input":{"@type":"PropertyValueSpecification","valueRequired":true,"valueName":"search_term_string"}}],"inLanguage":"en-US"},{"@type":"Person","@id":"https:\/\/erevanblog.am\/#\/schema\/person\/204f10311eb7ddb8914a5ab3e5f03928","name":"erevanblog_a","image":{"@type":"ImageObject","inLanguage":"en-US","@id":"https:\/\/secure.gravatar.com\/avatar\/a24f4ac3a683f3c87303db525abc00db51ea26ccedee11dfaf1cc0f9a481a5d2?s=96&d=mm&r=g","url":"https:\/\/secure.gravatar.com\/avatar\/a24f4ac3a683f3c87303db525abc00db51ea26ccedee11dfaf1cc0f9a481a5d2?s=96&d=mm&r=g","contentUrl":"https:\/\/secure.gravatar.com\/avatar\/a24f4ac3a683f3c87303db525abc00db51ea26ccedee11dfaf1cc0f9a481a5d2?s=96&d=mm&r=g","caption":"erevanblog_a"},"sameAs":["http:\/\/erevanblog.am"],"url":"https:\/\/erevanblog.am\/?author=1"}]}},"views":246,"_links":{"self":[{"href":"https:\/\/erevanblog.am\/index.php?rest_route=\/wp\/v2\/posts\/10370","targetHints":{"allow":["GET"]}}],"collection":[{"href":"https:\/\/erevanblog.am\/index.php?rest_route=\/wp\/v2\/posts"}],"about":[{"href":"https:\/\/erevanblog.am\/index.php?rest_route=\/wp\/v2\/types\/post"}],"author":[{"embeddable":true,"href":"https:\/\/erevanblog.am\/index.php?rest_route=\/wp\/v2\/users\/1"}],"replies":[{"embeddable":true,"href":"https:\/\/erevanblog.am\/index.php?rest_route=%2Fwp%2Fv2%2Fcomments&post=10370"}],"version-history":[{"count":1,"href":"https:\/\/erevanblog.am\/index.php?rest_route=\/wp\/v2\/posts\/10370\/revisions"}],"predecessor-version":[{"id":10372,"href":"https:\/\/erevanblog.am\/index.php?rest_route=\/wp\/v2\/posts\/10370\/revisions\/10372"}],"wp:featuredmedia":[{"embeddable":true,"href":"https:\/\/erevanblog.am\/index.php?rest_route=\/wp\/v2\/media\/10371"}],"wp:attachment":[{"href":"https:\/\/erevanblog.am\/index.php?rest_route=%2Fwp%2Fv2%2Fmedia&parent=10370"}],"wp:term":[{"taxonomy":"category","embeddable":true,"href":"https:\/\/erevanblog.am\/index.php?rest_route=%2Fwp%2Fv2%2Fcategories&post=10370"},{"taxonomy":"post_tag","embeddable":true,"href":"https:\/\/erevanblog.am\/index.php?rest_route=%2Fwp%2Fv2%2Ftags&post=10370"}],"curies":[{"name":"wp","href":"https:\/\/api.w.org\/{rel}","templated":true}]}}