{"id":10379,"date":"2025-06-18T07:00:02","date_gmt":"2025-06-18T06:00:02","guid":{"rendered":"https:\/\/erevanblog.am\/?p=10379"},"modified":"2025-06-18T07:00:03","modified_gmt":"2025-06-18T06:00:03","slug":"vlk-se-necekane-objevil-na-pohrbu-divky-a-zustal-u-jeji-rakev-co-lide-uvideli-vsem-vzalo-slova","status":"publish","type":"post","link":"https:\/\/erevanblog.am\/?p=10379","title":{"rendered":"Vlk Se Ne\u010dekan\u011b Objevil na Poh\u0159bu D\u00edvky a Z\u016fstal u Jej\u00ed Rakev: Co Lid\u00e9 Uvid\u011bli, V\u0161em Vzalo Slova"},"content":{"rendered":"\n<p>V jedn\u00e9 tich\u00e9 a smutkem zahalen\u00e9 vesnici se konalo posledn\u00ed rozlou\u010den\u00ed s mladou d\u00edvkou, kterou v\u0161ichni znali a milovali. Jej\u00ed odchod zanechal v srdc\u00edch obyvatel hlubokou pr\u00e1zdnotu. Nikdo ale netu\u0161il, \u017ee se ten den stane n\u011bco, co nav\u017edy zm\u011bn\u00ed jejich pohled na smrt a v\u011brnost.<\/p>\n\n\n\n<figure class=\"wp-block-image size-large\"><img loading=\"lazy\" decoding=\"async\" width=\"800\" height=\"1024\" src=\"https:\/\/erevanblog.am\/wp-content\/uploads\/2025\/06\/56896633-800x1024.jpg\" alt=\"\" class=\"wp-image-10380\" srcset=\"https:\/\/erevanblog.am\/wp-content\/uploads\/2025\/06\/56896633-800x1024.jpg 800w, https:\/\/erevanblog.am\/wp-content\/uploads\/2025\/06\/56896633-234x300.jpg 234w, https:\/\/erevanblog.am\/wp-content\/uploads\/2025\/06\/56896633-768x983.jpg 768w, https:\/\/erevanblog.am\/wp-content\/uploads\/2025\/06\/56896633-1200x1536.jpg 1200w, https:\/\/erevanblog.am\/wp-content\/uploads\/2025\/06\/56896633.jpg 1600w\" sizes=\"auto, (max-width: 800px) 100vw, 800px\" \/><\/figure>\n\n\n\n<p>Uprost\u0159ed ob\u0159adu, zat\u00edmco v\u0161ichni truchlili, se ve dve\u0159\u00edch objevil vlk. Byl majest\u00e1tn\u00ed, s temnou srst\u00ed a o\u010dima, kter\u00e9 jako by prohl\u00e9dly lidsk\u00e9 srdce. Bez sebemen\u0161\u00ed zn\u00e1mky agrese p\u0159e\u0161el ke rakvi, lehce se dotkl tlapou jej\u00ed hrany a pot\u00e9 si na ni ti\u0161e lehl. Neh\u00fdbal se. Nevr\u010del. Jen ti\u0161e spo\u010d\u00edval, jako by dr\u017eel str\u00e1\u017e.<\/p>\n\n\n\n<p>P\u0159\u00edtomn\u00ed lid\u00e9 zpo\u010d\u00e1tku ztuhli. Nev\u011bd\u011bli, co si myslet. Strach a p\u0159ekvapen\u00ed brzy vyst\u0159\u00eddalo tich\u00e9 ohromen\u00ed. Ti, kdo se odv\u00e1\u017eili p\u0159ibl\u00ed\u017eit, spat\u0159ili v jeho o\u010d\u00edch n\u011bco v\u00edc ne\u017e jen zv\u00ed\u0159ec\u00ed instinkt \u2013 hlubok\u00fd smutek, oddanost a klid.<\/p>\n\n\n\n<p>Star\u0161\u00ed vesni\u010dan\u00e9 si vzpomn\u011bli na d\u00e1vn\u00e9 p\u0159\u00edb\u011bhy \u2013 o vlkovi, kter\u00fd se objevuje pouze tehdy, kdy\u017e odch\u00e1z\u00ed \u010dist\u00e1 du\u0161e. \u0158\u00edkali, \u017ee je to str\u00e1\u017ece p\u0159echodu mezi sv\u011bty, ochr\u00e1nce l\u00e1sky, kter\u00e1 neum\u00edr\u00e1.<\/p>\n\n\n\n<p>A tak v\u0161ichni pochopili, \u017ee to nebyl n\u00e1hodn\u00fd v\u00fdjev. Vlk byl poslem ticha, spojencem ztracen\u00e9 du\u0161e, kter\u00e1 je\u0161t\u011b naposledy pot\u0159ebovala bl\u00edzkost.<\/p>\n\n\n\n<p>Kdy\u017e po chv\u00edli vlk vstal a beze slova zmizel v lese, nikdo se ho nepokou\u0161el zastavit. V\u0161ichni c\u00edtili, \u017ee pr\u00e1v\u011b byli sv\u011bdky n\u011b\u010deho v\u00fdjime\u010dn\u00e9ho \u2013 okam\u017eiku, kdy p\u0159\u00edroda promluvila jazykem lidsk\u00fdch emoc\u00ed.<\/p>\n\n\n\n<p>Tento den se nav\u017edy zapsal do pam\u011bti v\u0161ech, kdo byli p\u0159\u00edtomni. Stal se p\u0159ipom\u00ednkou, \u017ee v\u011brnost a l\u00e1ska neznaj\u00ed hranice \u2013 ani smrti, ani druh\u016f.<\/p>\n","protected":false},"excerpt":{"rendered":"<div class=\"mh-excerpt\"><p>V jedn\u00e9 tich\u00e9 a smutkem zahalen\u00e9 vesnici se konalo posledn\u00ed rozlou\u010den\u00ed s mladou d\u00edvkou, kterou v\u0161ichni znali a milovali. Jej\u00ed odchod zanechal v srdc\u00edch obyvatel <a class=\"mh-excerpt-more\" href=\"https:\/\/erevanblog.am\/?p=10379\" title=\"Vlk Se Ne\u010dekan\u011b Objevil na Poh\u0159bu D\u00edvky a Z\u016fstal u Jej\u00ed Rakev: Co Lid\u00e9 Uvid\u011bli, V\u0161em Vzalo Slova\">[&#8230;]<\/a><\/p>\n<\/div>","protected":false},"author":1,"featured_media":10380,"comment_status":"open","ping_status":"open","sticky":false,"template":"","format":"standard","meta":{"footnotes":""},"categories":[1],"tags":[],"class_list":["post-10379","post","type-post","status-publish","format-standard","has-post-thumbnail","hentry","category-uncategorised"],"yoast_head":"<!-- This site is optimized with the Yoast SEO plugin v27.5 - https:\/\/yoast.com\/product\/yoast-seo-wordpress\/ -->\n<title>Vlk Se Ne\u010dekan\u011b Objevil na Poh\u0159bu D\u00edvky a Z\u016fstal u Jej\u00ed Rakev: Co Lid\u00e9 Uvid\u011bli, V\u0161em Vzalo Slova -<\/title>\n<meta name=\"robots\" content=\"index, follow, max-snippet:-1, max-image-preview:large, max-video-preview:-1\" \/>\n<link rel=\"canonical\" href=\"https:\/\/erevanblog.am\/?p=10379\" \/>\n<meta property=\"og:locale\" content=\"en_US\" \/>\n<meta property=\"og:type\" content=\"article\" \/>\n<meta property=\"og:title\" content=\"Vlk Se Ne\u010dekan\u011b Objevil na Poh\u0159bu D\u00edvky a Z\u016fstal u Jej\u00ed Rakev: Co Lid\u00e9 Uvid\u011bli, V\u0161em Vzalo Slova -\" \/>\n<meta property=\"og:description\" content=\"V jedn\u00e9 tich\u00e9 a smutkem zahalen\u00e9 vesnici se konalo posledn\u00ed rozlou\u010den\u00ed s mladou d\u00edvkou, kterou v\u0161ichni znali a milovali. Jej\u00ed odchod zanechal v srdc\u00edch obyvatel [...]\" \/>\n<meta property=\"og:url\" content=\"https:\/\/erevanblog.am\/?p=10379\" \/>\n<meta property=\"article:published_time\" content=\"2025-06-18T06:00:02+00:00\" \/>\n<meta property=\"article:modified_time\" content=\"2025-06-18T06:00:03+00:00\" \/>\n<meta property=\"og:image\" content=\"http:\/\/erevanblog.am\/wp-content\/uploads\/2025\/06\/56896633.jpg\" \/>\n\t<meta property=\"og:image:width\" content=\"1600\" \/>\n\t<meta property=\"og:image:height\" content=\"2048\" \/>\n\t<meta property=\"og:image:type\" content=\"image\/jpeg\" \/>\n<meta name=\"author\" content=\"erevanblog_a\" \/>\n<meta name=\"twitter:card\" content=\"summary_large_image\" \/>\n<meta name=\"twitter:label1\" content=\"Written by\" \/>\n\t<meta name=\"twitter:data1\" content=\"erevanblog_a\" \/>\n\t<meta name=\"twitter:label2\" content=\"Est. reading time\" \/>\n\t<meta name=\"twitter:data2\" content=\"2 minutes\" \/>\n<script type=\"application\/ld+json\" class=\"yoast-schema-graph\">{\"@context\":\"https:\\\/\\\/schema.org\",\"@graph\":[{\"@type\":\"Article\",\"@id\":\"https:\\\/\\\/erevanblog.am\\\/?p=10379#article\",\"isPartOf\":{\"@id\":\"https:\\\/\\\/erevanblog.am\\\/?p=10379\"},\"author\":{\"name\":\"erevanblog_a\",\"@id\":\"https:\\\/\\\/erevanblog.am\\\/#\\\/schema\\\/person\\\/204f10311eb7ddb8914a5ab3e5f03928\"},\"headline\":\"Vlk Se Ne\u010dekan\u011b Objevil na Poh\u0159bu D\u00edvky a Z\u016fstal u Jej\u00ed Rakev: Co Lid\u00e9 Uvid\u011bli, V\u0161em Vzalo Slova\",\"datePublished\":\"2025-06-18T06:00:02+00:00\",\"dateModified\":\"2025-06-18T06:00:03+00:00\",\"mainEntityOfPage\":{\"@id\":\"https:\\\/\\\/erevanblog.am\\\/?p=10379\"},\"wordCount\":345,\"commentCount\":0,\"image\":{\"@id\":\"https:\\\/\\\/erevanblog.am\\\/?p=10379#primaryimage\"},\"thumbnailUrl\":\"https:\\\/\\\/erevanblog.am\\\/wp-content\\\/uploads\\\/2025\\\/06\\\/56896633.jpg\",\"articleSection\":[\"NEWS\"],\"inLanguage\":\"en-US\",\"potentialAction\":[{\"@type\":\"CommentAction\",\"name\":\"Comment\",\"target\":[\"https:\\\/\\\/erevanblog.am\\\/?p=10379#respond\"]}]},{\"@type\":\"WebPage\",\"@id\":\"https:\\\/\\\/erevanblog.am\\\/?p=10379\",\"url\":\"https:\\\/\\\/erevanblog.am\\\/?p=10379\",\"name\":\"Vlk Se Ne\u010dekan\u011b Objevil na Poh\u0159bu D\u00edvky a Z\u016fstal u Jej\u00ed Rakev: Co Lid\u00e9 Uvid\u011bli, V\u0161em Vzalo Slova -\",\"isPartOf\":{\"@id\":\"https:\\\/\\\/erevanblog.am\\\/#website\"},\"primaryImageOfPage\":{\"@id\":\"https:\\\/\\\/erevanblog.am\\\/?p=10379#primaryimage\"},\"image\":{\"@id\":\"https:\\\/\\\/erevanblog.am\\\/?p=10379#primaryimage\"},\"thumbnailUrl\":\"https:\\\/\\\/erevanblog.am\\\/wp-content\\\/uploads\\\/2025\\\/06\\\/56896633.jpg\",\"datePublished\":\"2025-06-18T06:00:02+00:00\",\"dateModified\":\"2025-06-18T06:00:03+00:00\",\"author\":{\"@id\":\"https:\\\/\\\/erevanblog.am\\\/#\\\/schema\\\/person\\\/204f10311eb7ddb8914a5ab3e5f03928\"},\"breadcrumb\":{\"@id\":\"https:\\\/\\\/erevanblog.am\\\/?p=10379#breadcrumb\"},\"inLanguage\":\"en-US\",\"potentialAction\":[{\"@type\":\"ReadAction\",\"target\":[\"https:\\\/\\\/erevanblog.am\\\/?p=10379\"]}]},{\"@type\":\"ImageObject\",\"inLanguage\":\"en-US\",\"@id\":\"https:\\\/\\\/erevanblog.am\\\/?p=10379#primaryimage\",\"url\":\"https:\\\/\\\/erevanblog.am\\\/wp-content\\\/uploads\\\/2025\\\/06\\\/56896633.jpg\",\"contentUrl\":\"https:\\\/\\\/erevanblog.am\\\/wp-content\\\/uploads\\\/2025\\\/06\\\/56896633.jpg\",\"width\":1600,\"height\":2048},{\"@type\":\"BreadcrumbList\",\"@id\":\"https:\\\/\\\/erevanblog.am\\\/?p=10379#breadcrumb\",\"itemListElement\":[{\"@type\":\"ListItem\",\"position\":1,\"name\":\"Home\",\"item\":\"https:\\\/\\\/erevanblog.am\\\/\"},{\"@type\":\"ListItem\",\"position\":2,\"name\":\"Vlk Se Ne\u010dekan\u011b Objevil na Poh\u0159bu D\u00edvky a Z\u016fstal u Jej\u00ed Rakev: Co Lid\u00e9 Uvid\u011bli, V\u0161em Vzalo Slova\"}]},{\"@type\":\"WebSite\",\"@id\":\"https:\\\/\\\/erevanblog.am\\\/#website\",\"url\":\"https:\\\/\\\/erevanblog.am\\\/\",\"name\":\"\",\"description\":\"\",\"potentialAction\":[{\"@type\":\"SearchAction\",\"target\":{\"@type\":\"EntryPoint\",\"urlTemplate\":\"https:\\\/\\\/erevanblog.am\\\/?s={search_term_string}\"},\"query-input\":{\"@type\":\"PropertyValueSpecification\",\"valueRequired\":true,\"valueName\":\"search_term_string\"}}],\"inLanguage\":\"en-US\"},{\"@type\":\"Person\",\"@id\":\"https:\\\/\\\/erevanblog.am\\\/#\\\/schema\\\/person\\\/204f10311eb7ddb8914a5ab3e5f03928\",\"name\":\"erevanblog_a\",\"image\":{\"@type\":\"ImageObject\",\"inLanguage\":\"en-US\",\"@id\":\"https:\\\/\\\/secure.gravatar.com\\\/avatar\\\/a24f4ac3a683f3c87303db525abc00db51ea26ccedee11dfaf1cc0f9a481a5d2?s=96&d=mm&r=g\",\"url\":\"https:\\\/\\\/secure.gravatar.com\\\/avatar\\\/a24f4ac3a683f3c87303db525abc00db51ea26ccedee11dfaf1cc0f9a481a5d2?s=96&d=mm&r=g\",\"contentUrl\":\"https:\\\/\\\/secure.gravatar.com\\\/avatar\\\/a24f4ac3a683f3c87303db525abc00db51ea26ccedee11dfaf1cc0f9a481a5d2?s=96&d=mm&r=g\",\"caption\":\"erevanblog_a\"},\"sameAs\":[\"http:\\\/\\\/erevanblog.am\"],\"url\":\"https:\\\/\\\/erevanblog.am\\\/?author=1\"}]}<\/script>\n<!-- \/ Yoast SEO plugin. -->","yoast_head_json":{"title":"Vlk Se Ne\u010dekan\u011b Objevil na Poh\u0159bu D\u00edvky a Z\u016fstal u Jej\u00ed Rakev: Co Lid\u00e9 Uvid\u011bli, V\u0161em Vzalo Slova -","robots":{"index":"index","follow":"follow","max-snippet":"max-snippet:-1","max-image-preview":"max-image-preview:large","max-video-preview":"max-video-preview:-1"},"canonical":"https:\/\/erevanblog.am\/?p=10379","og_locale":"en_US","og_type":"article","og_title":"Vlk Se Ne\u010dekan\u011b Objevil na Poh\u0159bu D\u00edvky a Z\u016fstal u Jej\u00ed Rakev: Co Lid\u00e9 Uvid\u011bli, V\u0161em Vzalo Slova -","og_description":"V jedn\u00e9 tich\u00e9 a smutkem zahalen\u00e9 vesnici se konalo posledn\u00ed rozlou\u010den\u00ed s mladou d\u00edvkou, kterou v\u0161ichni znali a milovali. Jej\u00ed odchod zanechal v srdc\u00edch obyvatel [...]","og_url":"https:\/\/erevanblog.am\/?p=10379","article_published_time":"2025-06-18T06:00:02+00:00","article_modified_time":"2025-06-18T06:00:03+00:00","og_image":[{"width":1600,"height":2048,"url":"http:\/\/erevanblog.am\/wp-content\/uploads\/2025\/06\/56896633.jpg","type":"image\/jpeg"}],"author":"erevanblog_a","twitter_card":"summary_large_image","twitter_misc":{"Written by":"erevanblog_a","Est. reading time":"2 minutes"},"schema":{"@context":"https:\/\/schema.org","@graph":[{"@type":"Article","@id":"https:\/\/erevanblog.am\/?p=10379#article","isPartOf":{"@id":"https:\/\/erevanblog.am\/?p=10379"},"author":{"name":"erevanblog_a","@id":"https:\/\/erevanblog.am\/#\/schema\/person\/204f10311eb7ddb8914a5ab3e5f03928"},"headline":"Vlk Se Ne\u010dekan\u011b Objevil na Poh\u0159bu D\u00edvky a Z\u016fstal u Jej\u00ed Rakev: Co Lid\u00e9 Uvid\u011bli, V\u0161em Vzalo Slova","datePublished":"2025-06-18T06:00:02+00:00","dateModified":"2025-06-18T06:00:03+00:00","mainEntityOfPage":{"@id":"https:\/\/erevanblog.am\/?p=10379"},"wordCount":345,"commentCount":0,"image":{"@id":"https:\/\/erevanblog.am\/?p=10379#primaryimage"},"thumbnailUrl":"https:\/\/erevanblog.am\/wp-content\/uploads\/2025\/06\/56896633.jpg","articleSection":["NEWS"],"inLanguage":"en-US","potentialAction":[{"@type":"CommentAction","name":"Comment","target":["https:\/\/erevanblog.am\/?p=10379#respond"]}]},{"@type":"WebPage","@id":"https:\/\/erevanblog.am\/?p=10379","url":"https:\/\/erevanblog.am\/?p=10379","name":"Vlk Se Ne\u010dekan\u011b Objevil na Poh\u0159bu D\u00edvky a Z\u016fstal u Jej\u00ed Rakev: Co Lid\u00e9 Uvid\u011bli, V\u0161em Vzalo Slova -","isPartOf":{"@id":"https:\/\/erevanblog.am\/#website"},"primaryImageOfPage":{"@id":"https:\/\/erevanblog.am\/?p=10379#primaryimage"},"image":{"@id":"https:\/\/erevanblog.am\/?p=10379#primaryimage"},"thumbnailUrl":"https:\/\/erevanblog.am\/wp-content\/uploads\/2025\/06\/56896633.jpg","datePublished":"2025-06-18T06:00:02+00:00","dateModified":"2025-06-18T06:00:03+00:00","author":{"@id":"https:\/\/erevanblog.am\/#\/schema\/person\/204f10311eb7ddb8914a5ab3e5f03928"},"breadcrumb":{"@id":"https:\/\/erevanblog.am\/?p=10379#breadcrumb"},"inLanguage":"en-US","potentialAction":[{"@type":"ReadAction","target":["https:\/\/erevanblog.am\/?p=10379"]}]},{"@type":"ImageObject","inLanguage":"en-US","@id":"https:\/\/erevanblog.am\/?p=10379#primaryimage","url":"https:\/\/erevanblog.am\/wp-content\/uploads\/2025\/06\/56896633.jpg","contentUrl":"https:\/\/erevanblog.am\/wp-content\/uploads\/2025\/06\/56896633.jpg","width":1600,"height":2048},{"@type":"BreadcrumbList","@id":"https:\/\/erevanblog.am\/?p=10379#breadcrumb","itemListElement":[{"@type":"ListItem","position":1,"name":"Home","item":"https:\/\/erevanblog.am\/"},{"@type":"ListItem","position":2,"name":"Vlk Se Ne\u010dekan\u011b Objevil na Poh\u0159bu D\u00edvky a Z\u016fstal u Jej\u00ed Rakev: Co Lid\u00e9 Uvid\u011bli, V\u0161em Vzalo Slova"}]},{"@type":"WebSite","@id":"https:\/\/erevanblog.am\/#website","url":"https:\/\/erevanblog.am\/","name":"","description":"","potentialAction":[{"@type":"SearchAction","target":{"@type":"EntryPoint","urlTemplate":"https:\/\/erevanblog.am\/?s={search_term_string}"},"query-input":{"@type":"PropertyValueSpecification","valueRequired":true,"valueName":"search_term_string"}}],"inLanguage":"en-US"},{"@type":"Person","@id":"https:\/\/erevanblog.am\/#\/schema\/person\/204f10311eb7ddb8914a5ab3e5f03928","name":"erevanblog_a","image":{"@type":"ImageObject","inLanguage":"en-US","@id":"https:\/\/secure.gravatar.com\/avatar\/a24f4ac3a683f3c87303db525abc00db51ea26ccedee11dfaf1cc0f9a481a5d2?s=96&d=mm&r=g","url":"https:\/\/secure.gravatar.com\/avatar\/a24f4ac3a683f3c87303db525abc00db51ea26ccedee11dfaf1cc0f9a481a5d2?s=96&d=mm&r=g","contentUrl":"https:\/\/secure.gravatar.com\/avatar\/a24f4ac3a683f3c87303db525abc00db51ea26ccedee11dfaf1cc0f9a481a5d2?s=96&d=mm&r=g","caption":"erevanblog_a"},"sameAs":["http:\/\/erevanblog.am"],"url":"https:\/\/erevanblog.am\/?author=1"}]}},"views":205,"_links":{"self":[{"href":"https:\/\/erevanblog.am\/index.php?rest_route=\/wp\/v2\/posts\/10379","targetHints":{"allow":["GET"]}}],"collection":[{"href":"https:\/\/erevanblog.am\/index.php?rest_route=\/wp\/v2\/posts"}],"about":[{"href":"https:\/\/erevanblog.am\/index.php?rest_route=\/wp\/v2\/types\/post"}],"author":[{"embeddable":true,"href":"https:\/\/erevanblog.am\/index.php?rest_route=\/wp\/v2\/users\/1"}],"replies":[{"embeddable":true,"href":"https:\/\/erevanblog.am\/index.php?rest_route=%2Fwp%2Fv2%2Fcomments&post=10379"}],"version-history":[{"count":1,"href":"https:\/\/erevanblog.am\/index.php?rest_route=\/wp\/v2\/posts\/10379\/revisions"}],"predecessor-version":[{"id":10381,"href":"https:\/\/erevanblog.am\/index.php?rest_route=\/wp\/v2\/posts\/10379\/revisions\/10381"}],"wp:featuredmedia":[{"embeddable":true,"href":"https:\/\/erevanblog.am\/index.php?rest_route=\/wp\/v2\/media\/10380"}],"wp:attachment":[{"href":"https:\/\/erevanblog.am\/index.php?rest_route=%2Fwp%2Fv2%2Fmedia&parent=10379"}],"wp:term":[{"taxonomy":"category","embeddable":true,"href":"https:\/\/erevanblog.am\/index.php?rest_route=%2Fwp%2Fv2%2Fcategories&post=10379"},{"taxonomy":"post_tag","embeddable":true,"href":"https:\/\/erevanblog.am\/index.php?rest_route=%2Fwp%2Fv2%2Ftags&post=10379"}],"curies":[{"name":"wp","href":"https:\/\/api.w.org\/{rel}","templated":true}]}}