{"id":10403,"date":"2025-06-19T07:08:04","date_gmt":"2025-06-19T06:08:04","guid":{"rendered":"https:\/\/erevanblog.am\/?p=10403"},"modified":"2025-06-19T07:08:04","modified_gmt":"2025-06-19T06:08:04","slug":"rodice-nevesty-se-smichem-reagovali-na-otce-zenicha-ale-jakmile-rozbalil-svuj-darek-v-mistnosti-zavladlo-naproste-ticho-to-nikdo-necekal","status":"publish","type":"post","link":"https:\/\/erevanblog.am\/?p=10403","title":{"rendered":"\u201eRodi\u010de nev\u011bsty se sm\u00edchem reagovali na otce \u017eenicha, ale jakmile rozbalil sv\u016fj d\u00e1rek, v m\u00edstnosti zavl\u00e1dlo naprost\u00e9 ticho. To nikdo ne\u010dekal!\u201c"},"content":{"rendered":"\n<p>Svatebn\u00ed vesel\u00ed bylo v pln\u00e9m proudu \u2013 host\u00e9 se sm\u00e1li, bavili a sd\u00edleli radost novoman\u017eel\u016f. Kdy\u017e nade\u0161el okam\u017eik p\u0159ed\u00e1v\u00e1n\u00ed dar\u016f mezi rodi\u010di, rodi\u010de nev\u011bsty si neodpustili posm\u011b\u0161ky sm\u011brem k otci \u017eenicha. Byli p\u0159esv\u011bd\u010deni, \u017ee jeho dar bude nevkusn\u00fd a nepat\u0159i\u010dn\u00fd.<\/p>\n\n\n\n<figure class=\"wp-block-image size-full\"><img loading=\"lazy\" decoding=\"async\" width=\"1024\" height=\"979\" src=\"https:\/\/erevanblog.am\/wp-content\/uploads\/2025\/06\/45782132111.jpeg\" alt=\"\" class=\"wp-image-10404\" srcset=\"https:\/\/erevanblog.am\/wp-content\/uploads\/2025\/06\/45782132111.jpeg 1024w, https:\/\/erevanblog.am\/wp-content\/uploads\/2025\/06\/45782132111-300x287.jpeg 300w, https:\/\/erevanblog.am\/wp-content\/uploads\/2025\/06\/45782132111-768x734.jpeg 768w\" sizes=\"auto, (max-width: 1024px) 100vw, 1024px\" \/><\/figure>\n\n\n\n<p>Jen\u017ee kdy\u017e otec \u017eenicha pomalu rozbalil sv\u016fj bal\u00ed\u010dek, v\u0161ichni ztichli. Uvnit\u0159 se nach\u00e1zel starobyl\u00fd, ru\u010dn\u011b vyroben\u00fd p\u0159edm\u011bt s hlubok\u00fdm v\u00fdznamem \u2013 nesl v sob\u011b rodinn\u00e9 d\u011bdictv\u00ed a tradici.<\/p>\n\n\n\n<p>R\u00e1zem se atmosf\u00e9ra ve\u010dera prom\u011bnila. Sm\u00edch utichl a p\u0159\u00edtomn\u00e9 zachv\u00e1til tich\u00fd \u00fa\u017eas. Tento ne\u010dekan\u00fd dar spojil ob\u011b rodiny v\u00edce, ne\u017e si kdo dok\u00e1zal p\u0159edstavit.<\/p>\n","protected":false},"excerpt":{"rendered":"<div class=\"mh-excerpt\"><p>Svatebn\u00ed vesel\u00ed bylo v pln\u00e9m proudu \u2013 host\u00e9 se sm\u00e1li, bavili a sd\u00edleli radost novoman\u017eel\u016f. Kdy\u017e nade\u0161el okam\u017eik p\u0159ed\u00e1v\u00e1n\u00ed dar\u016f mezi rodi\u010di, rodi\u010de nev\u011bsty si <a class=\"mh-excerpt-more\" href=\"https:\/\/erevanblog.am\/?p=10403\" title=\"\u201eRodi\u010de nev\u011bsty se sm\u00edchem reagovali na otce \u017eenicha, ale jakmile rozbalil sv\u016fj d\u00e1rek, v m\u00edstnosti zavl\u00e1dlo naprost\u00e9 ticho. To nikdo ne\u010dekal!\u201c\">[&#8230;]<\/a><\/p>\n<\/div>","protected":false},"author":1,"featured_media":10404,"comment_status":"open","ping_status":"open","sticky":false,"template":"","format":"standard","meta":{"footnotes":""},"categories":[1],"tags":[],"class_list":["post-10403","post","type-post","status-publish","format-standard","has-post-thumbnail","hentry","category-uncategorised"],"yoast_head":"<!-- This site is optimized with the Yoast SEO plugin v27.5 - https:\/\/yoast.com\/product\/yoast-seo-wordpress\/ -->\n<title>\u201eRodi\u010de nev\u011bsty se sm\u00edchem reagovali na otce \u017eenicha, ale jakmile rozbalil sv\u016fj d\u00e1rek, v m\u00edstnosti zavl\u00e1dlo naprost\u00e9 ticho. To nikdo ne\u010dekal!\u201c -<\/title>\n<meta name=\"robots\" content=\"index, follow, max-snippet:-1, max-image-preview:large, max-video-preview:-1\" \/>\n<link rel=\"canonical\" href=\"https:\/\/erevanblog.am\/?p=10403\" \/>\n<meta property=\"og:locale\" content=\"en_US\" \/>\n<meta property=\"og:type\" content=\"article\" \/>\n<meta property=\"og:title\" content=\"\u201eRodi\u010de nev\u011bsty se sm\u00edchem reagovali na otce \u017eenicha, ale jakmile rozbalil sv\u016fj d\u00e1rek, v m\u00edstnosti zavl\u00e1dlo naprost\u00e9 ticho. To nikdo ne\u010dekal!\u201c -\" \/>\n<meta property=\"og:description\" content=\"Svatebn\u00ed vesel\u00ed bylo v pln\u00e9m proudu \u2013 host\u00e9 se sm\u00e1li, bavili a sd\u00edleli radost novoman\u017eel\u016f. Kdy\u017e nade\u0161el okam\u017eik p\u0159ed\u00e1v\u00e1n\u00ed dar\u016f mezi rodi\u010di, rodi\u010de nev\u011bsty si [...]\" \/>\n<meta property=\"og:url\" content=\"https:\/\/erevanblog.am\/?p=10403\" \/>\n<meta property=\"article:published_time\" content=\"2025-06-19T06:08:04+00:00\" \/>\n<meta property=\"og:image\" content=\"http:\/\/erevanblog.am\/wp-content\/uploads\/2025\/06\/45782132111.jpeg\" \/>\n\t<meta property=\"og:image:width\" content=\"1024\" \/>\n\t<meta property=\"og:image:height\" content=\"979\" \/>\n\t<meta property=\"og:image:type\" content=\"image\/jpeg\" \/>\n<meta name=\"author\" content=\"erevanblog_a\" \/>\n<meta name=\"twitter:card\" content=\"summary_large_image\" \/>\n<meta name=\"twitter:label1\" content=\"Written by\" \/>\n\t<meta name=\"twitter:data1\" content=\"erevanblog_a\" \/>\n\t<meta name=\"twitter:label2\" content=\"Est. reading time\" \/>\n\t<meta name=\"twitter:data2\" content=\"1 minute\" \/>\n<script type=\"application\/ld+json\" class=\"yoast-schema-graph\">{\"@context\":\"https:\\\/\\\/schema.org\",\"@graph\":[{\"@type\":\"Article\",\"@id\":\"https:\\\/\\\/erevanblog.am\\\/?p=10403#article\",\"isPartOf\":{\"@id\":\"https:\\\/\\\/erevanblog.am\\\/?p=10403\"},\"author\":{\"name\":\"erevanblog_a\",\"@id\":\"https:\\\/\\\/erevanblog.am\\\/#\\\/schema\\\/person\\\/204f10311eb7ddb8914a5ab3e5f03928\"},\"headline\":\"\u201eRodi\u010de nev\u011bsty se sm\u00edchem reagovali na otce \u017eenicha, ale jakmile rozbalil sv\u016fj d\u00e1rek, v m\u00edstnosti zavl\u00e1dlo naprost\u00e9 ticho. To nikdo ne\u010dekal!\u201c\",\"datePublished\":\"2025-06-19T06:08:04+00:00\",\"mainEntityOfPage\":{\"@id\":\"https:\\\/\\\/erevanblog.am\\\/?p=10403\"},\"wordCount\":160,\"commentCount\":0,\"image\":{\"@id\":\"https:\\\/\\\/erevanblog.am\\\/?p=10403#primaryimage\"},\"thumbnailUrl\":\"https:\\\/\\\/erevanblog.am\\\/wp-content\\\/uploads\\\/2025\\\/06\\\/45782132111.jpeg\",\"articleSection\":[\"NEWS\"],\"inLanguage\":\"en-US\",\"potentialAction\":[{\"@type\":\"CommentAction\",\"name\":\"Comment\",\"target\":[\"https:\\\/\\\/erevanblog.am\\\/?p=10403#respond\"]}]},{\"@type\":\"WebPage\",\"@id\":\"https:\\\/\\\/erevanblog.am\\\/?p=10403\",\"url\":\"https:\\\/\\\/erevanblog.am\\\/?p=10403\",\"name\":\"\u201eRodi\u010de nev\u011bsty se sm\u00edchem reagovali na otce \u017eenicha, ale jakmile rozbalil sv\u016fj d\u00e1rek, v m\u00edstnosti zavl\u00e1dlo naprost\u00e9 ticho. To nikdo ne\u010dekal!\u201c -\",\"isPartOf\":{\"@id\":\"https:\\\/\\\/erevanblog.am\\\/#website\"},\"primaryImageOfPage\":{\"@id\":\"https:\\\/\\\/erevanblog.am\\\/?p=10403#primaryimage\"},\"image\":{\"@id\":\"https:\\\/\\\/erevanblog.am\\\/?p=10403#primaryimage\"},\"thumbnailUrl\":\"https:\\\/\\\/erevanblog.am\\\/wp-content\\\/uploads\\\/2025\\\/06\\\/45782132111.jpeg\",\"datePublished\":\"2025-06-19T06:08:04+00:00\",\"author\":{\"@id\":\"https:\\\/\\\/erevanblog.am\\\/#\\\/schema\\\/person\\\/204f10311eb7ddb8914a5ab3e5f03928\"},\"breadcrumb\":{\"@id\":\"https:\\\/\\\/erevanblog.am\\\/?p=10403#breadcrumb\"},\"inLanguage\":\"en-US\",\"potentialAction\":[{\"@type\":\"ReadAction\",\"target\":[\"https:\\\/\\\/erevanblog.am\\\/?p=10403\"]}]},{\"@type\":\"ImageObject\",\"inLanguage\":\"en-US\",\"@id\":\"https:\\\/\\\/erevanblog.am\\\/?p=10403#primaryimage\",\"url\":\"https:\\\/\\\/erevanblog.am\\\/wp-content\\\/uploads\\\/2025\\\/06\\\/45782132111.jpeg\",\"contentUrl\":\"https:\\\/\\\/erevanblog.am\\\/wp-content\\\/uploads\\\/2025\\\/06\\\/45782132111.jpeg\",\"width\":1024,\"height\":979},{\"@type\":\"BreadcrumbList\",\"@id\":\"https:\\\/\\\/erevanblog.am\\\/?p=10403#breadcrumb\",\"itemListElement\":[{\"@type\":\"ListItem\",\"position\":1,\"name\":\"Home\",\"item\":\"https:\\\/\\\/erevanblog.am\\\/\"},{\"@type\":\"ListItem\",\"position\":2,\"name\":\"\u201eRodi\u010de nev\u011bsty se sm\u00edchem reagovali na otce \u017eenicha, ale jakmile rozbalil sv\u016fj d\u00e1rek, v m\u00edstnosti zavl\u00e1dlo naprost\u00e9 ticho. To nikdo ne\u010dekal!\u201c\"}]},{\"@type\":\"WebSite\",\"@id\":\"https:\\\/\\\/erevanblog.am\\\/#website\",\"url\":\"https:\\\/\\\/erevanblog.am\\\/\",\"name\":\"\",\"description\":\"\",\"potentialAction\":[{\"@type\":\"SearchAction\",\"target\":{\"@type\":\"EntryPoint\",\"urlTemplate\":\"https:\\\/\\\/erevanblog.am\\\/?s={search_term_string}\"},\"query-input\":{\"@type\":\"PropertyValueSpecification\",\"valueRequired\":true,\"valueName\":\"search_term_string\"}}],\"inLanguage\":\"en-US\"},{\"@type\":\"Person\",\"@id\":\"https:\\\/\\\/erevanblog.am\\\/#\\\/schema\\\/person\\\/204f10311eb7ddb8914a5ab3e5f03928\",\"name\":\"erevanblog_a\",\"image\":{\"@type\":\"ImageObject\",\"inLanguage\":\"en-US\",\"@id\":\"https:\\\/\\\/secure.gravatar.com\\\/avatar\\\/a24f4ac3a683f3c87303db525abc00db51ea26ccedee11dfaf1cc0f9a481a5d2?s=96&d=mm&r=g\",\"url\":\"https:\\\/\\\/secure.gravatar.com\\\/avatar\\\/a24f4ac3a683f3c87303db525abc00db51ea26ccedee11dfaf1cc0f9a481a5d2?s=96&d=mm&r=g\",\"contentUrl\":\"https:\\\/\\\/secure.gravatar.com\\\/avatar\\\/a24f4ac3a683f3c87303db525abc00db51ea26ccedee11dfaf1cc0f9a481a5d2?s=96&d=mm&r=g\",\"caption\":\"erevanblog_a\"},\"sameAs\":[\"http:\\\/\\\/erevanblog.am\"],\"url\":\"https:\\\/\\\/erevanblog.am\\\/?author=1\"}]}<\/script>\n<!-- \/ Yoast SEO plugin. -->","yoast_head_json":{"title":"\u201eRodi\u010de nev\u011bsty se sm\u00edchem reagovali na otce \u017eenicha, ale jakmile rozbalil sv\u016fj d\u00e1rek, v m\u00edstnosti zavl\u00e1dlo naprost\u00e9 ticho. To nikdo ne\u010dekal!\u201c -","robots":{"index":"index","follow":"follow","max-snippet":"max-snippet:-1","max-image-preview":"max-image-preview:large","max-video-preview":"max-video-preview:-1"},"canonical":"https:\/\/erevanblog.am\/?p=10403","og_locale":"en_US","og_type":"article","og_title":"\u201eRodi\u010de nev\u011bsty se sm\u00edchem reagovali na otce \u017eenicha, ale jakmile rozbalil sv\u016fj d\u00e1rek, v m\u00edstnosti zavl\u00e1dlo naprost\u00e9 ticho. To nikdo ne\u010dekal!\u201c -","og_description":"Svatebn\u00ed vesel\u00ed bylo v pln\u00e9m proudu \u2013 host\u00e9 se sm\u00e1li, bavili a sd\u00edleli radost novoman\u017eel\u016f. Kdy\u017e nade\u0161el okam\u017eik p\u0159ed\u00e1v\u00e1n\u00ed dar\u016f mezi rodi\u010di, rodi\u010de nev\u011bsty si [...]","og_url":"https:\/\/erevanblog.am\/?p=10403","article_published_time":"2025-06-19T06:08:04+00:00","og_image":[{"width":1024,"height":979,"url":"http:\/\/erevanblog.am\/wp-content\/uploads\/2025\/06\/45782132111.jpeg","type":"image\/jpeg"}],"author":"erevanblog_a","twitter_card":"summary_large_image","twitter_misc":{"Written by":"erevanblog_a","Est. reading time":"1 minute"},"schema":{"@context":"https:\/\/schema.org","@graph":[{"@type":"Article","@id":"https:\/\/erevanblog.am\/?p=10403#article","isPartOf":{"@id":"https:\/\/erevanblog.am\/?p=10403"},"author":{"name":"erevanblog_a","@id":"https:\/\/erevanblog.am\/#\/schema\/person\/204f10311eb7ddb8914a5ab3e5f03928"},"headline":"\u201eRodi\u010de nev\u011bsty se sm\u00edchem reagovali na otce \u017eenicha, ale jakmile rozbalil sv\u016fj d\u00e1rek, v m\u00edstnosti zavl\u00e1dlo naprost\u00e9 ticho. To nikdo ne\u010dekal!\u201c","datePublished":"2025-06-19T06:08:04+00:00","mainEntityOfPage":{"@id":"https:\/\/erevanblog.am\/?p=10403"},"wordCount":160,"commentCount":0,"image":{"@id":"https:\/\/erevanblog.am\/?p=10403#primaryimage"},"thumbnailUrl":"https:\/\/erevanblog.am\/wp-content\/uploads\/2025\/06\/45782132111.jpeg","articleSection":["NEWS"],"inLanguage":"en-US","potentialAction":[{"@type":"CommentAction","name":"Comment","target":["https:\/\/erevanblog.am\/?p=10403#respond"]}]},{"@type":"WebPage","@id":"https:\/\/erevanblog.am\/?p=10403","url":"https:\/\/erevanblog.am\/?p=10403","name":"\u201eRodi\u010de nev\u011bsty se sm\u00edchem reagovali na otce \u017eenicha, ale jakmile rozbalil sv\u016fj d\u00e1rek, v m\u00edstnosti zavl\u00e1dlo naprost\u00e9 ticho. To nikdo ne\u010dekal!\u201c -","isPartOf":{"@id":"https:\/\/erevanblog.am\/#website"},"primaryImageOfPage":{"@id":"https:\/\/erevanblog.am\/?p=10403#primaryimage"},"image":{"@id":"https:\/\/erevanblog.am\/?p=10403#primaryimage"},"thumbnailUrl":"https:\/\/erevanblog.am\/wp-content\/uploads\/2025\/06\/45782132111.jpeg","datePublished":"2025-06-19T06:08:04+00:00","author":{"@id":"https:\/\/erevanblog.am\/#\/schema\/person\/204f10311eb7ddb8914a5ab3e5f03928"},"breadcrumb":{"@id":"https:\/\/erevanblog.am\/?p=10403#breadcrumb"},"inLanguage":"en-US","potentialAction":[{"@type":"ReadAction","target":["https:\/\/erevanblog.am\/?p=10403"]}]},{"@type":"ImageObject","inLanguage":"en-US","@id":"https:\/\/erevanblog.am\/?p=10403#primaryimage","url":"https:\/\/erevanblog.am\/wp-content\/uploads\/2025\/06\/45782132111.jpeg","contentUrl":"https:\/\/erevanblog.am\/wp-content\/uploads\/2025\/06\/45782132111.jpeg","width":1024,"height":979},{"@type":"BreadcrumbList","@id":"https:\/\/erevanblog.am\/?p=10403#breadcrumb","itemListElement":[{"@type":"ListItem","position":1,"name":"Home","item":"https:\/\/erevanblog.am\/"},{"@type":"ListItem","position":2,"name":"\u201eRodi\u010de nev\u011bsty se sm\u00edchem reagovali na otce \u017eenicha, ale jakmile rozbalil sv\u016fj d\u00e1rek, v m\u00edstnosti zavl\u00e1dlo naprost\u00e9 ticho. To nikdo ne\u010dekal!\u201c"}]},{"@type":"WebSite","@id":"https:\/\/erevanblog.am\/#website","url":"https:\/\/erevanblog.am\/","name":"","description":"","potentialAction":[{"@type":"SearchAction","target":{"@type":"EntryPoint","urlTemplate":"https:\/\/erevanblog.am\/?s={search_term_string}"},"query-input":{"@type":"PropertyValueSpecification","valueRequired":true,"valueName":"search_term_string"}}],"inLanguage":"en-US"},{"@type":"Person","@id":"https:\/\/erevanblog.am\/#\/schema\/person\/204f10311eb7ddb8914a5ab3e5f03928","name":"erevanblog_a","image":{"@type":"ImageObject","inLanguage":"en-US","@id":"https:\/\/secure.gravatar.com\/avatar\/a24f4ac3a683f3c87303db525abc00db51ea26ccedee11dfaf1cc0f9a481a5d2?s=96&d=mm&r=g","url":"https:\/\/secure.gravatar.com\/avatar\/a24f4ac3a683f3c87303db525abc00db51ea26ccedee11dfaf1cc0f9a481a5d2?s=96&d=mm&r=g","contentUrl":"https:\/\/secure.gravatar.com\/avatar\/a24f4ac3a683f3c87303db525abc00db51ea26ccedee11dfaf1cc0f9a481a5d2?s=96&d=mm&r=g","caption":"erevanblog_a"},"sameAs":["http:\/\/erevanblog.am"],"url":"https:\/\/erevanblog.am\/?author=1"}]}},"views":191,"_links":{"self":[{"href":"https:\/\/erevanblog.am\/index.php?rest_route=\/wp\/v2\/posts\/10403","targetHints":{"allow":["GET"]}}],"collection":[{"href":"https:\/\/erevanblog.am\/index.php?rest_route=\/wp\/v2\/posts"}],"about":[{"href":"https:\/\/erevanblog.am\/index.php?rest_route=\/wp\/v2\/types\/post"}],"author":[{"embeddable":true,"href":"https:\/\/erevanblog.am\/index.php?rest_route=\/wp\/v2\/users\/1"}],"replies":[{"embeddable":true,"href":"https:\/\/erevanblog.am\/index.php?rest_route=%2Fwp%2Fv2%2Fcomments&post=10403"}],"version-history":[{"count":1,"href":"https:\/\/erevanblog.am\/index.php?rest_route=\/wp\/v2\/posts\/10403\/revisions"}],"predecessor-version":[{"id":10405,"href":"https:\/\/erevanblog.am\/index.php?rest_route=\/wp\/v2\/posts\/10403\/revisions\/10405"}],"wp:featuredmedia":[{"embeddable":true,"href":"https:\/\/erevanblog.am\/index.php?rest_route=\/wp\/v2\/media\/10404"}],"wp:attachment":[{"href":"https:\/\/erevanblog.am\/index.php?rest_route=%2Fwp%2Fv2%2Fmedia&parent=10403"}],"wp:term":[{"taxonomy":"category","embeddable":true,"href":"https:\/\/erevanblog.am\/index.php?rest_route=%2Fwp%2Fv2%2Fcategories&post=10403"},{"taxonomy":"post_tag","embeddable":true,"href":"https:\/\/erevanblog.am\/index.php?rest_route=%2Fwp%2Fv2%2Ftags&post=10403"}],"curies":[{"name":"wp","href":"https:\/\/api.w.org\/{rel}","templated":true}]}}