{"id":10409,"date":"2025-06-19T07:22:49","date_gmt":"2025-06-19T06:22:49","guid":{"rendered":"https:\/\/erevanblog.am\/?p=10409"},"modified":"2025-06-19T07:22:51","modified_gmt":"2025-06-19T06:22:51","slug":"muj-autisticky-bratr-nikdy-nemluvil-az-do-chvile-kdy-udelal-neco-co-me-dojalo-k-slzam","status":"publish","type":"post","link":"https:\/\/erevanblog.am\/?p=10409","title":{"rendered":"M\u016fj autistick\u00fd bratr nikdy nemluvil \u2013 a\u017e do chv\u00edle, kdy ud\u011blal n\u011bco, co m\u011b dojalo k slz\u00e1m."},"content":{"rendered":"\n<p>M\u016fj mlad\u0161\u00ed bratr Mat\u011bj se narodil jako tich\u00e9 d\u00edt\u011b. Kdy\u017e ostatn\u00ed d\u011bti za\u010daly \u017evatlat, sm\u00e1t se a ukazovat sv\u00e9 pocity, Mat\u011bj z\u016fstal uzav\u0159en\u00fd ve sv\u00e9m vlastn\u00edm sv\u011bt\u011b. Kdy\u017e mu byly dva roky, rodi\u010de si v\u0161imli, \u017ee n\u011bco nen\u00ed v po\u0159\u00e1dku \u2013 nereagoval na sv\u00e9 jm\u00e9no, ned\u00edval se lidem do o\u010d\u00ed, neukazoval, co chce, a hlavn\u011b \u2013 nemluvil. Okol\u00ed m\u011blo r\u016fzn\u00e9 n\u00e1zory; n\u011bkte\u0159\u00ed si mysleli, \u017ee je jen pomalej\u0161\u00ed, jin\u00ed doporu\u010dovali odbornou pomoc. Nakonec jsme nav\u0161t\u00edvili d\u011btsk\u00e9ho psychologa.<\/p>\n\n\n\n<figure class=\"wp-block-image size-full\"><img loading=\"lazy\" decoding=\"async\" width=\"1024\" height=\"995\" src=\"https:\/\/erevanblog.am\/wp-content\/uploads\/2025\/06\/458963333.jpeg\" alt=\"\" class=\"wp-image-10410\" srcset=\"https:\/\/erevanblog.am\/wp-content\/uploads\/2025\/06\/458963333.jpeg 1024w, https:\/\/erevanblog.am\/wp-content\/uploads\/2025\/06\/458963333-300x292.jpeg 300w, https:\/\/erevanblog.am\/wp-content\/uploads\/2025\/06\/458963333-768x746.jpeg 768w\" sizes=\"auto, (max-width: 1024px) 100vw, 1024px\" \/><\/figure>\n\n\n\n<p>Po \u0159ad\u011b vy\u0161et\u0159en\u00ed n\u00e1m bylo \u0159e\u010deno, \u017ee Mat\u011bj m\u00e1 poruchu autistick\u00e9ho spektra. Tehdy mi bylo dev\u011bt let a nech\u00e1pal jsem to. V\u011bd\u011bl jsem jen, \u017ee m\u016fj bratr je jin\u00fd. Ne \u0161patn\u00fd, jen jin\u00fd. Nehr\u00e1l si s ostatn\u00edmi d\u011btmi, nesm\u00e1l se na vtipy, ale v jeho o\u010d\u00edch jsem vid\u011bl n\u011bco hlubok\u00e9ho \u2013 porozum\u011bn\u00ed, kter\u00e9 neum\u011bl slovy vyj\u00e1d\u0159it.<\/p>\n\n\n\n<p>Roky plynuly a Mat\u011bj st\u00e1le nemluvil. Nau\u010dil se komunikovat obr\u00e1zky, gesty, n\u011bkdy pomoc\u00ed jednoduch\u00e9ho tabletu s aplikac\u00ed, kter\u00e1 vyslovovala p\u0159ednastaven\u00e1 slova. Rozum\u011bl n\u00e1m, ale odpov\u00eddal jen pohybem, v\u00fdrazem nebo zvuky z p\u0159\u00edstroje. Rodi\u010de nikdy neztratili nad\u011bji, j\u00e1 ale ano. P\u0159ijal jsem, \u017ee mo\u017en\u00e1 nikdy nepromluv\u00ed.<\/p>\n\n\n\n<p>Jednoho dne, kdy\u017e mi bylo osmn\u00e1ct a jemu dev\u011bt, jsem se vr\u00e1til dom\u016f rozru\u0161en\u00fd. Dostal jsem \u0161patnou zn\u00e1mku a m\u011bl pocit, \u017ee se v\u0161echno hrout\u00ed. Zav\u0159el jsem se do pokoje a ti\u0161e plakal. Pak jsem usly\u0161el jemn\u00e9 zaklep\u00e1n\u00ed. Oto\u010dil jsem se a uvid\u011bl Mat\u011bje ve dve\u0159\u00edch s na\u0161\u00edm obl\u00edben\u00fdm ply\u0161\u00e1kem, kter\u00e9ho jsme m\u011bli od d\u011btstv\u00ed. Podal mi ho a chv\u00edli se jen d\u00edval. A pak p\u0159i\u0161lo n\u011bco neuv\u011b\u0159iteln\u00e9ho.<\/p>\n\n\n\n<p>Z jeho \u00fast zazn\u011blo jedin\u00e9 slovo, jasn\u00e9 a srozumiteln\u00e9:<br>\u201eBr\u00e1cho.\u201c<\/p>\n\n\n\n<p>Zamrkal jsem, myslel jsem, \u017ee jsem se p\u0159elhal. Ale on to zopakoval ti\u0161eji, pomaleji, jako by se b\u00e1l, \u017ee n\u011bco pokazil:<br>\u201eBr\u00e1cho\u2026 nebu\u010f smutn\u00fd.\u201c<\/p>\n\n\n\n<p>Byla to ta nej\u010dist\u0161\u00ed a nejjemn\u011bj\u0161\u00ed v\u011bta, kterou jsem kdy sly\u0161el. Nejen proto, \u017ee p\u0159i\u0161la po letech ticha, ale hlavn\u011b v ten moment, kdy jsem ji nejv\u00edc pot\u0159eboval. Rozplakal jsem se, tentokr\u00e1t dojet\u00edm. Objali jsme se, a i kdy\u017e Mat\u011bj ten den u\u017e d\u00e1l nemluvil, ten okam\u017eik v\u0161echno zm\u011bnil.<\/p>\n\n\n\n<p>Od t\u00e9 doby mluv\u00ed jen z\u0159\u00eddka, jedn\u00edm slovem nebo v\u011btou. Ale ka\u017ed\u00e9 jeho slovo m\u00e1 velkou hodnotu. \u0158\u00edk\u00e1 jen to, co opravdu znamen\u00e1. Nau\u010dil m\u011b, \u017ee komunikace nen\u00ed jen o slovech. A kdy\u017e ta slova p\u0159ijdou, maj\u00ed s\u00edlu uzdravit i ty nejhlub\u0161\u00ed r\u00e1ny.<\/p>\n","protected":false},"excerpt":{"rendered":"<div class=\"mh-excerpt\"><p>M\u016fj mlad\u0161\u00ed bratr Mat\u011bj se narodil jako tich\u00e9 d\u00edt\u011b. Kdy\u017e ostatn\u00ed d\u011bti za\u010daly \u017evatlat, sm\u00e1t se a ukazovat sv\u00e9 pocity, Mat\u011bj z\u016fstal uzav\u0159en\u00fd ve sv\u00e9m <a class=\"mh-excerpt-more\" href=\"https:\/\/erevanblog.am\/?p=10409\" title=\"M\u016fj autistick\u00fd bratr nikdy nemluvil \u2013 a\u017e do chv\u00edle, kdy ud\u011blal n\u011bco, co m\u011b dojalo k slz\u00e1m.\">[&#8230;]<\/a><\/p>\n<\/div>","protected":false},"author":1,"featured_media":10410,"comment_status":"open","ping_status":"open","sticky":false,"template":"","format":"standard","meta":{"footnotes":""},"categories":[1],"tags":[],"class_list":["post-10409","post","type-post","status-publish","format-standard","has-post-thumbnail","hentry","category-uncategorised"],"yoast_head":"<!-- This site is optimized with the Yoast SEO plugin v27.5 - https:\/\/yoast.com\/product\/yoast-seo-wordpress\/ -->\n<title>M\u016fj autistick\u00fd bratr nikdy nemluvil \u2013 a\u017e do chv\u00edle, kdy ud\u011blal n\u011bco, co m\u011b dojalo k slz\u00e1m. -<\/title>\n<meta name=\"robots\" content=\"index, follow, max-snippet:-1, max-image-preview:large, max-video-preview:-1\" \/>\n<link rel=\"canonical\" href=\"https:\/\/erevanblog.am\/?p=10409\" \/>\n<meta property=\"og:locale\" content=\"en_US\" \/>\n<meta property=\"og:type\" content=\"article\" \/>\n<meta property=\"og:title\" content=\"M\u016fj autistick\u00fd bratr nikdy nemluvil \u2013 a\u017e do chv\u00edle, kdy ud\u011blal n\u011bco, co m\u011b dojalo k slz\u00e1m. -\" \/>\n<meta property=\"og:description\" content=\"M\u016fj mlad\u0161\u00ed bratr Mat\u011bj se narodil jako tich\u00e9 d\u00edt\u011b. Kdy\u017e ostatn\u00ed d\u011bti za\u010daly \u017evatlat, sm\u00e1t se a ukazovat sv\u00e9 pocity, Mat\u011bj z\u016fstal uzav\u0159en\u00fd ve sv\u00e9m [...]\" \/>\n<meta property=\"og:url\" content=\"https:\/\/erevanblog.am\/?p=10409\" \/>\n<meta property=\"article:published_time\" content=\"2025-06-19T06:22:49+00:00\" \/>\n<meta property=\"article:modified_time\" content=\"2025-06-19T06:22:51+00:00\" \/>\n<meta property=\"og:image\" content=\"http:\/\/erevanblog.am\/wp-content\/uploads\/2025\/06\/458963333.jpeg\" \/>\n\t<meta property=\"og:image:width\" content=\"1024\" \/>\n\t<meta property=\"og:image:height\" content=\"995\" \/>\n\t<meta property=\"og:image:type\" content=\"image\/jpeg\" \/>\n<meta name=\"author\" content=\"erevanblog_a\" \/>\n<meta name=\"twitter:card\" content=\"summary_large_image\" \/>\n<meta name=\"twitter:label1\" content=\"Written by\" \/>\n\t<meta name=\"twitter:data1\" content=\"erevanblog_a\" \/>\n\t<meta name=\"twitter:label2\" content=\"Est. reading time\" \/>\n\t<meta name=\"twitter:data2\" content=\"3 minutes\" \/>\n<script type=\"application\/ld+json\" class=\"yoast-schema-graph\">{\"@context\":\"https:\\\/\\\/schema.org\",\"@graph\":[{\"@type\":\"Article\",\"@id\":\"https:\\\/\\\/erevanblog.am\\\/?p=10409#article\",\"isPartOf\":{\"@id\":\"https:\\\/\\\/erevanblog.am\\\/?p=10409\"},\"author\":{\"name\":\"erevanblog_a\",\"@id\":\"https:\\\/\\\/erevanblog.am\\\/#\\\/schema\\\/person\\\/204f10311eb7ddb8914a5ab3e5f03928\"},\"headline\":\"M\u016fj autistick\u00fd bratr nikdy nemluvil \u2013 a\u017e do chv\u00edle, kdy ud\u011blal n\u011bco, co m\u011b dojalo k slz\u00e1m.\",\"datePublished\":\"2025-06-19T06:22:49+00:00\",\"dateModified\":\"2025-06-19T06:22:51+00:00\",\"mainEntityOfPage\":{\"@id\":\"https:\\\/\\\/erevanblog.am\\\/?p=10409\"},\"wordCount\":515,\"commentCount\":0,\"image\":{\"@id\":\"https:\\\/\\\/erevanblog.am\\\/?p=10409#primaryimage\"},\"thumbnailUrl\":\"https:\\\/\\\/erevanblog.am\\\/wp-content\\\/uploads\\\/2025\\\/06\\\/458963333.jpeg\",\"articleSection\":[\"NEWS\"],\"inLanguage\":\"en-US\",\"potentialAction\":[{\"@type\":\"CommentAction\",\"name\":\"Comment\",\"target\":[\"https:\\\/\\\/erevanblog.am\\\/?p=10409#respond\"]}]},{\"@type\":\"WebPage\",\"@id\":\"https:\\\/\\\/erevanblog.am\\\/?p=10409\",\"url\":\"https:\\\/\\\/erevanblog.am\\\/?p=10409\",\"name\":\"M\u016fj autistick\u00fd bratr nikdy nemluvil \u2013 a\u017e do chv\u00edle, kdy ud\u011blal n\u011bco, co m\u011b dojalo k slz\u00e1m. -\",\"isPartOf\":{\"@id\":\"https:\\\/\\\/erevanblog.am\\\/#website\"},\"primaryImageOfPage\":{\"@id\":\"https:\\\/\\\/erevanblog.am\\\/?p=10409#primaryimage\"},\"image\":{\"@id\":\"https:\\\/\\\/erevanblog.am\\\/?p=10409#primaryimage\"},\"thumbnailUrl\":\"https:\\\/\\\/erevanblog.am\\\/wp-content\\\/uploads\\\/2025\\\/06\\\/458963333.jpeg\",\"datePublished\":\"2025-06-19T06:22:49+00:00\",\"dateModified\":\"2025-06-19T06:22:51+00:00\",\"author\":{\"@id\":\"https:\\\/\\\/erevanblog.am\\\/#\\\/schema\\\/person\\\/204f10311eb7ddb8914a5ab3e5f03928\"},\"breadcrumb\":{\"@id\":\"https:\\\/\\\/erevanblog.am\\\/?p=10409#breadcrumb\"},\"inLanguage\":\"en-US\",\"potentialAction\":[{\"@type\":\"ReadAction\",\"target\":[\"https:\\\/\\\/erevanblog.am\\\/?p=10409\"]}]},{\"@type\":\"ImageObject\",\"inLanguage\":\"en-US\",\"@id\":\"https:\\\/\\\/erevanblog.am\\\/?p=10409#primaryimage\",\"url\":\"https:\\\/\\\/erevanblog.am\\\/wp-content\\\/uploads\\\/2025\\\/06\\\/458963333.jpeg\",\"contentUrl\":\"https:\\\/\\\/erevanblog.am\\\/wp-content\\\/uploads\\\/2025\\\/06\\\/458963333.jpeg\",\"width\":1024,\"height\":995},{\"@type\":\"BreadcrumbList\",\"@id\":\"https:\\\/\\\/erevanblog.am\\\/?p=10409#breadcrumb\",\"itemListElement\":[{\"@type\":\"ListItem\",\"position\":1,\"name\":\"Home\",\"item\":\"https:\\\/\\\/erevanblog.am\\\/\"},{\"@type\":\"ListItem\",\"position\":2,\"name\":\"M\u016fj autistick\u00fd bratr nikdy nemluvil \u2013 a\u017e do chv\u00edle, kdy ud\u011blal n\u011bco, co m\u011b dojalo k slz\u00e1m.\"}]},{\"@type\":\"WebSite\",\"@id\":\"https:\\\/\\\/erevanblog.am\\\/#website\",\"url\":\"https:\\\/\\\/erevanblog.am\\\/\",\"name\":\"\",\"description\":\"\",\"potentialAction\":[{\"@type\":\"SearchAction\",\"target\":{\"@type\":\"EntryPoint\",\"urlTemplate\":\"https:\\\/\\\/erevanblog.am\\\/?s={search_term_string}\"},\"query-input\":{\"@type\":\"PropertyValueSpecification\",\"valueRequired\":true,\"valueName\":\"search_term_string\"}}],\"inLanguage\":\"en-US\"},{\"@type\":\"Person\",\"@id\":\"https:\\\/\\\/erevanblog.am\\\/#\\\/schema\\\/person\\\/204f10311eb7ddb8914a5ab3e5f03928\",\"name\":\"erevanblog_a\",\"image\":{\"@type\":\"ImageObject\",\"inLanguage\":\"en-US\",\"@id\":\"https:\\\/\\\/secure.gravatar.com\\\/avatar\\\/a24f4ac3a683f3c87303db525abc00db51ea26ccedee11dfaf1cc0f9a481a5d2?s=96&d=mm&r=g\",\"url\":\"https:\\\/\\\/secure.gravatar.com\\\/avatar\\\/a24f4ac3a683f3c87303db525abc00db51ea26ccedee11dfaf1cc0f9a481a5d2?s=96&d=mm&r=g\",\"contentUrl\":\"https:\\\/\\\/secure.gravatar.com\\\/avatar\\\/a24f4ac3a683f3c87303db525abc00db51ea26ccedee11dfaf1cc0f9a481a5d2?s=96&d=mm&r=g\",\"caption\":\"erevanblog_a\"},\"sameAs\":[\"http:\\\/\\\/erevanblog.am\"],\"url\":\"https:\\\/\\\/erevanblog.am\\\/?author=1\"}]}<\/script>\n<!-- \/ Yoast SEO plugin. -->","yoast_head_json":{"title":"M\u016fj autistick\u00fd bratr nikdy nemluvil \u2013 a\u017e do chv\u00edle, kdy ud\u011blal n\u011bco, co m\u011b dojalo k slz\u00e1m. -","robots":{"index":"index","follow":"follow","max-snippet":"max-snippet:-1","max-image-preview":"max-image-preview:large","max-video-preview":"max-video-preview:-1"},"canonical":"https:\/\/erevanblog.am\/?p=10409","og_locale":"en_US","og_type":"article","og_title":"M\u016fj autistick\u00fd bratr nikdy nemluvil \u2013 a\u017e do chv\u00edle, kdy ud\u011blal n\u011bco, co m\u011b dojalo k slz\u00e1m. -","og_description":"M\u016fj mlad\u0161\u00ed bratr Mat\u011bj se narodil jako tich\u00e9 d\u00edt\u011b. Kdy\u017e ostatn\u00ed d\u011bti za\u010daly \u017evatlat, sm\u00e1t se a ukazovat sv\u00e9 pocity, Mat\u011bj z\u016fstal uzav\u0159en\u00fd ve sv\u00e9m [...]","og_url":"https:\/\/erevanblog.am\/?p=10409","article_published_time":"2025-06-19T06:22:49+00:00","article_modified_time":"2025-06-19T06:22:51+00:00","og_image":[{"width":1024,"height":995,"url":"http:\/\/erevanblog.am\/wp-content\/uploads\/2025\/06\/458963333.jpeg","type":"image\/jpeg"}],"author":"erevanblog_a","twitter_card":"summary_large_image","twitter_misc":{"Written by":"erevanblog_a","Est. reading time":"3 minutes"},"schema":{"@context":"https:\/\/schema.org","@graph":[{"@type":"Article","@id":"https:\/\/erevanblog.am\/?p=10409#article","isPartOf":{"@id":"https:\/\/erevanblog.am\/?p=10409"},"author":{"name":"erevanblog_a","@id":"https:\/\/erevanblog.am\/#\/schema\/person\/204f10311eb7ddb8914a5ab3e5f03928"},"headline":"M\u016fj autistick\u00fd bratr nikdy nemluvil \u2013 a\u017e do chv\u00edle, kdy ud\u011blal n\u011bco, co m\u011b dojalo k slz\u00e1m.","datePublished":"2025-06-19T06:22:49+00:00","dateModified":"2025-06-19T06:22:51+00:00","mainEntityOfPage":{"@id":"https:\/\/erevanblog.am\/?p=10409"},"wordCount":515,"commentCount":0,"image":{"@id":"https:\/\/erevanblog.am\/?p=10409#primaryimage"},"thumbnailUrl":"https:\/\/erevanblog.am\/wp-content\/uploads\/2025\/06\/458963333.jpeg","articleSection":["NEWS"],"inLanguage":"en-US","potentialAction":[{"@type":"CommentAction","name":"Comment","target":["https:\/\/erevanblog.am\/?p=10409#respond"]}]},{"@type":"WebPage","@id":"https:\/\/erevanblog.am\/?p=10409","url":"https:\/\/erevanblog.am\/?p=10409","name":"M\u016fj autistick\u00fd bratr nikdy nemluvil \u2013 a\u017e do chv\u00edle, kdy ud\u011blal n\u011bco, co m\u011b dojalo k slz\u00e1m. -","isPartOf":{"@id":"https:\/\/erevanblog.am\/#website"},"primaryImageOfPage":{"@id":"https:\/\/erevanblog.am\/?p=10409#primaryimage"},"image":{"@id":"https:\/\/erevanblog.am\/?p=10409#primaryimage"},"thumbnailUrl":"https:\/\/erevanblog.am\/wp-content\/uploads\/2025\/06\/458963333.jpeg","datePublished":"2025-06-19T06:22:49+00:00","dateModified":"2025-06-19T06:22:51+00:00","author":{"@id":"https:\/\/erevanblog.am\/#\/schema\/person\/204f10311eb7ddb8914a5ab3e5f03928"},"breadcrumb":{"@id":"https:\/\/erevanblog.am\/?p=10409#breadcrumb"},"inLanguage":"en-US","potentialAction":[{"@type":"ReadAction","target":["https:\/\/erevanblog.am\/?p=10409"]}]},{"@type":"ImageObject","inLanguage":"en-US","@id":"https:\/\/erevanblog.am\/?p=10409#primaryimage","url":"https:\/\/erevanblog.am\/wp-content\/uploads\/2025\/06\/458963333.jpeg","contentUrl":"https:\/\/erevanblog.am\/wp-content\/uploads\/2025\/06\/458963333.jpeg","width":1024,"height":995},{"@type":"BreadcrumbList","@id":"https:\/\/erevanblog.am\/?p=10409#breadcrumb","itemListElement":[{"@type":"ListItem","position":1,"name":"Home","item":"https:\/\/erevanblog.am\/"},{"@type":"ListItem","position":2,"name":"M\u016fj autistick\u00fd bratr nikdy nemluvil \u2013 a\u017e do chv\u00edle, kdy ud\u011blal n\u011bco, co m\u011b dojalo k slz\u00e1m."}]},{"@type":"WebSite","@id":"https:\/\/erevanblog.am\/#website","url":"https:\/\/erevanblog.am\/","name":"","description":"","potentialAction":[{"@type":"SearchAction","target":{"@type":"EntryPoint","urlTemplate":"https:\/\/erevanblog.am\/?s={search_term_string}"},"query-input":{"@type":"PropertyValueSpecification","valueRequired":true,"valueName":"search_term_string"}}],"inLanguage":"en-US"},{"@type":"Person","@id":"https:\/\/erevanblog.am\/#\/schema\/person\/204f10311eb7ddb8914a5ab3e5f03928","name":"erevanblog_a","image":{"@type":"ImageObject","inLanguage":"en-US","@id":"https:\/\/secure.gravatar.com\/avatar\/a24f4ac3a683f3c87303db525abc00db51ea26ccedee11dfaf1cc0f9a481a5d2?s=96&d=mm&r=g","url":"https:\/\/secure.gravatar.com\/avatar\/a24f4ac3a683f3c87303db525abc00db51ea26ccedee11dfaf1cc0f9a481a5d2?s=96&d=mm&r=g","contentUrl":"https:\/\/secure.gravatar.com\/avatar\/a24f4ac3a683f3c87303db525abc00db51ea26ccedee11dfaf1cc0f9a481a5d2?s=96&d=mm&r=g","caption":"erevanblog_a"},"sameAs":["http:\/\/erevanblog.am"],"url":"https:\/\/erevanblog.am\/?author=1"}]}},"views":209,"_links":{"self":[{"href":"https:\/\/erevanblog.am\/index.php?rest_route=\/wp\/v2\/posts\/10409","targetHints":{"allow":["GET"]}}],"collection":[{"href":"https:\/\/erevanblog.am\/index.php?rest_route=\/wp\/v2\/posts"}],"about":[{"href":"https:\/\/erevanblog.am\/index.php?rest_route=\/wp\/v2\/types\/post"}],"author":[{"embeddable":true,"href":"https:\/\/erevanblog.am\/index.php?rest_route=\/wp\/v2\/users\/1"}],"replies":[{"embeddable":true,"href":"https:\/\/erevanblog.am\/index.php?rest_route=%2Fwp%2Fv2%2Fcomments&post=10409"}],"version-history":[{"count":1,"href":"https:\/\/erevanblog.am\/index.php?rest_route=\/wp\/v2\/posts\/10409\/revisions"}],"predecessor-version":[{"id":10411,"href":"https:\/\/erevanblog.am\/index.php?rest_route=\/wp\/v2\/posts\/10409\/revisions\/10411"}],"wp:featuredmedia":[{"embeddable":true,"href":"https:\/\/erevanblog.am\/index.php?rest_route=\/wp\/v2\/media\/10410"}],"wp:attachment":[{"href":"https:\/\/erevanblog.am\/index.php?rest_route=%2Fwp%2Fv2%2Fmedia&parent=10409"}],"wp:term":[{"taxonomy":"category","embeddable":true,"href":"https:\/\/erevanblog.am\/index.php?rest_route=%2Fwp%2Fv2%2Fcategories&post=10409"},{"taxonomy":"post_tag","embeddable":true,"href":"https:\/\/erevanblog.am\/index.php?rest_route=%2Fwp%2Fv2%2Ftags&post=10409"}],"curies":[{"name":"wp","href":"https:\/\/api.w.org\/{rel}","templated":true}]}}