{"id":10428,"date":"2025-06-21T05:58:26","date_gmt":"2025-06-21T04:58:26","guid":{"rendered":"https:\/\/erevanblog.am\/?p=10428"},"modified":"2025-06-21T05:58:27","modified_gmt":"2025-06-21T04:58:27","slug":"tati-proc-places-den-kdy-se-vsechno-zmenilo-na-svatbe-ktera-mela-byt-pohadkova","status":"publish","type":"post","link":"https:\/\/erevanblog.am\/?p=10428","title":{"rendered":"\u201eTati, pro\u010d pl\u00e1\u010de\u0161?\u201c \u2014 Den, kdy se v\u0161echno zm\u011bnilo na svatb\u011b, kter\u00e1 m\u011bla b\u00fdt poh\u00e1dkov\u00e1"},"content":{"rendered":"\n<p>Bylo sobotn\u00ed odpoledne, obloha bez mr\u00e1\u010dku, a venkovsk\u00e1 stodola na kraji vesnice se prom\u011bnila v romantickou svatebn\u00ed kulisu. B\u00edl\u00e9 z\u00e1voje visely ze stropn\u00edch tr\u00e1m\u016f, kv\u011btiny omamn\u011b von\u011bly a sm\u00edch host\u016f zn\u011bl \u0161iroko daleko. Atmosf\u00e9ra p\u016fsobila jako z poh\u00e1dky \u2013 a\u017e p\u0159\u00edli\u0161 dokonal\u00e1.<\/p>\n\n\n\n<figure class=\"wp-block-image size-full\"><img loading=\"lazy\" decoding=\"async\" width=\"1024\" height=\"834\" src=\"https:\/\/erevanblog.am\/wp-content\/uploads\/2025\/06\/5693654744.jpeg\" alt=\"\" class=\"wp-image-10429\" srcset=\"https:\/\/erevanblog.am\/wp-content\/uploads\/2025\/06\/5693654744.jpeg 1024w, https:\/\/erevanblog.am\/wp-content\/uploads\/2025\/06\/5693654744-300x244.jpeg 300w, https:\/\/erevanblog.am\/wp-content\/uploads\/2025\/06\/5693654744-768x626.jpeg 768w\" sizes=\"auto, (max-width: 1024px) 100vw, 1024px\" \/><\/figure>\n\n\n\n<p>Nev\u011bsta, Eli\u0161ka, kr\u00e1\u010dela uli\u010dkou s klidem a sebev\u011bdom\u00edm. V b\u00edl\u00fdch \u0161atech p\u016fsobila jako symbol \u010distoty a nad\u011bje. V prvn\u00ed \u0159ad\u011b sed\u011bl jej\u00ed otec Milan \u2013 v obleku, kter\u00fd nosil jen p\u0159i v\u00fdjime\u010dn\u00fdch p\u0159\u00edle\u017eitostech. Na pohled vyrovnan\u00fd, ale jeho ruce se t\u0159\u00e1sly a o\u010di m\u011bl zalit\u00e9 slzami.<\/p>\n\n\n\n<p>Ty slzy ale nebyly ze \u0161t\u011bst\u00ed.<\/p>\n\n\n\n<p>Byla to t\u00edha tajemstv\u00ed, kter\u00e1 ho drtila.<\/p>\n\n\n\n<p>Eli\u0161ka zahl\u00e9dla otcovy o\u010di a usm\u00e1la se na n\u011bj. A pak, pr\u00e1v\u011b v tu chv\u00edli, se vedle Milana ozval tich\u00fd d\u011btsk\u00fd hlas:<\/p>\n\n\n\n<p>\u2014 Tati, pro\u010d pl\u00e1\u010de\u0161?<\/p>\n\n\n\n<p>Byla to mal\u00e1 Ani\u010dka, jeho vnu\u010dka. Sed\u011bla mu na kl\u00edn\u011b, v ruce dr\u017eela panenku a jej\u00ed pohled byl pln\u00fd up\u0159\u00edmn\u00e9 d\u011btsk\u00e9 zv\u011bdavosti. Nech\u00e1pala slo\u017eitost dosp\u011bl\u00fdch.<\/p>\n\n\n\n<p>V s\u00e1le zavl\u00e1dlo ticho. Eli\u0161ka z\u016fstala st\u00e1t. A Milan pochopil, \u017ee u\u017e d\u00e1l nem\u016f\u017ee ml\u010det.<\/p>\n\n\n\n<p>Pomalu vstal.<\/p>\n\n\n\n<p>\u2014 Omlouv\u00e1m se, \u017ee naru\u0161uji tenhle okam\u017eik. Ale mus\u00edm n\u011bco \u0159\u00edct. N\u011bco, co ve mn\u011b dlouho t\u00ed\u017e\u00ed a co u\u017e nemohu d\u00e1l skr\u00fdvat.<\/p>\n\n\n\n<p>V\u0161ichni zpozorn\u011bli. Oto\u010dili se k n\u011bmu. I \u017eenich, i odd\u00e1vaj\u00edc\u00ed.<\/p>\n\n\n\n<p>\u2014 M\u011bl bych tady st\u00e1t jako hrd\u00fd otec nev\u011bsty\u2026 ale j\u00e1\u2026 nejsem jen jej\u00ed otec. J\u00e1 jsem i otcem \u017eenicha.<\/p>\n\n\n\n<p>V m\u00edstnosti se ozval \u0161okovan\u00fd v\u00fddech. Sklenice dopadla na podlahu a rozbila se.<\/p>\n\n\n\n<p>\u2014 P\u0159ed v\u00edce ne\u017e t\u0159iceti lety jsem m\u011bl kr\u00e1tk\u00fd vztah. Myslel jsem, \u017ee to skon\u010dilo bez n\u00e1sledk\u016f. Ale ned\u00e1vno jsem zjistil, \u017ee tehdy p\u0159i\u0161el na sv\u011bt syn. A t\u00edm synem je David\u2026 dne\u0161n\u00ed \u017eenich.<\/p>\n\n\n\n<p>Eli\u0161ka zbledla. David couvl.<\/p>\n\n\n\n<p>Milan se sesul zp\u011bt na lavici, zdrcen\u00fd. U\u017e nedok\u00e1zal pokra\u010dovat. Slova selhala.<\/p>\n\n\n\n<p><strong>Tajemstv\u00ed, kter\u00e9 m\u011blo z\u016fstat poh\u0159ben\u00e9<\/strong><\/p>\n\n\n\n<p>Uk\u00e1zalo se, \u017ee Milan o synovi nikdy nev\u011bd\u011bl. Davidova matka mu nic ne\u0159ekla. A\u017e kdy\u017e si p\u0159e\u010detl jm\u00e9no \u017eenicha na ozn\u00e1men\u00ed a uvid\u011bl jeho tv\u00e1\u0159, n\u011bco v n\u011bm se zachv\u011blo. Podobnost byla p\u0159\u00edli\u0161 z\u0159eteln\u00e1.<\/p>\n\n\n\n<p>Nechal si ud\u011blat test otcovstv\u00ed. V\u00fdsledek byl jednozna\u010dn\u00fd.<\/p>\n\n\n\n<p>Doufal, \u017ee se m\u00fdl\u00ed. Doufal, \u017ee kdy\u017e bude ml\u010det, nic se nezm\u011bn\u00ed. Ale kdy\u017e vid\u011bl svou dceru kr\u00e1\u010det k mu\u017ei, kter\u00fd je z\u00e1rove\u0148 jeho synem, nevydr\u017eel to.<\/p>\n\n\n\n<p><strong>Co n\u00e1sledovalo<\/strong><\/p>\n\n\n\n<p>Svatba byla zru\u0161ena. Po slavnostn\u00edm dni n\u00e1sledovaly t\u00fddny pln\u00e9 ticha, bolesti a rozhovor\u016f, kter\u00e9 nikdy nem\u011bly b\u00fdt nutn\u00e9.<\/p>\n\n\n\n<p>Eli\u0161ka s Davidem byli zni\u010deni. Ale nakonec se rozhodli, \u017ee mezi nimi bude m\u00edsto pro jin\u00fd druh vztahu \u2013 sourozeneck\u00fd. Za\u010dali budovat nov\u00fd z\u00e1klad. Bolestiv\u00fd, ale skute\u010dn\u00fd.<\/p>\n\n\n\n<p>Milan vinu nikdy \u00fapln\u011b neshodil. Ale v\u011bd\u011bl, \u017ee ml\u010det by znamenalo zni\u010dit dv\u011b nevinn\u00e9 du\u0161e.<\/p>\n\n\n\n<p>A tak, kdy\u017e se ho pozd\u011bji mal\u00e1 Ani\u010dka znovu zeptala: \u201eTati, pro\u010d pl\u00e1\u010de\u0161?\u201c, odpov\u011bd\u011bl:<\/p>\n\n\n\n<p>\u2014 Proto\u017ee pravda n\u011bkdy bol\u00ed\u2026 ale je to to nejd\u016fle\u017eit\u011bj\u0161\u00ed, co m\u00e1me.<\/p>\n","protected":false},"excerpt":{"rendered":"<div class=\"mh-excerpt\"><p>Bylo sobotn\u00ed odpoledne, obloha bez mr\u00e1\u010dku, a venkovsk\u00e1 stodola na kraji vesnice se prom\u011bnila v romantickou svatebn\u00ed kulisu. B\u00edl\u00e9 z\u00e1voje visely ze stropn\u00edch tr\u00e1m\u016f, kv\u011btiny <a class=\"mh-excerpt-more\" href=\"https:\/\/erevanblog.am\/?p=10428\" title=\"\u201eTati, pro\u010d pl\u00e1\u010de\u0161?\u201c \u2014 Den, kdy se v\u0161echno zm\u011bnilo na svatb\u011b, kter\u00e1 m\u011bla b\u00fdt poh\u00e1dkov\u00e1\">[&#8230;]<\/a><\/p>\n<\/div>","protected":false},"author":1,"featured_media":10429,"comment_status":"open","ping_status":"open","sticky":false,"template":"","format":"standard","meta":{"footnotes":""},"categories":[1],"tags":[],"class_list":["post-10428","post","type-post","status-publish","format-standard","has-post-thumbnail","hentry","category-uncategorised"],"yoast_head":"<!-- This site is optimized with the Yoast SEO plugin v27.5 - https:\/\/yoast.com\/product\/yoast-seo-wordpress\/ -->\n<title>\u201eTati, pro\u010d pl\u00e1\u010de\u0161?\u201c \u2014 Den, kdy se v\u0161echno zm\u011bnilo na svatb\u011b, kter\u00e1 m\u011bla b\u00fdt poh\u00e1dkov\u00e1 -<\/title>\n<meta name=\"robots\" content=\"index, follow, max-snippet:-1, max-image-preview:large, max-video-preview:-1\" \/>\n<link rel=\"canonical\" href=\"https:\/\/erevanblog.am\/?p=10428\" \/>\n<meta property=\"og:locale\" content=\"en_US\" \/>\n<meta property=\"og:type\" content=\"article\" \/>\n<meta property=\"og:title\" content=\"\u201eTati, pro\u010d pl\u00e1\u010de\u0161?\u201c \u2014 Den, kdy se v\u0161echno zm\u011bnilo na svatb\u011b, kter\u00e1 m\u011bla b\u00fdt poh\u00e1dkov\u00e1 -\" \/>\n<meta property=\"og:description\" content=\"Bylo sobotn\u00ed odpoledne, obloha bez mr\u00e1\u010dku, a venkovsk\u00e1 stodola na kraji vesnice se prom\u011bnila v romantickou svatebn\u00ed kulisu. B\u00edl\u00e9 z\u00e1voje visely ze stropn\u00edch tr\u00e1m\u016f, kv\u011btiny [...]\" \/>\n<meta property=\"og:url\" content=\"https:\/\/erevanblog.am\/?p=10428\" \/>\n<meta property=\"article:published_time\" content=\"2025-06-21T04:58:26+00:00\" \/>\n<meta property=\"article:modified_time\" content=\"2025-06-21T04:58:27+00:00\" \/>\n<meta property=\"og:image\" content=\"http:\/\/erevanblog.am\/wp-content\/uploads\/2025\/06\/5693654744.jpeg\" \/>\n\t<meta property=\"og:image:width\" content=\"1024\" \/>\n\t<meta property=\"og:image:height\" content=\"834\" \/>\n\t<meta property=\"og:image:type\" content=\"image\/jpeg\" \/>\n<meta name=\"author\" content=\"erevanblog_a\" \/>\n<meta name=\"twitter:card\" content=\"summary_large_image\" \/>\n<meta name=\"twitter:label1\" content=\"Written by\" \/>\n\t<meta name=\"twitter:data1\" content=\"erevanblog_a\" \/>\n\t<meta name=\"twitter:label2\" content=\"Est. reading time\" \/>\n\t<meta name=\"twitter:data2\" content=\"3 minutes\" \/>\n<script type=\"application\/ld+json\" class=\"yoast-schema-graph\">{\"@context\":\"https:\\\/\\\/schema.org\",\"@graph\":[{\"@type\":\"Article\",\"@id\":\"https:\\\/\\\/erevanblog.am\\\/?p=10428#article\",\"isPartOf\":{\"@id\":\"https:\\\/\\\/erevanblog.am\\\/?p=10428\"},\"author\":{\"name\":\"erevanblog_a\",\"@id\":\"https:\\\/\\\/erevanblog.am\\\/#\\\/schema\\\/person\\\/204f10311eb7ddb8914a5ab3e5f03928\"},\"headline\":\"\u201eTati, pro\u010d pl\u00e1\u010de\u0161?\u201c \u2014 Den, kdy se v\u0161echno zm\u011bnilo na svatb\u011b, kter\u00e1 m\u011bla b\u00fdt poh\u00e1dkov\u00e1\",\"datePublished\":\"2025-06-21T04:58:26+00:00\",\"dateModified\":\"2025-06-21T04:58:27+00:00\",\"mainEntityOfPage\":{\"@id\":\"https:\\\/\\\/erevanblog.am\\\/?p=10428\"},\"wordCount\":617,\"commentCount\":0,\"image\":{\"@id\":\"https:\\\/\\\/erevanblog.am\\\/?p=10428#primaryimage\"},\"thumbnailUrl\":\"https:\\\/\\\/erevanblog.am\\\/wp-content\\\/uploads\\\/2025\\\/06\\\/5693654744.jpeg\",\"articleSection\":[\"NEWS\"],\"inLanguage\":\"en-US\",\"potentialAction\":[{\"@type\":\"CommentAction\",\"name\":\"Comment\",\"target\":[\"https:\\\/\\\/erevanblog.am\\\/?p=10428#respond\"]}]},{\"@type\":\"WebPage\",\"@id\":\"https:\\\/\\\/erevanblog.am\\\/?p=10428\",\"url\":\"https:\\\/\\\/erevanblog.am\\\/?p=10428\",\"name\":\"\u201eTati, pro\u010d pl\u00e1\u010de\u0161?\u201c \u2014 Den, kdy se v\u0161echno zm\u011bnilo na svatb\u011b, kter\u00e1 m\u011bla b\u00fdt poh\u00e1dkov\u00e1 -\",\"isPartOf\":{\"@id\":\"https:\\\/\\\/erevanblog.am\\\/#website\"},\"primaryImageOfPage\":{\"@id\":\"https:\\\/\\\/erevanblog.am\\\/?p=10428#primaryimage\"},\"image\":{\"@id\":\"https:\\\/\\\/erevanblog.am\\\/?p=10428#primaryimage\"},\"thumbnailUrl\":\"https:\\\/\\\/erevanblog.am\\\/wp-content\\\/uploads\\\/2025\\\/06\\\/5693654744.jpeg\",\"datePublished\":\"2025-06-21T04:58:26+00:00\",\"dateModified\":\"2025-06-21T04:58:27+00:00\",\"author\":{\"@id\":\"https:\\\/\\\/erevanblog.am\\\/#\\\/schema\\\/person\\\/204f10311eb7ddb8914a5ab3e5f03928\"},\"breadcrumb\":{\"@id\":\"https:\\\/\\\/erevanblog.am\\\/?p=10428#breadcrumb\"},\"inLanguage\":\"en-US\",\"potentialAction\":[{\"@type\":\"ReadAction\",\"target\":[\"https:\\\/\\\/erevanblog.am\\\/?p=10428\"]}]},{\"@type\":\"ImageObject\",\"inLanguage\":\"en-US\",\"@id\":\"https:\\\/\\\/erevanblog.am\\\/?p=10428#primaryimage\",\"url\":\"https:\\\/\\\/erevanblog.am\\\/wp-content\\\/uploads\\\/2025\\\/06\\\/5693654744.jpeg\",\"contentUrl\":\"https:\\\/\\\/erevanblog.am\\\/wp-content\\\/uploads\\\/2025\\\/06\\\/5693654744.jpeg\",\"width\":1024,\"height\":834},{\"@type\":\"BreadcrumbList\",\"@id\":\"https:\\\/\\\/erevanblog.am\\\/?p=10428#breadcrumb\",\"itemListElement\":[{\"@type\":\"ListItem\",\"position\":1,\"name\":\"Home\",\"item\":\"https:\\\/\\\/erevanblog.am\\\/\"},{\"@type\":\"ListItem\",\"position\":2,\"name\":\"\u201eTati, pro\u010d pl\u00e1\u010de\u0161?\u201c \u2014 Den, kdy se v\u0161echno zm\u011bnilo na svatb\u011b, kter\u00e1 m\u011bla b\u00fdt poh\u00e1dkov\u00e1\"}]},{\"@type\":\"WebSite\",\"@id\":\"https:\\\/\\\/erevanblog.am\\\/#website\",\"url\":\"https:\\\/\\\/erevanblog.am\\\/\",\"name\":\"\",\"description\":\"\",\"potentialAction\":[{\"@type\":\"SearchAction\",\"target\":{\"@type\":\"EntryPoint\",\"urlTemplate\":\"https:\\\/\\\/erevanblog.am\\\/?s={search_term_string}\"},\"query-input\":{\"@type\":\"PropertyValueSpecification\",\"valueRequired\":true,\"valueName\":\"search_term_string\"}}],\"inLanguage\":\"en-US\"},{\"@type\":\"Person\",\"@id\":\"https:\\\/\\\/erevanblog.am\\\/#\\\/schema\\\/person\\\/204f10311eb7ddb8914a5ab3e5f03928\",\"name\":\"erevanblog_a\",\"image\":{\"@type\":\"ImageObject\",\"inLanguage\":\"en-US\",\"@id\":\"https:\\\/\\\/secure.gravatar.com\\\/avatar\\\/a24f4ac3a683f3c87303db525abc00db51ea26ccedee11dfaf1cc0f9a481a5d2?s=96&d=mm&r=g\",\"url\":\"https:\\\/\\\/secure.gravatar.com\\\/avatar\\\/a24f4ac3a683f3c87303db525abc00db51ea26ccedee11dfaf1cc0f9a481a5d2?s=96&d=mm&r=g\",\"contentUrl\":\"https:\\\/\\\/secure.gravatar.com\\\/avatar\\\/a24f4ac3a683f3c87303db525abc00db51ea26ccedee11dfaf1cc0f9a481a5d2?s=96&d=mm&r=g\",\"caption\":\"erevanblog_a\"},\"sameAs\":[\"http:\\\/\\\/erevanblog.am\"],\"url\":\"https:\\\/\\\/erevanblog.am\\\/?author=1\"}]}<\/script>\n<!-- \/ Yoast SEO plugin. -->","yoast_head_json":{"title":"\u201eTati, pro\u010d pl\u00e1\u010de\u0161?\u201c \u2014 Den, kdy se v\u0161echno zm\u011bnilo na svatb\u011b, kter\u00e1 m\u011bla b\u00fdt poh\u00e1dkov\u00e1 -","robots":{"index":"index","follow":"follow","max-snippet":"max-snippet:-1","max-image-preview":"max-image-preview:large","max-video-preview":"max-video-preview:-1"},"canonical":"https:\/\/erevanblog.am\/?p=10428","og_locale":"en_US","og_type":"article","og_title":"\u201eTati, pro\u010d pl\u00e1\u010de\u0161?\u201c \u2014 Den, kdy se v\u0161echno zm\u011bnilo na svatb\u011b, kter\u00e1 m\u011bla b\u00fdt poh\u00e1dkov\u00e1 -","og_description":"Bylo sobotn\u00ed odpoledne, obloha bez mr\u00e1\u010dku, a venkovsk\u00e1 stodola na kraji vesnice se prom\u011bnila v romantickou svatebn\u00ed kulisu. B\u00edl\u00e9 z\u00e1voje visely ze stropn\u00edch tr\u00e1m\u016f, kv\u011btiny [...]","og_url":"https:\/\/erevanblog.am\/?p=10428","article_published_time":"2025-06-21T04:58:26+00:00","article_modified_time":"2025-06-21T04:58:27+00:00","og_image":[{"width":1024,"height":834,"url":"http:\/\/erevanblog.am\/wp-content\/uploads\/2025\/06\/5693654744.jpeg","type":"image\/jpeg"}],"author":"erevanblog_a","twitter_card":"summary_large_image","twitter_misc":{"Written by":"erevanblog_a","Est. reading time":"3 minutes"},"schema":{"@context":"https:\/\/schema.org","@graph":[{"@type":"Article","@id":"https:\/\/erevanblog.am\/?p=10428#article","isPartOf":{"@id":"https:\/\/erevanblog.am\/?p=10428"},"author":{"name":"erevanblog_a","@id":"https:\/\/erevanblog.am\/#\/schema\/person\/204f10311eb7ddb8914a5ab3e5f03928"},"headline":"\u201eTati, pro\u010d pl\u00e1\u010de\u0161?\u201c \u2014 Den, kdy se v\u0161echno zm\u011bnilo na svatb\u011b, kter\u00e1 m\u011bla b\u00fdt poh\u00e1dkov\u00e1","datePublished":"2025-06-21T04:58:26+00:00","dateModified":"2025-06-21T04:58:27+00:00","mainEntityOfPage":{"@id":"https:\/\/erevanblog.am\/?p=10428"},"wordCount":617,"commentCount":0,"image":{"@id":"https:\/\/erevanblog.am\/?p=10428#primaryimage"},"thumbnailUrl":"https:\/\/erevanblog.am\/wp-content\/uploads\/2025\/06\/5693654744.jpeg","articleSection":["NEWS"],"inLanguage":"en-US","potentialAction":[{"@type":"CommentAction","name":"Comment","target":["https:\/\/erevanblog.am\/?p=10428#respond"]}]},{"@type":"WebPage","@id":"https:\/\/erevanblog.am\/?p=10428","url":"https:\/\/erevanblog.am\/?p=10428","name":"\u201eTati, pro\u010d pl\u00e1\u010de\u0161?\u201c \u2014 Den, kdy se v\u0161echno zm\u011bnilo na svatb\u011b, kter\u00e1 m\u011bla b\u00fdt poh\u00e1dkov\u00e1 -","isPartOf":{"@id":"https:\/\/erevanblog.am\/#website"},"primaryImageOfPage":{"@id":"https:\/\/erevanblog.am\/?p=10428#primaryimage"},"image":{"@id":"https:\/\/erevanblog.am\/?p=10428#primaryimage"},"thumbnailUrl":"https:\/\/erevanblog.am\/wp-content\/uploads\/2025\/06\/5693654744.jpeg","datePublished":"2025-06-21T04:58:26+00:00","dateModified":"2025-06-21T04:58:27+00:00","author":{"@id":"https:\/\/erevanblog.am\/#\/schema\/person\/204f10311eb7ddb8914a5ab3e5f03928"},"breadcrumb":{"@id":"https:\/\/erevanblog.am\/?p=10428#breadcrumb"},"inLanguage":"en-US","potentialAction":[{"@type":"ReadAction","target":["https:\/\/erevanblog.am\/?p=10428"]}]},{"@type":"ImageObject","inLanguage":"en-US","@id":"https:\/\/erevanblog.am\/?p=10428#primaryimage","url":"https:\/\/erevanblog.am\/wp-content\/uploads\/2025\/06\/5693654744.jpeg","contentUrl":"https:\/\/erevanblog.am\/wp-content\/uploads\/2025\/06\/5693654744.jpeg","width":1024,"height":834},{"@type":"BreadcrumbList","@id":"https:\/\/erevanblog.am\/?p=10428#breadcrumb","itemListElement":[{"@type":"ListItem","position":1,"name":"Home","item":"https:\/\/erevanblog.am\/"},{"@type":"ListItem","position":2,"name":"\u201eTati, pro\u010d pl\u00e1\u010de\u0161?\u201c \u2014 Den, kdy se v\u0161echno zm\u011bnilo na svatb\u011b, kter\u00e1 m\u011bla b\u00fdt poh\u00e1dkov\u00e1"}]},{"@type":"WebSite","@id":"https:\/\/erevanblog.am\/#website","url":"https:\/\/erevanblog.am\/","name":"","description":"","potentialAction":[{"@type":"SearchAction","target":{"@type":"EntryPoint","urlTemplate":"https:\/\/erevanblog.am\/?s={search_term_string}"},"query-input":{"@type":"PropertyValueSpecification","valueRequired":true,"valueName":"search_term_string"}}],"inLanguage":"en-US"},{"@type":"Person","@id":"https:\/\/erevanblog.am\/#\/schema\/person\/204f10311eb7ddb8914a5ab3e5f03928","name":"erevanblog_a","image":{"@type":"ImageObject","inLanguage":"en-US","@id":"https:\/\/secure.gravatar.com\/avatar\/a24f4ac3a683f3c87303db525abc00db51ea26ccedee11dfaf1cc0f9a481a5d2?s=96&d=mm&r=g","url":"https:\/\/secure.gravatar.com\/avatar\/a24f4ac3a683f3c87303db525abc00db51ea26ccedee11dfaf1cc0f9a481a5d2?s=96&d=mm&r=g","contentUrl":"https:\/\/secure.gravatar.com\/avatar\/a24f4ac3a683f3c87303db525abc00db51ea26ccedee11dfaf1cc0f9a481a5d2?s=96&d=mm&r=g","caption":"erevanblog_a"},"sameAs":["http:\/\/erevanblog.am"],"url":"https:\/\/erevanblog.am\/?author=1"}]}},"views":223,"_links":{"self":[{"href":"https:\/\/erevanblog.am\/index.php?rest_route=\/wp\/v2\/posts\/10428","targetHints":{"allow":["GET"]}}],"collection":[{"href":"https:\/\/erevanblog.am\/index.php?rest_route=\/wp\/v2\/posts"}],"about":[{"href":"https:\/\/erevanblog.am\/index.php?rest_route=\/wp\/v2\/types\/post"}],"author":[{"embeddable":true,"href":"https:\/\/erevanblog.am\/index.php?rest_route=\/wp\/v2\/users\/1"}],"replies":[{"embeddable":true,"href":"https:\/\/erevanblog.am\/index.php?rest_route=%2Fwp%2Fv2%2Fcomments&post=10428"}],"version-history":[{"count":1,"href":"https:\/\/erevanblog.am\/index.php?rest_route=\/wp\/v2\/posts\/10428\/revisions"}],"predecessor-version":[{"id":10430,"href":"https:\/\/erevanblog.am\/index.php?rest_route=\/wp\/v2\/posts\/10428\/revisions\/10430"}],"wp:featuredmedia":[{"embeddable":true,"href":"https:\/\/erevanblog.am\/index.php?rest_route=\/wp\/v2\/media\/10429"}],"wp:attachment":[{"href":"https:\/\/erevanblog.am\/index.php?rest_route=%2Fwp%2Fv2%2Fmedia&parent=10428"}],"wp:term":[{"taxonomy":"category","embeddable":true,"href":"https:\/\/erevanblog.am\/index.php?rest_route=%2Fwp%2Fv2%2Fcategories&post=10428"},{"taxonomy":"post_tag","embeddable":true,"href":"https:\/\/erevanblog.am\/index.php?rest_route=%2Fwp%2Fv2%2Ftags&post=10428"}],"curies":[{"name":"wp","href":"https:\/\/api.w.org\/{rel}","templated":true}]}}