{"id":10452,"date":"2025-06-22T07:18:16","date_gmt":"2025-06-22T06:18:16","guid":{"rendered":"https:\/\/erevanblog.am\/?p=10452"},"modified":"2025-06-22T07:18:17","modified_gmt":"2025-06-22T06:18:17","slug":"ridic-autobusu-kazdy-den-vidal-divku-ktera-tise-plakala-to-co-nasel-pod-jejim-sedadlem-ho-hluboce-zasahlo","status":"publish","type":"post","link":"https:\/\/erevanblog.am\/?p=10452","title":{"rendered":"\u0158idi\u010d autobusu ka\u017ed\u00fd den v\u00eddal d\u00edvku, kter\u00e1 ti\u0161e plakala \u2014 to, co na\u0161el pod jej\u00edm sedadlem, ho hluboce zas\u00e1hlo."},"content":{"rendered":"\n<p>Ka\u017ed\u00fd den ve stejnou hodinu si Tom\u00e1\u0161, \u0159idi\u010d autobusu, v\u0161iml mlad\u00e9 d\u00edvky, kter\u00e1 nastupovala do jeho spoje. V\u017edy usedala na stejn\u00e9 m\u00edsto, byla tich\u00e1 a smutn\u00e1, \u010dasto ji zdobily slzy na tv\u00e1\u0159i. Tom\u00e1\u0161 m\u011bl pocit, \u017ee je sama a pro\u017e\u00edv\u00e1 t\u011b\u017ek\u00e9 chv\u00edle. Den co den ji pozoroval a p\u0159em\u00fd\u0161lel, jak by j\u00ed mohl pomoci.<\/p>\n\n\n\n<figure class=\"wp-block-image size-full\"><img loading=\"lazy\" decoding=\"async\" width=\"1024\" height=\"942\" src=\"https:\/\/erevanblog.am\/wp-content\/uploads\/2025\/06\/4178996633.jpeg\" alt=\"\" class=\"wp-image-10453\" srcset=\"https:\/\/erevanblog.am\/wp-content\/uploads\/2025\/06\/4178996633.jpeg 1024w, https:\/\/erevanblog.am\/wp-content\/uploads\/2025\/06\/4178996633-300x276.jpeg 300w, https:\/\/erevanblog.am\/wp-content\/uploads\/2025\/06\/4178996633-768x707.jpeg 768w\" sizes=\"auto, (max-width: 1024px) 100vw, 1024px\" \/><\/figure>\n\n\n\n<p>Jednoho dne, kdy\u017e d\u00edvka vystupovala, upoutalo Tom\u00e1\u0161ovu pozornost n\u011bco pod jej\u00edm sedadlem. Kdy\u017e se naklonil, zahl\u00e9dl star\u00fd, za\u0161pin\u011bn\u00fd bal\u00ed\u010dek zabalen\u00fd do l\u00e1tky. S bu\u0161\u00edc\u00edm srdcem ho opatrn\u011b vyt\u00e1hl a rozbalil. Uvnit\u0159 byly r\u016fzn\u00e9 v\u011bci \u2014 n\u011bkolik ru\u010dn\u011b psan\u00fdch dopis\u016f, d\u011btsk\u00e9 kresby a den\u00edk pln\u00fd z\u00e1pisk\u016f.<\/p>\n\n\n\n<p>My\u0161lenky v den\u00edku byly bolestn\u00e9 a up\u0159\u00edmn\u00e9. D\u00edvka v nich popisovala sv\u016fj t\u011b\u017ek\u00fd \u017eivot doma \u2014 zanedb\u00e1v\u00e1n\u00ed, obavy o budoucnost a osam\u011blost, kter\u00e1 ji prov\u00e1zela ka\u017ed\u00fd den. Tom\u00e1\u0161 byl hluboce dojat\u00fd a z\u00e1rove\u0148 ot\u0159esen\u00fd, kdy\u017e si uv\u011bdomil, jak t\u011b\u017ek\u00fd osud pro\u017e\u00edv\u00e1 n\u011bkdo, kdo je jen p\u00e1r metr\u016f od n\u011bj.<\/p>\n\n\n\n<p>Nezav\u00e1hal a okam\u017eit\u011b kontaktoval soci\u00e1ln\u00ed slu\u017eby, aby d\u00edvka mohla z\u00edskat pot\u0159ebnou pomoc. D\u00edky jeho odvaze a pozornosti se situace za\u010dala pomalu m\u011bnit. D\u00edvka za\u010dala dost\u00e1vat podporu a na jej\u00ed tv\u00e1\u0159i se postupn\u011b objevil \u00fasm\u011bv, kter\u00fd Tom\u00e1\u0161 u\u017e dlouho nevid\u011bl.<\/p>\n\n\n\n<p>Tento p\u0159\u00edb\u011bh n\u00e1m p\u0159ipom\u00edn\u00e1, jak d\u016fle\u017eit\u00e9 je v\u0161\u00edmat si lid\u00ed, kte\u0159\u00ed trp\u00ed ti\u0161e a osam\u011ble. N\u011bkdy sta\u010d\u00ed jedin\u00fd \u010dlov\u011bk, kter\u00fd si v\u0161imne, naslouch\u00e1 a pom\u016f\u017ee, aby se \u017eivot mohl zm\u011bnit k lep\u0161\u00edmu. Tom\u00e1\u0161 se sv\u00fdm skutkem stal tich\u00fdm hrdinou \u2014 dal \u0161anci na lep\u0161\u00ed \u017eivot d\u00edvce, kterou vozil ka\u017ed\u00fd den, ani\u017e by tu\u0161il, jak t\u011b\u017ek\u00fd p\u0159\u00edb\u011bh skr\u00fdv\u00e1.<\/p>\n","protected":false},"excerpt":{"rendered":"<div class=\"mh-excerpt\"><p>Ka\u017ed\u00fd den ve stejnou hodinu si Tom\u00e1\u0161, \u0159idi\u010d autobusu, v\u0161iml mlad\u00e9 d\u00edvky, kter\u00e1 nastupovala do jeho spoje. V\u017edy usedala na stejn\u00e9 m\u00edsto, byla tich\u00e1 a <a class=\"mh-excerpt-more\" href=\"https:\/\/erevanblog.am\/?p=10452\" title=\"\u0158idi\u010d autobusu ka\u017ed\u00fd den v\u00eddal d\u00edvku, kter\u00e1 ti\u0161e plakala \u2014 to, co na\u0161el pod jej\u00edm sedadlem, ho hluboce zas\u00e1hlo.\">[&#8230;]<\/a><\/p>\n<\/div>","protected":false},"author":1,"featured_media":10453,"comment_status":"open","ping_status":"open","sticky":false,"template":"","format":"standard","meta":{"footnotes":""},"categories":[1],"tags":[],"class_list":["post-10452","post","type-post","status-publish","format-standard","has-post-thumbnail","hentry","category-uncategorised"],"yoast_head":"<!-- This site is optimized with the Yoast SEO plugin v27.5 - https:\/\/yoast.com\/product\/yoast-seo-wordpress\/ -->\n<title>\u0158idi\u010d autobusu ka\u017ed\u00fd den v\u00eddal d\u00edvku, kter\u00e1 ti\u0161e plakala \u2014 to, co na\u0161el pod jej\u00edm sedadlem, ho hluboce zas\u00e1hlo. -<\/title>\n<meta name=\"robots\" content=\"index, follow, max-snippet:-1, max-image-preview:large, max-video-preview:-1\" \/>\n<link rel=\"canonical\" href=\"https:\/\/erevanblog.am\/?p=10452\" \/>\n<meta property=\"og:locale\" content=\"en_US\" \/>\n<meta property=\"og:type\" content=\"article\" \/>\n<meta property=\"og:title\" content=\"\u0158idi\u010d autobusu ka\u017ed\u00fd den v\u00eddal d\u00edvku, kter\u00e1 ti\u0161e plakala \u2014 to, co na\u0161el pod jej\u00edm sedadlem, ho hluboce zas\u00e1hlo. -\" \/>\n<meta property=\"og:description\" content=\"Ka\u017ed\u00fd den ve stejnou hodinu si Tom\u00e1\u0161, \u0159idi\u010d autobusu, v\u0161iml mlad\u00e9 d\u00edvky, kter\u00e1 nastupovala do jeho spoje. V\u017edy usedala na stejn\u00e9 m\u00edsto, byla tich\u00e1 a [...]\" \/>\n<meta property=\"og:url\" content=\"https:\/\/erevanblog.am\/?p=10452\" \/>\n<meta property=\"article:published_time\" content=\"2025-06-22T06:18:16+00:00\" \/>\n<meta property=\"article:modified_time\" content=\"2025-06-22T06:18:17+00:00\" \/>\n<meta property=\"og:image\" content=\"http:\/\/erevanblog.am\/wp-content\/uploads\/2025\/06\/4178996633.jpeg\" \/>\n\t<meta property=\"og:image:width\" content=\"1024\" \/>\n\t<meta property=\"og:image:height\" content=\"942\" \/>\n\t<meta property=\"og:image:type\" content=\"image\/jpeg\" \/>\n<meta name=\"author\" content=\"erevanblog_a\" \/>\n<meta name=\"twitter:card\" content=\"summary_large_image\" \/>\n<meta name=\"twitter:label1\" content=\"Written by\" \/>\n\t<meta name=\"twitter:data1\" content=\"erevanblog_a\" \/>\n\t<meta name=\"twitter:label2\" content=\"Est. reading time\" \/>\n\t<meta name=\"twitter:data2\" content=\"2 minutes\" \/>\n<script type=\"application\/ld+json\" class=\"yoast-schema-graph\">{\"@context\":\"https:\\\/\\\/schema.org\",\"@graph\":[{\"@type\":\"Article\",\"@id\":\"https:\\\/\\\/erevanblog.am\\\/?p=10452#article\",\"isPartOf\":{\"@id\":\"https:\\\/\\\/erevanblog.am\\\/?p=10452\"},\"author\":{\"name\":\"erevanblog_a\",\"@id\":\"https:\\\/\\\/erevanblog.am\\\/#\\\/schema\\\/person\\\/204f10311eb7ddb8914a5ab3e5f03928\"},\"headline\":\"\u0158idi\u010d autobusu ka\u017ed\u00fd den v\u00eddal d\u00edvku, kter\u00e1 ti\u0161e plakala \u2014 to, co na\u0161el pod jej\u00edm sedadlem, ho hluboce zas\u00e1hlo.\",\"datePublished\":\"2025-06-22T06:18:16+00:00\",\"dateModified\":\"2025-06-22T06:18:17+00:00\",\"mainEntityOfPage\":{\"@id\":\"https:\\\/\\\/erevanblog.am\\\/?p=10452\"},\"wordCount\":358,\"commentCount\":0,\"image\":{\"@id\":\"https:\\\/\\\/erevanblog.am\\\/?p=10452#primaryimage\"},\"thumbnailUrl\":\"https:\\\/\\\/erevanblog.am\\\/wp-content\\\/uploads\\\/2025\\\/06\\\/4178996633.jpeg\",\"articleSection\":[\"NEWS\"],\"inLanguage\":\"en-US\",\"potentialAction\":[{\"@type\":\"CommentAction\",\"name\":\"Comment\",\"target\":[\"https:\\\/\\\/erevanblog.am\\\/?p=10452#respond\"]}]},{\"@type\":\"WebPage\",\"@id\":\"https:\\\/\\\/erevanblog.am\\\/?p=10452\",\"url\":\"https:\\\/\\\/erevanblog.am\\\/?p=10452\",\"name\":\"\u0158idi\u010d autobusu ka\u017ed\u00fd den v\u00eddal d\u00edvku, kter\u00e1 ti\u0161e plakala \u2014 to, co na\u0161el pod jej\u00edm sedadlem, ho hluboce zas\u00e1hlo. -\",\"isPartOf\":{\"@id\":\"https:\\\/\\\/erevanblog.am\\\/#website\"},\"primaryImageOfPage\":{\"@id\":\"https:\\\/\\\/erevanblog.am\\\/?p=10452#primaryimage\"},\"image\":{\"@id\":\"https:\\\/\\\/erevanblog.am\\\/?p=10452#primaryimage\"},\"thumbnailUrl\":\"https:\\\/\\\/erevanblog.am\\\/wp-content\\\/uploads\\\/2025\\\/06\\\/4178996633.jpeg\",\"datePublished\":\"2025-06-22T06:18:16+00:00\",\"dateModified\":\"2025-06-22T06:18:17+00:00\",\"author\":{\"@id\":\"https:\\\/\\\/erevanblog.am\\\/#\\\/schema\\\/person\\\/204f10311eb7ddb8914a5ab3e5f03928\"},\"breadcrumb\":{\"@id\":\"https:\\\/\\\/erevanblog.am\\\/?p=10452#breadcrumb\"},\"inLanguage\":\"en-US\",\"potentialAction\":[{\"@type\":\"ReadAction\",\"target\":[\"https:\\\/\\\/erevanblog.am\\\/?p=10452\"]}]},{\"@type\":\"ImageObject\",\"inLanguage\":\"en-US\",\"@id\":\"https:\\\/\\\/erevanblog.am\\\/?p=10452#primaryimage\",\"url\":\"https:\\\/\\\/erevanblog.am\\\/wp-content\\\/uploads\\\/2025\\\/06\\\/4178996633.jpeg\",\"contentUrl\":\"https:\\\/\\\/erevanblog.am\\\/wp-content\\\/uploads\\\/2025\\\/06\\\/4178996633.jpeg\",\"width\":1024,\"height\":942},{\"@type\":\"BreadcrumbList\",\"@id\":\"https:\\\/\\\/erevanblog.am\\\/?p=10452#breadcrumb\",\"itemListElement\":[{\"@type\":\"ListItem\",\"position\":1,\"name\":\"Home\",\"item\":\"https:\\\/\\\/erevanblog.am\\\/\"},{\"@type\":\"ListItem\",\"position\":2,\"name\":\"\u0158idi\u010d autobusu ka\u017ed\u00fd den v\u00eddal d\u00edvku, kter\u00e1 ti\u0161e plakala \u2014 to, co na\u0161el pod jej\u00edm sedadlem, ho hluboce zas\u00e1hlo.\"}]},{\"@type\":\"WebSite\",\"@id\":\"https:\\\/\\\/erevanblog.am\\\/#website\",\"url\":\"https:\\\/\\\/erevanblog.am\\\/\",\"name\":\"\",\"description\":\"\",\"potentialAction\":[{\"@type\":\"SearchAction\",\"target\":{\"@type\":\"EntryPoint\",\"urlTemplate\":\"https:\\\/\\\/erevanblog.am\\\/?s={search_term_string}\"},\"query-input\":{\"@type\":\"PropertyValueSpecification\",\"valueRequired\":true,\"valueName\":\"search_term_string\"}}],\"inLanguage\":\"en-US\"},{\"@type\":\"Person\",\"@id\":\"https:\\\/\\\/erevanblog.am\\\/#\\\/schema\\\/person\\\/204f10311eb7ddb8914a5ab3e5f03928\",\"name\":\"erevanblog_a\",\"image\":{\"@type\":\"ImageObject\",\"inLanguage\":\"en-US\",\"@id\":\"https:\\\/\\\/secure.gravatar.com\\\/avatar\\\/a24f4ac3a683f3c87303db525abc00db51ea26ccedee11dfaf1cc0f9a481a5d2?s=96&d=mm&r=g\",\"url\":\"https:\\\/\\\/secure.gravatar.com\\\/avatar\\\/a24f4ac3a683f3c87303db525abc00db51ea26ccedee11dfaf1cc0f9a481a5d2?s=96&d=mm&r=g\",\"contentUrl\":\"https:\\\/\\\/secure.gravatar.com\\\/avatar\\\/a24f4ac3a683f3c87303db525abc00db51ea26ccedee11dfaf1cc0f9a481a5d2?s=96&d=mm&r=g\",\"caption\":\"erevanblog_a\"},\"sameAs\":[\"http:\\\/\\\/erevanblog.am\"],\"url\":\"https:\\\/\\\/erevanblog.am\\\/?author=1\"}]}<\/script>\n<!-- \/ Yoast SEO plugin. -->","yoast_head_json":{"title":"\u0158idi\u010d autobusu ka\u017ed\u00fd den v\u00eddal d\u00edvku, kter\u00e1 ti\u0161e plakala \u2014 to, co na\u0161el pod jej\u00edm sedadlem, ho hluboce zas\u00e1hlo. -","robots":{"index":"index","follow":"follow","max-snippet":"max-snippet:-1","max-image-preview":"max-image-preview:large","max-video-preview":"max-video-preview:-1"},"canonical":"https:\/\/erevanblog.am\/?p=10452","og_locale":"en_US","og_type":"article","og_title":"\u0158idi\u010d autobusu ka\u017ed\u00fd den v\u00eddal d\u00edvku, kter\u00e1 ti\u0161e plakala \u2014 to, co na\u0161el pod jej\u00edm sedadlem, ho hluboce zas\u00e1hlo. -","og_description":"Ka\u017ed\u00fd den ve stejnou hodinu si Tom\u00e1\u0161, \u0159idi\u010d autobusu, v\u0161iml mlad\u00e9 d\u00edvky, kter\u00e1 nastupovala do jeho spoje. V\u017edy usedala na stejn\u00e9 m\u00edsto, byla tich\u00e1 a [...]","og_url":"https:\/\/erevanblog.am\/?p=10452","article_published_time":"2025-06-22T06:18:16+00:00","article_modified_time":"2025-06-22T06:18:17+00:00","og_image":[{"width":1024,"height":942,"url":"http:\/\/erevanblog.am\/wp-content\/uploads\/2025\/06\/4178996633.jpeg","type":"image\/jpeg"}],"author":"erevanblog_a","twitter_card":"summary_large_image","twitter_misc":{"Written by":"erevanblog_a","Est. reading time":"2 minutes"},"schema":{"@context":"https:\/\/schema.org","@graph":[{"@type":"Article","@id":"https:\/\/erevanblog.am\/?p=10452#article","isPartOf":{"@id":"https:\/\/erevanblog.am\/?p=10452"},"author":{"name":"erevanblog_a","@id":"https:\/\/erevanblog.am\/#\/schema\/person\/204f10311eb7ddb8914a5ab3e5f03928"},"headline":"\u0158idi\u010d autobusu ka\u017ed\u00fd den v\u00eddal d\u00edvku, kter\u00e1 ti\u0161e plakala \u2014 to, co na\u0161el pod jej\u00edm sedadlem, ho hluboce zas\u00e1hlo.","datePublished":"2025-06-22T06:18:16+00:00","dateModified":"2025-06-22T06:18:17+00:00","mainEntityOfPage":{"@id":"https:\/\/erevanblog.am\/?p=10452"},"wordCount":358,"commentCount":0,"image":{"@id":"https:\/\/erevanblog.am\/?p=10452#primaryimage"},"thumbnailUrl":"https:\/\/erevanblog.am\/wp-content\/uploads\/2025\/06\/4178996633.jpeg","articleSection":["NEWS"],"inLanguage":"en-US","potentialAction":[{"@type":"CommentAction","name":"Comment","target":["https:\/\/erevanblog.am\/?p=10452#respond"]}]},{"@type":"WebPage","@id":"https:\/\/erevanblog.am\/?p=10452","url":"https:\/\/erevanblog.am\/?p=10452","name":"\u0158idi\u010d autobusu ka\u017ed\u00fd den v\u00eddal d\u00edvku, kter\u00e1 ti\u0161e plakala \u2014 to, co na\u0161el pod jej\u00edm sedadlem, ho hluboce zas\u00e1hlo. -","isPartOf":{"@id":"https:\/\/erevanblog.am\/#website"},"primaryImageOfPage":{"@id":"https:\/\/erevanblog.am\/?p=10452#primaryimage"},"image":{"@id":"https:\/\/erevanblog.am\/?p=10452#primaryimage"},"thumbnailUrl":"https:\/\/erevanblog.am\/wp-content\/uploads\/2025\/06\/4178996633.jpeg","datePublished":"2025-06-22T06:18:16+00:00","dateModified":"2025-06-22T06:18:17+00:00","author":{"@id":"https:\/\/erevanblog.am\/#\/schema\/person\/204f10311eb7ddb8914a5ab3e5f03928"},"breadcrumb":{"@id":"https:\/\/erevanblog.am\/?p=10452#breadcrumb"},"inLanguage":"en-US","potentialAction":[{"@type":"ReadAction","target":["https:\/\/erevanblog.am\/?p=10452"]}]},{"@type":"ImageObject","inLanguage":"en-US","@id":"https:\/\/erevanblog.am\/?p=10452#primaryimage","url":"https:\/\/erevanblog.am\/wp-content\/uploads\/2025\/06\/4178996633.jpeg","contentUrl":"https:\/\/erevanblog.am\/wp-content\/uploads\/2025\/06\/4178996633.jpeg","width":1024,"height":942},{"@type":"BreadcrumbList","@id":"https:\/\/erevanblog.am\/?p=10452#breadcrumb","itemListElement":[{"@type":"ListItem","position":1,"name":"Home","item":"https:\/\/erevanblog.am\/"},{"@type":"ListItem","position":2,"name":"\u0158idi\u010d autobusu ka\u017ed\u00fd den v\u00eddal d\u00edvku, kter\u00e1 ti\u0161e plakala \u2014 to, co na\u0161el pod jej\u00edm sedadlem, ho hluboce zas\u00e1hlo."}]},{"@type":"WebSite","@id":"https:\/\/erevanblog.am\/#website","url":"https:\/\/erevanblog.am\/","name":"","description":"","potentialAction":[{"@type":"SearchAction","target":{"@type":"EntryPoint","urlTemplate":"https:\/\/erevanblog.am\/?s={search_term_string}"},"query-input":{"@type":"PropertyValueSpecification","valueRequired":true,"valueName":"search_term_string"}}],"inLanguage":"en-US"},{"@type":"Person","@id":"https:\/\/erevanblog.am\/#\/schema\/person\/204f10311eb7ddb8914a5ab3e5f03928","name":"erevanblog_a","image":{"@type":"ImageObject","inLanguage":"en-US","@id":"https:\/\/secure.gravatar.com\/avatar\/a24f4ac3a683f3c87303db525abc00db51ea26ccedee11dfaf1cc0f9a481a5d2?s=96&d=mm&r=g","url":"https:\/\/secure.gravatar.com\/avatar\/a24f4ac3a683f3c87303db525abc00db51ea26ccedee11dfaf1cc0f9a481a5d2?s=96&d=mm&r=g","contentUrl":"https:\/\/secure.gravatar.com\/avatar\/a24f4ac3a683f3c87303db525abc00db51ea26ccedee11dfaf1cc0f9a481a5d2?s=96&d=mm&r=g","caption":"erevanblog_a"},"sameAs":["http:\/\/erevanblog.am"],"url":"https:\/\/erevanblog.am\/?author=1"}]}},"views":512,"_links":{"self":[{"href":"https:\/\/erevanblog.am\/index.php?rest_route=\/wp\/v2\/posts\/10452","targetHints":{"allow":["GET"]}}],"collection":[{"href":"https:\/\/erevanblog.am\/index.php?rest_route=\/wp\/v2\/posts"}],"about":[{"href":"https:\/\/erevanblog.am\/index.php?rest_route=\/wp\/v2\/types\/post"}],"author":[{"embeddable":true,"href":"https:\/\/erevanblog.am\/index.php?rest_route=\/wp\/v2\/users\/1"}],"replies":[{"embeddable":true,"href":"https:\/\/erevanblog.am\/index.php?rest_route=%2Fwp%2Fv2%2Fcomments&post=10452"}],"version-history":[{"count":1,"href":"https:\/\/erevanblog.am\/index.php?rest_route=\/wp\/v2\/posts\/10452\/revisions"}],"predecessor-version":[{"id":10454,"href":"https:\/\/erevanblog.am\/index.php?rest_route=\/wp\/v2\/posts\/10452\/revisions\/10454"}],"wp:featuredmedia":[{"embeddable":true,"href":"https:\/\/erevanblog.am\/index.php?rest_route=\/wp\/v2\/media\/10453"}],"wp:attachment":[{"href":"https:\/\/erevanblog.am\/index.php?rest_route=%2Fwp%2Fv2%2Fmedia&parent=10452"}],"wp:term":[{"taxonomy":"category","embeddable":true,"href":"https:\/\/erevanblog.am\/index.php?rest_route=%2Fwp%2Fv2%2Fcategories&post=10452"},{"taxonomy":"post_tag","embeddable":true,"href":"https:\/\/erevanblog.am\/index.php?rest_route=%2Fwp%2Fv2%2Ftags&post=10452"}],"curies":[{"name":"wp","href":"https:\/\/api.w.org\/{rel}","templated":true}]}}