{"id":10455,"date":"2025-06-23T07:19:20","date_gmt":"2025-06-23T06:19:20","guid":{"rendered":"https:\/\/erevanblog.am\/?p=10455"},"modified":"2025-06-23T07:19:20","modified_gmt":"2025-06-23T06:19:20","slug":"sousedka-susi-spodni-pradlo-primo-pred-oknem-meho-syna-a-takhle-jsem-to-vyresila","status":"publish","type":"post","link":"https:\/\/erevanblog.am\/?p=10455","title":{"rendered":"Sousedka su\u0161\u00ed spodn\u00ed pr\u00e1dlo p\u0159\u00edmo p\u0159ed oknem m\u00e9ho syna \u2013 a takhle jsem to vy\u0159e\u0161ila"},"content":{"rendered":"\n<p>Nikdy by m\u011b nenapadlo, \u017ee se ocitnu v takov\u00e9 situaci, nato\u017e abych o n\u00ed psala. Ale ud\u00e1losti posledn\u00edch t\u00fddn\u016f m\u011b donutily jednat \u2013 a te\u010f se chci pod\u011blit, co se stalo.<\/p>\n\n\n\n<figure class=\"wp-block-image size-large\"><img loading=\"lazy\" decoding=\"async\" width=\"819\" height=\"1024\" src=\"https:\/\/erevanblog.am\/wp-content\/uploads\/2025\/06\/564789333-819x1024.jpg\" alt=\"\" class=\"wp-image-10456\" srcset=\"https:\/\/erevanblog.am\/wp-content\/uploads\/2025\/06\/564789333-819x1024.jpg 819w, https:\/\/erevanblog.am\/wp-content\/uploads\/2025\/06\/564789333-240x300.jpg 240w, https:\/\/erevanblog.am\/wp-content\/uploads\/2025\/06\/564789333-768x960.jpg 768w, https:\/\/erevanblog.am\/wp-content\/uploads\/2025\/06\/564789333-1229x1536.jpg 1229w, https:\/\/erevanblog.am\/wp-content\/uploads\/2025\/06\/564789333.jpg 1638w\" sizes=\"auto, (max-width: 819px) 100vw, 819px\" \/><\/figure>\n\n\n\n<p>M\u016fj dvan\u00e1ctilet\u00fd syn m\u00e1 pokoj orientovan\u00fd do klidn\u00e9ho vnitrobloku, kde si lid\u00e9 b\u011b\u017en\u011b v\u011b\u0161\u00ed pr\u00e1dlo. V\u0161echno bylo v po\u0159\u00e1dku, dokud se do vedlej\u0161\u00edho bytu nenast\u011bhovala nov\u00e1 sousedka. Brzy si tam za\u010dala su\u0161it nejen b\u011b\u017en\u00e9 oble\u010den\u00ed, ale hlavn\u011b sv\u00e9 krajkov\u00e9 spodn\u00ed pr\u00e1dlo \u2013 a to p\u0159esn\u011b p\u0159ed synov\u00fdm oknem.<\/p>\n\n\n\n<p>Zpo\u010d\u00e1tku jsem to brala jako n\u00e1hodu \u2013 mo\u017en\u00e1 si neuv\u011bdomila, kam to v\u011b\u0161\u00ed. Jen\u017ee kdy\u017e se situace opakovala den co den, a nav\u00edc s \u010d\u00edm d\u00e1l n\u00e1padn\u011bj\u0161\u00edm pr\u00e1dlem, do\u0161lo mi, \u017ee to asi n\u00e1hoda nebude.<\/p>\n\n\n\n<p>Syn s\u00e1m nic ne\u0159ekl, ale bylo poznat, \u017ee ho to znepokojuje. P\u0159i u\u010den\u00ed se o\u0161\u00edval, vyh\u00fdbal se pohledu z okna. V tu chv\u00edli jsem v\u011bd\u011bla, \u017ee mus\u00edm zakro\u010dit.<\/p>\n\n\n\n<p>Rozhodla jsem se nejprve jednat klidn\u011b. Napsala jsem sousedce kr\u00e1tk\u00fd, slu\u0161n\u00fd vzkaz:<br>\u201eDobr\u00fd den, r\u00e1da bych V\u00e1s po\u017e\u00e1dala, zda byste mohla zv\u00e1\u017eit jin\u00e9 m\u00edsto pro su\u0161en\u00ed pr\u00e1dla. Okno, p\u0159ed kter\u00fdm vis\u00ed, pat\u0159\u00ed dvan\u00e1ctilet\u00e9mu chlapci. D\u011bkuji za pochopen\u00ed.\u201c<\/p>\n\n\n\n<p>Odpov\u011b\u010f? \u017d\u00e1dn\u00e1. Jen dal\u0161\u00ed den nov\u00e9 spodn\u00ed pr\u00e1dlo \u2013 tentokr\u00e1t v neonov\u00e9 barv\u011b. To u\u017e jsem si \u0159ekla dost.<\/p>\n\n\n\n<p>\u0160la jsem za n\u00ed osobn\u011b. Bez h\u00e1dek, ale velmi jasn\u011b jsem j\u00ed vysv\u011btlila, \u017ee to nen\u00ed vhodn\u00e9 m\u00edsto. Zpo\u010d\u00e1tku reagovala podr\u00e1\u017ed\u011bn\u011b, ale nakonec uznala, \u017ee m\u00e1m pravdu.<\/p>\n\n\n\n<p>A v\u00fdsledek? Od t\u00e9 doby vis\u00ed jej\u00ed pr\u00e1dlo na opa\u010dn\u00e9 stran\u011b dvora \u2013 a m\u016fj syn m\u00e1 kone\u010dn\u011b klid na u\u010den\u00ed.<\/p>\n","protected":false},"excerpt":{"rendered":"<div class=\"mh-excerpt\"><p>Nikdy by m\u011b nenapadlo, \u017ee se ocitnu v takov\u00e9 situaci, nato\u017e abych o n\u00ed psala. Ale ud\u00e1losti posledn\u00edch t\u00fddn\u016f m\u011b donutily jednat \u2013 a te\u010f <a class=\"mh-excerpt-more\" href=\"https:\/\/erevanblog.am\/?p=10455\" title=\"Sousedka su\u0161\u00ed spodn\u00ed pr\u00e1dlo p\u0159\u00edmo p\u0159ed oknem m\u00e9ho syna \u2013 a takhle jsem to vy\u0159e\u0161ila\">[&#8230;]<\/a><\/p>\n<\/div>","protected":false},"author":1,"featured_media":10456,"comment_status":"open","ping_status":"open","sticky":false,"template":"","format":"standard","meta":{"footnotes":""},"categories":[1],"tags":[],"class_list":["post-10455","post","type-post","status-publish","format-standard","has-post-thumbnail","hentry","category-uncategorised"],"yoast_head":"<!-- This site is optimized with the Yoast SEO plugin v27.5 - https:\/\/yoast.com\/product\/yoast-seo-wordpress\/ -->\n<title>Sousedka su\u0161\u00ed spodn\u00ed pr\u00e1dlo p\u0159\u00edmo p\u0159ed oknem m\u00e9ho syna \u2013 a takhle jsem to vy\u0159e\u0161ila -<\/title>\n<meta name=\"robots\" content=\"index, follow, max-snippet:-1, max-image-preview:large, max-video-preview:-1\" \/>\n<link rel=\"canonical\" href=\"https:\/\/erevanblog.am\/?p=10455\" \/>\n<meta property=\"og:locale\" content=\"en_US\" \/>\n<meta property=\"og:type\" content=\"article\" \/>\n<meta property=\"og:title\" content=\"Sousedka su\u0161\u00ed spodn\u00ed pr\u00e1dlo p\u0159\u00edmo p\u0159ed oknem m\u00e9ho syna \u2013 a takhle jsem to vy\u0159e\u0161ila -\" \/>\n<meta property=\"og:description\" content=\"Nikdy by m\u011b nenapadlo, \u017ee se ocitnu v takov\u00e9 situaci, nato\u017e abych o n\u00ed psala. Ale ud\u00e1losti posledn\u00edch t\u00fddn\u016f m\u011b donutily jednat \u2013 a te\u010f [...]\" \/>\n<meta property=\"og:url\" content=\"https:\/\/erevanblog.am\/?p=10455\" \/>\n<meta property=\"article:published_time\" content=\"2025-06-23T06:19:20+00:00\" \/>\n<meta property=\"og:image\" content=\"http:\/\/erevanblog.am\/wp-content\/uploads\/2025\/06\/564789333.jpg\" \/>\n\t<meta property=\"og:image:width\" content=\"1638\" \/>\n\t<meta property=\"og:image:height\" content=\"2048\" \/>\n\t<meta property=\"og:image:type\" content=\"image\/jpeg\" \/>\n<meta name=\"author\" content=\"erevanblog_a\" \/>\n<meta name=\"twitter:card\" content=\"summary_large_image\" \/>\n<meta name=\"twitter:label1\" content=\"Written by\" \/>\n\t<meta name=\"twitter:data1\" content=\"erevanblog_a\" \/>\n\t<meta name=\"twitter:label2\" content=\"Est. reading time\" \/>\n\t<meta name=\"twitter:data2\" content=\"2 minutes\" \/>\n<script type=\"application\/ld+json\" class=\"yoast-schema-graph\">{\"@context\":\"https:\\\/\\\/schema.org\",\"@graph\":[{\"@type\":\"Article\",\"@id\":\"https:\\\/\\\/erevanblog.am\\\/?p=10455#article\",\"isPartOf\":{\"@id\":\"https:\\\/\\\/erevanblog.am\\\/?p=10455\"},\"author\":{\"name\":\"erevanblog_a\",\"@id\":\"https:\\\/\\\/erevanblog.am\\\/#\\\/schema\\\/person\\\/204f10311eb7ddb8914a5ab3e5f03928\"},\"headline\":\"Sousedka su\u0161\u00ed spodn\u00ed pr\u00e1dlo p\u0159\u00edmo p\u0159ed oknem m\u00e9ho syna \u2013 a takhle jsem to vy\u0159e\u0161ila\",\"datePublished\":\"2025-06-23T06:19:20+00:00\",\"mainEntityOfPage\":{\"@id\":\"https:\\\/\\\/erevanblog.am\\\/?p=10455\"},\"wordCount\":335,\"commentCount\":0,\"image\":{\"@id\":\"https:\\\/\\\/erevanblog.am\\\/?p=10455#primaryimage\"},\"thumbnailUrl\":\"https:\\\/\\\/erevanblog.am\\\/wp-content\\\/uploads\\\/2025\\\/06\\\/564789333.jpg\",\"articleSection\":[\"NEWS\"],\"inLanguage\":\"en-US\",\"potentialAction\":[{\"@type\":\"CommentAction\",\"name\":\"Comment\",\"target\":[\"https:\\\/\\\/erevanblog.am\\\/?p=10455#respond\"]}]},{\"@type\":\"WebPage\",\"@id\":\"https:\\\/\\\/erevanblog.am\\\/?p=10455\",\"url\":\"https:\\\/\\\/erevanblog.am\\\/?p=10455\",\"name\":\"Sousedka su\u0161\u00ed spodn\u00ed pr\u00e1dlo p\u0159\u00edmo p\u0159ed oknem m\u00e9ho syna \u2013 a takhle jsem to vy\u0159e\u0161ila -\",\"isPartOf\":{\"@id\":\"https:\\\/\\\/erevanblog.am\\\/#website\"},\"primaryImageOfPage\":{\"@id\":\"https:\\\/\\\/erevanblog.am\\\/?p=10455#primaryimage\"},\"image\":{\"@id\":\"https:\\\/\\\/erevanblog.am\\\/?p=10455#primaryimage\"},\"thumbnailUrl\":\"https:\\\/\\\/erevanblog.am\\\/wp-content\\\/uploads\\\/2025\\\/06\\\/564789333.jpg\",\"datePublished\":\"2025-06-23T06:19:20+00:00\",\"author\":{\"@id\":\"https:\\\/\\\/erevanblog.am\\\/#\\\/schema\\\/person\\\/204f10311eb7ddb8914a5ab3e5f03928\"},\"breadcrumb\":{\"@id\":\"https:\\\/\\\/erevanblog.am\\\/?p=10455#breadcrumb\"},\"inLanguage\":\"en-US\",\"potentialAction\":[{\"@type\":\"ReadAction\",\"target\":[\"https:\\\/\\\/erevanblog.am\\\/?p=10455\"]}]},{\"@type\":\"ImageObject\",\"inLanguage\":\"en-US\",\"@id\":\"https:\\\/\\\/erevanblog.am\\\/?p=10455#primaryimage\",\"url\":\"https:\\\/\\\/erevanblog.am\\\/wp-content\\\/uploads\\\/2025\\\/06\\\/564789333.jpg\",\"contentUrl\":\"https:\\\/\\\/erevanblog.am\\\/wp-content\\\/uploads\\\/2025\\\/06\\\/564789333.jpg\",\"width\":1638,\"height\":2048},{\"@type\":\"BreadcrumbList\",\"@id\":\"https:\\\/\\\/erevanblog.am\\\/?p=10455#breadcrumb\",\"itemListElement\":[{\"@type\":\"ListItem\",\"position\":1,\"name\":\"Home\",\"item\":\"https:\\\/\\\/erevanblog.am\\\/\"},{\"@type\":\"ListItem\",\"position\":2,\"name\":\"Sousedka su\u0161\u00ed spodn\u00ed pr\u00e1dlo p\u0159\u00edmo p\u0159ed oknem m\u00e9ho syna \u2013 a takhle jsem to vy\u0159e\u0161ila\"}]},{\"@type\":\"WebSite\",\"@id\":\"https:\\\/\\\/erevanblog.am\\\/#website\",\"url\":\"https:\\\/\\\/erevanblog.am\\\/\",\"name\":\"\",\"description\":\"\",\"potentialAction\":[{\"@type\":\"SearchAction\",\"target\":{\"@type\":\"EntryPoint\",\"urlTemplate\":\"https:\\\/\\\/erevanblog.am\\\/?s={search_term_string}\"},\"query-input\":{\"@type\":\"PropertyValueSpecification\",\"valueRequired\":true,\"valueName\":\"search_term_string\"}}],\"inLanguage\":\"en-US\"},{\"@type\":\"Person\",\"@id\":\"https:\\\/\\\/erevanblog.am\\\/#\\\/schema\\\/person\\\/204f10311eb7ddb8914a5ab3e5f03928\",\"name\":\"erevanblog_a\",\"image\":{\"@type\":\"ImageObject\",\"inLanguage\":\"en-US\",\"@id\":\"https:\\\/\\\/secure.gravatar.com\\\/avatar\\\/a24f4ac3a683f3c87303db525abc00db51ea26ccedee11dfaf1cc0f9a481a5d2?s=96&d=mm&r=g\",\"url\":\"https:\\\/\\\/secure.gravatar.com\\\/avatar\\\/a24f4ac3a683f3c87303db525abc00db51ea26ccedee11dfaf1cc0f9a481a5d2?s=96&d=mm&r=g\",\"contentUrl\":\"https:\\\/\\\/secure.gravatar.com\\\/avatar\\\/a24f4ac3a683f3c87303db525abc00db51ea26ccedee11dfaf1cc0f9a481a5d2?s=96&d=mm&r=g\",\"caption\":\"erevanblog_a\"},\"sameAs\":[\"http:\\\/\\\/erevanblog.am\"],\"url\":\"https:\\\/\\\/erevanblog.am\\\/?author=1\"}]}<\/script>\n<!-- \/ Yoast SEO plugin. -->","yoast_head_json":{"title":"Sousedka su\u0161\u00ed spodn\u00ed pr\u00e1dlo p\u0159\u00edmo p\u0159ed oknem m\u00e9ho syna \u2013 a takhle jsem to vy\u0159e\u0161ila -","robots":{"index":"index","follow":"follow","max-snippet":"max-snippet:-1","max-image-preview":"max-image-preview:large","max-video-preview":"max-video-preview:-1"},"canonical":"https:\/\/erevanblog.am\/?p=10455","og_locale":"en_US","og_type":"article","og_title":"Sousedka su\u0161\u00ed spodn\u00ed pr\u00e1dlo p\u0159\u00edmo p\u0159ed oknem m\u00e9ho syna \u2013 a takhle jsem to vy\u0159e\u0161ila -","og_description":"Nikdy by m\u011b nenapadlo, \u017ee se ocitnu v takov\u00e9 situaci, nato\u017e abych o n\u00ed psala. Ale ud\u00e1losti posledn\u00edch t\u00fddn\u016f m\u011b donutily jednat \u2013 a te\u010f [...]","og_url":"https:\/\/erevanblog.am\/?p=10455","article_published_time":"2025-06-23T06:19:20+00:00","og_image":[{"width":1638,"height":2048,"url":"http:\/\/erevanblog.am\/wp-content\/uploads\/2025\/06\/564789333.jpg","type":"image\/jpeg"}],"author":"erevanblog_a","twitter_card":"summary_large_image","twitter_misc":{"Written by":"erevanblog_a","Est. reading time":"2 minutes"},"schema":{"@context":"https:\/\/schema.org","@graph":[{"@type":"Article","@id":"https:\/\/erevanblog.am\/?p=10455#article","isPartOf":{"@id":"https:\/\/erevanblog.am\/?p=10455"},"author":{"name":"erevanblog_a","@id":"https:\/\/erevanblog.am\/#\/schema\/person\/204f10311eb7ddb8914a5ab3e5f03928"},"headline":"Sousedka su\u0161\u00ed spodn\u00ed pr\u00e1dlo p\u0159\u00edmo p\u0159ed oknem m\u00e9ho syna \u2013 a takhle jsem to vy\u0159e\u0161ila","datePublished":"2025-06-23T06:19:20+00:00","mainEntityOfPage":{"@id":"https:\/\/erevanblog.am\/?p=10455"},"wordCount":335,"commentCount":0,"image":{"@id":"https:\/\/erevanblog.am\/?p=10455#primaryimage"},"thumbnailUrl":"https:\/\/erevanblog.am\/wp-content\/uploads\/2025\/06\/564789333.jpg","articleSection":["NEWS"],"inLanguage":"en-US","potentialAction":[{"@type":"CommentAction","name":"Comment","target":["https:\/\/erevanblog.am\/?p=10455#respond"]}]},{"@type":"WebPage","@id":"https:\/\/erevanblog.am\/?p=10455","url":"https:\/\/erevanblog.am\/?p=10455","name":"Sousedka su\u0161\u00ed spodn\u00ed pr\u00e1dlo p\u0159\u00edmo p\u0159ed oknem m\u00e9ho syna \u2013 a takhle jsem to vy\u0159e\u0161ila -","isPartOf":{"@id":"https:\/\/erevanblog.am\/#website"},"primaryImageOfPage":{"@id":"https:\/\/erevanblog.am\/?p=10455#primaryimage"},"image":{"@id":"https:\/\/erevanblog.am\/?p=10455#primaryimage"},"thumbnailUrl":"https:\/\/erevanblog.am\/wp-content\/uploads\/2025\/06\/564789333.jpg","datePublished":"2025-06-23T06:19:20+00:00","author":{"@id":"https:\/\/erevanblog.am\/#\/schema\/person\/204f10311eb7ddb8914a5ab3e5f03928"},"breadcrumb":{"@id":"https:\/\/erevanblog.am\/?p=10455#breadcrumb"},"inLanguage":"en-US","potentialAction":[{"@type":"ReadAction","target":["https:\/\/erevanblog.am\/?p=10455"]}]},{"@type":"ImageObject","inLanguage":"en-US","@id":"https:\/\/erevanblog.am\/?p=10455#primaryimage","url":"https:\/\/erevanblog.am\/wp-content\/uploads\/2025\/06\/564789333.jpg","contentUrl":"https:\/\/erevanblog.am\/wp-content\/uploads\/2025\/06\/564789333.jpg","width":1638,"height":2048},{"@type":"BreadcrumbList","@id":"https:\/\/erevanblog.am\/?p=10455#breadcrumb","itemListElement":[{"@type":"ListItem","position":1,"name":"Home","item":"https:\/\/erevanblog.am\/"},{"@type":"ListItem","position":2,"name":"Sousedka su\u0161\u00ed spodn\u00ed pr\u00e1dlo p\u0159\u00edmo p\u0159ed oknem m\u00e9ho syna \u2013 a takhle jsem to vy\u0159e\u0161ila"}]},{"@type":"WebSite","@id":"https:\/\/erevanblog.am\/#website","url":"https:\/\/erevanblog.am\/","name":"","description":"","potentialAction":[{"@type":"SearchAction","target":{"@type":"EntryPoint","urlTemplate":"https:\/\/erevanblog.am\/?s={search_term_string}"},"query-input":{"@type":"PropertyValueSpecification","valueRequired":true,"valueName":"search_term_string"}}],"inLanguage":"en-US"},{"@type":"Person","@id":"https:\/\/erevanblog.am\/#\/schema\/person\/204f10311eb7ddb8914a5ab3e5f03928","name":"erevanblog_a","image":{"@type":"ImageObject","inLanguage":"en-US","@id":"https:\/\/secure.gravatar.com\/avatar\/a24f4ac3a683f3c87303db525abc00db51ea26ccedee11dfaf1cc0f9a481a5d2?s=96&d=mm&r=g","url":"https:\/\/secure.gravatar.com\/avatar\/a24f4ac3a683f3c87303db525abc00db51ea26ccedee11dfaf1cc0f9a481a5d2?s=96&d=mm&r=g","contentUrl":"https:\/\/secure.gravatar.com\/avatar\/a24f4ac3a683f3c87303db525abc00db51ea26ccedee11dfaf1cc0f9a481a5d2?s=96&d=mm&r=g","caption":"erevanblog_a"},"sameAs":["http:\/\/erevanblog.am"],"url":"https:\/\/erevanblog.am\/?author=1"}]}},"views":212,"_links":{"self":[{"href":"https:\/\/erevanblog.am\/index.php?rest_route=\/wp\/v2\/posts\/10455","targetHints":{"allow":["GET"]}}],"collection":[{"href":"https:\/\/erevanblog.am\/index.php?rest_route=\/wp\/v2\/posts"}],"about":[{"href":"https:\/\/erevanblog.am\/index.php?rest_route=\/wp\/v2\/types\/post"}],"author":[{"embeddable":true,"href":"https:\/\/erevanblog.am\/index.php?rest_route=\/wp\/v2\/users\/1"}],"replies":[{"embeddable":true,"href":"https:\/\/erevanblog.am\/index.php?rest_route=%2Fwp%2Fv2%2Fcomments&post=10455"}],"version-history":[{"count":1,"href":"https:\/\/erevanblog.am\/index.php?rest_route=\/wp\/v2\/posts\/10455\/revisions"}],"predecessor-version":[{"id":10457,"href":"https:\/\/erevanblog.am\/index.php?rest_route=\/wp\/v2\/posts\/10455\/revisions\/10457"}],"wp:featuredmedia":[{"embeddable":true,"href":"https:\/\/erevanblog.am\/index.php?rest_route=\/wp\/v2\/media\/10456"}],"wp:attachment":[{"href":"https:\/\/erevanblog.am\/index.php?rest_route=%2Fwp%2Fv2%2Fmedia&parent=10455"}],"wp:term":[{"taxonomy":"category","embeddable":true,"href":"https:\/\/erevanblog.am\/index.php?rest_route=%2Fwp%2Fv2%2Fcategories&post=10455"},{"taxonomy":"post_tag","embeddable":true,"href":"https:\/\/erevanblog.am\/index.php?rest_route=%2Fwp%2Fv2%2Ftags&post=10455"}],"curies":[{"name":"wp","href":"https:\/\/api.w.org\/{rel}","templated":true}]}}