{"id":10458,"date":"2025-06-23T07:40:17","date_gmt":"2025-06-23T06:40:17","guid":{"rendered":"https:\/\/erevanblog.am\/?p=10458"},"modified":"2025-06-23T07:40:18","modified_gmt":"2025-06-23T06:40:18","slug":"v-roce-1977-se-starala-o-popaleneho-chlapce-po-38-letech-ji-cekalo-necekane-setkani","status":"publish","type":"post","link":"https:\/\/erevanblog.am\/?p=10458","title":{"rendered":"V roce 1977 se starala o pop\u00e1len\u00e9ho chlapce. Po 38 letech ji \u010dekalo ne\u010dekan\u00e9 setk\u00e1n\u00ed\u2026"},"content":{"rendered":"\n<p>Byl podzim roku 1977, kdy\u017e mlad\u00e1 zdravotn\u00ed sestra Marie Novotn\u00e1 nastoupila na svou prvn\u00ed sm\u011bnu na d\u011btsk\u00e9m odd\u011blen\u00ed nemocnice na okraji Brna. M\u011bla pln\u00e9 srdce nad\u011bje a odhodl\u00e1n\u00ed. Pr\u00e1ce byla n\u00e1ro\u010dn\u00e1, ale c\u00edtila, \u017ee p\u0159esn\u011b tohle je jej\u00ed posl\u00e1n\u00ed.<\/p>\n\n\n\n<figure class=\"wp-block-image size-full\"><img loading=\"lazy\" decoding=\"async\" width=\"752\" height=\"440\" src=\"https:\/\/erevanblog.am\/wp-content\/uploads\/2025\/06\/4178963333.jpeg\" alt=\"\" class=\"wp-image-10459\" srcset=\"https:\/\/erevanblog.am\/wp-content\/uploads\/2025\/06\/4178963333.jpeg 752w, https:\/\/erevanblog.am\/wp-content\/uploads\/2025\/06\/4178963333-300x176.jpeg 300w\" sizes=\"auto, (max-width: 752px) 100vw, 752px\" \/><\/figure>\n\n\n\n<p>Jednoho studen\u00e9ho listopadov\u00e9ho ve\u010dera byl na odd\u011blen\u00ed p\u0159ijat osmilet\u00fd chlapec jm\u00e9nem Filip. P\u0159i po\u017e\u00e1ru jejich domu utrp\u011bl v\u00e1\u017en\u00e9 pop\u00e1leniny. Le\u017eel ti\u0161e, obv\u00e1zan\u00fd od hlavy a\u017e k pat\u011b, jeho o\u010di pln\u00e9 bolesti i strachu.<\/p>\n\n\n\n<p>Marie se mu v\u011bnovala s mimo\u0159\u00e1dnou p\u00e9\u010d\u00ed. Nejen \u017ee mu m\u011bnila obvazy a pod\u00e1vala l\u00e9ky, ale tak\u00e9 mu \u010detla poh\u00e1dky, pov\u00eddala si s n\u00edm a sna\u017eila se mu vr\u00e1tit \u00fasm\u011bv. Str\u00e1vila s n\u00edm dlouh\u00e9 noci, kdy ostatn\u00ed d\u011bti spaly a on bojoval s bolest\u00ed.<\/p>\n\n\n\n<p>Po n\u011bkolika m\u011bs\u00edc\u00edch se Filip natolik zotavil, \u017ee mohl b\u00fdt p\u0159evezen do rehabilita\u010dn\u00edho za\u0159\u00edzen\u00ed. P\u0159ed odjezdem pevn\u011b sev\u0159el Mariinu ruku a za\u0161eptal: \u201eD\u011bkuju, sest\u0159i\u010dko Marii. Nikdy na v\u00e1s nezapomenu.\u201c<\/p>\n\n\n\n<p>\u010cas b\u011b\u017eel d\u00e1l. Marie z\u016fstala v nemocnici mnoho let, a\u017e nakonec ode\u0161la do d\u016fchodu a p\u0159est\u011bhovala se do mal\u00e9 vesnice u Ti\u0161nova. Ob\u010das si na Filipa vzpomn\u011bla, ale u\u017e o n\u011bm nikdy nesly\u0161ela.<\/p>\n\n\n\n<p>A\u017e do zimy roku 2015.<\/p>\n\n\n\n<p>Toho dne n\u011bkdo zaklepal na jej\u00ed dve\u0159e. Kdy\u017e otev\u0159ela, st\u00e1l tam vysok\u00fd mu\u017e v dlouh\u00e9m kab\u00e1tu s \u010dernou bra\u0161nou p\u0159es rameno. V ruce dr\u017eel starou fotografii \u2013 byla na n\u00ed ona sama, mlad\u00e1 a usm\u011bvav\u00e1, a vedle n\u00ed mal\u00fd chlapec se zav\u00e1zanou rukou.<\/p>\n\n\n\n<p>\u201ePan\u00ed Novotn\u00e1?\u201c zeptal se tich\u00fdm hlasem.<\/p>\n\n\n\n<p>Marie p\u0159ik\u00fdvla, st\u00e1le zmaten\u00e1.<\/p>\n\n\n\n<p>\u201eJmenuji se Filip Dvo\u0159\u00e1k. Jsem l\u00e9ka\u0159. A d\u00edky v\u00e1m jsem se j\u00edm stal.\u201c<\/p>\n\n\n\n<p>Marie z\u016fstala st\u00e1t jako omr\u00e1\u010den\u00e1. O\u010di se j\u00ed zalily slzami. Poznala ho. Ty o\u010di se za ty roky nezm\u011bnily \u2013 st\u00e1le v nich byl ten stejn\u00fd pohled, jak\u00fd znala z nemocni\u010dn\u00edho l\u016f\u017eka.<\/p>\n\n\n\n<p>Od toho dne se jejich cesty op\u011bt spojily. Filip ji za\u010dal nav\u0161t\u011bvovat, psal j\u00ed dopisy a jednoho dne o n\u00ed vypr\u00e1v\u011bl na l\u00e9ka\u0159sk\u00e9 fakult\u011b p\u0159ed budouc\u00edmi doktory. Stala se jeho inspirac\u00ed \u2013 a prost\u0159ednictv\u00edm n\u011bj i inspirac\u00ed pro mnoh\u00e9 dal\u0161\u00ed.<\/p>\n\n\n\n<p>Marie si uv\u011bdomila, \u017ee n\u011bkdy jeden \u010din laskavosti sta\u010d\u00ed k tomu, aby zm\u011bnil \u017eivot \u2013 a jeho ozv\u011bna se m\u016f\u017ee vr\u00e1tit i po des\u00edtk\u00e1ch let.<\/p>\n","protected":false},"excerpt":{"rendered":"<div class=\"mh-excerpt\"><p>Byl podzim roku 1977, kdy\u017e mlad\u00e1 zdravotn\u00ed sestra Marie Novotn\u00e1 nastoupila na svou prvn\u00ed sm\u011bnu na d\u011btsk\u00e9m odd\u011blen\u00ed nemocnice na okraji Brna. M\u011bla pln\u00e9 srdce <a class=\"mh-excerpt-more\" href=\"https:\/\/erevanblog.am\/?p=10458\" title=\"V roce 1977 se starala o pop\u00e1len\u00e9ho chlapce. Po 38 letech ji \u010dekalo ne\u010dekan\u00e9 setk\u00e1n\u00ed\u2026\">[&#8230;]<\/a><\/p>\n<\/div>","protected":false},"author":1,"featured_media":10459,"comment_status":"open","ping_status":"open","sticky":false,"template":"","format":"standard","meta":{"footnotes":""},"categories":[1],"tags":[],"class_list":["post-10458","post","type-post","status-publish","format-standard","has-post-thumbnail","hentry","category-uncategorised"],"yoast_head":"<!-- This site is optimized with the Yoast SEO plugin v27.5 - https:\/\/yoast.com\/product\/yoast-seo-wordpress\/ -->\n<title>V roce 1977 se starala o pop\u00e1len\u00e9ho chlapce. Po 38 letech ji \u010dekalo ne\u010dekan\u00e9 setk\u00e1n\u00ed\u2026 -<\/title>\n<meta name=\"robots\" content=\"index, follow, max-snippet:-1, max-image-preview:large, max-video-preview:-1\" \/>\n<link rel=\"canonical\" href=\"https:\/\/erevanblog.am\/?p=10458\" \/>\n<meta property=\"og:locale\" content=\"en_US\" \/>\n<meta property=\"og:type\" content=\"article\" \/>\n<meta property=\"og:title\" content=\"V roce 1977 se starala o pop\u00e1len\u00e9ho chlapce. Po 38 letech ji \u010dekalo ne\u010dekan\u00e9 setk\u00e1n\u00ed\u2026 -\" \/>\n<meta property=\"og:description\" content=\"Byl podzim roku 1977, kdy\u017e mlad\u00e1 zdravotn\u00ed sestra Marie Novotn\u00e1 nastoupila na svou prvn\u00ed sm\u011bnu na d\u011btsk\u00e9m odd\u011blen\u00ed nemocnice na okraji Brna. M\u011bla pln\u00e9 srdce [...]\" \/>\n<meta property=\"og:url\" content=\"https:\/\/erevanblog.am\/?p=10458\" \/>\n<meta property=\"article:published_time\" content=\"2025-06-23T06:40:17+00:00\" \/>\n<meta property=\"article:modified_time\" content=\"2025-06-23T06:40:18+00:00\" \/>\n<meta property=\"og:image\" content=\"http:\/\/erevanblog.am\/wp-content\/uploads\/2025\/06\/4178963333.jpeg\" \/>\n\t<meta property=\"og:image:width\" content=\"752\" \/>\n\t<meta property=\"og:image:height\" content=\"440\" \/>\n\t<meta property=\"og:image:type\" content=\"image\/jpeg\" \/>\n<meta name=\"author\" content=\"erevanblog_a\" \/>\n<meta name=\"twitter:card\" content=\"summary_large_image\" \/>\n<meta name=\"twitter:label1\" content=\"Written by\" \/>\n\t<meta name=\"twitter:data1\" content=\"erevanblog_a\" \/>\n\t<meta name=\"twitter:label2\" content=\"Est. reading time\" \/>\n\t<meta name=\"twitter:data2\" content=\"2 minutes\" \/>\n<script type=\"application\/ld+json\" class=\"yoast-schema-graph\">{\"@context\":\"https:\\\/\\\/schema.org\",\"@graph\":[{\"@type\":\"Article\",\"@id\":\"https:\\\/\\\/erevanblog.am\\\/?p=10458#article\",\"isPartOf\":{\"@id\":\"https:\\\/\\\/erevanblog.am\\\/?p=10458\"},\"author\":{\"name\":\"erevanblog_a\",\"@id\":\"https:\\\/\\\/erevanblog.am\\\/#\\\/schema\\\/person\\\/204f10311eb7ddb8914a5ab3e5f03928\"},\"headline\":\"V roce 1977 se starala o pop\u00e1len\u00e9ho chlapce. Po 38 letech ji \u010dekalo ne\u010dekan\u00e9 setk\u00e1n\u00ed\u2026\",\"datePublished\":\"2025-06-23T06:40:17+00:00\",\"dateModified\":\"2025-06-23T06:40:18+00:00\",\"mainEntityOfPage\":{\"@id\":\"https:\\\/\\\/erevanblog.am\\\/?p=10458\"},\"wordCount\":478,\"commentCount\":0,\"image\":{\"@id\":\"https:\\\/\\\/erevanblog.am\\\/?p=10458#primaryimage\"},\"thumbnailUrl\":\"https:\\\/\\\/erevanblog.am\\\/wp-content\\\/uploads\\\/2025\\\/06\\\/4178963333.jpeg\",\"articleSection\":[\"NEWS\"],\"inLanguage\":\"en-US\",\"potentialAction\":[{\"@type\":\"CommentAction\",\"name\":\"Comment\",\"target\":[\"https:\\\/\\\/erevanblog.am\\\/?p=10458#respond\"]}]},{\"@type\":\"WebPage\",\"@id\":\"https:\\\/\\\/erevanblog.am\\\/?p=10458\",\"url\":\"https:\\\/\\\/erevanblog.am\\\/?p=10458\",\"name\":\"V roce 1977 se starala o pop\u00e1len\u00e9ho chlapce. Po 38 letech ji \u010dekalo ne\u010dekan\u00e9 setk\u00e1n\u00ed\u2026 -\",\"isPartOf\":{\"@id\":\"https:\\\/\\\/erevanblog.am\\\/#website\"},\"primaryImageOfPage\":{\"@id\":\"https:\\\/\\\/erevanblog.am\\\/?p=10458#primaryimage\"},\"image\":{\"@id\":\"https:\\\/\\\/erevanblog.am\\\/?p=10458#primaryimage\"},\"thumbnailUrl\":\"https:\\\/\\\/erevanblog.am\\\/wp-content\\\/uploads\\\/2025\\\/06\\\/4178963333.jpeg\",\"datePublished\":\"2025-06-23T06:40:17+00:00\",\"dateModified\":\"2025-06-23T06:40:18+00:00\",\"author\":{\"@id\":\"https:\\\/\\\/erevanblog.am\\\/#\\\/schema\\\/person\\\/204f10311eb7ddb8914a5ab3e5f03928\"},\"breadcrumb\":{\"@id\":\"https:\\\/\\\/erevanblog.am\\\/?p=10458#breadcrumb\"},\"inLanguage\":\"en-US\",\"potentialAction\":[{\"@type\":\"ReadAction\",\"target\":[\"https:\\\/\\\/erevanblog.am\\\/?p=10458\"]}]},{\"@type\":\"ImageObject\",\"inLanguage\":\"en-US\",\"@id\":\"https:\\\/\\\/erevanblog.am\\\/?p=10458#primaryimage\",\"url\":\"https:\\\/\\\/erevanblog.am\\\/wp-content\\\/uploads\\\/2025\\\/06\\\/4178963333.jpeg\",\"contentUrl\":\"https:\\\/\\\/erevanblog.am\\\/wp-content\\\/uploads\\\/2025\\\/06\\\/4178963333.jpeg\",\"width\":752,\"height\":440},{\"@type\":\"BreadcrumbList\",\"@id\":\"https:\\\/\\\/erevanblog.am\\\/?p=10458#breadcrumb\",\"itemListElement\":[{\"@type\":\"ListItem\",\"position\":1,\"name\":\"Home\",\"item\":\"https:\\\/\\\/erevanblog.am\\\/\"},{\"@type\":\"ListItem\",\"position\":2,\"name\":\"V roce 1977 se starala o pop\u00e1len\u00e9ho chlapce. Po 38 letech ji \u010dekalo ne\u010dekan\u00e9 setk\u00e1n\u00ed\u2026\"}]},{\"@type\":\"WebSite\",\"@id\":\"https:\\\/\\\/erevanblog.am\\\/#website\",\"url\":\"https:\\\/\\\/erevanblog.am\\\/\",\"name\":\"\",\"description\":\"\",\"potentialAction\":[{\"@type\":\"SearchAction\",\"target\":{\"@type\":\"EntryPoint\",\"urlTemplate\":\"https:\\\/\\\/erevanblog.am\\\/?s={search_term_string}\"},\"query-input\":{\"@type\":\"PropertyValueSpecification\",\"valueRequired\":true,\"valueName\":\"search_term_string\"}}],\"inLanguage\":\"en-US\"},{\"@type\":\"Person\",\"@id\":\"https:\\\/\\\/erevanblog.am\\\/#\\\/schema\\\/person\\\/204f10311eb7ddb8914a5ab3e5f03928\",\"name\":\"erevanblog_a\",\"image\":{\"@type\":\"ImageObject\",\"inLanguage\":\"en-US\",\"@id\":\"https:\\\/\\\/secure.gravatar.com\\\/avatar\\\/a24f4ac3a683f3c87303db525abc00db51ea26ccedee11dfaf1cc0f9a481a5d2?s=96&d=mm&r=g\",\"url\":\"https:\\\/\\\/secure.gravatar.com\\\/avatar\\\/a24f4ac3a683f3c87303db525abc00db51ea26ccedee11dfaf1cc0f9a481a5d2?s=96&d=mm&r=g\",\"contentUrl\":\"https:\\\/\\\/secure.gravatar.com\\\/avatar\\\/a24f4ac3a683f3c87303db525abc00db51ea26ccedee11dfaf1cc0f9a481a5d2?s=96&d=mm&r=g\",\"caption\":\"erevanblog_a\"},\"sameAs\":[\"http:\\\/\\\/erevanblog.am\"],\"url\":\"https:\\\/\\\/erevanblog.am\\\/?author=1\"}]}<\/script>\n<!-- \/ Yoast SEO plugin. -->","yoast_head_json":{"title":"V roce 1977 se starala o pop\u00e1len\u00e9ho chlapce. Po 38 letech ji \u010dekalo ne\u010dekan\u00e9 setk\u00e1n\u00ed\u2026 -","robots":{"index":"index","follow":"follow","max-snippet":"max-snippet:-1","max-image-preview":"max-image-preview:large","max-video-preview":"max-video-preview:-1"},"canonical":"https:\/\/erevanblog.am\/?p=10458","og_locale":"en_US","og_type":"article","og_title":"V roce 1977 se starala o pop\u00e1len\u00e9ho chlapce. Po 38 letech ji \u010dekalo ne\u010dekan\u00e9 setk\u00e1n\u00ed\u2026 -","og_description":"Byl podzim roku 1977, kdy\u017e mlad\u00e1 zdravotn\u00ed sestra Marie Novotn\u00e1 nastoupila na svou prvn\u00ed sm\u011bnu na d\u011btsk\u00e9m odd\u011blen\u00ed nemocnice na okraji Brna. M\u011bla pln\u00e9 srdce [...]","og_url":"https:\/\/erevanblog.am\/?p=10458","article_published_time":"2025-06-23T06:40:17+00:00","article_modified_time":"2025-06-23T06:40:18+00:00","og_image":[{"width":752,"height":440,"url":"http:\/\/erevanblog.am\/wp-content\/uploads\/2025\/06\/4178963333.jpeg","type":"image\/jpeg"}],"author":"erevanblog_a","twitter_card":"summary_large_image","twitter_misc":{"Written by":"erevanblog_a","Est. reading time":"2 minutes"},"schema":{"@context":"https:\/\/schema.org","@graph":[{"@type":"Article","@id":"https:\/\/erevanblog.am\/?p=10458#article","isPartOf":{"@id":"https:\/\/erevanblog.am\/?p=10458"},"author":{"name":"erevanblog_a","@id":"https:\/\/erevanblog.am\/#\/schema\/person\/204f10311eb7ddb8914a5ab3e5f03928"},"headline":"V roce 1977 se starala o pop\u00e1len\u00e9ho chlapce. Po 38 letech ji \u010dekalo ne\u010dekan\u00e9 setk\u00e1n\u00ed\u2026","datePublished":"2025-06-23T06:40:17+00:00","dateModified":"2025-06-23T06:40:18+00:00","mainEntityOfPage":{"@id":"https:\/\/erevanblog.am\/?p=10458"},"wordCount":478,"commentCount":0,"image":{"@id":"https:\/\/erevanblog.am\/?p=10458#primaryimage"},"thumbnailUrl":"https:\/\/erevanblog.am\/wp-content\/uploads\/2025\/06\/4178963333.jpeg","articleSection":["NEWS"],"inLanguage":"en-US","potentialAction":[{"@type":"CommentAction","name":"Comment","target":["https:\/\/erevanblog.am\/?p=10458#respond"]}]},{"@type":"WebPage","@id":"https:\/\/erevanblog.am\/?p=10458","url":"https:\/\/erevanblog.am\/?p=10458","name":"V roce 1977 se starala o pop\u00e1len\u00e9ho chlapce. Po 38 letech ji \u010dekalo ne\u010dekan\u00e9 setk\u00e1n\u00ed\u2026 -","isPartOf":{"@id":"https:\/\/erevanblog.am\/#website"},"primaryImageOfPage":{"@id":"https:\/\/erevanblog.am\/?p=10458#primaryimage"},"image":{"@id":"https:\/\/erevanblog.am\/?p=10458#primaryimage"},"thumbnailUrl":"https:\/\/erevanblog.am\/wp-content\/uploads\/2025\/06\/4178963333.jpeg","datePublished":"2025-06-23T06:40:17+00:00","dateModified":"2025-06-23T06:40:18+00:00","author":{"@id":"https:\/\/erevanblog.am\/#\/schema\/person\/204f10311eb7ddb8914a5ab3e5f03928"},"breadcrumb":{"@id":"https:\/\/erevanblog.am\/?p=10458#breadcrumb"},"inLanguage":"en-US","potentialAction":[{"@type":"ReadAction","target":["https:\/\/erevanblog.am\/?p=10458"]}]},{"@type":"ImageObject","inLanguage":"en-US","@id":"https:\/\/erevanblog.am\/?p=10458#primaryimage","url":"https:\/\/erevanblog.am\/wp-content\/uploads\/2025\/06\/4178963333.jpeg","contentUrl":"https:\/\/erevanblog.am\/wp-content\/uploads\/2025\/06\/4178963333.jpeg","width":752,"height":440},{"@type":"BreadcrumbList","@id":"https:\/\/erevanblog.am\/?p=10458#breadcrumb","itemListElement":[{"@type":"ListItem","position":1,"name":"Home","item":"https:\/\/erevanblog.am\/"},{"@type":"ListItem","position":2,"name":"V roce 1977 se starala o pop\u00e1len\u00e9ho chlapce. Po 38 letech ji \u010dekalo ne\u010dekan\u00e9 setk\u00e1n\u00ed\u2026"}]},{"@type":"WebSite","@id":"https:\/\/erevanblog.am\/#website","url":"https:\/\/erevanblog.am\/","name":"","description":"","potentialAction":[{"@type":"SearchAction","target":{"@type":"EntryPoint","urlTemplate":"https:\/\/erevanblog.am\/?s={search_term_string}"},"query-input":{"@type":"PropertyValueSpecification","valueRequired":true,"valueName":"search_term_string"}}],"inLanguage":"en-US"},{"@type":"Person","@id":"https:\/\/erevanblog.am\/#\/schema\/person\/204f10311eb7ddb8914a5ab3e5f03928","name":"erevanblog_a","image":{"@type":"ImageObject","inLanguage":"en-US","@id":"https:\/\/secure.gravatar.com\/avatar\/a24f4ac3a683f3c87303db525abc00db51ea26ccedee11dfaf1cc0f9a481a5d2?s=96&d=mm&r=g","url":"https:\/\/secure.gravatar.com\/avatar\/a24f4ac3a683f3c87303db525abc00db51ea26ccedee11dfaf1cc0f9a481a5d2?s=96&d=mm&r=g","contentUrl":"https:\/\/secure.gravatar.com\/avatar\/a24f4ac3a683f3c87303db525abc00db51ea26ccedee11dfaf1cc0f9a481a5d2?s=96&d=mm&r=g","caption":"erevanblog_a"},"sameAs":["http:\/\/erevanblog.am"],"url":"https:\/\/erevanblog.am\/?author=1"}]}},"views":210,"_links":{"self":[{"href":"https:\/\/erevanblog.am\/index.php?rest_route=\/wp\/v2\/posts\/10458","targetHints":{"allow":["GET"]}}],"collection":[{"href":"https:\/\/erevanblog.am\/index.php?rest_route=\/wp\/v2\/posts"}],"about":[{"href":"https:\/\/erevanblog.am\/index.php?rest_route=\/wp\/v2\/types\/post"}],"author":[{"embeddable":true,"href":"https:\/\/erevanblog.am\/index.php?rest_route=\/wp\/v2\/users\/1"}],"replies":[{"embeddable":true,"href":"https:\/\/erevanblog.am\/index.php?rest_route=%2Fwp%2Fv2%2Fcomments&post=10458"}],"version-history":[{"count":1,"href":"https:\/\/erevanblog.am\/index.php?rest_route=\/wp\/v2\/posts\/10458\/revisions"}],"predecessor-version":[{"id":10460,"href":"https:\/\/erevanblog.am\/index.php?rest_route=\/wp\/v2\/posts\/10458\/revisions\/10460"}],"wp:featuredmedia":[{"embeddable":true,"href":"https:\/\/erevanblog.am\/index.php?rest_route=\/wp\/v2\/media\/10459"}],"wp:attachment":[{"href":"https:\/\/erevanblog.am\/index.php?rest_route=%2Fwp%2Fv2%2Fmedia&parent=10458"}],"wp:term":[{"taxonomy":"category","embeddable":true,"href":"https:\/\/erevanblog.am\/index.php?rest_route=%2Fwp%2Fv2%2Fcategories&post=10458"},{"taxonomy":"post_tag","embeddable":true,"href":"https:\/\/erevanblog.am\/index.php?rest_route=%2Fwp%2Fv2%2Ftags&post=10458"}],"curies":[{"name":"wp","href":"https:\/\/api.w.org\/{rel}","templated":true}]}}