{"id":10480,"date":"2025-06-24T07:09:27","date_gmt":"2025-06-24T06:09:27","guid":{"rendered":"https:\/\/erevanblog.am\/?p=10480"},"modified":"2025-06-24T07:09:29","modified_gmt":"2025-06-24T06:09:29","slug":"mimoradna-udalost-nejvetsi-namorni-nehoda-vsech-dob-otrasla-svetem-panika-a-chaos-co-se-vlastne-stalo","status":"publish","type":"post","link":"https:\/\/erevanblog.am\/?p=10480","title":{"rendered":"MIMO\u0158\u00c1DN\u00c1 UD\u00c1LOST: Nejv\u011bt\u0161\u00ed n\u00e1mo\u0159n\u00ed nehoda v\u0161ech dob ot\u0159\u00e1sla sv\u011btem. Panika a chaos \u2013 co se vlastn\u011b stalo?"},"content":{"rendered":"\n<p>Dnes r\u00e1no do\u0161lo u pob\u0159e\u017e\u00ed k mimo\u0159\u00e1dn\u00e9 trag\u00e9dii. Dv\u011b masivn\u00ed n\u00e1kladn\u00ed lod\u011b se st\u0159etly za dosud nejasn\u00fdch okolnost\u00ed. S\u00edla n\u00e1razu byla obrovsk\u00e1 \u2013 exploze byla sly\u0161et i des\u00edtky kilometr\u016f daleko.<\/p>\n\n\n\n<figure class=\"wp-block-image size-full\"><img loading=\"lazy\" decoding=\"async\" width=\"800\" height=\"1024\" src=\"https:\/\/erevanblog.am\/wp-content\/uploads\/2025\/06\/22222222222.jpeg\" alt=\"\" class=\"wp-image-10481\" srcset=\"https:\/\/erevanblog.am\/wp-content\/uploads\/2025\/06\/22222222222.jpeg 800w, https:\/\/erevanblog.am\/wp-content\/uploads\/2025\/06\/22222222222-234x300.jpeg 234w, https:\/\/erevanblog.am\/wp-content\/uploads\/2025\/06\/22222222222-768x983.jpeg 768w\" sizes=\"auto, (max-width: 800px) 100vw, 800px\" \/><\/figure>\n\n\n\n<p>O\u010dit\u00ed sv\u011bdci hovo\u0159\u00ed o naprost\u00e9m zmatku. Lid\u00e9 v panice opou\u0161t\u011bj\u00ed oblast, z\u00e1chrann\u00e9 slo\u017eky pracuj\u00ed bez p\u0159est\u00e1n\u00ed. Z m\u00edsta hav\u00e1rie zn\u00ed sir\u00e9ny, helikopt\u00e9ry krou\u017e\u00ed nad mo\u0159em a voda je zbarvena krv\u00ed.<\/p>\n\n\n\n<p>N\u00e1mo\u0159n\u00ed spr\u00e1va okam\u017eit\u011b vyhl\u00e1sila stav nouze a zah\u00e1jila rozs\u00e1hlou z\u00e1chrannou operaci. P\u0159\u00ed\u010dina ne\u0161t\u011bst\u00ed zat\u00edm nen\u00ed jasn\u00e1 \u2013 vy\u0161et\u0159uje se jak lidsk\u00e1 chyba, tak mo\u017en\u00e9 technick\u00e9 selh\u00e1n\u00ed.<\/p>\n\n\n\n<p>Jedno je ale jist\u00e9 \u2013 tato nehoda zanech\u00e1 nesmazatelnou stopu v historii a zm\u011bn\u00ed \u017eivoty mnoha lid\u00ed.<\/p>\n\n\n\n<p>Z\u016fsta\u0148te s n\u00e1mi, budeme v\u00e1s pr\u016fb\u011b\u017en\u011b informovat.<\/p>\n","protected":false},"excerpt":{"rendered":"<div class=\"mh-excerpt\"><p>Dnes r\u00e1no do\u0161lo u pob\u0159e\u017e\u00ed k mimo\u0159\u00e1dn\u00e9 trag\u00e9dii. Dv\u011b masivn\u00ed n\u00e1kladn\u00ed lod\u011b se st\u0159etly za dosud nejasn\u00fdch okolnost\u00ed. S\u00edla n\u00e1razu byla obrovsk\u00e1 \u2013 exploze byla <a class=\"mh-excerpt-more\" href=\"https:\/\/erevanblog.am\/?p=10480\" title=\"MIMO\u0158\u00c1DN\u00c1 UD\u00c1LOST: Nejv\u011bt\u0161\u00ed n\u00e1mo\u0159n\u00ed nehoda v\u0161ech dob ot\u0159\u00e1sla sv\u011btem. Panika a chaos \u2013 co se vlastn\u011b stalo?\">[&#8230;]<\/a><\/p>\n<\/div>","protected":false},"author":1,"featured_media":10481,"comment_status":"open","ping_status":"open","sticky":false,"template":"","format":"standard","meta":{"footnotes":""},"categories":[1],"tags":[],"class_list":["post-10480","post","type-post","status-publish","format-standard","has-post-thumbnail","hentry","category-uncategorised"],"yoast_head":"<!-- This site is optimized with the Yoast SEO plugin v27.5 - https:\/\/yoast.com\/product\/yoast-seo-wordpress\/ -->\n<title>MIMO\u0158\u00c1DN\u00c1 UD\u00c1LOST: Nejv\u011bt\u0161\u00ed n\u00e1mo\u0159n\u00ed nehoda v\u0161ech dob ot\u0159\u00e1sla sv\u011btem. Panika a chaos \u2013 co se vlastn\u011b stalo? -<\/title>\n<meta name=\"robots\" content=\"index, follow, max-snippet:-1, max-image-preview:large, max-video-preview:-1\" \/>\n<link rel=\"canonical\" href=\"https:\/\/erevanblog.am\/?p=10480\" \/>\n<meta property=\"og:locale\" content=\"en_US\" \/>\n<meta property=\"og:type\" content=\"article\" \/>\n<meta property=\"og:title\" content=\"MIMO\u0158\u00c1DN\u00c1 UD\u00c1LOST: Nejv\u011bt\u0161\u00ed n\u00e1mo\u0159n\u00ed nehoda v\u0161ech dob ot\u0159\u00e1sla sv\u011btem. Panika a chaos \u2013 co se vlastn\u011b stalo? -\" \/>\n<meta property=\"og:description\" content=\"Dnes r\u00e1no do\u0161lo u pob\u0159e\u017e\u00ed k mimo\u0159\u00e1dn\u00e9 trag\u00e9dii. Dv\u011b masivn\u00ed n\u00e1kladn\u00ed lod\u011b se st\u0159etly za dosud nejasn\u00fdch okolnost\u00ed. S\u00edla n\u00e1razu byla obrovsk\u00e1 \u2013 exploze byla [...]\" \/>\n<meta property=\"og:url\" content=\"https:\/\/erevanblog.am\/?p=10480\" \/>\n<meta property=\"article:published_time\" content=\"2025-06-24T06:09:27+00:00\" \/>\n<meta property=\"article:modified_time\" content=\"2025-06-24T06:09:29+00:00\" \/>\n<meta property=\"og:image\" content=\"http:\/\/erevanblog.am\/wp-content\/uploads\/2025\/06\/22222222222.jpeg\" \/>\n\t<meta property=\"og:image:width\" content=\"800\" \/>\n\t<meta property=\"og:image:height\" content=\"1024\" \/>\n\t<meta property=\"og:image:type\" content=\"image\/jpeg\" \/>\n<meta name=\"author\" content=\"erevanblog_a\" \/>\n<meta name=\"twitter:card\" content=\"summary_large_image\" \/>\n<meta name=\"twitter:label1\" content=\"Written by\" \/>\n\t<meta name=\"twitter:data1\" content=\"erevanblog_a\" \/>\n\t<meta name=\"twitter:label2\" content=\"Est. reading time\" \/>\n\t<meta name=\"twitter:data2\" content=\"1 minute\" \/>\n<script type=\"application\/ld+json\" class=\"yoast-schema-graph\">{\"@context\":\"https:\\\/\\\/schema.org\",\"@graph\":[{\"@type\":\"Article\",\"@id\":\"https:\\\/\\\/erevanblog.am\\\/?p=10480#article\",\"isPartOf\":{\"@id\":\"https:\\\/\\\/erevanblog.am\\\/?p=10480\"},\"author\":{\"name\":\"erevanblog_a\",\"@id\":\"https:\\\/\\\/erevanblog.am\\\/#\\\/schema\\\/person\\\/204f10311eb7ddb8914a5ab3e5f03928\"},\"headline\":\"MIMO\u0158\u00c1DN\u00c1 UD\u00c1LOST: Nejv\u011bt\u0161\u00ed n\u00e1mo\u0159n\u00ed nehoda v\u0161ech dob ot\u0159\u00e1sla sv\u011btem. Panika a chaos \u2013 co se vlastn\u011b stalo?\",\"datePublished\":\"2025-06-24T06:09:27+00:00\",\"dateModified\":\"2025-06-24T06:09:29+00:00\",\"mainEntityOfPage\":{\"@id\":\"https:\\\/\\\/erevanblog.am\\\/?p=10480\"},\"wordCount\":180,\"commentCount\":0,\"image\":{\"@id\":\"https:\\\/\\\/erevanblog.am\\\/?p=10480#primaryimage\"},\"thumbnailUrl\":\"https:\\\/\\\/erevanblog.am\\\/wp-content\\\/uploads\\\/2025\\\/06\\\/22222222222.jpeg\",\"articleSection\":[\"NEWS\"],\"inLanguage\":\"en-US\",\"potentialAction\":[{\"@type\":\"CommentAction\",\"name\":\"Comment\",\"target\":[\"https:\\\/\\\/erevanblog.am\\\/?p=10480#respond\"]}]},{\"@type\":\"WebPage\",\"@id\":\"https:\\\/\\\/erevanblog.am\\\/?p=10480\",\"url\":\"https:\\\/\\\/erevanblog.am\\\/?p=10480\",\"name\":\"MIMO\u0158\u00c1DN\u00c1 UD\u00c1LOST: Nejv\u011bt\u0161\u00ed n\u00e1mo\u0159n\u00ed nehoda v\u0161ech dob ot\u0159\u00e1sla sv\u011btem. Panika a chaos \u2013 co se vlastn\u011b stalo? -\",\"isPartOf\":{\"@id\":\"https:\\\/\\\/erevanblog.am\\\/#website\"},\"primaryImageOfPage\":{\"@id\":\"https:\\\/\\\/erevanblog.am\\\/?p=10480#primaryimage\"},\"image\":{\"@id\":\"https:\\\/\\\/erevanblog.am\\\/?p=10480#primaryimage\"},\"thumbnailUrl\":\"https:\\\/\\\/erevanblog.am\\\/wp-content\\\/uploads\\\/2025\\\/06\\\/22222222222.jpeg\",\"datePublished\":\"2025-06-24T06:09:27+00:00\",\"dateModified\":\"2025-06-24T06:09:29+00:00\",\"author\":{\"@id\":\"https:\\\/\\\/erevanblog.am\\\/#\\\/schema\\\/person\\\/204f10311eb7ddb8914a5ab3e5f03928\"},\"breadcrumb\":{\"@id\":\"https:\\\/\\\/erevanblog.am\\\/?p=10480#breadcrumb\"},\"inLanguage\":\"en-US\",\"potentialAction\":[{\"@type\":\"ReadAction\",\"target\":[\"https:\\\/\\\/erevanblog.am\\\/?p=10480\"]}]},{\"@type\":\"ImageObject\",\"inLanguage\":\"en-US\",\"@id\":\"https:\\\/\\\/erevanblog.am\\\/?p=10480#primaryimage\",\"url\":\"https:\\\/\\\/erevanblog.am\\\/wp-content\\\/uploads\\\/2025\\\/06\\\/22222222222.jpeg\",\"contentUrl\":\"https:\\\/\\\/erevanblog.am\\\/wp-content\\\/uploads\\\/2025\\\/06\\\/22222222222.jpeg\",\"width\":800,\"height\":1024},{\"@type\":\"BreadcrumbList\",\"@id\":\"https:\\\/\\\/erevanblog.am\\\/?p=10480#breadcrumb\",\"itemListElement\":[{\"@type\":\"ListItem\",\"position\":1,\"name\":\"Home\",\"item\":\"https:\\\/\\\/erevanblog.am\\\/\"},{\"@type\":\"ListItem\",\"position\":2,\"name\":\"MIMO\u0158\u00c1DN\u00c1 UD\u00c1LOST: Nejv\u011bt\u0161\u00ed n\u00e1mo\u0159n\u00ed nehoda v\u0161ech dob ot\u0159\u00e1sla sv\u011btem. Panika a chaos \u2013 co se vlastn\u011b stalo?\"}]},{\"@type\":\"WebSite\",\"@id\":\"https:\\\/\\\/erevanblog.am\\\/#website\",\"url\":\"https:\\\/\\\/erevanblog.am\\\/\",\"name\":\"\",\"description\":\"\",\"potentialAction\":[{\"@type\":\"SearchAction\",\"target\":{\"@type\":\"EntryPoint\",\"urlTemplate\":\"https:\\\/\\\/erevanblog.am\\\/?s={search_term_string}\"},\"query-input\":{\"@type\":\"PropertyValueSpecification\",\"valueRequired\":true,\"valueName\":\"search_term_string\"}}],\"inLanguage\":\"en-US\"},{\"@type\":\"Person\",\"@id\":\"https:\\\/\\\/erevanblog.am\\\/#\\\/schema\\\/person\\\/204f10311eb7ddb8914a5ab3e5f03928\",\"name\":\"erevanblog_a\",\"image\":{\"@type\":\"ImageObject\",\"inLanguage\":\"en-US\",\"@id\":\"https:\\\/\\\/secure.gravatar.com\\\/avatar\\\/a24f4ac3a683f3c87303db525abc00db51ea26ccedee11dfaf1cc0f9a481a5d2?s=96&d=mm&r=g\",\"url\":\"https:\\\/\\\/secure.gravatar.com\\\/avatar\\\/a24f4ac3a683f3c87303db525abc00db51ea26ccedee11dfaf1cc0f9a481a5d2?s=96&d=mm&r=g\",\"contentUrl\":\"https:\\\/\\\/secure.gravatar.com\\\/avatar\\\/a24f4ac3a683f3c87303db525abc00db51ea26ccedee11dfaf1cc0f9a481a5d2?s=96&d=mm&r=g\",\"caption\":\"erevanblog_a\"},\"sameAs\":[\"http:\\\/\\\/erevanblog.am\"],\"url\":\"https:\\\/\\\/erevanblog.am\\\/?author=1\"}]}<\/script>\n<!-- \/ Yoast SEO plugin. -->","yoast_head_json":{"title":"MIMO\u0158\u00c1DN\u00c1 UD\u00c1LOST: Nejv\u011bt\u0161\u00ed n\u00e1mo\u0159n\u00ed nehoda v\u0161ech dob ot\u0159\u00e1sla sv\u011btem. Panika a chaos \u2013 co se vlastn\u011b stalo? -","robots":{"index":"index","follow":"follow","max-snippet":"max-snippet:-1","max-image-preview":"max-image-preview:large","max-video-preview":"max-video-preview:-1"},"canonical":"https:\/\/erevanblog.am\/?p=10480","og_locale":"en_US","og_type":"article","og_title":"MIMO\u0158\u00c1DN\u00c1 UD\u00c1LOST: Nejv\u011bt\u0161\u00ed n\u00e1mo\u0159n\u00ed nehoda v\u0161ech dob ot\u0159\u00e1sla sv\u011btem. Panika a chaos \u2013 co se vlastn\u011b stalo? -","og_description":"Dnes r\u00e1no do\u0161lo u pob\u0159e\u017e\u00ed k mimo\u0159\u00e1dn\u00e9 trag\u00e9dii. Dv\u011b masivn\u00ed n\u00e1kladn\u00ed lod\u011b se st\u0159etly za dosud nejasn\u00fdch okolnost\u00ed. S\u00edla n\u00e1razu byla obrovsk\u00e1 \u2013 exploze byla [...]","og_url":"https:\/\/erevanblog.am\/?p=10480","article_published_time":"2025-06-24T06:09:27+00:00","article_modified_time":"2025-06-24T06:09:29+00:00","og_image":[{"width":800,"height":1024,"url":"http:\/\/erevanblog.am\/wp-content\/uploads\/2025\/06\/22222222222.jpeg","type":"image\/jpeg"}],"author":"erevanblog_a","twitter_card":"summary_large_image","twitter_misc":{"Written by":"erevanblog_a","Est. reading time":"1 minute"},"schema":{"@context":"https:\/\/schema.org","@graph":[{"@type":"Article","@id":"https:\/\/erevanblog.am\/?p=10480#article","isPartOf":{"@id":"https:\/\/erevanblog.am\/?p=10480"},"author":{"name":"erevanblog_a","@id":"https:\/\/erevanblog.am\/#\/schema\/person\/204f10311eb7ddb8914a5ab3e5f03928"},"headline":"MIMO\u0158\u00c1DN\u00c1 UD\u00c1LOST: Nejv\u011bt\u0161\u00ed n\u00e1mo\u0159n\u00ed nehoda v\u0161ech dob ot\u0159\u00e1sla sv\u011btem. Panika a chaos \u2013 co se vlastn\u011b stalo?","datePublished":"2025-06-24T06:09:27+00:00","dateModified":"2025-06-24T06:09:29+00:00","mainEntityOfPage":{"@id":"https:\/\/erevanblog.am\/?p=10480"},"wordCount":180,"commentCount":0,"image":{"@id":"https:\/\/erevanblog.am\/?p=10480#primaryimage"},"thumbnailUrl":"https:\/\/erevanblog.am\/wp-content\/uploads\/2025\/06\/22222222222.jpeg","articleSection":["NEWS"],"inLanguage":"en-US","potentialAction":[{"@type":"CommentAction","name":"Comment","target":["https:\/\/erevanblog.am\/?p=10480#respond"]}]},{"@type":"WebPage","@id":"https:\/\/erevanblog.am\/?p=10480","url":"https:\/\/erevanblog.am\/?p=10480","name":"MIMO\u0158\u00c1DN\u00c1 UD\u00c1LOST: Nejv\u011bt\u0161\u00ed n\u00e1mo\u0159n\u00ed nehoda v\u0161ech dob ot\u0159\u00e1sla sv\u011btem. Panika a chaos \u2013 co se vlastn\u011b stalo? -","isPartOf":{"@id":"https:\/\/erevanblog.am\/#website"},"primaryImageOfPage":{"@id":"https:\/\/erevanblog.am\/?p=10480#primaryimage"},"image":{"@id":"https:\/\/erevanblog.am\/?p=10480#primaryimage"},"thumbnailUrl":"https:\/\/erevanblog.am\/wp-content\/uploads\/2025\/06\/22222222222.jpeg","datePublished":"2025-06-24T06:09:27+00:00","dateModified":"2025-06-24T06:09:29+00:00","author":{"@id":"https:\/\/erevanblog.am\/#\/schema\/person\/204f10311eb7ddb8914a5ab3e5f03928"},"breadcrumb":{"@id":"https:\/\/erevanblog.am\/?p=10480#breadcrumb"},"inLanguage":"en-US","potentialAction":[{"@type":"ReadAction","target":["https:\/\/erevanblog.am\/?p=10480"]}]},{"@type":"ImageObject","inLanguage":"en-US","@id":"https:\/\/erevanblog.am\/?p=10480#primaryimage","url":"https:\/\/erevanblog.am\/wp-content\/uploads\/2025\/06\/22222222222.jpeg","contentUrl":"https:\/\/erevanblog.am\/wp-content\/uploads\/2025\/06\/22222222222.jpeg","width":800,"height":1024},{"@type":"BreadcrumbList","@id":"https:\/\/erevanblog.am\/?p=10480#breadcrumb","itemListElement":[{"@type":"ListItem","position":1,"name":"Home","item":"https:\/\/erevanblog.am\/"},{"@type":"ListItem","position":2,"name":"MIMO\u0158\u00c1DN\u00c1 UD\u00c1LOST: Nejv\u011bt\u0161\u00ed n\u00e1mo\u0159n\u00ed nehoda v\u0161ech dob ot\u0159\u00e1sla sv\u011btem. Panika a chaos \u2013 co se vlastn\u011b stalo?"}]},{"@type":"WebSite","@id":"https:\/\/erevanblog.am\/#website","url":"https:\/\/erevanblog.am\/","name":"","description":"","potentialAction":[{"@type":"SearchAction","target":{"@type":"EntryPoint","urlTemplate":"https:\/\/erevanblog.am\/?s={search_term_string}"},"query-input":{"@type":"PropertyValueSpecification","valueRequired":true,"valueName":"search_term_string"}}],"inLanguage":"en-US"},{"@type":"Person","@id":"https:\/\/erevanblog.am\/#\/schema\/person\/204f10311eb7ddb8914a5ab3e5f03928","name":"erevanblog_a","image":{"@type":"ImageObject","inLanguage":"en-US","@id":"https:\/\/secure.gravatar.com\/avatar\/a24f4ac3a683f3c87303db525abc00db51ea26ccedee11dfaf1cc0f9a481a5d2?s=96&d=mm&r=g","url":"https:\/\/secure.gravatar.com\/avatar\/a24f4ac3a683f3c87303db525abc00db51ea26ccedee11dfaf1cc0f9a481a5d2?s=96&d=mm&r=g","contentUrl":"https:\/\/secure.gravatar.com\/avatar\/a24f4ac3a683f3c87303db525abc00db51ea26ccedee11dfaf1cc0f9a481a5d2?s=96&d=mm&r=g","caption":"erevanblog_a"},"sameAs":["http:\/\/erevanblog.am"],"url":"https:\/\/erevanblog.am\/?author=1"}]}},"views":196,"_links":{"self":[{"href":"https:\/\/erevanblog.am\/index.php?rest_route=\/wp\/v2\/posts\/10480","targetHints":{"allow":["GET"]}}],"collection":[{"href":"https:\/\/erevanblog.am\/index.php?rest_route=\/wp\/v2\/posts"}],"about":[{"href":"https:\/\/erevanblog.am\/index.php?rest_route=\/wp\/v2\/types\/post"}],"author":[{"embeddable":true,"href":"https:\/\/erevanblog.am\/index.php?rest_route=\/wp\/v2\/users\/1"}],"replies":[{"embeddable":true,"href":"https:\/\/erevanblog.am\/index.php?rest_route=%2Fwp%2Fv2%2Fcomments&post=10480"}],"version-history":[{"count":1,"href":"https:\/\/erevanblog.am\/index.php?rest_route=\/wp\/v2\/posts\/10480\/revisions"}],"predecessor-version":[{"id":10482,"href":"https:\/\/erevanblog.am\/index.php?rest_route=\/wp\/v2\/posts\/10480\/revisions\/10482"}],"wp:featuredmedia":[{"embeddable":true,"href":"https:\/\/erevanblog.am\/index.php?rest_route=\/wp\/v2\/media\/10481"}],"wp:attachment":[{"href":"https:\/\/erevanblog.am\/index.php?rest_route=%2Fwp%2Fv2%2Fmedia&parent=10480"}],"wp:term":[{"taxonomy":"category","embeddable":true,"href":"https:\/\/erevanblog.am\/index.php?rest_route=%2Fwp%2Fv2%2Fcategories&post=10480"},{"taxonomy":"post_tag","embeddable":true,"href":"https:\/\/erevanblog.am\/index.php?rest_route=%2Fwp%2Fv2%2Ftags&post=10480"}],"curies":[{"name":"wp","href":"https:\/\/api.w.org\/{rel}","templated":true}]}}