{"id":10486,"date":"2025-06-25T06:10:49","date_gmt":"2025-06-25T05:10:49","guid":{"rendered":"https:\/\/erevanblog.am\/?p=10486"},"modified":"2025-06-25T06:10:50","modified_gmt":"2025-06-25T05:10:50","slug":"chlapec-narazi-na-desivy-objev-kdyz-vyjde-pravda-najevo-cela-zeme-onemi","status":"publish","type":"post","link":"https:\/\/erevanblog.am\/?p=10486","title":{"rendered":"Chlapec naraz\u00ed na d\u011bsiv\u00fd objev \u2013 kdy\u017e vyjde pravda najevo, cel\u00e1 zem\u011b on\u011bm\u00ed."},"content":{"rendered":"\n<p>Byl to den jako ka\u017ed\u00fd jin\u00fd. Na okraji m\u011bsta, u opu\u0161t\u011bn\u00e9 skl\u00e1dky za starou tov\u00e1rnou, se dvan\u00e1ctilet\u00fd Mat\u011bj toulal mezi hromadami odpadu. Jako obvykle hledal star\u00e9 dr\u00e1ty, kov nebo n\u011bco, co by mohl vym\u011bnit za p\u00e1r drobn\u00fdch.<\/p>\n\n\n\n<figure class=\"wp-block-image size-large\"><img loading=\"lazy\" decoding=\"async\" width=\"1024\" height=\"1024\" src=\"https:\/\/erevanblog.am\/wp-content\/uploads\/2025\/06\/41782000000-1024x1024.jpg\" alt=\"\" class=\"wp-image-10487\" srcset=\"https:\/\/erevanblog.am\/wp-content\/uploads\/2025\/06\/41782000000-1024x1024.jpg 1024w, https:\/\/erevanblog.am\/wp-content\/uploads\/2025\/06\/41782000000-300x300.jpg 300w, https:\/\/erevanblog.am\/wp-content\/uploads\/2025\/06\/41782000000-150x150.jpg 150w, https:\/\/erevanblog.am\/wp-content\/uploads\/2025\/06\/41782000000-768x768.jpg 768w, https:\/\/erevanblog.am\/wp-content\/uploads\/2025\/06\/41782000000-1536x1536.jpg 1536w, https:\/\/erevanblog.am\/wp-content\/uploads\/2025\/06\/41782000000.jpg 2048w\" sizes=\"auto, (max-width: 1024px) 100vw, 1024px\" \/><\/figure>\n\n\n\n<p>Zpozorn\u011bl, kdy\u017e zahl\u00e9dl pohyb mezi matracemi a rozbit\u00fdm ko\u010d\u00e1rkem. Myslel, \u017ee je to zatoulan\u00e9 zv\u00ed\u0159e.<\/p>\n\n\n\n<p>Ale pak se ozval tich\u00fd pl\u00e1\u010d.<\/p>\n\n\n\n<p>Kdy\u017e odhrnul plastovou f\u00f3lii, naskytl se mu pohled, kter\u00fd mu z\u016fstane vryt\u00fd do pam\u011bti nav\u017edy \u2013 drobn\u00e1 hol\u010di\u010dka, bos\u00e1, \u0161pinav\u00e1, se stopami mod\u0159in a pohledem, kter\u00fd mrazil. Ml\u010dela. Jen na n\u011bj z\u00edrala s v\u00fdrazem pln\u00fdm nejistoty a strachu.<\/p>\n\n\n\n<p>Mat\u011bj bez v\u00e1h\u00e1n\u00ed ut\u00edkal pro pomoc.<\/p>\n\n\n\n<p>Policie dorazila b\u011bhem chvilky. D\u00edt\u011b bylo okam\u017eit\u011b p\u0159evezeno do nemocnice. A pak se uk\u00e1zalo n\u011bco neuv\u011b\u0159iteln\u00e9ho.<\/p>\n\n\n\n<p>Hol\u010di\u010dka byla identifikov\u00e1na jako Anna Dvo\u0159\u00e1kov\u00e1 \u2013 dcera v\u00fdznamn\u00e9 rodiny, po kter\u00e9 p\u00e1trala cel\u00e1 zem\u011b. Zmizela p\u0159ed v\u00edce ne\u017e osmi m\u011bs\u00edci. Vy\u0161et\u0159ov\u00e1n\u00ed bylo bez v\u00fdsledk\u016f uzav\u0159eno, jej\u00ed zmizen\u00ed upadlo v zapomn\u011bn\u00ed.<\/p>\n\n\n\n<p>A najednou se objevila \u2013 na skl\u00e1dce, zran\u011bn\u00e1, ml\u010denliv\u00e1. Co se j\u00ed stalo? Kde celou tu dobu byla? A pro\u010d ji nikdo necht\u011bl naj\u00edt?<\/p>\n\n\n\n<p>Tento \u0161okuj\u00edc\u00ed n\u00e1lez ot\u0159\u00e1sl cel\u00fdm n\u00e1rodem. Star\u00e9 r\u00e1ny se znovu otev\u0159ely, na povrch vypluly tajemstv\u00ed, kter\u00e1 m\u011bla z\u016fstat skryt\u00e1. Stopy vedly a\u017e k lidem, o nich\u017e si spole\u010dnost myslela, \u017ee jsou nedotknuteln\u00ed.<\/p>\n\n\n\n<p>A Mat\u011bj? Z oby\u010dejn\u00e9ho chlapce se stal hrdinou. Sv\u00fdm \u010dinem odstartoval p\u0159\u00edb\u011bh, kter\u00fd zm\u011bnil nejen jeho \u017eivot, ale i osud cel\u00e9 zem\u011b.<\/p>\n","protected":false},"excerpt":{"rendered":"<div class=\"mh-excerpt\"><p>Byl to den jako ka\u017ed\u00fd jin\u00fd. Na okraji m\u011bsta, u opu\u0161t\u011bn\u00e9 skl\u00e1dky za starou tov\u00e1rnou, se dvan\u00e1ctilet\u00fd Mat\u011bj toulal mezi hromadami odpadu. Jako obvykle hledal <a class=\"mh-excerpt-more\" href=\"https:\/\/erevanblog.am\/?p=10486\" title=\"Chlapec naraz\u00ed na d\u011bsiv\u00fd objev \u2013 kdy\u017e vyjde pravda najevo, cel\u00e1 zem\u011b on\u011bm\u00ed.\">[&#8230;]<\/a><\/p>\n<\/div>","protected":false},"author":1,"featured_media":10487,"comment_status":"open","ping_status":"open","sticky":false,"template":"","format":"standard","meta":{"footnotes":""},"categories":[1],"tags":[],"class_list":["post-10486","post","type-post","status-publish","format-standard","has-post-thumbnail","hentry","category-uncategorised"],"yoast_head":"<!-- This site is optimized with the Yoast SEO plugin v27.5 - https:\/\/yoast.com\/product\/yoast-seo-wordpress\/ -->\n<title>Chlapec naraz\u00ed na d\u011bsiv\u00fd objev \u2013 kdy\u017e vyjde pravda najevo, cel\u00e1 zem\u011b on\u011bm\u00ed. -<\/title>\n<meta name=\"robots\" content=\"index, follow, max-snippet:-1, max-image-preview:large, max-video-preview:-1\" \/>\n<link rel=\"canonical\" href=\"https:\/\/erevanblog.am\/?p=10486\" \/>\n<meta property=\"og:locale\" content=\"en_US\" \/>\n<meta property=\"og:type\" content=\"article\" \/>\n<meta property=\"og:title\" content=\"Chlapec naraz\u00ed na d\u011bsiv\u00fd objev \u2013 kdy\u017e vyjde pravda najevo, cel\u00e1 zem\u011b on\u011bm\u00ed. -\" \/>\n<meta property=\"og:description\" content=\"Byl to den jako ka\u017ed\u00fd jin\u00fd. Na okraji m\u011bsta, u opu\u0161t\u011bn\u00e9 skl\u00e1dky za starou tov\u00e1rnou, se dvan\u00e1ctilet\u00fd Mat\u011bj toulal mezi hromadami odpadu. Jako obvykle hledal [...]\" \/>\n<meta property=\"og:url\" content=\"https:\/\/erevanblog.am\/?p=10486\" \/>\n<meta property=\"article:published_time\" content=\"2025-06-25T05:10:49+00:00\" \/>\n<meta property=\"article:modified_time\" content=\"2025-06-25T05:10:50+00:00\" \/>\n<meta property=\"og:image\" content=\"http:\/\/erevanblog.am\/wp-content\/uploads\/2025\/06\/41782000000.jpg\" \/>\n\t<meta property=\"og:image:width\" content=\"2048\" \/>\n\t<meta property=\"og:image:height\" content=\"2048\" \/>\n\t<meta property=\"og:image:type\" content=\"image\/jpeg\" \/>\n<meta name=\"author\" content=\"erevanblog_a\" \/>\n<meta name=\"twitter:card\" content=\"summary_large_image\" \/>\n<meta name=\"twitter:label1\" content=\"Written by\" \/>\n\t<meta name=\"twitter:data1\" content=\"erevanblog_a\" \/>\n\t<meta name=\"twitter:label2\" content=\"Est. reading time\" \/>\n\t<meta name=\"twitter:data2\" content=\"2 minutes\" \/>\n<script type=\"application\/ld+json\" class=\"yoast-schema-graph\">{\"@context\":\"https:\\\/\\\/schema.org\",\"@graph\":[{\"@type\":\"Article\",\"@id\":\"https:\\\/\\\/erevanblog.am\\\/?p=10486#article\",\"isPartOf\":{\"@id\":\"https:\\\/\\\/erevanblog.am\\\/?p=10486\"},\"author\":{\"name\":\"erevanblog_a\",\"@id\":\"https:\\\/\\\/erevanblog.am\\\/#\\\/schema\\\/person\\\/204f10311eb7ddb8914a5ab3e5f03928\"},\"headline\":\"Chlapec naraz\u00ed na d\u011bsiv\u00fd objev \u2013 kdy\u017e vyjde pravda najevo, cel\u00e1 zem\u011b on\u011bm\u00ed.\",\"datePublished\":\"2025-06-25T05:10:49+00:00\",\"dateModified\":\"2025-06-25T05:10:50+00:00\",\"mainEntityOfPage\":{\"@id\":\"https:\\\/\\\/erevanblog.am\\\/?p=10486\"},\"wordCount\":318,\"commentCount\":0,\"image\":{\"@id\":\"https:\\\/\\\/erevanblog.am\\\/?p=10486#primaryimage\"},\"thumbnailUrl\":\"https:\\\/\\\/erevanblog.am\\\/wp-content\\\/uploads\\\/2025\\\/06\\\/41782000000.jpg\",\"articleSection\":[\"NEWS\"],\"inLanguage\":\"en-US\",\"potentialAction\":[{\"@type\":\"CommentAction\",\"name\":\"Comment\",\"target\":[\"https:\\\/\\\/erevanblog.am\\\/?p=10486#respond\"]}]},{\"@type\":\"WebPage\",\"@id\":\"https:\\\/\\\/erevanblog.am\\\/?p=10486\",\"url\":\"https:\\\/\\\/erevanblog.am\\\/?p=10486\",\"name\":\"Chlapec naraz\u00ed na d\u011bsiv\u00fd objev \u2013 kdy\u017e vyjde pravda najevo, cel\u00e1 zem\u011b on\u011bm\u00ed. -\",\"isPartOf\":{\"@id\":\"https:\\\/\\\/erevanblog.am\\\/#website\"},\"primaryImageOfPage\":{\"@id\":\"https:\\\/\\\/erevanblog.am\\\/?p=10486#primaryimage\"},\"image\":{\"@id\":\"https:\\\/\\\/erevanblog.am\\\/?p=10486#primaryimage\"},\"thumbnailUrl\":\"https:\\\/\\\/erevanblog.am\\\/wp-content\\\/uploads\\\/2025\\\/06\\\/41782000000.jpg\",\"datePublished\":\"2025-06-25T05:10:49+00:00\",\"dateModified\":\"2025-06-25T05:10:50+00:00\",\"author\":{\"@id\":\"https:\\\/\\\/erevanblog.am\\\/#\\\/schema\\\/person\\\/204f10311eb7ddb8914a5ab3e5f03928\"},\"breadcrumb\":{\"@id\":\"https:\\\/\\\/erevanblog.am\\\/?p=10486#breadcrumb\"},\"inLanguage\":\"en-US\",\"potentialAction\":[{\"@type\":\"ReadAction\",\"target\":[\"https:\\\/\\\/erevanblog.am\\\/?p=10486\"]}]},{\"@type\":\"ImageObject\",\"inLanguage\":\"en-US\",\"@id\":\"https:\\\/\\\/erevanblog.am\\\/?p=10486#primaryimage\",\"url\":\"https:\\\/\\\/erevanblog.am\\\/wp-content\\\/uploads\\\/2025\\\/06\\\/41782000000.jpg\",\"contentUrl\":\"https:\\\/\\\/erevanblog.am\\\/wp-content\\\/uploads\\\/2025\\\/06\\\/41782000000.jpg\",\"width\":2048,\"height\":2048},{\"@type\":\"BreadcrumbList\",\"@id\":\"https:\\\/\\\/erevanblog.am\\\/?p=10486#breadcrumb\",\"itemListElement\":[{\"@type\":\"ListItem\",\"position\":1,\"name\":\"Home\",\"item\":\"https:\\\/\\\/erevanblog.am\\\/\"},{\"@type\":\"ListItem\",\"position\":2,\"name\":\"Chlapec naraz\u00ed na d\u011bsiv\u00fd objev \u2013 kdy\u017e vyjde pravda najevo, cel\u00e1 zem\u011b on\u011bm\u00ed.\"}]},{\"@type\":\"WebSite\",\"@id\":\"https:\\\/\\\/erevanblog.am\\\/#website\",\"url\":\"https:\\\/\\\/erevanblog.am\\\/\",\"name\":\"\",\"description\":\"\",\"potentialAction\":[{\"@type\":\"SearchAction\",\"target\":{\"@type\":\"EntryPoint\",\"urlTemplate\":\"https:\\\/\\\/erevanblog.am\\\/?s={search_term_string}\"},\"query-input\":{\"@type\":\"PropertyValueSpecification\",\"valueRequired\":true,\"valueName\":\"search_term_string\"}}],\"inLanguage\":\"en-US\"},{\"@type\":\"Person\",\"@id\":\"https:\\\/\\\/erevanblog.am\\\/#\\\/schema\\\/person\\\/204f10311eb7ddb8914a5ab3e5f03928\",\"name\":\"erevanblog_a\",\"image\":{\"@type\":\"ImageObject\",\"inLanguage\":\"en-US\",\"@id\":\"https:\\\/\\\/secure.gravatar.com\\\/avatar\\\/a24f4ac3a683f3c87303db525abc00db51ea26ccedee11dfaf1cc0f9a481a5d2?s=96&d=mm&r=g\",\"url\":\"https:\\\/\\\/secure.gravatar.com\\\/avatar\\\/a24f4ac3a683f3c87303db525abc00db51ea26ccedee11dfaf1cc0f9a481a5d2?s=96&d=mm&r=g\",\"contentUrl\":\"https:\\\/\\\/secure.gravatar.com\\\/avatar\\\/a24f4ac3a683f3c87303db525abc00db51ea26ccedee11dfaf1cc0f9a481a5d2?s=96&d=mm&r=g\",\"caption\":\"erevanblog_a\"},\"sameAs\":[\"http:\\\/\\\/erevanblog.am\"],\"url\":\"https:\\\/\\\/erevanblog.am\\\/?author=1\"}]}<\/script>\n<!-- \/ Yoast SEO plugin. -->","yoast_head_json":{"title":"Chlapec naraz\u00ed na d\u011bsiv\u00fd objev \u2013 kdy\u017e vyjde pravda najevo, cel\u00e1 zem\u011b on\u011bm\u00ed. -","robots":{"index":"index","follow":"follow","max-snippet":"max-snippet:-1","max-image-preview":"max-image-preview:large","max-video-preview":"max-video-preview:-1"},"canonical":"https:\/\/erevanblog.am\/?p=10486","og_locale":"en_US","og_type":"article","og_title":"Chlapec naraz\u00ed na d\u011bsiv\u00fd objev \u2013 kdy\u017e vyjde pravda najevo, cel\u00e1 zem\u011b on\u011bm\u00ed. -","og_description":"Byl to den jako ka\u017ed\u00fd jin\u00fd. Na okraji m\u011bsta, u opu\u0161t\u011bn\u00e9 skl\u00e1dky za starou tov\u00e1rnou, se dvan\u00e1ctilet\u00fd Mat\u011bj toulal mezi hromadami odpadu. Jako obvykle hledal [...]","og_url":"https:\/\/erevanblog.am\/?p=10486","article_published_time":"2025-06-25T05:10:49+00:00","article_modified_time":"2025-06-25T05:10:50+00:00","og_image":[{"width":2048,"height":2048,"url":"http:\/\/erevanblog.am\/wp-content\/uploads\/2025\/06\/41782000000.jpg","type":"image\/jpeg"}],"author":"erevanblog_a","twitter_card":"summary_large_image","twitter_misc":{"Written by":"erevanblog_a","Est. reading time":"2 minutes"},"schema":{"@context":"https:\/\/schema.org","@graph":[{"@type":"Article","@id":"https:\/\/erevanblog.am\/?p=10486#article","isPartOf":{"@id":"https:\/\/erevanblog.am\/?p=10486"},"author":{"name":"erevanblog_a","@id":"https:\/\/erevanblog.am\/#\/schema\/person\/204f10311eb7ddb8914a5ab3e5f03928"},"headline":"Chlapec naraz\u00ed na d\u011bsiv\u00fd objev \u2013 kdy\u017e vyjde pravda najevo, cel\u00e1 zem\u011b on\u011bm\u00ed.","datePublished":"2025-06-25T05:10:49+00:00","dateModified":"2025-06-25T05:10:50+00:00","mainEntityOfPage":{"@id":"https:\/\/erevanblog.am\/?p=10486"},"wordCount":318,"commentCount":0,"image":{"@id":"https:\/\/erevanblog.am\/?p=10486#primaryimage"},"thumbnailUrl":"https:\/\/erevanblog.am\/wp-content\/uploads\/2025\/06\/41782000000.jpg","articleSection":["NEWS"],"inLanguage":"en-US","potentialAction":[{"@type":"CommentAction","name":"Comment","target":["https:\/\/erevanblog.am\/?p=10486#respond"]}]},{"@type":"WebPage","@id":"https:\/\/erevanblog.am\/?p=10486","url":"https:\/\/erevanblog.am\/?p=10486","name":"Chlapec naraz\u00ed na d\u011bsiv\u00fd objev \u2013 kdy\u017e vyjde pravda najevo, cel\u00e1 zem\u011b on\u011bm\u00ed. -","isPartOf":{"@id":"https:\/\/erevanblog.am\/#website"},"primaryImageOfPage":{"@id":"https:\/\/erevanblog.am\/?p=10486#primaryimage"},"image":{"@id":"https:\/\/erevanblog.am\/?p=10486#primaryimage"},"thumbnailUrl":"https:\/\/erevanblog.am\/wp-content\/uploads\/2025\/06\/41782000000.jpg","datePublished":"2025-06-25T05:10:49+00:00","dateModified":"2025-06-25T05:10:50+00:00","author":{"@id":"https:\/\/erevanblog.am\/#\/schema\/person\/204f10311eb7ddb8914a5ab3e5f03928"},"breadcrumb":{"@id":"https:\/\/erevanblog.am\/?p=10486#breadcrumb"},"inLanguage":"en-US","potentialAction":[{"@type":"ReadAction","target":["https:\/\/erevanblog.am\/?p=10486"]}]},{"@type":"ImageObject","inLanguage":"en-US","@id":"https:\/\/erevanblog.am\/?p=10486#primaryimage","url":"https:\/\/erevanblog.am\/wp-content\/uploads\/2025\/06\/41782000000.jpg","contentUrl":"https:\/\/erevanblog.am\/wp-content\/uploads\/2025\/06\/41782000000.jpg","width":2048,"height":2048},{"@type":"BreadcrumbList","@id":"https:\/\/erevanblog.am\/?p=10486#breadcrumb","itemListElement":[{"@type":"ListItem","position":1,"name":"Home","item":"https:\/\/erevanblog.am\/"},{"@type":"ListItem","position":2,"name":"Chlapec naraz\u00ed na d\u011bsiv\u00fd objev \u2013 kdy\u017e vyjde pravda najevo, cel\u00e1 zem\u011b on\u011bm\u00ed."}]},{"@type":"WebSite","@id":"https:\/\/erevanblog.am\/#website","url":"https:\/\/erevanblog.am\/","name":"","description":"","potentialAction":[{"@type":"SearchAction","target":{"@type":"EntryPoint","urlTemplate":"https:\/\/erevanblog.am\/?s={search_term_string}"},"query-input":{"@type":"PropertyValueSpecification","valueRequired":true,"valueName":"search_term_string"}}],"inLanguage":"en-US"},{"@type":"Person","@id":"https:\/\/erevanblog.am\/#\/schema\/person\/204f10311eb7ddb8914a5ab3e5f03928","name":"erevanblog_a","image":{"@type":"ImageObject","inLanguage":"en-US","@id":"https:\/\/secure.gravatar.com\/avatar\/a24f4ac3a683f3c87303db525abc00db51ea26ccedee11dfaf1cc0f9a481a5d2?s=96&d=mm&r=g","url":"https:\/\/secure.gravatar.com\/avatar\/a24f4ac3a683f3c87303db525abc00db51ea26ccedee11dfaf1cc0f9a481a5d2?s=96&d=mm&r=g","contentUrl":"https:\/\/secure.gravatar.com\/avatar\/a24f4ac3a683f3c87303db525abc00db51ea26ccedee11dfaf1cc0f9a481a5d2?s=96&d=mm&r=g","caption":"erevanblog_a"},"sameAs":["http:\/\/erevanblog.am"],"url":"https:\/\/erevanblog.am\/?author=1"}]}},"views":306,"_links":{"self":[{"href":"https:\/\/erevanblog.am\/index.php?rest_route=\/wp\/v2\/posts\/10486","targetHints":{"allow":["GET"]}}],"collection":[{"href":"https:\/\/erevanblog.am\/index.php?rest_route=\/wp\/v2\/posts"}],"about":[{"href":"https:\/\/erevanblog.am\/index.php?rest_route=\/wp\/v2\/types\/post"}],"author":[{"embeddable":true,"href":"https:\/\/erevanblog.am\/index.php?rest_route=\/wp\/v2\/users\/1"}],"replies":[{"embeddable":true,"href":"https:\/\/erevanblog.am\/index.php?rest_route=%2Fwp%2Fv2%2Fcomments&post=10486"}],"version-history":[{"count":1,"href":"https:\/\/erevanblog.am\/index.php?rest_route=\/wp\/v2\/posts\/10486\/revisions"}],"predecessor-version":[{"id":10488,"href":"https:\/\/erevanblog.am\/index.php?rest_route=\/wp\/v2\/posts\/10486\/revisions\/10488"}],"wp:featuredmedia":[{"embeddable":true,"href":"https:\/\/erevanblog.am\/index.php?rest_route=\/wp\/v2\/media\/10487"}],"wp:attachment":[{"href":"https:\/\/erevanblog.am\/index.php?rest_route=%2Fwp%2Fv2%2Fmedia&parent=10486"}],"wp:term":[{"taxonomy":"category","embeddable":true,"href":"https:\/\/erevanblog.am\/index.php?rest_route=%2Fwp%2Fv2%2Fcategories&post=10486"},{"taxonomy":"post_tag","embeddable":true,"href":"https:\/\/erevanblog.am\/index.php?rest_route=%2Fwp%2Fv2%2Ftags&post=10486"}],"curies":[{"name":"wp","href":"https:\/\/api.w.org\/{rel}","templated":true}]}}