{"id":10495,"date":"2025-06-25T07:16:15","date_gmt":"2025-06-25T06:16:15","guid":{"rendered":"https:\/\/erevanblog.am\/?p=10495"},"modified":"2025-06-25T07:16:16","modified_gmt":"2025-06-25T06:16:16","slug":"muz-pomohl-placicimu-vlceti-a-jeho-matce-to-co-se-stalo-druhy-den-zmrazilo-krev-v-zilach-celeho-vesnice","status":"publish","type":"post","link":"https:\/\/erevanblog.am\/?p=10495","title":{"rendered":"Mu\u017e pomohl pla\u010d\u00edc\u00edmu vl\u010deti a jeho matce. To, co se stalo druh\u00fd den, zmrazilo krev v \u017eil\u00e1ch cel\u00e9ho vesnice\u2026"},"content":{"rendered":"\n<p>Jedn\u00e9 mlhav\u00e9 \u0159\u00edjnov\u00e9 noci, hluboko v lese nedaleko mal\u00e9 francouzsk\u00e9 vesnice jm\u00e9nem Rouvre-les-Bois, kr\u00e1\u010del osam\u011bl\u00fd mu\u017e jm\u00e9nem Mathieu po mokr\u00e9 stezce. B\u00fdval\u00fd lesn\u00edk znal tento kraj jako sv\u00e9 boty. N\u00e1hle ho zastavil zvl\u00e1\u0161tn\u00ed zvuk \u2014 kv\u00edliv\u00fd n\u00e1\u0159ek, t\u00e9m\u011b\u0159 lidsk\u00fd, kter\u00fd roz\u0159\u00edzl ticho.<\/p>\n\n\n\n<figure class=\"wp-block-image size-full\"><img loading=\"lazy\" decoding=\"async\" width=\"1015\" height=\"1024\" src=\"https:\/\/erevanblog.am\/wp-content\/uploads\/2025\/06\/00000000000.jpeg\" alt=\"\" class=\"wp-image-10496\" srcset=\"https:\/\/erevanblog.am\/wp-content\/uploads\/2025\/06\/00000000000.jpeg 1015w, https:\/\/erevanblog.am\/wp-content\/uploads\/2025\/06\/00000000000-297x300.jpeg 297w, https:\/\/erevanblog.am\/wp-content\/uploads\/2025\/06\/00000000000-150x150.jpeg 150w, https:\/\/erevanblog.am\/wp-content\/uploads\/2025\/06\/00000000000-768x775.jpeg 768w\" sizes=\"auto, (max-width: 1015px) 100vw, 1015px\" \/><\/figure>\n\n\n\n<p>Kdy\u017e se opatrn\u011b p\u0159ibl\u00ed\u017eil, uvid\u011bl mal\u00e9 vl\u010de, t\u0159esouc\u00ed se zimou, se slzami v o\u010d\u00edch. Vedle n\u011bj le\u017eela velk\u00e1 vl\u010dice, poran\u011bn\u00e1 na noze, t\u011b\u017ece d\u00fdchaj\u00edc\u00ed. Mathieu na okam\u017eik zav\u00e1hal. Vlci byli v t\u00e9to oblasti vz\u00e1cn\u00ed a vesni\u010dan\u00e9 se jich b\u00e1li. Ale v o\u010d\u00edch t\u00e9 \u0161elmy bylo n\u011bco, co ho hluboce zas\u00e1hlo.<\/p>\n\n\n\n<p>Zabalil vl\u010de do sv\u00e9ho kab\u00e1tu a opatrn\u011b zvedl vl\u010dici. Odnesl je do sv\u00e9 chaty na okraji lesa. O\u0161et\u0159il je, dal jim vodu a trochu masa, a z\u016fstal s nimi celou noc.<\/p>\n\n\n\n<p>Ale r\u00e1no\u2026 byli pry\u010d. \u017d\u00e1dn\u00e9 stopy, \u017e\u00e1dn\u00fd zvuk. Jako by tam nikdy nebyli.<\/p>\n\n\n\n<p>Mathieu se ten den vr\u00e1til do vesnice. To, co tam na\u0161el, mu ztuhlo krev v \u017eil\u00e1ch. Obyvatel\u00e9 byli shrom\u00e1\u017ed\u011bni na n\u00e1vsi, vyd\u011b\u0161en\u00ed, n\u011bkte\u0159\u00ed plakali. Na st\u011bn\u00e1ch dom\u016f byly hlubok\u00e9 \u0161kr\u00e1bance. Vytr\u017een\u00e9 dve\u0159e. Zmizel\u00e1 st\u00e1da. A na fas\u00e1d\u011b kostela bylo do kamene vyryto:<\/p>\n\n\n\n<p><strong>\u201eTen, kdo kon\u00e1 dobro uprost\u0159ed noci, probouz\u00ed d\u00e1vn\u00e9 s\u00edly. Ostatn\u00ed zaplat\u00ed.\u201c<\/strong><\/p>\n\n\n\n<p>Lid\u00e9 mluvili o tajemn\u00fdch stvo\u0159en\u00edch v temnot\u00e1ch, o nadp\u0159irozen\u00fdch v\u00fdk\u0159ic\u00edch za sv\u00edt\u00e1n\u00ed. Star\u00fd strach se probouzel. N\u011bkte\u0159\u00ed obvi\u0148ovali Mathieua. Jin\u00ed \u0161eptali, \u017ee zachr\u00e1nil ochr\u00e1nce lesa. Legenda znovu o\u017eila.<\/p>\n\n\n\n<p>Od toho dne z\u016fst\u00e1v\u00e1 les kolem vesnice nedot\u010den\u00fd. Nikdo nek\u00e1c\u00ed stromy. \u017d\u00e1dn\u00fd lovec si netrouf\u00e1 vstoupit. A ka\u017ed\u00fd ve\u010der se p\u0159ed Mathieuov\u00fdmi dve\u0159mi objev\u00ed b\u00edl\u00fd p\u00edrko \u2014 znamen\u00ed, \u017ee tich\u00ed str\u00e1\u017eci jsou st\u00e1le nabl\u00edzku\u2026 a \u017ee nikdy nezapom\u00ednaj\u00ed.<\/p>\n","protected":false},"excerpt":{"rendered":"<div class=\"mh-excerpt\"><p>Jedn\u00e9 mlhav\u00e9 \u0159\u00edjnov\u00e9 noci, hluboko v lese nedaleko mal\u00e9 francouzsk\u00e9 vesnice jm\u00e9nem Rouvre-les-Bois, kr\u00e1\u010del osam\u011bl\u00fd mu\u017e jm\u00e9nem Mathieu po mokr\u00e9 stezce. B\u00fdval\u00fd lesn\u00edk znal tento <a class=\"mh-excerpt-more\" href=\"https:\/\/erevanblog.am\/?p=10495\" title=\"Mu\u017e pomohl pla\u010d\u00edc\u00edmu vl\u010deti a jeho matce. To, co se stalo druh\u00fd den, zmrazilo krev v \u017eil\u00e1ch cel\u00e9ho vesnice\u2026\">[&#8230;]<\/a><\/p>\n<\/div>","protected":false},"author":1,"featured_media":10496,"comment_status":"open","ping_status":"open","sticky":false,"template":"","format":"standard","meta":{"footnotes":""},"categories":[1],"tags":[],"class_list":["post-10495","post","type-post","status-publish","format-standard","has-post-thumbnail","hentry","category-uncategorised"],"yoast_head":"<!-- This site is optimized with the Yoast SEO plugin v27.5 - https:\/\/yoast.com\/product\/yoast-seo-wordpress\/ -->\n<title>Mu\u017e pomohl pla\u010d\u00edc\u00edmu vl\u010deti a jeho matce. To, co se stalo druh\u00fd den, zmrazilo krev v \u017eil\u00e1ch cel\u00e9ho vesnice\u2026 -<\/title>\n<meta name=\"robots\" content=\"index, follow, max-snippet:-1, max-image-preview:large, max-video-preview:-1\" \/>\n<link rel=\"canonical\" href=\"https:\/\/erevanblog.am\/?p=10495\" \/>\n<meta property=\"og:locale\" content=\"en_US\" \/>\n<meta property=\"og:type\" content=\"article\" \/>\n<meta property=\"og:title\" content=\"Mu\u017e pomohl pla\u010d\u00edc\u00edmu vl\u010deti a jeho matce. To, co se stalo druh\u00fd den, zmrazilo krev v \u017eil\u00e1ch cel\u00e9ho vesnice\u2026 -\" \/>\n<meta property=\"og:description\" content=\"Jedn\u00e9 mlhav\u00e9 \u0159\u00edjnov\u00e9 noci, hluboko v lese nedaleko mal\u00e9 francouzsk\u00e9 vesnice jm\u00e9nem Rouvre-les-Bois, kr\u00e1\u010del osam\u011bl\u00fd mu\u017e jm\u00e9nem Mathieu po mokr\u00e9 stezce. B\u00fdval\u00fd lesn\u00edk znal tento [...]\" \/>\n<meta property=\"og:url\" content=\"https:\/\/erevanblog.am\/?p=10495\" \/>\n<meta property=\"article:published_time\" content=\"2025-06-25T06:16:15+00:00\" \/>\n<meta property=\"article:modified_time\" content=\"2025-06-25T06:16:16+00:00\" \/>\n<meta property=\"og:image\" content=\"http:\/\/erevanblog.am\/wp-content\/uploads\/2025\/06\/00000000000.jpeg\" \/>\n\t<meta property=\"og:image:width\" content=\"1015\" \/>\n\t<meta property=\"og:image:height\" content=\"1024\" \/>\n\t<meta property=\"og:image:type\" content=\"image\/jpeg\" \/>\n<meta name=\"author\" content=\"erevanblog_a\" \/>\n<meta name=\"twitter:card\" content=\"summary_large_image\" \/>\n<meta name=\"twitter:label1\" content=\"Written by\" \/>\n\t<meta name=\"twitter:data1\" content=\"erevanblog_a\" \/>\n\t<meta name=\"twitter:label2\" content=\"Est. reading time\" \/>\n\t<meta name=\"twitter:data2\" content=\"2 minutes\" \/>\n<script type=\"application\/ld+json\" class=\"yoast-schema-graph\">{\"@context\":\"https:\\\/\\\/schema.org\",\"@graph\":[{\"@type\":\"Article\",\"@id\":\"https:\\\/\\\/erevanblog.am\\\/?p=10495#article\",\"isPartOf\":{\"@id\":\"https:\\\/\\\/erevanblog.am\\\/?p=10495\"},\"author\":{\"name\":\"erevanblog_a\",\"@id\":\"https:\\\/\\\/erevanblog.am\\\/#\\\/schema\\\/person\\\/204f10311eb7ddb8914a5ab3e5f03928\"},\"headline\":\"Mu\u017e pomohl pla\u010d\u00edc\u00edmu vl\u010deti a jeho matce. To, co se stalo druh\u00fd den, zmrazilo krev v \u017eil\u00e1ch cel\u00e9ho vesnice\u2026\",\"datePublished\":\"2025-06-25T06:16:15+00:00\",\"dateModified\":\"2025-06-25T06:16:16+00:00\",\"mainEntityOfPage\":{\"@id\":\"https:\\\/\\\/erevanblog.am\\\/?p=10495\"},\"wordCount\":368,\"commentCount\":0,\"image\":{\"@id\":\"https:\\\/\\\/erevanblog.am\\\/?p=10495#primaryimage\"},\"thumbnailUrl\":\"https:\\\/\\\/erevanblog.am\\\/wp-content\\\/uploads\\\/2025\\\/06\\\/00000000000.jpeg\",\"articleSection\":[\"NEWS\"],\"inLanguage\":\"en-US\",\"potentialAction\":[{\"@type\":\"CommentAction\",\"name\":\"Comment\",\"target\":[\"https:\\\/\\\/erevanblog.am\\\/?p=10495#respond\"]}]},{\"@type\":\"WebPage\",\"@id\":\"https:\\\/\\\/erevanblog.am\\\/?p=10495\",\"url\":\"https:\\\/\\\/erevanblog.am\\\/?p=10495\",\"name\":\"Mu\u017e pomohl pla\u010d\u00edc\u00edmu vl\u010deti a jeho matce. To, co se stalo druh\u00fd den, zmrazilo krev v \u017eil\u00e1ch cel\u00e9ho vesnice\u2026 -\",\"isPartOf\":{\"@id\":\"https:\\\/\\\/erevanblog.am\\\/#website\"},\"primaryImageOfPage\":{\"@id\":\"https:\\\/\\\/erevanblog.am\\\/?p=10495#primaryimage\"},\"image\":{\"@id\":\"https:\\\/\\\/erevanblog.am\\\/?p=10495#primaryimage\"},\"thumbnailUrl\":\"https:\\\/\\\/erevanblog.am\\\/wp-content\\\/uploads\\\/2025\\\/06\\\/00000000000.jpeg\",\"datePublished\":\"2025-06-25T06:16:15+00:00\",\"dateModified\":\"2025-06-25T06:16:16+00:00\",\"author\":{\"@id\":\"https:\\\/\\\/erevanblog.am\\\/#\\\/schema\\\/person\\\/204f10311eb7ddb8914a5ab3e5f03928\"},\"breadcrumb\":{\"@id\":\"https:\\\/\\\/erevanblog.am\\\/?p=10495#breadcrumb\"},\"inLanguage\":\"en-US\",\"potentialAction\":[{\"@type\":\"ReadAction\",\"target\":[\"https:\\\/\\\/erevanblog.am\\\/?p=10495\"]}]},{\"@type\":\"ImageObject\",\"inLanguage\":\"en-US\",\"@id\":\"https:\\\/\\\/erevanblog.am\\\/?p=10495#primaryimage\",\"url\":\"https:\\\/\\\/erevanblog.am\\\/wp-content\\\/uploads\\\/2025\\\/06\\\/00000000000.jpeg\",\"contentUrl\":\"https:\\\/\\\/erevanblog.am\\\/wp-content\\\/uploads\\\/2025\\\/06\\\/00000000000.jpeg\",\"width\":1015,\"height\":1024},{\"@type\":\"BreadcrumbList\",\"@id\":\"https:\\\/\\\/erevanblog.am\\\/?p=10495#breadcrumb\",\"itemListElement\":[{\"@type\":\"ListItem\",\"position\":1,\"name\":\"Home\",\"item\":\"https:\\\/\\\/erevanblog.am\\\/\"},{\"@type\":\"ListItem\",\"position\":2,\"name\":\"Mu\u017e pomohl pla\u010d\u00edc\u00edmu vl\u010deti a jeho matce. To, co se stalo druh\u00fd den, zmrazilo krev v \u017eil\u00e1ch cel\u00e9ho vesnice\u2026\"}]},{\"@type\":\"WebSite\",\"@id\":\"https:\\\/\\\/erevanblog.am\\\/#website\",\"url\":\"https:\\\/\\\/erevanblog.am\\\/\",\"name\":\"\",\"description\":\"\",\"potentialAction\":[{\"@type\":\"SearchAction\",\"target\":{\"@type\":\"EntryPoint\",\"urlTemplate\":\"https:\\\/\\\/erevanblog.am\\\/?s={search_term_string}\"},\"query-input\":{\"@type\":\"PropertyValueSpecification\",\"valueRequired\":true,\"valueName\":\"search_term_string\"}}],\"inLanguage\":\"en-US\"},{\"@type\":\"Person\",\"@id\":\"https:\\\/\\\/erevanblog.am\\\/#\\\/schema\\\/person\\\/204f10311eb7ddb8914a5ab3e5f03928\",\"name\":\"erevanblog_a\",\"image\":{\"@type\":\"ImageObject\",\"inLanguage\":\"en-US\",\"@id\":\"https:\\\/\\\/secure.gravatar.com\\\/avatar\\\/a24f4ac3a683f3c87303db525abc00db51ea26ccedee11dfaf1cc0f9a481a5d2?s=96&d=mm&r=g\",\"url\":\"https:\\\/\\\/secure.gravatar.com\\\/avatar\\\/a24f4ac3a683f3c87303db525abc00db51ea26ccedee11dfaf1cc0f9a481a5d2?s=96&d=mm&r=g\",\"contentUrl\":\"https:\\\/\\\/secure.gravatar.com\\\/avatar\\\/a24f4ac3a683f3c87303db525abc00db51ea26ccedee11dfaf1cc0f9a481a5d2?s=96&d=mm&r=g\",\"caption\":\"erevanblog_a\"},\"sameAs\":[\"http:\\\/\\\/erevanblog.am\"],\"url\":\"https:\\\/\\\/erevanblog.am\\\/?author=1\"}]}<\/script>\n<!-- \/ Yoast SEO plugin. -->","yoast_head_json":{"title":"Mu\u017e pomohl pla\u010d\u00edc\u00edmu vl\u010deti a jeho matce. To, co se stalo druh\u00fd den, zmrazilo krev v \u017eil\u00e1ch cel\u00e9ho vesnice\u2026 -","robots":{"index":"index","follow":"follow","max-snippet":"max-snippet:-1","max-image-preview":"max-image-preview:large","max-video-preview":"max-video-preview:-1"},"canonical":"https:\/\/erevanblog.am\/?p=10495","og_locale":"en_US","og_type":"article","og_title":"Mu\u017e pomohl pla\u010d\u00edc\u00edmu vl\u010deti a jeho matce. To, co se stalo druh\u00fd den, zmrazilo krev v \u017eil\u00e1ch cel\u00e9ho vesnice\u2026 -","og_description":"Jedn\u00e9 mlhav\u00e9 \u0159\u00edjnov\u00e9 noci, hluboko v lese nedaleko mal\u00e9 francouzsk\u00e9 vesnice jm\u00e9nem Rouvre-les-Bois, kr\u00e1\u010del osam\u011bl\u00fd mu\u017e jm\u00e9nem Mathieu po mokr\u00e9 stezce. B\u00fdval\u00fd lesn\u00edk znal tento [...]","og_url":"https:\/\/erevanblog.am\/?p=10495","article_published_time":"2025-06-25T06:16:15+00:00","article_modified_time":"2025-06-25T06:16:16+00:00","og_image":[{"width":1015,"height":1024,"url":"http:\/\/erevanblog.am\/wp-content\/uploads\/2025\/06\/00000000000.jpeg","type":"image\/jpeg"}],"author":"erevanblog_a","twitter_card":"summary_large_image","twitter_misc":{"Written by":"erevanblog_a","Est. reading time":"2 minutes"},"schema":{"@context":"https:\/\/schema.org","@graph":[{"@type":"Article","@id":"https:\/\/erevanblog.am\/?p=10495#article","isPartOf":{"@id":"https:\/\/erevanblog.am\/?p=10495"},"author":{"name":"erevanblog_a","@id":"https:\/\/erevanblog.am\/#\/schema\/person\/204f10311eb7ddb8914a5ab3e5f03928"},"headline":"Mu\u017e pomohl pla\u010d\u00edc\u00edmu vl\u010deti a jeho matce. To, co se stalo druh\u00fd den, zmrazilo krev v \u017eil\u00e1ch cel\u00e9ho vesnice\u2026","datePublished":"2025-06-25T06:16:15+00:00","dateModified":"2025-06-25T06:16:16+00:00","mainEntityOfPage":{"@id":"https:\/\/erevanblog.am\/?p=10495"},"wordCount":368,"commentCount":0,"image":{"@id":"https:\/\/erevanblog.am\/?p=10495#primaryimage"},"thumbnailUrl":"https:\/\/erevanblog.am\/wp-content\/uploads\/2025\/06\/00000000000.jpeg","articleSection":["NEWS"],"inLanguage":"en-US","potentialAction":[{"@type":"CommentAction","name":"Comment","target":["https:\/\/erevanblog.am\/?p=10495#respond"]}]},{"@type":"WebPage","@id":"https:\/\/erevanblog.am\/?p=10495","url":"https:\/\/erevanblog.am\/?p=10495","name":"Mu\u017e pomohl pla\u010d\u00edc\u00edmu vl\u010deti a jeho matce. To, co se stalo druh\u00fd den, zmrazilo krev v \u017eil\u00e1ch cel\u00e9ho vesnice\u2026 -","isPartOf":{"@id":"https:\/\/erevanblog.am\/#website"},"primaryImageOfPage":{"@id":"https:\/\/erevanblog.am\/?p=10495#primaryimage"},"image":{"@id":"https:\/\/erevanblog.am\/?p=10495#primaryimage"},"thumbnailUrl":"https:\/\/erevanblog.am\/wp-content\/uploads\/2025\/06\/00000000000.jpeg","datePublished":"2025-06-25T06:16:15+00:00","dateModified":"2025-06-25T06:16:16+00:00","author":{"@id":"https:\/\/erevanblog.am\/#\/schema\/person\/204f10311eb7ddb8914a5ab3e5f03928"},"breadcrumb":{"@id":"https:\/\/erevanblog.am\/?p=10495#breadcrumb"},"inLanguage":"en-US","potentialAction":[{"@type":"ReadAction","target":["https:\/\/erevanblog.am\/?p=10495"]}]},{"@type":"ImageObject","inLanguage":"en-US","@id":"https:\/\/erevanblog.am\/?p=10495#primaryimage","url":"https:\/\/erevanblog.am\/wp-content\/uploads\/2025\/06\/00000000000.jpeg","contentUrl":"https:\/\/erevanblog.am\/wp-content\/uploads\/2025\/06\/00000000000.jpeg","width":1015,"height":1024},{"@type":"BreadcrumbList","@id":"https:\/\/erevanblog.am\/?p=10495#breadcrumb","itemListElement":[{"@type":"ListItem","position":1,"name":"Home","item":"https:\/\/erevanblog.am\/"},{"@type":"ListItem","position":2,"name":"Mu\u017e pomohl pla\u010d\u00edc\u00edmu vl\u010deti a jeho matce. To, co se stalo druh\u00fd den, zmrazilo krev v \u017eil\u00e1ch cel\u00e9ho vesnice\u2026"}]},{"@type":"WebSite","@id":"https:\/\/erevanblog.am\/#website","url":"https:\/\/erevanblog.am\/","name":"","description":"","potentialAction":[{"@type":"SearchAction","target":{"@type":"EntryPoint","urlTemplate":"https:\/\/erevanblog.am\/?s={search_term_string}"},"query-input":{"@type":"PropertyValueSpecification","valueRequired":true,"valueName":"search_term_string"}}],"inLanguage":"en-US"},{"@type":"Person","@id":"https:\/\/erevanblog.am\/#\/schema\/person\/204f10311eb7ddb8914a5ab3e5f03928","name":"erevanblog_a","image":{"@type":"ImageObject","inLanguage":"en-US","@id":"https:\/\/secure.gravatar.com\/avatar\/a24f4ac3a683f3c87303db525abc00db51ea26ccedee11dfaf1cc0f9a481a5d2?s=96&d=mm&r=g","url":"https:\/\/secure.gravatar.com\/avatar\/a24f4ac3a683f3c87303db525abc00db51ea26ccedee11dfaf1cc0f9a481a5d2?s=96&d=mm&r=g","contentUrl":"https:\/\/secure.gravatar.com\/avatar\/a24f4ac3a683f3c87303db525abc00db51ea26ccedee11dfaf1cc0f9a481a5d2?s=96&d=mm&r=g","caption":"erevanblog_a"},"sameAs":["http:\/\/erevanblog.am"],"url":"https:\/\/erevanblog.am\/?author=1"}]}},"views":239,"_links":{"self":[{"href":"https:\/\/erevanblog.am\/index.php?rest_route=\/wp\/v2\/posts\/10495","targetHints":{"allow":["GET"]}}],"collection":[{"href":"https:\/\/erevanblog.am\/index.php?rest_route=\/wp\/v2\/posts"}],"about":[{"href":"https:\/\/erevanblog.am\/index.php?rest_route=\/wp\/v2\/types\/post"}],"author":[{"embeddable":true,"href":"https:\/\/erevanblog.am\/index.php?rest_route=\/wp\/v2\/users\/1"}],"replies":[{"embeddable":true,"href":"https:\/\/erevanblog.am\/index.php?rest_route=%2Fwp%2Fv2%2Fcomments&post=10495"}],"version-history":[{"count":1,"href":"https:\/\/erevanblog.am\/index.php?rest_route=\/wp\/v2\/posts\/10495\/revisions"}],"predecessor-version":[{"id":10497,"href":"https:\/\/erevanblog.am\/index.php?rest_route=\/wp\/v2\/posts\/10495\/revisions\/10497"}],"wp:featuredmedia":[{"embeddable":true,"href":"https:\/\/erevanblog.am\/index.php?rest_route=\/wp\/v2\/media\/10496"}],"wp:attachment":[{"href":"https:\/\/erevanblog.am\/index.php?rest_route=%2Fwp%2Fv2%2Fmedia&parent=10495"}],"wp:term":[{"taxonomy":"category","embeddable":true,"href":"https:\/\/erevanblog.am\/index.php?rest_route=%2Fwp%2Fv2%2Fcategories&post=10495"},{"taxonomy":"post_tag","embeddable":true,"href":"https:\/\/erevanblog.am\/index.php?rest_route=%2Fwp%2Fv2%2Ftags&post=10495"}],"curies":[{"name":"wp","href":"https:\/\/api.w.org\/{rel}","templated":true}]}}