{"id":10517,"date":"2025-06-27T08:51:55","date_gmt":"2025-06-27T07:51:55","guid":{"rendered":"https:\/\/erevanblog.am\/?p=10517"},"modified":"2025-06-27T08:51:56","modified_gmt":"2025-06-27T07:51:56","slug":"kdyz-se-rozlouceni-zmeni-v-hruzu-krik-z-rakve-prerusil-ticho-kremace","status":"publish","type":"post","link":"https:\/\/erevanblog.am\/?p=10517","title":{"rendered":"Kdy\u017e se rozlou\u010den\u00ed zm\u011bn\u00ed v hr\u016fzu: K\u0159ik z rakve p\u0159eru\u0161il ticho kremace"},"content":{"rendered":"\n<p>V\u0161echno prob\u00edhalo klidn\u011b. Tich\u00fd \u0161epot kv\u011btin, tlumen\u00e9 vzlyky truchl\u00edc\u00edch, atmosf\u00e9ra napln\u011bn\u00e1 smutkem a \u00factou. Ob\u0159ad posledn\u00edho rozlou\u010den\u00ed pokra\u010doval d\u016fstojn\u011b \u2013 a\u017e do chv\u00edle, kdy se rakev za\u010dala p\u0159esouvat k peci.<\/p>\n\n\n\n<figure class=\"wp-block-image size-full\"><img loading=\"lazy\" decoding=\"async\" width=\"752\" height=\"440\" src=\"https:\/\/erevanblog.am\/wp-content\/uploads\/2025\/06\/222222222333.png\" alt=\"\" class=\"wp-image-10518\" srcset=\"https:\/\/erevanblog.am\/wp-content\/uploads\/2025\/06\/222222222333.png 752w, https:\/\/erevanblog.am\/wp-content\/uploads\/2025\/06\/222222222333-300x176.png 300w\" sizes=\"auto, (max-width: 752px) 100vw, 752px\" \/><\/figure>\n\n\n\n<p>V tu r\u00e1nu se ozval v\u00fdk\u0159ik. Ne\u0161lo o \u0161ramot nebo mechanick\u00fd zvuk. Byl to jasn\u00fd, lidsk\u00fd k\u0159ik \u2013 pronikav\u00fd, zoufal\u00fd a d\u011bsiv\u00fd.<\/p>\n\n\n\n<p>P\u0159\u00edtomn\u00ed z\u016fstali jako p\u0159imra\u017een\u00ed. V\u0161ichni on\u011bm\u011bli hr\u016fzou, n\u011bkte\u0159\u00ed omdleli. Obsluha okam\u017eit\u011b zastavila proces a sp\u011b\u0161n\u011b p\u0159ivolan\u00ed z\u00e1chran\u00e1\u0159i otev\u0159eli rakev.<\/p>\n\n\n\n<p>To, co n\u00e1sledovalo, nikdo z p\u0159\u00edtomn\u00fdch nikdy nezapomene.<\/p>\n\n\n\n<p>Uvnit\u0159 se skute\u010dn\u011b nach\u00e1zela osoba, kter\u00e1 nebyla mrtv\u00e1. Byla v bezv\u011bdom\u00ed? Do\u0161lo k chybn\u00e9 diagn\u00f3ze smrti? Jak se n\u011bco takov\u00e9ho v\u016fbec mohlo st\u00e1t?<\/p>\n\n\n\n<p>Vy\u0161et\u0159ov\u00e1n\u00ed bylo neprodlen\u011b zah\u00e1jeno, ale na ot\u00e1zky, kter\u00e9 si pokl\u00e1daj\u00ed traumatizovan\u00ed sv\u011bdci, nebude snadn\u00e9 odpov\u011bd\u011bt. To, co m\u011blo b\u00fdt d\u016fstojn\u00fdm zakon\u010den\u00edm jednoho \u017eivota, se prom\u011bnilo v no\u010dn\u00ed m\u016fru na\u017eivo.<\/p>\n","protected":false},"excerpt":{"rendered":"<div class=\"mh-excerpt\"><p>V\u0161echno prob\u00edhalo klidn\u011b. Tich\u00fd \u0161epot kv\u011btin, tlumen\u00e9 vzlyky truchl\u00edc\u00edch, atmosf\u00e9ra napln\u011bn\u00e1 smutkem a \u00factou. Ob\u0159ad posledn\u00edho rozlou\u010den\u00ed pokra\u010doval d\u016fstojn\u011b \u2013 a\u017e do chv\u00edle, kdy se <a class=\"mh-excerpt-more\" href=\"https:\/\/erevanblog.am\/?p=10517\" title=\"Kdy\u017e se rozlou\u010den\u00ed zm\u011bn\u00ed v hr\u016fzu: K\u0159ik z rakve p\u0159eru\u0161il ticho kremace\">[&#8230;]<\/a><\/p>\n<\/div>","protected":false},"author":1,"featured_media":10518,"comment_status":"open","ping_status":"open","sticky":false,"template":"","format":"standard","meta":{"footnotes":""},"categories":[1],"tags":[],"class_list":["post-10517","post","type-post","status-publish","format-standard","has-post-thumbnail","hentry","category-uncategorised"],"yoast_head":"<!-- This site is optimized with the Yoast SEO plugin v27.5 - https:\/\/yoast.com\/product\/yoast-seo-wordpress\/ -->\n<title>Kdy\u017e se rozlou\u010den\u00ed zm\u011bn\u00ed v hr\u016fzu: K\u0159ik z rakve p\u0159eru\u0161il ticho kremace -<\/title>\n<meta name=\"robots\" content=\"index, follow, max-snippet:-1, max-image-preview:large, max-video-preview:-1\" \/>\n<link rel=\"canonical\" href=\"https:\/\/erevanblog.am\/?p=10517\" \/>\n<meta property=\"og:locale\" content=\"en_US\" \/>\n<meta property=\"og:type\" content=\"article\" \/>\n<meta property=\"og:title\" content=\"Kdy\u017e se rozlou\u010den\u00ed zm\u011bn\u00ed v hr\u016fzu: K\u0159ik z rakve p\u0159eru\u0161il ticho kremace -\" \/>\n<meta property=\"og:description\" content=\"V\u0161echno prob\u00edhalo klidn\u011b. Tich\u00fd \u0161epot kv\u011btin, tlumen\u00e9 vzlyky truchl\u00edc\u00edch, atmosf\u00e9ra napln\u011bn\u00e1 smutkem a \u00factou. Ob\u0159ad posledn\u00edho rozlou\u010den\u00ed pokra\u010doval d\u016fstojn\u011b \u2013 a\u017e do chv\u00edle, kdy se [...]\" \/>\n<meta property=\"og:url\" content=\"https:\/\/erevanblog.am\/?p=10517\" \/>\n<meta property=\"article:published_time\" content=\"2025-06-27T07:51:55+00:00\" \/>\n<meta property=\"article:modified_time\" content=\"2025-06-27T07:51:56+00:00\" \/>\n<meta property=\"og:image\" content=\"http:\/\/erevanblog.am\/wp-content\/uploads\/2025\/06\/222222222333.png\" \/>\n\t<meta property=\"og:image:width\" content=\"752\" \/>\n\t<meta property=\"og:image:height\" content=\"440\" \/>\n\t<meta property=\"og:image:type\" content=\"image\/png\" \/>\n<meta name=\"author\" content=\"erevanblog_a\" \/>\n<meta name=\"twitter:card\" content=\"summary_large_image\" \/>\n<meta name=\"twitter:label1\" content=\"Written by\" \/>\n\t<meta name=\"twitter:data1\" content=\"erevanblog_a\" \/>\n\t<meta name=\"twitter:label2\" content=\"Est. reading time\" \/>\n\t<meta name=\"twitter:data2\" content=\"1 minute\" \/>\n<script type=\"application\/ld+json\" class=\"yoast-schema-graph\">{\"@context\":\"https:\\\/\\\/schema.org\",\"@graph\":[{\"@type\":\"Article\",\"@id\":\"https:\\\/\\\/erevanblog.am\\\/?p=10517#article\",\"isPartOf\":{\"@id\":\"https:\\\/\\\/erevanblog.am\\\/?p=10517\"},\"author\":{\"name\":\"erevanblog_a\",\"@id\":\"https:\\\/\\\/erevanblog.am\\\/#\\\/schema\\\/person\\\/204f10311eb7ddb8914a5ab3e5f03928\"},\"headline\":\"Kdy\u017e se rozlou\u010den\u00ed zm\u011bn\u00ed v hr\u016fzu: K\u0159ik z rakve p\u0159eru\u0161il ticho kremace\",\"datePublished\":\"2025-06-27T07:51:55+00:00\",\"dateModified\":\"2025-06-27T07:51:56+00:00\",\"mainEntityOfPage\":{\"@id\":\"https:\\\/\\\/erevanblog.am\\\/?p=10517\"},\"wordCount\":214,\"commentCount\":0,\"image\":{\"@id\":\"https:\\\/\\\/erevanblog.am\\\/?p=10517#primaryimage\"},\"thumbnailUrl\":\"https:\\\/\\\/erevanblog.am\\\/wp-content\\\/uploads\\\/2025\\\/06\\\/222222222333.png\",\"articleSection\":[\"NEWS\"],\"inLanguage\":\"en-US\",\"potentialAction\":[{\"@type\":\"CommentAction\",\"name\":\"Comment\",\"target\":[\"https:\\\/\\\/erevanblog.am\\\/?p=10517#respond\"]}]},{\"@type\":\"WebPage\",\"@id\":\"https:\\\/\\\/erevanblog.am\\\/?p=10517\",\"url\":\"https:\\\/\\\/erevanblog.am\\\/?p=10517\",\"name\":\"Kdy\u017e se rozlou\u010den\u00ed zm\u011bn\u00ed v hr\u016fzu: K\u0159ik z rakve p\u0159eru\u0161il ticho kremace -\",\"isPartOf\":{\"@id\":\"https:\\\/\\\/erevanblog.am\\\/#website\"},\"primaryImageOfPage\":{\"@id\":\"https:\\\/\\\/erevanblog.am\\\/?p=10517#primaryimage\"},\"image\":{\"@id\":\"https:\\\/\\\/erevanblog.am\\\/?p=10517#primaryimage\"},\"thumbnailUrl\":\"https:\\\/\\\/erevanblog.am\\\/wp-content\\\/uploads\\\/2025\\\/06\\\/222222222333.png\",\"datePublished\":\"2025-06-27T07:51:55+00:00\",\"dateModified\":\"2025-06-27T07:51:56+00:00\",\"author\":{\"@id\":\"https:\\\/\\\/erevanblog.am\\\/#\\\/schema\\\/person\\\/204f10311eb7ddb8914a5ab3e5f03928\"},\"breadcrumb\":{\"@id\":\"https:\\\/\\\/erevanblog.am\\\/?p=10517#breadcrumb\"},\"inLanguage\":\"en-US\",\"potentialAction\":[{\"@type\":\"ReadAction\",\"target\":[\"https:\\\/\\\/erevanblog.am\\\/?p=10517\"]}]},{\"@type\":\"ImageObject\",\"inLanguage\":\"en-US\",\"@id\":\"https:\\\/\\\/erevanblog.am\\\/?p=10517#primaryimage\",\"url\":\"https:\\\/\\\/erevanblog.am\\\/wp-content\\\/uploads\\\/2025\\\/06\\\/222222222333.png\",\"contentUrl\":\"https:\\\/\\\/erevanblog.am\\\/wp-content\\\/uploads\\\/2025\\\/06\\\/222222222333.png\",\"width\":752,\"height\":440},{\"@type\":\"BreadcrumbList\",\"@id\":\"https:\\\/\\\/erevanblog.am\\\/?p=10517#breadcrumb\",\"itemListElement\":[{\"@type\":\"ListItem\",\"position\":1,\"name\":\"Home\",\"item\":\"https:\\\/\\\/erevanblog.am\\\/\"},{\"@type\":\"ListItem\",\"position\":2,\"name\":\"Kdy\u017e se rozlou\u010den\u00ed zm\u011bn\u00ed v hr\u016fzu: K\u0159ik z rakve p\u0159eru\u0161il ticho kremace\"}]},{\"@type\":\"WebSite\",\"@id\":\"https:\\\/\\\/erevanblog.am\\\/#website\",\"url\":\"https:\\\/\\\/erevanblog.am\\\/\",\"name\":\"\",\"description\":\"\",\"potentialAction\":[{\"@type\":\"SearchAction\",\"target\":{\"@type\":\"EntryPoint\",\"urlTemplate\":\"https:\\\/\\\/erevanblog.am\\\/?s={search_term_string}\"},\"query-input\":{\"@type\":\"PropertyValueSpecification\",\"valueRequired\":true,\"valueName\":\"search_term_string\"}}],\"inLanguage\":\"en-US\"},{\"@type\":\"Person\",\"@id\":\"https:\\\/\\\/erevanblog.am\\\/#\\\/schema\\\/person\\\/204f10311eb7ddb8914a5ab3e5f03928\",\"name\":\"erevanblog_a\",\"image\":{\"@type\":\"ImageObject\",\"inLanguage\":\"en-US\",\"@id\":\"https:\\\/\\\/secure.gravatar.com\\\/avatar\\\/a24f4ac3a683f3c87303db525abc00db51ea26ccedee11dfaf1cc0f9a481a5d2?s=96&d=mm&r=g\",\"url\":\"https:\\\/\\\/secure.gravatar.com\\\/avatar\\\/a24f4ac3a683f3c87303db525abc00db51ea26ccedee11dfaf1cc0f9a481a5d2?s=96&d=mm&r=g\",\"contentUrl\":\"https:\\\/\\\/secure.gravatar.com\\\/avatar\\\/a24f4ac3a683f3c87303db525abc00db51ea26ccedee11dfaf1cc0f9a481a5d2?s=96&d=mm&r=g\",\"caption\":\"erevanblog_a\"},\"sameAs\":[\"http:\\\/\\\/erevanblog.am\"],\"url\":\"https:\\\/\\\/erevanblog.am\\\/?author=1\"}]}<\/script>\n<!-- \/ Yoast SEO plugin. -->","yoast_head_json":{"title":"Kdy\u017e se rozlou\u010den\u00ed zm\u011bn\u00ed v hr\u016fzu: K\u0159ik z rakve p\u0159eru\u0161il ticho kremace -","robots":{"index":"index","follow":"follow","max-snippet":"max-snippet:-1","max-image-preview":"max-image-preview:large","max-video-preview":"max-video-preview:-1"},"canonical":"https:\/\/erevanblog.am\/?p=10517","og_locale":"en_US","og_type":"article","og_title":"Kdy\u017e se rozlou\u010den\u00ed zm\u011bn\u00ed v hr\u016fzu: K\u0159ik z rakve p\u0159eru\u0161il ticho kremace -","og_description":"V\u0161echno prob\u00edhalo klidn\u011b. Tich\u00fd \u0161epot kv\u011btin, tlumen\u00e9 vzlyky truchl\u00edc\u00edch, atmosf\u00e9ra napln\u011bn\u00e1 smutkem a \u00factou. Ob\u0159ad posledn\u00edho rozlou\u010den\u00ed pokra\u010doval d\u016fstojn\u011b \u2013 a\u017e do chv\u00edle, kdy se [...]","og_url":"https:\/\/erevanblog.am\/?p=10517","article_published_time":"2025-06-27T07:51:55+00:00","article_modified_time":"2025-06-27T07:51:56+00:00","og_image":[{"width":752,"height":440,"url":"http:\/\/erevanblog.am\/wp-content\/uploads\/2025\/06\/222222222333.png","type":"image\/png"}],"author":"erevanblog_a","twitter_card":"summary_large_image","twitter_misc":{"Written by":"erevanblog_a","Est. reading time":"1 minute"},"schema":{"@context":"https:\/\/schema.org","@graph":[{"@type":"Article","@id":"https:\/\/erevanblog.am\/?p=10517#article","isPartOf":{"@id":"https:\/\/erevanblog.am\/?p=10517"},"author":{"name":"erevanblog_a","@id":"https:\/\/erevanblog.am\/#\/schema\/person\/204f10311eb7ddb8914a5ab3e5f03928"},"headline":"Kdy\u017e se rozlou\u010den\u00ed zm\u011bn\u00ed v hr\u016fzu: K\u0159ik z rakve p\u0159eru\u0161il ticho kremace","datePublished":"2025-06-27T07:51:55+00:00","dateModified":"2025-06-27T07:51:56+00:00","mainEntityOfPage":{"@id":"https:\/\/erevanblog.am\/?p=10517"},"wordCount":214,"commentCount":0,"image":{"@id":"https:\/\/erevanblog.am\/?p=10517#primaryimage"},"thumbnailUrl":"https:\/\/erevanblog.am\/wp-content\/uploads\/2025\/06\/222222222333.png","articleSection":["NEWS"],"inLanguage":"en-US","potentialAction":[{"@type":"CommentAction","name":"Comment","target":["https:\/\/erevanblog.am\/?p=10517#respond"]}]},{"@type":"WebPage","@id":"https:\/\/erevanblog.am\/?p=10517","url":"https:\/\/erevanblog.am\/?p=10517","name":"Kdy\u017e se rozlou\u010den\u00ed zm\u011bn\u00ed v hr\u016fzu: K\u0159ik z rakve p\u0159eru\u0161il ticho kremace -","isPartOf":{"@id":"https:\/\/erevanblog.am\/#website"},"primaryImageOfPage":{"@id":"https:\/\/erevanblog.am\/?p=10517#primaryimage"},"image":{"@id":"https:\/\/erevanblog.am\/?p=10517#primaryimage"},"thumbnailUrl":"https:\/\/erevanblog.am\/wp-content\/uploads\/2025\/06\/222222222333.png","datePublished":"2025-06-27T07:51:55+00:00","dateModified":"2025-06-27T07:51:56+00:00","author":{"@id":"https:\/\/erevanblog.am\/#\/schema\/person\/204f10311eb7ddb8914a5ab3e5f03928"},"breadcrumb":{"@id":"https:\/\/erevanblog.am\/?p=10517#breadcrumb"},"inLanguage":"en-US","potentialAction":[{"@type":"ReadAction","target":["https:\/\/erevanblog.am\/?p=10517"]}]},{"@type":"ImageObject","inLanguage":"en-US","@id":"https:\/\/erevanblog.am\/?p=10517#primaryimage","url":"https:\/\/erevanblog.am\/wp-content\/uploads\/2025\/06\/222222222333.png","contentUrl":"https:\/\/erevanblog.am\/wp-content\/uploads\/2025\/06\/222222222333.png","width":752,"height":440},{"@type":"BreadcrumbList","@id":"https:\/\/erevanblog.am\/?p=10517#breadcrumb","itemListElement":[{"@type":"ListItem","position":1,"name":"Home","item":"https:\/\/erevanblog.am\/"},{"@type":"ListItem","position":2,"name":"Kdy\u017e se rozlou\u010den\u00ed zm\u011bn\u00ed v hr\u016fzu: K\u0159ik z rakve p\u0159eru\u0161il ticho kremace"}]},{"@type":"WebSite","@id":"https:\/\/erevanblog.am\/#website","url":"https:\/\/erevanblog.am\/","name":"","description":"","potentialAction":[{"@type":"SearchAction","target":{"@type":"EntryPoint","urlTemplate":"https:\/\/erevanblog.am\/?s={search_term_string}"},"query-input":{"@type":"PropertyValueSpecification","valueRequired":true,"valueName":"search_term_string"}}],"inLanguage":"en-US"},{"@type":"Person","@id":"https:\/\/erevanblog.am\/#\/schema\/person\/204f10311eb7ddb8914a5ab3e5f03928","name":"erevanblog_a","image":{"@type":"ImageObject","inLanguage":"en-US","@id":"https:\/\/secure.gravatar.com\/avatar\/a24f4ac3a683f3c87303db525abc00db51ea26ccedee11dfaf1cc0f9a481a5d2?s=96&d=mm&r=g","url":"https:\/\/secure.gravatar.com\/avatar\/a24f4ac3a683f3c87303db525abc00db51ea26ccedee11dfaf1cc0f9a481a5d2?s=96&d=mm&r=g","contentUrl":"https:\/\/secure.gravatar.com\/avatar\/a24f4ac3a683f3c87303db525abc00db51ea26ccedee11dfaf1cc0f9a481a5d2?s=96&d=mm&r=g","caption":"erevanblog_a"},"sameAs":["http:\/\/erevanblog.am"],"url":"https:\/\/erevanblog.am\/?author=1"}]}},"views":1442,"_links":{"self":[{"href":"https:\/\/erevanblog.am\/index.php?rest_route=\/wp\/v2\/posts\/10517","targetHints":{"allow":["GET"]}}],"collection":[{"href":"https:\/\/erevanblog.am\/index.php?rest_route=\/wp\/v2\/posts"}],"about":[{"href":"https:\/\/erevanblog.am\/index.php?rest_route=\/wp\/v2\/types\/post"}],"author":[{"embeddable":true,"href":"https:\/\/erevanblog.am\/index.php?rest_route=\/wp\/v2\/users\/1"}],"replies":[{"embeddable":true,"href":"https:\/\/erevanblog.am\/index.php?rest_route=%2Fwp%2Fv2%2Fcomments&post=10517"}],"version-history":[{"count":1,"href":"https:\/\/erevanblog.am\/index.php?rest_route=\/wp\/v2\/posts\/10517\/revisions"}],"predecessor-version":[{"id":10519,"href":"https:\/\/erevanblog.am\/index.php?rest_route=\/wp\/v2\/posts\/10517\/revisions\/10519"}],"wp:featuredmedia":[{"embeddable":true,"href":"https:\/\/erevanblog.am\/index.php?rest_route=\/wp\/v2\/media\/10518"}],"wp:attachment":[{"href":"https:\/\/erevanblog.am\/index.php?rest_route=%2Fwp%2Fv2%2Fmedia&parent=10517"}],"wp:term":[{"taxonomy":"category","embeddable":true,"href":"https:\/\/erevanblog.am\/index.php?rest_route=%2Fwp%2Fv2%2Fcategories&post=10517"},{"taxonomy":"post_tag","embeddable":true,"href":"https:\/\/erevanblog.am\/index.php?rest_route=%2Fwp%2Fv2%2Ftags&post=10517"}],"curies":[{"name":"wp","href":"https:\/\/api.w.org\/{rel}","templated":true}]}}