{"id":10529,"date":"2025-06-27T15:48:45","date_gmt":"2025-06-27T14:48:45","guid":{"rendered":"https:\/\/erevanblog.am\/?p=10529"},"modified":"2025-06-27T15:48:45","modified_gmt":"2025-06-27T14:48:45","slug":"chlapec-u-hrobu-tvrdil-ze-jeho-matka-neni-mrtva-pravda-vysla-najevo-az-po-zasahu-policie","status":"publish","type":"post","link":"https:\/\/erevanblog.am\/?p=10529","title":{"rendered":"Chlapec u hrobu tvrdil, \u017ee jeho matka nen\u00ed mrtv\u00e1. Pravda vy\u0161la najevo a\u017e po z\u00e1sahu policie."},"content":{"rendered":"\n<p>Na m\u011bstsk\u00e9m h\u0159bitov\u011b panovalo ticho. Jemn\u00fd v\u00e1nek pohupoval stuhami na kv\u011btinov\u00fdch v\u011bnc\u00edch a slune\u010dn\u00ed paprsky pomalu bledly na ve\u010dern\u00ed obloze. V\u0161echno nasv\u011bd\u010dovalo klidn\u00e9mu konci dne, dokud se ozval nal\u00e9hav\u00fd v\u00fdk\u0159ik.<\/p>\n\n\n\n<figure class=\"wp-block-image size-full\"><img loading=\"lazy\" decoding=\"async\" width=\"1024\" height=\"961\" src=\"https:\/\/erevanblog.am\/wp-content\/uploads\/2025\/06\/78965412222.jpeg\" alt=\"\" class=\"wp-image-10530\" srcset=\"https:\/\/erevanblog.am\/wp-content\/uploads\/2025\/06\/78965412222.jpeg 1024w, https:\/\/erevanblog.am\/wp-content\/uploads\/2025\/06\/78965412222-300x282.jpeg 300w, https:\/\/erevanblog.am\/wp-content\/uploads\/2025\/06\/78965412222-768x721.jpeg 768w\" sizes=\"auto, (max-width: 1024px) 100vw, 1024px\" \/><\/figure>\n\n\n\n<p>Chlapec, kter\u00fd mohl m\u00edt sotva deset let, kle\u010del u \u010derstv\u011b zasypan\u00e9ho hrobu. Z jeho \u00fast vych\u00e1zela slova pln\u00e1 bolesti a zoufalstv\u00ed:<\/p>\n\n\n\n<p>\u2014 Moje maminka nen\u00ed mrtv\u00e1! Pros\u00edm, v\u011b\u0159te mi! Poh\u0159bili jste ji za\u017eiva!<\/p>\n\n\n\n<p>Kolemjdouc\u00ed zpozorn\u011bli. N\u011bkte\u0159\u00ed jen pokr\u010dili rameny a \u0161li d\u00e1l, jin\u00ed se sna\u017eili d\u00edt\u011b ut\u011b\u0161it. V\u011bt\u0161ina si myslela, \u017ee trp\u00ed smutkem a z\u00e1rmutkem po ztr\u00e1t\u011b. Poh\u0159eb se konal teprve p\u0159ed dv\u011bma dny.<\/p>\n\n\n\n<p>\u2014 \u0158ekla mi to ve snu! Prosila m\u011b o pomoc. Pr\u00fd d\u00fdch\u00e1, ale nem\u016f\u017ee mluvit. Nikdo ji nesly\u0161\u00ed!<\/p>\n\n\n\n<p>Jedna \u017eena se zachv\u011bla a zakryla si \u00fasta rukou. Mu\u017e v saku telefonoval spr\u00e1v\u011b h\u0159bitova. Lid\u00e9 si vym\u011b\u0148ovali znepokojen\u00e9 pohledy, ale v\u011bt\u0161ina m\u011bla za to, \u017ee to je jen d\u011btsk\u00e1 fantazie.<\/p>\n\n\n\n<p>Pak ale p\u0159ijela policie. Po rozhovoru s chlapcem se jeden z policist\u016f rozhodl nebrat to na lehkou v\u00e1hu. Trval na tom, \u017ee se mus\u00ed ujistit \u2014 t\u0159eba jen pro dobr\u00fd pocit.<\/p>\n\n\n\n<p>Kdy\u017e rakev otev\u0159eli, jejich pohled\u016fm se naskytl \u0161okuj\u00edc\u00ed obraz, kter\u00fd p\u0159evr\u00e1til v\u0161e, co si do t\u00e9 chv\u00edle mysleli.<\/p>\n","protected":false},"excerpt":{"rendered":"<div class=\"mh-excerpt\"><p>Na m\u011bstsk\u00e9m h\u0159bitov\u011b panovalo ticho. Jemn\u00fd v\u00e1nek pohupoval stuhami na kv\u011btinov\u00fdch v\u011bnc\u00edch a slune\u010dn\u00ed paprsky pomalu bledly na ve\u010dern\u00ed obloze. V\u0161echno nasv\u011bd\u010dovalo klidn\u00e9mu konci dne, <a class=\"mh-excerpt-more\" href=\"https:\/\/erevanblog.am\/?p=10529\" title=\"Chlapec u hrobu tvrdil, \u017ee jeho matka nen\u00ed mrtv\u00e1. Pravda vy\u0161la najevo a\u017e po z\u00e1sahu policie.\">[&#8230;]<\/a><\/p>\n<\/div>","protected":false},"author":1,"featured_media":10530,"comment_status":"open","ping_status":"open","sticky":false,"template":"","format":"standard","meta":{"footnotes":""},"categories":[1],"tags":[],"class_list":["post-10529","post","type-post","status-publish","format-standard","has-post-thumbnail","hentry","category-uncategorised"],"yoast_head":"<!-- This site is optimized with the Yoast SEO plugin v27.5 - https:\/\/yoast.com\/product\/yoast-seo-wordpress\/ -->\n<title>Chlapec u hrobu tvrdil, \u017ee jeho matka nen\u00ed mrtv\u00e1. Pravda vy\u0161la najevo a\u017e po z\u00e1sahu policie. -<\/title>\n<meta name=\"robots\" content=\"index, follow, max-snippet:-1, max-image-preview:large, max-video-preview:-1\" \/>\n<link rel=\"canonical\" href=\"https:\/\/erevanblog.am\/?p=10529\" \/>\n<meta property=\"og:locale\" content=\"en_US\" \/>\n<meta property=\"og:type\" content=\"article\" \/>\n<meta property=\"og:title\" content=\"Chlapec u hrobu tvrdil, \u017ee jeho matka nen\u00ed mrtv\u00e1. Pravda vy\u0161la najevo a\u017e po z\u00e1sahu policie. -\" \/>\n<meta property=\"og:description\" content=\"Na m\u011bstsk\u00e9m h\u0159bitov\u011b panovalo ticho. Jemn\u00fd v\u00e1nek pohupoval stuhami na kv\u011btinov\u00fdch v\u011bnc\u00edch a slune\u010dn\u00ed paprsky pomalu bledly na ve\u010dern\u00ed obloze. V\u0161echno nasv\u011bd\u010dovalo klidn\u00e9mu konci dne, [...]\" \/>\n<meta property=\"og:url\" content=\"https:\/\/erevanblog.am\/?p=10529\" \/>\n<meta property=\"article:published_time\" content=\"2025-06-27T14:48:45+00:00\" \/>\n<meta property=\"og:image\" content=\"http:\/\/erevanblog.am\/wp-content\/uploads\/2025\/06\/78965412222.jpeg\" \/>\n\t<meta property=\"og:image:width\" content=\"1024\" \/>\n\t<meta property=\"og:image:height\" content=\"961\" \/>\n\t<meta property=\"og:image:type\" content=\"image\/jpeg\" \/>\n<meta name=\"author\" content=\"erevanblog_a\" \/>\n<meta name=\"twitter:card\" content=\"summary_large_image\" \/>\n<meta name=\"twitter:label1\" content=\"Written by\" \/>\n\t<meta name=\"twitter:data1\" content=\"erevanblog_a\" \/>\n\t<meta name=\"twitter:label2\" content=\"Est. reading time\" \/>\n\t<meta name=\"twitter:data2\" content=\"2 minutes\" \/>\n<script type=\"application\/ld+json\" class=\"yoast-schema-graph\">{\"@context\":\"https:\\\/\\\/schema.org\",\"@graph\":[{\"@type\":\"Article\",\"@id\":\"https:\\\/\\\/erevanblog.am\\\/?p=10529#article\",\"isPartOf\":{\"@id\":\"https:\\\/\\\/erevanblog.am\\\/?p=10529\"},\"author\":{\"name\":\"erevanblog_a\",\"@id\":\"https:\\\/\\\/erevanblog.am\\\/#\\\/schema\\\/person\\\/204f10311eb7ddb8914a5ab3e5f03928\"},\"headline\":\"Chlapec u hrobu tvrdil, \u017ee jeho matka nen\u00ed mrtv\u00e1. Pravda vy\u0161la najevo a\u017e po z\u00e1sahu policie.\",\"datePublished\":\"2025-06-27T14:48:45+00:00\",\"mainEntityOfPage\":{\"@id\":\"https:\\\/\\\/erevanblog.am\\\/?p=10529\"},\"wordCount\":266,\"commentCount\":0,\"image\":{\"@id\":\"https:\\\/\\\/erevanblog.am\\\/?p=10529#primaryimage\"},\"thumbnailUrl\":\"https:\\\/\\\/erevanblog.am\\\/wp-content\\\/uploads\\\/2025\\\/06\\\/78965412222.jpeg\",\"articleSection\":[\"NEWS\"],\"inLanguage\":\"en-US\",\"potentialAction\":[{\"@type\":\"CommentAction\",\"name\":\"Comment\",\"target\":[\"https:\\\/\\\/erevanblog.am\\\/?p=10529#respond\"]}]},{\"@type\":\"WebPage\",\"@id\":\"https:\\\/\\\/erevanblog.am\\\/?p=10529\",\"url\":\"https:\\\/\\\/erevanblog.am\\\/?p=10529\",\"name\":\"Chlapec u hrobu tvrdil, \u017ee jeho matka nen\u00ed mrtv\u00e1. Pravda vy\u0161la najevo a\u017e po z\u00e1sahu policie. -\",\"isPartOf\":{\"@id\":\"https:\\\/\\\/erevanblog.am\\\/#website\"},\"primaryImageOfPage\":{\"@id\":\"https:\\\/\\\/erevanblog.am\\\/?p=10529#primaryimage\"},\"image\":{\"@id\":\"https:\\\/\\\/erevanblog.am\\\/?p=10529#primaryimage\"},\"thumbnailUrl\":\"https:\\\/\\\/erevanblog.am\\\/wp-content\\\/uploads\\\/2025\\\/06\\\/78965412222.jpeg\",\"datePublished\":\"2025-06-27T14:48:45+00:00\",\"author\":{\"@id\":\"https:\\\/\\\/erevanblog.am\\\/#\\\/schema\\\/person\\\/204f10311eb7ddb8914a5ab3e5f03928\"},\"breadcrumb\":{\"@id\":\"https:\\\/\\\/erevanblog.am\\\/?p=10529#breadcrumb\"},\"inLanguage\":\"en-US\",\"potentialAction\":[{\"@type\":\"ReadAction\",\"target\":[\"https:\\\/\\\/erevanblog.am\\\/?p=10529\"]}]},{\"@type\":\"ImageObject\",\"inLanguage\":\"en-US\",\"@id\":\"https:\\\/\\\/erevanblog.am\\\/?p=10529#primaryimage\",\"url\":\"https:\\\/\\\/erevanblog.am\\\/wp-content\\\/uploads\\\/2025\\\/06\\\/78965412222.jpeg\",\"contentUrl\":\"https:\\\/\\\/erevanblog.am\\\/wp-content\\\/uploads\\\/2025\\\/06\\\/78965412222.jpeg\",\"width\":1024,\"height\":961},{\"@type\":\"BreadcrumbList\",\"@id\":\"https:\\\/\\\/erevanblog.am\\\/?p=10529#breadcrumb\",\"itemListElement\":[{\"@type\":\"ListItem\",\"position\":1,\"name\":\"Home\",\"item\":\"https:\\\/\\\/erevanblog.am\\\/\"},{\"@type\":\"ListItem\",\"position\":2,\"name\":\"Chlapec u hrobu tvrdil, \u017ee jeho matka nen\u00ed mrtv\u00e1. Pravda vy\u0161la najevo a\u017e po z\u00e1sahu policie.\"}]},{\"@type\":\"WebSite\",\"@id\":\"https:\\\/\\\/erevanblog.am\\\/#website\",\"url\":\"https:\\\/\\\/erevanblog.am\\\/\",\"name\":\"\",\"description\":\"\",\"potentialAction\":[{\"@type\":\"SearchAction\",\"target\":{\"@type\":\"EntryPoint\",\"urlTemplate\":\"https:\\\/\\\/erevanblog.am\\\/?s={search_term_string}\"},\"query-input\":{\"@type\":\"PropertyValueSpecification\",\"valueRequired\":true,\"valueName\":\"search_term_string\"}}],\"inLanguage\":\"en-US\"},{\"@type\":\"Person\",\"@id\":\"https:\\\/\\\/erevanblog.am\\\/#\\\/schema\\\/person\\\/204f10311eb7ddb8914a5ab3e5f03928\",\"name\":\"erevanblog_a\",\"image\":{\"@type\":\"ImageObject\",\"inLanguage\":\"en-US\",\"@id\":\"https:\\\/\\\/secure.gravatar.com\\\/avatar\\\/a24f4ac3a683f3c87303db525abc00db51ea26ccedee11dfaf1cc0f9a481a5d2?s=96&d=mm&r=g\",\"url\":\"https:\\\/\\\/secure.gravatar.com\\\/avatar\\\/a24f4ac3a683f3c87303db525abc00db51ea26ccedee11dfaf1cc0f9a481a5d2?s=96&d=mm&r=g\",\"contentUrl\":\"https:\\\/\\\/secure.gravatar.com\\\/avatar\\\/a24f4ac3a683f3c87303db525abc00db51ea26ccedee11dfaf1cc0f9a481a5d2?s=96&d=mm&r=g\",\"caption\":\"erevanblog_a\"},\"sameAs\":[\"http:\\\/\\\/erevanblog.am\"],\"url\":\"https:\\\/\\\/erevanblog.am\\\/?author=1\"}]}<\/script>\n<!-- \/ Yoast SEO plugin. -->","yoast_head_json":{"title":"Chlapec u hrobu tvrdil, \u017ee jeho matka nen\u00ed mrtv\u00e1. Pravda vy\u0161la najevo a\u017e po z\u00e1sahu policie. -","robots":{"index":"index","follow":"follow","max-snippet":"max-snippet:-1","max-image-preview":"max-image-preview:large","max-video-preview":"max-video-preview:-1"},"canonical":"https:\/\/erevanblog.am\/?p=10529","og_locale":"en_US","og_type":"article","og_title":"Chlapec u hrobu tvrdil, \u017ee jeho matka nen\u00ed mrtv\u00e1. Pravda vy\u0161la najevo a\u017e po z\u00e1sahu policie. -","og_description":"Na m\u011bstsk\u00e9m h\u0159bitov\u011b panovalo ticho. Jemn\u00fd v\u00e1nek pohupoval stuhami na kv\u011btinov\u00fdch v\u011bnc\u00edch a slune\u010dn\u00ed paprsky pomalu bledly na ve\u010dern\u00ed obloze. V\u0161echno nasv\u011bd\u010dovalo klidn\u00e9mu konci dne, [...]","og_url":"https:\/\/erevanblog.am\/?p=10529","article_published_time":"2025-06-27T14:48:45+00:00","og_image":[{"width":1024,"height":961,"url":"http:\/\/erevanblog.am\/wp-content\/uploads\/2025\/06\/78965412222.jpeg","type":"image\/jpeg"}],"author":"erevanblog_a","twitter_card":"summary_large_image","twitter_misc":{"Written by":"erevanblog_a","Est. reading time":"2 minutes"},"schema":{"@context":"https:\/\/schema.org","@graph":[{"@type":"Article","@id":"https:\/\/erevanblog.am\/?p=10529#article","isPartOf":{"@id":"https:\/\/erevanblog.am\/?p=10529"},"author":{"name":"erevanblog_a","@id":"https:\/\/erevanblog.am\/#\/schema\/person\/204f10311eb7ddb8914a5ab3e5f03928"},"headline":"Chlapec u hrobu tvrdil, \u017ee jeho matka nen\u00ed mrtv\u00e1. Pravda vy\u0161la najevo a\u017e po z\u00e1sahu policie.","datePublished":"2025-06-27T14:48:45+00:00","mainEntityOfPage":{"@id":"https:\/\/erevanblog.am\/?p=10529"},"wordCount":266,"commentCount":0,"image":{"@id":"https:\/\/erevanblog.am\/?p=10529#primaryimage"},"thumbnailUrl":"https:\/\/erevanblog.am\/wp-content\/uploads\/2025\/06\/78965412222.jpeg","articleSection":["NEWS"],"inLanguage":"en-US","potentialAction":[{"@type":"CommentAction","name":"Comment","target":["https:\/\/erevanblog.am\/?p=10529#respond"]}]},{"@type":"WebPage","@id":"https:\/\/erevanblog.am\/?p=10529","url":"https:\/\/erevanblog.am\/?p=10529","name":"Chlapec u hrobu tvrdil, \u017ee jeho matka nen\u00ed mrtv\u00e1. Pravda vy\u0161la najevo a\u017e po z\u00e1sahu policie. -","isPartOf":{"@id":"https:\/\/erevanblog.am\/#website"},"primaryImageOfPage":{"@id":"https:\/\/erevanblog.am\/?p=10529#primaryimage"},"image":{"@id":"https:\/\/erevanblog.am\/?p=10529#primaryimage"},"thumbnailUrl":"https:\/\/erevanblog.am\/wp-content\/uploads\/2025\/06\/78965412222.jpeg","datePublished":"2025-06-27T14:48:45+00:00","author":{"@id":"https:\/\/erevanblog.am\/#\/schema\/person\/204f10311eb7ddb8914a5ab3e5f03928"},"breadcrumb":{"@id":"https:\/\/erevanblog.am\/?p=10529#breadcrumb"},"inLanguage":"en-US","potentialAction":[{"@type":"ReadAction","target":["https:\/\/erevanblog.am\/?p=10529"]}]},{"@type":"ImageObject","inLanguage":"en-US","@id":"https:\/\/erevanblog.am\/?p=10529#primaryimage","url":"https:\/\/erevanblog.am\/wp-content\/uploads\/2025\/06\/78965412222.jpeg","contentUrl":"https:\/\/erevanblog.am\/wp-content\/uploads\/2025\/06\/78965412222.jpeg","width":1024,"height":961},{"@type":"BreadcrumbList","@id":"https:\/\/erevanblog.am\/?p=10529#breadcrumb","itemListElement":[{"@type":"ListItem","position":1,"name":"Home","item":"https:\/\/erevanblog.am\/"},{"@type":"ListItem","position":2,"name":"Chlapec u hrobu tvrdil, \u017ee jeho matka nen\u00ed mrtv\u00e1. Pravda vy\u0161la najevo a\u017e po z\u00e1sahu policie."}]},{"@type":"WebSite","@id":"https:\/\/erevanblog.am\/#website","url":"https:\/\/erevanblog.am\/","name":"","description":"","potentialAction":[{"@type":"SearchAction","target":{"@type":"EntryPoint","urlTemplate":"https:\/\/erevanblog.am\/?s={search_term_string}"},"query-input":{"@type":"PropertyValueSpecification","valueRequired":true,"valueName":"search_term_string"}}],"inLanguage":"en-US"},{"@type":"Person","@id":"https:\/\/erevanblog.am\/#\/schema\/person\/204f10311eb7ddb8914a5ab3e5f03928","name":"erevanblog_a","image":{"@type":"ImageObject","inLanguage":"en-US","@id":"https:\/\/secure.gravatar.com\/avatar\/a24f4ac3a683f3c87303db525abc00db51ea26ccedee11dfaf1cc0f9a481a5d2?s=96&d=mm&r=g","url":"https:\/\/secure.gravatar.com\/avatar\/a24f4ac3a683f3c87303db525abc00db51ea26ccedee11dfaf1cc0f9a481a5d2?s=96&d=mm&r=g","contentUrl":"https:\/\/secure.gravatar.com\/avatar\/a24f4ac3a683f3c87303db525abc00db51ea26ccedee11dfaf1cc0f9a481a5d2?s=96&d=mm&r=g","caption":"erevanblog_a"},"sameAs":["http:\/\/erevanblog.am"],"url":"https:\/\/erevanblog.am\/?author=1"}]}},"views":326,"_links":{"self":[{"href":"https:\/\/erevanblog.am\/index.php?rest_route=\/wp\/v2\/posts\/10529","targetHints":{"allow":["GET"]}}],"collection":[{"href":"https:\/\/erevanblog.am\/index.php?rest_route=\/wp\/v2\/posts"}],"about":[{"href":"https:\/\/erevanblog.am\/index.php?rest_route=\/wp\/v2\/types\/post"}],"author":[{"embeddable":true,"href":"https:\/\/erevanblog.am\/index.php?rest_route=\/wp\/v2\/users\/1"}],"replies":[{"embeddable":true,"href":"https:\/\/erevanblog.am\/index.php?rest_route=%2Fwp%2Fv2%2Fcomments&post=10529"}],"version-history":[{"count":1,"href":"https:\/\/erevanblog.am\/index.php?rest_route=\/wp\/v2\/posts\/10529\/revisions"}],"predecessor-version":[{"id":10531,"href":"https:\/\/erevanblog.am\/index.php?rest_route=\/wp\/v2\/posts\/10529\/revisions\/10531"}],"wp:featuredmedia":[{"embeddable":true,"href":"https:\/\/erevanblog.am\/index.php?rest_route=\/wp\/v2\/media\/10530"}],"wp:attachment":[{"href":"https:\/\/erevanblog.am\/index.php?rest_route=%2Fwp%2Fv2%2Fmedia&parent=10529"}],"wp:term":[{"taxonomy":"category","embeddable":true,"href":"https:\/\/erevanblog.am\/index.php?rest_route=%2Fwp%2Fv2%2Fcategories&post=10529"},{"taxonomy":"post_tag","embeddable":true,"href":"https:\/\/erevanblog.am\/index.php?rest_route=%2Fwp%2Fv2%2Ftags&post=10529"}],"curies":[{"name":"wp","href":"https:\/\/api.w.org\/{rel}","templated":true}]}}