{"id":10542,"date":"2025-06-28T07:05:54","date_gmt":"2025-06-28T06:05:54","guid":{"rendered":"https:\/\/erevanblog.am\/?p=10542"},"modified":"2025-06-28T07:05:54","modified_gmt":"2025-06-28T06:05:54","slug":"ponizujici-rozchod-na-verejnosti-manzel-nechal-invalidni-zenu-kvuli-tehotne-milence-pred-zraky-celeho-brna","status":"publish","type":"post","link":"https:\/\/erevanblog.am\/?p=10542","title":{"rendered":"Poni\u017euj\u00edc\u00ed rozchod na ve\u0159ejnosti: Man\u017eel nechal invalidn\u00ed \u017eenu kv\u016fli t\u011bhotn\u00e9 milence p\u0159ed zraky cel\u00e9ho Brna"},"content":{"rendered":"\n<p>Na brn\u011bnsk\u00e9m n\u00e1m\u011bst\u00ed vl\u00e1dl klidn\u00fd sobotn\u00ed den. Lid\u00e9 si u\u017e\u00edvali slunce, pop\u00edjeli k\u00e1vu a pov\u00eddali si. Netu\u0161ili ale, \u017ee se stanou sv\u011bdky \u0161okuj\u00edc\u00edho lidsk\u00e9ho dramatu, kter\u00e9 se b\u011bhem p\u00e1r minut roz\u0161\u00ed\u0159ilo po cel\u00e9 republice. P\u0159\u00edb\u011bh zrady, bolesti a ve\u0159ejn\u00e9ho pon\u00ed\u017een\u00ed.<\/p>\n\n\n\n<figure class=\"wp-block-image size-full\"><img loading=\"lazy\" decoding=\"async\" width=\"1010\" height=\"1024\" src=\"https:\/\/erevanblog.am\/wp-content\/uploads\/2025\/06\/4412369.png\" alt=\"\" class=\"wp-image-10543\" srcset=\"https:\/\/erevanblog.am\/wp-content\/uploads\/2025\/06\/4412369.png 1010w, https:\/\/erevanblog.am\/wp-content\/uploads\/2025\/06\/4412369-296x300.png 296w, https:\/\/erevanblog.am\/wp-content\/uploads\/2025\/06\/4412369-768x779.png 768w\" sizes=\"auto, (max-width: 1010px) 100vw, 1010px\" \/><\/figure>\n\n\n\n<h4 class=\"wp-block-heading\">Dlouholet\u00e9 man\u017eelstv\u00ed naru\u0161eno bolestnou pravdou<\/h4>\n\n\n\n<p>Jana (45), kter\u00e1 je upoutan\u00e1 na invalidn\u00ed voz\u00edk po t\u011b\u017ek\u00e9 autonehod\u011b, \u017eila s Michalem (50) t\u00e9m\u011b\u0159 deset let. P\u0159esto\u017ee jej\u00ed zdravotn\u00ed stav jejich \u017eivot zm\u011bnil, Jana z\u016fstala aktivn\u00ed a inspirac\u00ed pro mnoh\u00e9. Michal byl zpo\u010d\u00e1tku oporou \u2013 ale \u010dasem se v\u0161e zm\u011bnilo.<\/p>\n\n\n\n<h4 class=\"wp-block-heading\">Ne\u010dekan\u00e9 setk\u00e1n\u00ed se zm\u011bnilo v \u0161ok<\/h4>\n\n\n\n<p>V sobotu 11. kv\u011btna pozval Michal Janu na ob\u011bd. Tvrdil, \u017ee chce mluvit o n\u011b\u010dem d\u016fle\u017eit\u00e9m. M\u00edsto klidn\u00e9ho rozhovoru ji ale \u010dekalo brut\u00e1ln\u00ed odhalen\u00ed \u2013 a ciz\u00ed \u017eena.<\/p>\n\n\n\n<p>\u201ePomohl mi z auta, odvedl m\u011b k zahr\u00e1dce kav\u00e1rny a tam u\u017e \u010dekala t\u011bhotn\u00e1 blond\u00fdnka. A on jen \u0159ekl: \u201aTohle je Eva. \u010cek\u00e1me spolu d\u00edt\u011b.\u2018\u201c popisuje Jana.<\/p>\n\n\n\n<p>Okol\u00ed ztichlo. Jana on\u011bm\u011bla. V\u0161echno p\u016fsobilo jako sc\u00e9na z filmu \u2013 bohu\u017eel skute\u010dn\u00e9ho.<\/p>\n\n\n\n<h4 class=\"wp-block-heading\">Vir\u00e1ln\u00ed video spustilo lavinu reakc\u00ed<\/h4>\n\n\n\n<p>Cel\u00fd incident zachytil kolemjdouc\u00ed na video, kter\u00e9 b\u011bhem jedin\u00e9ho dne oblet\u011blo internet. Koment\u00e1\u0159e ne\u0161et\u0159ily kritikou Michalova chov\u00e1n\u00ed: \u201eBezcitn\u00fd zbab\u011blec\u201c, \u201eNeuv\u011b\u0159iteln\u00e9 pon\u00ed\u017een\u00ed\u201c, \u201eTak se s \u010dlov\u011bkem nezach\u00e1z\u00ed\u201c.<\/p>\n\n\n\n<p>Michal reagoval slovy: \u201eNecht\u011bl jsem d\u00e1l lh\u00e1t. Eva je moje budoucnost. Jana pot\u0159ebuje soucit, a j\u00e1 u\u017e nem\u011bl s\u00edlu d\u00e1l to p\u0159edst\u00edrat.\u201c<\/p>\n\n\n\n<h4 class=\"wp-block-heading\">Janina odpov\u011b\u010f: Ticho vyst\u0159\u00eddala s\u00edla<\/h4>\n\n\n\n<p>N\u011bkolik dn\u00ed byla Jana v \u00fastran\u00ed, ale nakonec se rozhodla promluvit. Ve\u0159ejn\u011b vystoupila s t\u00edm, \u017ee nechce z\u016fstat ob\u011bt\u00ed.<\/p>\n\n\n\n<p>\u201eTen den mi vzal hodn\u011b \u2013 ale mo\u017en\u00e1 mi otev\u0159el nov\u00e9 dve\u0159e,\u201c \u0159ekla. Za\u010dala pracovat na knize o sv\u00e9m \u017eivot\u011b, zapojila se do projekt\u016f na podporu zdravotn\u011b posti\u017een\u00fdch a pl\u00e1nuje vzd\u011bl\u00e1vac\u00ed p\u0159edn\u00e1\u0161ky.<\/p>\n\n\n\n<h4 class=\"wp-block-heading\">A Michal?<\/h4>\n\n\n\n<p>Michal s Evou se \u00fadajn\u011b odst\u011bhovali do Olomouce. Osud jejich vztahu je nejasn\u00fd \u2013 mluv\u00ed se o rozchodu i o dal\u0161\u00edm d\u00edt\u011bti.<\/p>\n\n\n\n<p>Jana to komentovala stru\u010dn\u011b:<br><strong>\u201eN\u011bkte\u0159\u00ed lid\u00e9 p\u0159ijdou jako po\u017eehn\u00e1n\u00ed, jin\u00ed jako lekce. Michal byl lekce \u2013 tvrd\u00e1, ale pot\u0159ebn\u00e1.\u201c<\/strong><\/p>\n","protected":false},"excerpt":{"rendered":"<div class=\"mh-excerpt\"><p>Na brn\u011bnsk\u00e9m n\u00e1m\u011bst\u00ed vl\u00e1dl klidn\u00fd sobotn\u00ed den. Lid\u00e9 si u\u017e\u00edvali slunce, pop\u00edjeli k\u00e1vu a pov\u00eddali si. Netu\u0161ili ale, \u017ee se stanou sv\u011bdky \u0161okuj\u00edc\u00edho lidsk\u00e9ho dramatu, <a class=\"mh-excerpt-more\" href=\"https:\/\/erevanblog.am\/?p=10542\" title=\"Poni\u017euj\u00edc\u00ed rozchod na ve\u0159ejnosti: Man\u017eel nechal invalidn\u00ed \u017eenu kv\u016fli t\u011bhotn\u00e9 milence p\u0159ed zraky cel\u00e9ho Brna\">[&#8230;]<\/a><\/p>\n<\/div>","protected":false},"author":1,"featured_media":10543,"comment_status":"open","ping_status":"open","sticky":false,"template":"","format":"standard","meta":{"footnotes":""},"categories":[1],"tags":[],"class_list":["post-10542","post","type-post","status-publish","format-standard","has-post-thumbnail","hentry","category-uncategorised"],"yoast_head":"<!-- This site is optimized with the Yoast SEO plugin v27.5 - https:\/\/yoast.com\/product\/yoast-seo-wordpress\/ -->\n<title>Poni\u017euj\u00edc\u00ed rozchod na ve\u0159ejnosti: Man\u017eel nechal invalidn\u00ed \u017eenu kv\u016fli t\u011bhotn\u00e9 milence p\u0159ed zraky cel\u00e9ho Brna -<\/title>\n<meta name=\"robots\" content=\"index, follow, max-snippet:-1, max-image-preview:large, max-video-preview:-1\" \/>\n<link rel=\"canonical\" href=\"https:\/\/erevanblog.am\/?p=10542\" \/>\n<meta property=\"og:locale\" content=\"en_US\" \/>\n<meta property=\"og:type\" content=\"article\" \/>\n<meta property=\"og:title\" content=\"Poni\u017euj\u00edc\u00ed rozchod na ve\u0159ejnosti: Man\u017eel nechal invalidn\u00ed \u017eenu kv\u016fli t\u011bhotn\u00e9 milence p\u0159ed zraky cel\u00e9ho Brna -\" \/>\n<meta property=\"og:description\" content=\"Na brn\u011bnsk\u00e9m n\u00e1m\u011bst\u00ed vl\u00e1dl klidn\u00fd sobotn\u00ed den. Lid\u00e9 si u\u017e\u00edvali slunce, pop\u00edjeli k\u00e1vu a pov\u00eddali si. Netu\u0161ili ale, \u017ee se stanou sv\u011bdky \u0161okuj\u00edc\u00edho lidsk\u00e9ho dramatu, [...]\" \/>\n<meta property=\"og:url\" content=\"https:\/\/erevanblog.am\/?p=10542\" \/>\n<meta property=\"article:published_time\" content=\"2025-06-28T06:05:54+00:00\" \/>\n<meta property=\"og:image\" content=\"http:\/\/erevanblog.am\/wp-content\/uploads\/2025\/06\/4412369.png\" \/>\n\t<meta property=\"og:image:width\" content=\"1010\" \/>\n\t<meta property=\"og:image:height\" content=\"1024\" \/>\n\t<meta property=\"og:image:type\" content=\"image\/png\" \/>\n<meta name=\"author\" content=\"erevanblog_a\" \/>\n<meta name=\"twitter:card\" content=\"summary_large_image\" \/>\n<meta name=\"twitter:label1\" content=\"Written by\" \/>\n\t<meta name=\"twitter:data1\" content=\"erevanblog_a\" \/>\n\t<meta name=\"twitter:label2\" content=\"Est. reading time\" \/>\n\t<meta name=\"twitter:data2\" content=\"2 minutes\" \/>\n<script type=\"application\/ld+json\" class=\"yoast-schema-graph\">{\"@context\":\"https:\\\/\\\/schema.org\",\"@graph\":[{\"@type\":\"Article\",\"@id\":\"https:\\\/\\\/erevanblog.am\\\/?p=10542#article\",\"isPartOf\":{\"@id\":\"https:\\\/\\\/erevanblog.am\\\/?p=10542\"},\"author\":{\"name\":\"erevanblog_a\",\"@id\":\"https:\\\/\\\/erevanblog.am\\\/#\\\/schema\\\/person\\\/204f10311eb7ddb8914a5ab3e5f03928\"},\"headline\":\"Poni\u017euj\u00edc\u00ed rozchod na ve\u0159ejnosti: Man\u017eel nechal invalidn\u00ed \u017eenu kv\u016fli t\u011bhotn\u00e9 milence p\u0159ed zraky cel\u00e9ho Brna\",\"datePublished\":\"2025-06-28T06:05:54+00:00\",\"mainEntityOfPage\":{\"@id\":\"https:\\\/\\\/erevanblog.am\\\/?p=10542\"},\"wordCount\":438,\"commentCount\":0,\"image\":{\"@id\":\"https:\\\/\\\/erevanblog.am\\\/?p=10542#primaryimage\"},\"thumbnailUrl\":\"https:\\\/\\\/erevanblog.am\\\/wp-content\\\/uploads\\\/2025\\\/06\\\/4412369.png\",\"articleSection\":[\"NEWS\"],\"inLanguage\":\"en-US\",\"potentialAction\":[{\"@type\":\"CommentAction\",\"name\":\"Comment\",\"target\":[\"https:\\\/\\\/erevanblog.am\\\/?p=10542#respond\"]}]},{\"@type\":\"WebPage\",\"@id\":\"https:\\\/\\\/erevanblog.am\\\/?p=10542\",\"url\":\"https:\\\/\\\/erevanblog.am\\\/?p=10542\",\"name\":\"Poni\u017euj\u00edc\u00ed rozchod na ve\u0159ejnosti: Man\u017eel nechal invalidn\u00ed \u017eenu kv\u016fli t\u011bhotn\u00e9 milence p\u0159ed zraky cel\u00e9ho Brna -\",\"isPartOf\":{\"@id\":\"https:\\\/\\\/erevanblog.am\\\/#website\"},\"primaryImageOfPage\":{\"@id\":\"https:\\\/\\\/erevanblog.am\\\/?p=10542#primaryimage\"},\"image\":{\"@id\":\"https:\\\/\\\/erevanblog.am\\\/?p=10542#primaryimage\"},\"thumbnailUrl\":\"https:\\\/\\\/erevanblog.am\\\/wp-content\\\/uploads\\\/2025\\\/06\\\/4412369.png\",\"datePublished\":\"2025-06-28T06:05:54+00:00\",\"author\":{\"@id\":\"https:\\\/\\\/erevanblog.am\\\/#\\\/schema\\\/person\\\/204f10311eb7ddb8914a5ab3e5f03928\"},\"breadcrumb\":{\"@id\":\"https:\\\/\\\/erevanblog.am\\\/?p=10542#breadcrumb\"},\"inLanguage\":\"en-US\",\"potentialAction\":[{\"@type\":\"ReadAction\",\"target\":[\"https:\\\/\\\/erevanblog.am\\\/?p=10542\"]}]},{\"@type\":\"ImageObject\",\"inLanguage\":\"en-US\",\"@id\":\"https:\\\/\\\/erevanblog.am\\\/?p=10542#primaryimage\",\"url\":\"https:\\\/\\\/erevanblog.am\\\/wp-content\\\/uploads\\\/2025\\\/06\\\/4412369.png\",\"contentUrl\":\"https:\\\/\\\/erevanblog.am\\\/wp-content\\\/uploads\\\/2025\\\/06\\\/4412369.png\",\"width\":1010,\"height\":1024},{\"@type\":\"BreadcrumbList\",\"@id\":\"https:\\\/\\\/erevanblog.am\\\/?p=10542#breadcrumb\",\"itemListElement\":[{\"@type\":\"ListItem\",\"position\":1,\"name\":\"Home\",\"item\":\"https:\\\/\\\/erevanblog.am\\\/\"},{\"@type\":\"ListItem\",\"position\":2,\"name\":\"Poni\u017euj\u00edc\u00ed rozchod na ve\u0159ejnosti: Man\u017eel nechal invalidn\u00ed \u017eenu kv\u016fli t\u011bhotn\u00e9 milence p\u0159ed zraky cel\u00e9ho Brna\"}]},{\"@type\":\"WebSite\",\"@id\":\"https:\\\/\\\/erevanblog.am\\\/#website\",\"url\":\"https:\\\/\\\/erevanblog.am\\\/\",\"name\":\"\",\"description\":\"\",\"potentialAction\":[{\"@type\":\"SearchAction\",\"target\":{\"@type\":\"EntryPoint\",\"urlTemplate\":\"https:\\\/\\\/erevanblog.am\\\/?s={search_term_string}\"},\"query-input\":{\"@type\":\"PropertyValueSpecification\",\"valueRequired\":true,\"valueName\":\"search_term_string\"}}],\"inLanguage\":\"en-US\"},{\"@type\":\"Person\",\"@id\":\"https:\\\/\\\/erevanblog.am\\\/#\\\/schema\\\/person\\\/204f10311eb7ddb8914a5ab3e5f03928\",\"name\":\"erevanblog_a\",\"image\":{\"@type\":\"ImageObject\",\"inLanguage\":\"en-US\",\"@id\":\"https:\\\/\\\/secure.gravatar.com\\\/avatar\\\/a24f4ac3a683f3c87303db525abc00db51ea26ccedee11dfaf1cc0f9a481a5d2?s=96&d=mm&r=g\",\"url\":\"https:\\\/\\\/secure.gravatar.com\\\/avatar\\\/a24f4ac3a683f3c87303db525abc00db51ea26ccedee11dfaf1cc0f9a481a5d2?s=96&d=mm&r=g\",\"contentUrl\":\"https:\\\/\\\/secure.gravatar.com\\\/avatar\\\/a24f4ac3a683f3c87303db525abc00db51ea26ccedee11dfaf1cc0f9a481a5d2?s=96&d=mm&r=g\",\"caption\":\"erevanblog_a\"},\"sameAs\":[\"http:\\\/\\\/erevanblog.am\"],\"url\":\"https:\\\/\\\/erevanblog.am\\\/?author=1\"}]}<\/script>\n<!-- \/ Yoast SEO plugin. -->","yoast_head_json":{"title":"Poni\u017euj\u00edc\u00ed rozchod na ve\u0159ejnosti: Man\u017eel nechal invalidn\u00ed \u017eenu kv\u016fli t\u011bhotn\u00e9 milence p\u0159ed zraky cel\u00e9ho Brna -","robots":{"index":"index","follow":"follow","max-snippet":"max-snippet:-1","max-image-preview":"max-image-preview:large","max-video-preview":"max-video-preview:-1"},"canonical":"https:\/\/erevanblog.am\/?p=10542","og_locale":"en_US","og_type":"article","og_title":"Poni\u017euj\u00edc\u00ed rozchod na ve\u0159ejnosti: Man\u017eel nechal invalidn\u00ed \u017eenu kv\u016fli t\u011bhotn\u00e9 milence p\u0159ed zraky cel\u00e9ho Brna -","og_description":"Na brn\u011bnsk\u00e9m n\u00e1m\u011bst\u00ed vl\u00e1dl klidn\u00fd sobotn\u00ed den. Lid\u00e9 si u\u017e\u00edvali slunce, pop\u00edjeli k\u00e1vu a pov\u00eddali si. Netu\u0161ili ale, \u017ee se stanou sv\u011bdky \u0161okuj\u00edc\u00edho lidsk\u00e9ho dramatu, [...]","og_url":"https:\/\/erevanblog.am\/?p=10542","article_published_time":"2025-06-28T06:05:54+00:00","og_image":[{"width":1010,"height":1024,"url":"http:\/\/erevanblog.am\/wp-content\/uploads\/2025\/06\/4412369.png","type":"image\/png"}],"author":"erevanblog_a","twitter_card":"summary_large_image","twitter_misc":{"Written by":"erevanblog_a","Est. reading time":"2 minutes"},"schema":{"@context":"https:\/\/schema.org","@graph":[{"@type":"Article","@id":"https:\/\/erevanblog.am\/?p=10542#article","isPartOf":{"@id":"https:\/\/erevanblog.am\/?p=10542"},"author":{"name":"erevanblog_a","@id":"https:\/\/erevanblog.am\/#\/schema\/person\/204f10311eb7ddb8914a5ab3e5f03928"},"headline":"Poni\u017euj\u00edc\u00ed rozchod na ve\u0159ejnosti: Man\u017eel nechal invalidn\u00ed \u017eenu kv\u016fli t\u011bhotn\u00e9 milence p\u0159ed zraky cel\u00e9ho Brna","datePublished":"2025-06-28T06:05:54+00:00","mainEntityOfPage":{"@id":"https:\/\/erevanblog.am\/?p=10542"},"wordCount":438,"commentCount":0,"image":{"@id":"https:\/\/erevanblog.am\/?p=10542#primaryimage"},"thumbnailUrl":"https:\/\/erevanblog.am\/wp-content\/uploads\/2025\/06\/4412369.png","articleSection":["NEWS"],"inLanguage":"en-US","potentialAction":[{"@type":"CommentAction","name":"Comment","target":["https:\/\/erevanblog.am\/?p=10542#respond"]}]},{"@type":"WebPage","@id":"https:\/\/erevanblog.am\/?p=10542","url":"https:\/\/erevanblog.am\/?p=10542","name":"Poni\u017euj\u00edc\u00ed rozchod na ve\u0159ejnosti: Man\u017eel nechal invalidn\u00ed \u017eenu kv\u016fli t\u011bhotn\u00e9 milence p\u0159ed zraky cel\u00e9ho Brna -","isPartOf":{"@id":"https:\/\/erevanblog.am\/#website"},"primaryImageOfPage":{"@id":"https:\/\/erevanblog.am\/?p=10542#primaryimage"},"image":{"@id":"https:\/\/erevanblog.am\/?p=10542#primaryimage"},"thumbnailUrl":"https:\/\/erevanblog.am\/wp-content\/uploads\/2025\/06\/4412369.png","datePublished":"2025-06-28T06:05:54+00:00","author":{"@id":"https:\/\/erevanblog.am\/#\/schema\/person\/204f10311eb7ddb8914a5ab3e5f03928"},"breadcrumb":{"@id":"https:\/\/erevanblog.am\/?p=10542#breadcrumb"},"inLanguage":"en-US","potentialAction":[{"@type":"ReadAction","target":["https:\/\/erevanblog.am\/?p=10542"]}]},{"@type":"ImageObject","inLanguage":"en-US","@id":"https:\/\/erevanblog.am\/?p=10542#primaryimage","url":"https:\/\/erevanblog.am\/wp-content\/uploads\/2025\/06\/4412369.png","contentUrl":"https:\/\/erevanblog.am\/wp-content\/uploads\/2025\/06\/4412369.png","width":1010,"height":1024},{"@type":"BreadcrumbList","@id":"https:\/\/erevanblog.am\/?p=10542#breadcrumb","itemListElement":[{"@type":"ListItem","position":1,"name":"Home","item":"https:\/\/erevanblog.am\/"},{"@type":"ListItem","position":2,"name":"Poni\u017euj\u00edc\u00ed rozchod na ve\u0159ejnosti: Man\u017eel nechal invalidn\u00ed \u017eenu kv\u016fli t\u011bhotn\u00e9 milence p\u0159ed zraky cel\u00e9ho Brna"}]},{"@type":"WebSite","@id":"https:\/\/erevanblog.am\/#website","url":"https:\/\/erevanblog.am\/","name":"","description":"","potentialAction":[{"@type":"SearchAction","target":{"@type":"EntryPoint","urlTemplate":"https:\/\/erevanblog.am\/?s={search_term_string}"},"query-input":{"@type":"PropertyValueSpecification","valueRequired":true,"valueName":"search_term_string"}}],"inLanguage":"en-US"},{"@type":"Person","@id":"https:\/\/erevanblog.am\/#\/schema\/person\/204f10311eb7ddb8914a5ab3e5f03928","name":"erevanblog_a","image":{"@type":"ImageObject","inLanguage":"en-US","@id":"https:\/\/secure.gravatar.com\/avatar\/a24f4ac3a683f3c87303db525abc00db51ea26ccedee11dfaf1cc0f9a481a5d2?s=96&d=mm&r=g","url":"https:\/\/secure.gravatar.com\/avatar\/a24f4ac3a683f3c87303db525abc00db51ea26ccedee11dfaf1cc0f9a481a5d2?s=96&d=mm&r=g","contentUrl":"https:\/\/secure.gravatar.com\/avatar\/a24f4ac3a683f3c87303db525abc00db51ea26ccedee11dfaf1cc0f9a481a5d2?s=96&d=mm&r=g","caption":"erevanblog_a"},"sameAs":["http:\/\/erevanblog.am"],"url":"https:\/\/erevanblog.am\/?author=1"}]}},"views":369,"_links":{"self":[{"href":"https:\/\/erevanblog.am\/index.php?rest_route=\/wp\/v2\/posts\/10542","targetHints":{"allow":["GET"]}}],"collection":[{"href":"https:\/\/erevanblog.am\/index.php?rest_route=\/wp\/v2\/posts"}],"about":[{"href":"https:\/\/erevanblog.am\/index.php?rest_route=\/wp\/v2\/types\/post"}],"author":[{"embeddable":true,"href":"https:\/\/erevanblog.am\/index.php?rest_route=\/wp\/v2\/users\/1"}],"replies":[{"embeddable":true,"href":"https:\/\/erevanblog.am\/index.php?rest_route=%2Fwp%2Fv2%2Fcomments&post=10542"}],"version-history":[{"count":1,"href":"https:\/\/erevanblog.am\/index.php?rest_route=\/wp\/v2\/posts\/10542\/revisions"}],"predecessor-version":[{"id":10544,"href":"https:\/\/erevanblog.am\/index.php?rest_route=\/wp\/v2\/posts\/10542\/revisions\/10544"}],"wp:featuredmedia":[{"embeddable":true,"href":"https:\/\/erevanblog.am\/index.php?rest_route=\/wp\/v2\/media\/10543"}],"wp:attachment":[{"href":"https:\/\/erevanblog.am\/index.php?rest_route=%2Fwp%2Fv2%2Fmedia&parent=10542"}],"wp:term":[{"taxonomy":"category","embeddable":true,"href":"https:\/\/erevanblog.am\/index.php?rest_route=%2Fwp%2Fv2%2Fcategories&post=10542"},{"taxonomy":"post_tag","embeddable":true,"href":"https:\/\/erevanblog.am\/index.php?rest_route=%2Fwp%2Fv2%2Ftags&post=10542"}],"curies":[{"name":"wp","href":"https:\/\/api.w.org\/{rel}","templated":true}]}}