{"id":10545,"date":"2025-06-28T07:12:30","date_gmt":"2025-06-28T06:12:30","guid":{"rendered":"https:\/\/erevanblog.am\/?p=10545"},"modified":"2025-06-28T07:12:32","modified_gmt":"2025-06-28T06:12:32","slug":"svatba-na-kterou-se-nezapomina-ale-z-jineho-duvodu-nez-si-kdo-myslel","status":"publish","type":"post","link":"https:\/\/erevanblog.am\/?p=10545","title":{"rendered":"Svatba, na kterou se nezapom\u00edn\u00e1 \u2013 ale z jin\u00e9ho d\u016fvodu, ne\u017e si kdo myslel"},"content":{"rendered":"\n<p>Den p\u0159ed svatbou se Filip, milovn\u00edk dobrodru\u017estv\u00ed a p\u0159\u00edrody, vydal na kr\u00e1tk\u00fd v\u00fdlet do bl\u00edzk\u00fdch ba\u017ein. Pot\u0159eboval si vy\u010distit hlavu a na chv\u00edli uniknout shonu kolem svatebn\u00edch p\u0159\u00edprav. V bl\u00e1t\u011b u \u0159eky v\u0161ak narazil na n\u011bco naprosto ne\u010dekan\u00e9ho \u2014 mal\u00e9 tyg\u0159\u00ed ml\u00e1d\u011b, sotva d\u00fdchaj\u00edc\u00ed, zoufale se zm\u00edtaj\u00edc\u00ed v bahn\u011b. Bez v\u00e1h\u00e1n\u00ed ho vyt\u00e1hl, zabalil do bundy a rozhodl se, \u017ee ho pozd\u011bji odveze do z\u00e1chrann\u00e9 stanice. Co ale nevid\u011bl, byly dv\u011b jantarov\u00e9 o\u010di, kter\u00e9 ho ti\u0161e sledovaly zpoza r\u00e1kos\u00ed. O\u010di tyg\u0159\u00ed matky.<\/p>\n\n\n\n<figure class=\"wp-block-image size-full\"><img loading=\"lazy\" decoding=\"async\" width=\"972\" height=\"1024\" src=\"https:\/\/erevanblog.am\/wp-content\/uploads\/2025\/06\/147822222222222.png\" alt=\"\" class=\"wp-image-10546\" srcset=\"https:\/\/erevanblog.am\/wp-content\/uploads\/2025\/06\/147822222222222.png 972w, https:\/\/erevanblog.am\/wp-content\/uploads\/2025\/06\/147822222222222-285x300.png 285w, https:\/\/erevanblog.am\/wp-content\/uploads\/2025\/06\/147822222222222-768x809.png 768w\" sizes=\"auto, (max-width: 972px) 100vw, 972px\" \/><\/figure>\n\n\n\n<p>N\u00e1sleduj\u00edc\u00ed r\u00e1no prob\u00edhalo podle pl\u00e1nu. Host\u00e9 p\u0159ich\u00e1zeli, hudba zn\u011bla slavnostn\u011b, nev\u011bsta kr\u00e1\u010dela uli\u010dkou s \u00fasm\u011bvem. V\u0161echno bylo dokonal\u00e9 \u2014 a\u017e do chv\u00edle, kdy se pod jej\u00edmi \u0161aty za\u010dalo n\u011bco nepatrn\u011b h\u00fdbat. Nejprve sotva znateln\u011b. Pak st\u00e1le v\u00fdrazn\u011bji.<\/p>\n\n\n\n<p>Nev\u011bsta z\u016fstala st\u00e1t jako socha, \u017eenich zbledl a n\u011bkdo z host\u016f vyk\u0159ikl. Ze spodni\u010dky se n\u00e1hle vysoukal mal\u00fd pruhovan\u00fd tvor a ti\u0161e zam\u0148oukal. V\u0161ude kolem zazn\u011bl sm\u00edch, p\u0159ekvapen\u00ed a naprost\u00fd zmatek. Ale pak se z d\u00e1lky ozvalo n\u011bco mnohem znepokojiv\u011bj\u0161\u00edho \u2014 hlubok\u00e9, zlov\u011bstn\u00e9 zavr\u010den\u00ed.<\/p>\n\n\n\n<p>To nejv\u011bt\u0161\u00ed p\u0159ekvapen\u00ed svatebn\u00edho dne ale teprve m\u011blo p\u0159ij\u00edt.<\/p>\n","protected":false},"excerpt":{"rendered":"<div class=\"mh-excerpt\"><p>Den p\u0159ed svatbou se Filip, milovn\u00edk dobrodru\u017estv\u00ed a p\u0159\u00edrody, vydal na kr\u00e1tk\u00fd v\u00fdlet do bl\u00edzk\u00fdch ba\u017ein. Pot\u0159eboval si vy\u010distit hlavu a na chv\u00edli uniknout shonu <a class=\"mh-excerpt-more\" href=\"https:\/\/erevanblog.am\/?p=10545\" title=\"Svatba, na kterou se nezapom\u00edn\u00e1 \u2013 ale z jin\u00e9ho d\u016fvodu, ne\u017e si kdo myslel\">[&#8230;]<\/a><\/p>\n<\/div>","protected":false},"author":1,"featured_media":10546,"comment_status":"open","ping_status":"open","sticky":false,"template":"","format":"standard","meta":{"footnotes":""},"categories":[1],"tags":[],"class_list":["post-10545","post","type-post","status-publish","format-standard","has-post-thumbnail","hentry","category-uncategorised"],"yoast_head":"<!-- This site is optimized with the Yoast SEO plugin v27.5 - https:\/\/yoast.com\/product\/yoast-seo-wordpress\/ -->\n<title>Svatba, na kterou se nezapom\u00edn\u00e1 \u2013 ale z jin\u00e9ho d\u016fvodu, ne\u017e si kdo myslel -<\/title>\n<meta name=\"robots\" content=\"index, follow, max-snippet:-1, max-image-preview:large, max-video-preview:-1\" \/>\n<link rel=\"canonical\" href=\"https:\/\/erevanblog.am\/?p=10545\" \/>\n<meta property=\"og:locale\" content=\"en_US\" \/>\n<meta property=\"og:type\" content=\"article\" \/>\n<meta property=\"og:title\" content=\"Svatba, na kterou se nezapom\u00edn\u00e1 \u2013 ale z jin\u00e9ho d\u016fvodu, ne\u017e si kdo myslel -\" \/>\n<meta property=\"og:description\" content=\"Den p\u0159ed svatbou se Filip, milovn\u00edk dobrodru\u017estv\u00ed a p\u0159\u00edrody, vydal na kr\u00e1tk\u00fd v\u00fdlet do bl\u00edzk\u00fdch ba\u017ein. Pot\u0159eboval si vy\u010distit hlavu a na chv\u00edli uniknout shonu [...]\" \/>\n<meta property=\"og:url\" content=\"https:\/\/erevanblog.am\/?p=10545\" \/>\n<meta property=\"article:published_time\" content=\"2025-06-28T06:12:30+00:00\" \/>\n<meta property=\"article:modified_time\" content=\"2025-06-28T06:12:32+00:00\" \/>\n<meta property=\"og:image\" content=\"http:\/\/erevanblog.am\/wp-content\/uploads\/2025\/06\/147822222222222.png\" \/>\n\t<meta property=\"og:image:width\" content=\"972\" \/>\n\t<meta property=\"og:image:height\" content=\"1024\" \/>\n\t<meta property=\"og:image:type\" content=\"image\/png\" \/>\n<meta name=\"author\" content=\"erevanblog_a\" \/>\n<meta name=\"twitter:card\" content=\"summary_large_image\" \/>\n<meta name=\"twitter:label1\" content=\"Written by\" \/>\n\t<meta name=\"twitter:data1\" content=\"erevanblog_a\" \/>\n\t<meta name=\"twitter:label2\" content=\"Est. reading time\" \/>\n\t<meta name=\"twitter:data2\" content=\"2 minutes\" \/>\n<script type=\"application\/ld+json\" class=\"yoast-schema-graph\">{\"@context\":\"https:\\\/\\\/schema.org\",\"@graph\":[{\"@type\":\"Article\",\"@id\":\"https:\\\/\\\/erevanblog.am\\\/?p=10545#article\",\"isPartOf\":{\"@id\":\"https:\\\/\\\/erevanblog.am\\\/?p=10545\"},\"author\":{\"name\":\"erevanblog_a\",\"@id\":\"https:\\\/\\\/erevanblog.am\\\/#\\\/schema\\\/person\\\/204f10311eb7ddb8914a5ab3e5f03928\"},\"headline\":\"Svatba, na kterou se nezapom\u00edn\u00e1 \u2013 ale z jin\u00e9ho d\u016fvodu, ne\u017e si kdo myslel\",\"datePublished\":\"2025-06-28T06:12:30+00:00\",\"dateModified\":\"2025-06-28T06:12:32+00:00\",\"mainEntityOfPage\":{\"@id\":\"https:\\\/\\\/erevanblog.am\\\/?p=10545\"},\"wordCount\":265,\"commentCount\":0,\"image\":{\"@id\":\"https:\\\/\\\/erevanblog.am\\\/?p=10545#primaryimage\"},\"thumbnailUrl\":\"https:\\\/\\\/erevanblog.am\\\/wp-content\\\/uploads\\\/2025\\\/06\\\/147822222222222.png\",\"articleSection\":[\"NEWS\"],\"inLanguage\":\"en-US\",\"potentialAction\":[{\"@type\":\"CommentAction\",\"name\":\"Comment\",\"target\":[\"https:\\\/\\\/erevanblog.am\\\/?p=10545#respond\"]}]},{\"@type\":\"WebPage\",\"@id\":\"https:\\\/\\\/erevanblog.am\\\/?p=10545\",\"url\":\"https:\\\/\\\/erevanblog.am\\\/?p=10545\",\"name\":\"Svatba, na kterou se nezapom\u00edn\u00e1 \u2013 ale z jin\u00e9ho d\u016fvodu, ne\u017e si kdo myslel -\",\"isPartOf\":{\"@id\":\"https:\\\/\\\/erevanblog.am\\\/#website\"},\"primaryImageOfPage\":{\"@id\":\"https:\\\/\\\/erevanblog.am\\\/?p=10545#primaryimage\"},\"image\":{\"@id\":\"https:\\\/\\\/erevanblog.am\\\/?p=10545#primaryimage\"},\"thumbnailUrl\":\"https:\\\/\\\/erevanblog.am\\\/wp-content\\\/uploads\\\/2025\\\/06\\\/147822222222222.png\",\"datePublished\":\"2025-06-28T06:12:30+00:00\",\"dateModified\":\"2025-06-28T06:12:32+00:00\",\"author\":{\"@id\":\"https:\\\/\\\/erevanblog.am\\\/#\\\/schema\\\/person\\\/204f10311eb7ddb8914a5ab3e5f03928\"},\"breadcrumb\":{\"@id\":\"https:\\\/\\\/erevanblog.am\\\/?p=10545#breadcrumb\"},\"inLanguage\":\"en-US\",\"potentialAction\":[{\"@type\":\"ReadAction\",\"target\":[\"https:\\\/\\\/erevanblog.am\\\/?p=10545\"]}]},{\"@type\":\"ImageObject\",\"inLanguage\":\"en-US\",\"@id\":\"https:\\\/\\\/erevanblog.am\\\/?p=10545#primaryimage\",\"url\":\"https:\\\/\\\/erevanblog.am\\\/wp-content\\\/uploads\\\/2025\\\/06\\\/147822222222222.png\",\"contentUrl\":\"https:\\\/\\\/erevanblog.am\\\/wp-content\\\/uploads\\\/2025\\\/06\\\/147822222222222.png\",\"width\":972,\"height\":1024},{\"@type\":\"BreadcrumbList\",\"@id\":\"https:\\\/\\\/erevanblog.am\\\/?p=10545#breadcrumb\",\"itemListElement\":[{\"@type\":\"ListItem\",\"position\":1,\"name\":\"Home\",\"item\":\"https:\\\/\\\/erevanblog.am\\\/\"},{\"@type\":\"ListItem\",\"position\":2,\"name\":\"Svatba, na kterou se nezapom\u00edn\u00e1 \u2013 ale z jin\u00e9ho d\u016fvodu, ne\u017e si kdo myslel\"}]},{\"@type\":\"WebSite\",\"@id\":\"https:\\\/\\\/erevanblog.am\\\/#website\",\"url\":\"https:\\\/\\\/erevanblog.am\\\/\",\"name\":\"\",\"description\":\"\",\"potentialAction\":[{\"@type\":\"SearchAction\",\"target\":{\"@type\":\"EntryPoint\",\"urlTemplate\":\"https:\\\/\\\/erevanblog.am\\\/?s={search_term_string}\"},\"query-input\":{\"@type\":\"PropertyValueSpecification\",\"valueRequired\":true,\"valueName\":\"search_term_string\"}}],\"inLanguage\":\"en-US\"},{\"@type\":\"Person\",\"@id\":\"https:\\\/\\\/erevanblog.am\\\/#\\\/schema\\\/person\\\/204f10311eb7ddb8914a5ab3e5f03928\",\"name\":\"erevanblog_a\",\"image\":{\"@type\":\"ImageObject\",\"inLanguage\":\"en-US\",\"@id\":\"https:\\\/\\\/secure.gravatar.com\\\/avatar\\\/a24f4ac3a683f3c87303db525abc00db51ea26ccedee11dfaf1cc0f9a481a5d2?s=96&d=mm&r=g\",\"url\":\"https:\\\/\\\/secure.gravatar.com\\\/avatar\\\/a24f4ac3a683f3c87303db525abc00db51ea26ccedee11dfaf1cc0f9a481a5d2?s=96&d=mm&r=g\",\"contentUrl\":\"https:\\\/\\\/secure.gravatar.com\\\/avatar\\\/a24f4ac3a683f3c87303db525abc00db51ea26ccedee11dfaf1cc0f9a481a5d2?s=96&d=mm&r=g\",\"caption\":\"erevanblog_a\"},\"sameAs\":[\"http:\\\/\\\/erevanblog.am\"],\"url\":\"https:\\\/\\\/erevanblog.am\\\/?author=1\"}]}<\/script>\n<!-- \/ Yoast SEO plugin. -->","yoast_head_json":{"title":"Svatba, na kterou se nezapom\u00edn\u00e1 \u2013 ale z jin\u00e9ho d\u016fvodu, ne\u017e si kdo myslel -","robots":{"index":"index","follow":"follow","max-snippet":"max-snippet:-1","max-image-preview":"max-image-preview:large","max-video-preview":"max-video-preview:-1"},"canonical":"https:\/\/erevanblog.am\/?p=10545","og_locale":"en_US","og_type":"article","og_title":"Svatba, na kterou se nezapom\u00edn\u00e1 \u2013 ale z jin\u00e9ho d\u016fvodu, ne\u017e si kdo myslel -","og_description":"Den p\u0159ed svatbou se Filip, milovn\u00edk dobrodru\u017estv\u00ed a p\u0159\u00edrody, vydal na kr\u00e1tk\u00fd v\u00fdlet do bl\u00edzk\u00fdch ba\u017ein. Pot\u0159eboval si vy\u010distit hlavu a na chv\u00edli uniknout shonu [...]","og_url":"https:\/\/erevanblog.am\/?p=10545","article_published_time":"2025-06-28T06:12:30+00:00","article_modified_time":"2025-06-28T06:12:32+00:00","og_image":[{"width":972,"height":1024,"url":"http:\/\/erevanblog.am\/wp-content\/uploads\/2025\/06\/147822222222222.png","type":"image\/png"}],"author":"erevanblog_a","twitter_card":"summary_large_image","twitter_misc":{"Written by":"erevanblog_a","Est. reading time":"2 minutes"},"schema":{"@context":"https:\/\/schema.org","@graph":[{"@type":"Article","@id":"https:\/\/erevanblog.am\/?p=10545#article","isPartOf":{"@id":"https:\/\/erevanblog.am\/?p=10545"},"author":{"name":"erevanblog_a","@id":"https:\/\/erevanblog.am\/#\/schema\/person\/204f10311eb7ddb8914a5ab3e5f03928"},"headline":"Svatba, na kterou se nezapom\u00edn\u00e1 \u2013 ale z jin\u00e9ho d\u016fvodu, ne\u017e si kdo myslel","datePublished":"2025-06-28T06:12:30+00:00","dateModified":"2025-06-28T06:12:32+00:00","mainEntityOfPage":{"@id":"https:\/\/erevanblog.am\/?p=10545"},"wordCount":265,"commentCount":0,"image":{"@id":"https:\/\/erevanblog.am\/?p=10545#primaryimage"},"thumbnailUrl":"https:\/\/erevanblog.am\/wp-content\/uploads\/2025\/06\/147822222222222.png","articleSection":["NEWS"],"inLanguage":"en-US","potentialAction":[{"@type":"CommentAction","name":"Comment","target":["https:\/\/erevanblog.am\/?p=10545#respond"]}]},{"@type":"WebPage","@id":"https:\/\/erevanblog.am\/?p=10545","url":"https:\/\/erevanblog.am\/?p=10545","name":"Svatba, na kterou se nezapom\u00edn\u00e1 \u2013 ale z jin\u00e9ho d\u016fvodu, ne\u017e si kdo myslel -","isPartOf":{"@id":"https:\/\/erevanblog.am\/#website"},"primaryImageOfPage":{"@id":"https:\/\/erevanblog.am\/?p=10545#primaryimage"},"image":{"@id":"https:\/\/erevanblog.am\/?p=10545#primaryimage"},"thumbnailUrl":"https:\/\/erevanblog.am\/wp-content\/uploads\/2025\/06\/147822222222222.png","datePublished":"2025-06-28T06:12:30+00:00","dateModified":"2025-06-28T06:12:32+00:00","author":{"@id":"https:\/\/erevanblog.am\/#\/schema\/person\/204f10311eb7ddb8914a5ab3e5f03928"},"breadcrumb":{"@id":"https:\/\/erevanblog.am\/?p=10545#breadcrumb"},"inLanguage":"en-US","potentialAction":[{"@type":"ReadAction","target":["https:\/\/erevanblog.am\/?p=10545"]}]},{"@type":"ImageObject","inLanguage":"en-US","@id":"https:\/\/erevanblog.am\/?p=10545#primaryimage","url":"https:\/\/erevanblog.am\/wp-content\/uploads\/2025\/06\/147822222222222.png","contentUrl":"https:\/\/erevanblog.am\/wp-content\/uploads\/2025\/06\/147822222222222.png","width":972,"height":1024},{"@type":"BreadcrumbList","@id":"https:\/\/erevanblog.am\/?p=10545#breadcrumb","itemListElement":[{"@type":"ListItem","position":1,"name":"Home","item":"https:\/\/erevanblog.am\/"},{"@type":"ListItem","position":2,"name":"Svatba, na kterou se nezapom\u00edn\u00e1 \u2013 ale z jin\u00e9ho d\u016fvodu, ne\u017e si kdo myslel"}]},{"@type":"WebSite","@id":"https:\/\/erevanblog.am\/#website","url":"https:\/\/erevanblog.am\/","name":"","description":"","potentialAction":[{"@type":"SearchAction","target":{"@type":"EntryPoint","urlTemplate":"https:\/\/erevanblog.am\/?s={search_term_string}"},"query-input":{"@type":"PropertyValueSpecification","valueRequired":true,"valueName":"search_term_string"}}],"inLanguage":"en-US"},{"@type":"Person","@id":"https:\/\/erevanblog.am\/#\/schema\/person\/204f10311eb7ddb8914a5ab3e5f03928","name":"erevanblog_a","image":{"@type":"ImageObject","inLanguage":"en-US","@id":"https:\/\/secure.gravatar.com\/avatar\/a24f4ac3a683f3c87303db525abc00db51ea26ccedee11dfaf1cc0f9a481a5d2?s=96&d=mm&r=g","url":"https:\/\/secure.gravatar.com\/avatar\/a24f4ac3a683f3c87303db525abc00db51ea26ccedee11dfaf1cc0f9a481a5d2?s=96&d=mm&r=g","contentUrl":"https:\/\/secure.gravatar.com\/avatar\/a24f4ac3a683f3c87303db525abc00db51ea26ccedee11dfaf1cc0f9a481a5d2?s=96&d=mm&r=g","caption":"erevanblog_a"},"sameAs":["http:\/\/erevanblog.am"],"url":"https:\/\/erevanblog.am\/?author=1"}]}},"views":1106,"_links":{"self":[{"href":"https:\/\/erevanblog.am\/index.php?rest_route=\/wp\/v2\/posts\/10545","targetHints":{"allow":["GET"]}}],"collection":[{"href":"https:\/\/erevanblog.am\/index.php?rest_route=\/wp\/v2\/posts"}],"about":[{"href":"https:\/\/erevanblog.am\/index.php?rest_route=\/wp\/v2\/types\/post"}],"author":[{"embeddable":true,"href":"https:\/\/erevanblog.am\/index.php?rest_route=\/wp\/v2\/users\/1"}],"replies":[{"embeddable":true,"href":"https:\/\/erevanblog.am\/index.php?rest_route=%2Fwp%2Fv2%2Fcomments&post=10545"}],"version-history":[{"count":1,"href":"https:\/\/erevanblog.am\/index.php?rest_route=\/wp\/v2\/posts\/10545\/revisions"}],"predecessor-version":[{"id":10547,"href":"https:\/\/erevanblog.am\/index.php?rest_route=\/wp\/v2\/posts\/10545\/revisions\/10547"}],"wp:featuredmedia":[{"embeddable":true,"href":"https:\/\/erevanblog.am\/index.php?rest_route=\/wp\/v2\/media\/10546"}],"wp:attachment":[{"href":"https:\/\/erevanblog.am\/index.php?rest_route=%2Fwp%2Fv2%2Fmedia&parent=10545"}],"wp:term":[{"taxonomy":"category","embeddable":true,"href":"https:\/\/erevanblog.am\/index.php?rest_route=%2Fwp%2Fv2%2Fcategories&post=10545"},{"taxonomy":"post_tag","embeddable":true,"href":"https:\/\/erevanblog.am\/index.php?rest_route=%2Fwp%2Fv2%2Ftags&post=10545"}],"curies":[{"name":"wp","href":"https:\/\/api.w.org\/{rel}","templated":true}]}}