{"id":10557,"date":"2025-06-29T06:03:46","date_gmt":"2025-06-29T05:03:46","guid":{"rendered":"https:\/\/erevanblog.am\/?p=10557"},"modified":"2025-06-29T06:03:47","modified_gmt":"2025-06-29T05:03:47","slug":"rodice-nevesty-se-smali-otci-zenicha-ale-jakmile-otevrel-svuj-dar-nastalo-naproste-ticho-nikdo-nebyl-pripraven-na-to-co-prislo","status":"publish","type":"post","link":"https:\/\/erevanblog.am\/?p=10557","title":{"rendered":"Rodi\u010de nev\u011bsty se sm\u00e1li otci \u017eenicha, ale jakmile otev\u0159el sv\u016fj dar, nastalo naprost\u00e9 ticho. Nikdo nebyl p\u0159ipraven na to, co p\u0159i\u0161lo!"},"content":{"rendered":"\n<p>Svatebn\u00ed hostina byla v pln\u00e9m proudu \u2014 hudba hr\u00e1la, host\u00e9 slavili a atmosf\u00e9ra byla radostn\u00e1. Kdy\u017e nastal okam\u017eik p\u0159ed\u00e1v\u00e1n\u00ed d\u00e1rk\u016f mezi rodi\u010di novoman\u017eel\u016f, rodi\u010de nev\u011bsty si neodpustili posm\u011b\u0161ky sm\u011brem k otci \u017eenicha. Byli p\u0159esv\u011bd\u010deni, \u017ee jeho dar bude sm\u011b\u0161n\u00fd a nevhodn\u00fd.<\/p>\n\n\n\n<figure class=\"wp-block-image size-full\"><img loading=\"lazy\" decoding=\"async\" width=\"1024\" height=\"979\" src=\"https:\/\/erevanblog.am\/wp-content\/uploads\/2025\/06\/147666666.jpeg\" alt=\"\" class=\"wp-image-10558\" srcset=\"https:\/\/erevanblog.am\/wp-content\/uploads\/2025\/06\/147666666.jpeg 1024w, https:\/\/erevanblog.am\/wp-content\/uploads\/2025\/06\/147666666-300x287.jpeg 300w, https:\/\/erevanblog.am\/wp-content\/uploads\/2025\/06\/147666666-768x734.jpeg 768w\" sizes=\"auto, (max-width: 1024px) 100vw, 1024px\" \/><\/figure>\n\n\n\n<p>Jen\u017ee kdy\u017e otec \u017eenicha pomalu rozbalil sv\u016fj bal\u00ed\u010dek, cel\u00e1 m\u00edstnost ztichla. Uvnit\u0159 se nach\u00e1zel star\u00fd, ru\u010dn\u011b vyroben\u00fd p\u0159edm\u011bt s hlubok\u00fdm v\u00fdznamem \u2014 poklad rodinn\u00e9 historie a tradice.<\/p>\n\n\n\n<p>Cel\u00fd ve\u010der najednou zm\u011bnil t\u00f3n. Z vesel\u00ed se stalo tich\u00e9 dojet\u00ed. Tento ne\u010dekan\u00fd dar se stal symbolem spojen\u00ed obou rodin a zanechal v srdc\u00edch v\u0161ech p\u0159\u00edtomn\u00fdch nezapomenuteln\u00fd dojem.<\/p>\n","protected":false},"excerpt":{"rendered":"<div class=\"mh-excerpt\"><p>Svatebn\u00ed hostina byla v pln\u00e9m proudu \u2014 hudba hr\u00e1la, host\u00e9 slavili a atmosf\u00e9ra byla radostn\u00e1. Kdy\u017e nastal okam\u017eik p\u0159ed\u00e1v\u00e1n\u00ed d\u00e1rk\u016f mezi rodi\u010di novoman\u017eel\u016f, rodi\u010de nev\u011bsty <a class=\"mh-excerpt-more\" href=\"https:\/\/erevanblog.am\/?p=10557\" title=\"Rodi\u010de nev\u011bsty se sm\u00e1li otci \u017eenicha, ale jakmile otev\u0159el sv\u016fj dar, nastalo naprost\u00e9 ticho. Nikdo nebyl p\u0159ipraven na to, co p\u0159i\u0161lo!\">[&#8230;]<\/a><\/p>\n<\/div>","protected":false},"author":1,"featured_media":10558,"comment_status":"open","ping_status":"open","sticky":false,"template":"","format":"standard","meta":{"footnotes":""},"categories":[1],"tags":[],"class_list":["post-10557","post","type-post","status-publish","format-standard","has-post-thumbnail","hentry","category-uncategorised"],"yoast_head":"<!-- This site is optimized with the Yoast SEO plugin v27.5 - https:\/\/yoast.com\/product\/yoast-seo-wordpress\/ -->\n<title>Rodi\u010de nev\u011bsty se sm\u00e1li otci \u017eenicha, ale jakmile otev\u0159el sv\u016fj dar, nastalo naprost\u00e9 ticho. Nikdo nebyl p\u0159ipraven na to, co p\u0159i\u0161lo! -<\/title>\n<meta name=\"robots\" content=\"index, follow, max-snippet:-1, max-image-preview:large, max-video-preview:-1\" \/>\n<link rel=\"canonical\" href=\"https:\/\/erevanblog.am\/?p=10557\" \/>\n<meta property=\"og:locale\" content=\"en_US\" \/>\n<meta property=\"og:type\" content=\"article\" \/>\n<meta property=\"og:title\" content=\"Rodi\u010de nev\u011bsty se sm\u00e1li otci \u017eenicha, ale jakmile otev\u0159el sv\u016fj dar, nastalo naprost\u00e9 ticho. Nikdo nebyl p\u0159ipraven na to, co p\u0159i\u0161lo! -\" \/>\n<meta property=\"og:description\" content=\"Svatebn\u00ed hostina byla v pln\u00e9m proudu \u2014 hudba hr\u00e1la, host\u00e9 slavili a atmosf\u00e9ra byla radostn\u00e1. Kdy\u017e nastal okam\u017eik p\u0159ed\u00e1v\u00e1n\u00ed d\u00e1rk\u016f mezi rodi\u010di novoman\u017eel\u016f, rodi\u010de nev\u011bsty [...]\" \/>\n<meta property=\"og:url\" content=\"https:\/\/erevanblog.am\/?p=10557\" \/>\n<meta property=\"article:published_time\" content=\"2025-06-29T05:03:46+00:00\" \/>\n<meta property=\"article:modified_time\" content=\"2025-06-29T05:03:47+00:00\" \/>\n<meta property=\"og:image\" content=\"http:\/\/erevanblog.am\/wp-content\/uploads\/2025\/06\/147666666.jpeg\" \/>\n\t<meta property=\"og:image:width\" content=\"1024\" \/>\n\t<meta property=\"og:image:height\" content=\"979\" \/>\n\t<meta property=\"og:image:type\" content=\"image\/jpeg\" \/>\n<meta name=\"author\" content=\"erevanblog_a\" \/>\n<meta name=\"twitter:card\" content=\"summary_large_image\" \/>\n<meta name=\"twitter:label1\" content=\"Written by\" \/>\n\t<meta name=\"twitter:data1\" content=\"erevanblog_a\" \/>\n\t<meta name=\"twitter:label2\" content=\"Est. reading time\" \/>\n\t<meta name=\"twitter:data2\" content=\"1 minute\" \/>\n<script type=\"application\/ld+json\" class=\"yoast-schema-graph\">{\"@context\":\"https:\\\/\\\/schema.org\",\"@graph\":[{\"@type\":\"Article\",\"@id\":\"https:\\\/\\\/erevanblog.am\\\/?p=10557#article\",\"isPartOf\":{\"@id\":\"https:\\\/\\\/erevanblog.am\\\/?p=10557\"},\"author\":{\"name\":\"erevanblog_a\",\"@id\":\"https:\\\/\\\/erevanblog.am\\\/#\\\/schema\\\/person\\\/204f10311eb7ddb8914a5ab3e5f03928\"},\"headline\":\"Rodi\u010de nev\u011bsty se sm\u00e1li otci \u017eenicha, ale jakmile otev\u0159el sv\u016fj dar, nastalo naprost\u00e9 ticho. Nikdo nebyl p\u0159ipraven na to, co p\u0159i\u0161lo!\",\"datePublished\":\"2025-06-29T05:03:46+00:00\",\"dateModified\":\"2025-06-29T05:03:47+00:00\",\"mainEntityOfPage\":{\"@id\":\"https:\\\/\\\/erevanblog.am\\\/?p=10557\"},\"wordCount\":159,\"commentCount\":0,\"image\":{\"@id\":\"https:\\\/\\\/erevanblog.am\\\/?p=10557#primaryimage\"},\"thumbnailUrl\":\"https:\\\/\\\/erevanblog.am\\\/wp-content\\\/uploads\\\/2025\\\/06\\\/147666666.jpeg\",\"articleSection\":[\"NEWS\"],\"inLanguage\":\"en-US\",\"potentialAction\":[{\"@type\":\"CommentAction\",\"name\":\"Comment\",\"target\":[\"https:\\\/\\\/erevanblog.am\\\/?p=10557#respond\"]}]},{\"@type\":\"WebPage\",\"@id\":\"https:\\\/\\\/erevanblog.am\\\/?p=10557\",\"url\":\"https:\\\/\\\/erevanblog.am\\\/?p=10557\",\"name\":\"Rodi\u010de nev\u011bsty se sm\u00e1li otci \u017eenicha, ale jakmile otev\u0159el sv\u016fj dar, nastalo naprost\u00e9 ticho. Nikdo nebyl p\u0159ipraven na to, co p\u0159i\u0161lo! -\",\"isPartOf\":{\"@id\":\"https:\\\/\\\/erevanblog.am\\\/#website\"},\"primaryImageOfPage\":{\"@id\":\"https:\\\/\\\/erevanblog.am\\\/?p=10557#primaryimage\"},\"image\":{\"@id\":\"https:\\\/\\\/erevanblog.am\\\/?p=10557#primaryimage\"},\"thumbnailUrl\":\"https:\\\/\\\/erevanblog.am\\\/wp-content\\\/uploads\\\/2025\\\/06\\\/147666666.jpeg\",\"datePublished\":\"2025-06-29T05:03:46+00:00\",\"dateModified\":\"2025-06-29T05:03:47+00:00\",\"author\":{\"@id\":\"https:\\\/\\\/erevanblog.am\\\/#\\\/schema\\\/person\\\/204f10311eb7ddb8914a5ab3e5f03928\"},\"breadcrumb\":{\"@id\":\"https:\\\/\\\/erevanblog.am\\\/?p=10557#breadcrumb\"},\"inLanguage\":\"en-US\",\"potentialAction\":[{\"@type\":\"ReadAction\",\"target\":[\"https:\\\/\\\/erevanblog.am\\\/?p=10557\"]}]},{\"@type\":\"ImageObject\",\"inLanguage\":\"en-US\",\"@id\":\"https:\\\/\\\/erevanblog.am\\\/?p=10557#primaryimage\",\"url\":\"https:\\\/\\\/erevanblog.am\\\/wp-content\\\/uploads\\\/2025\\\/06\\\/147666666.jpeg\",\"contentUrl\":\"https:\\\/\\\/erevanblog.am\\\/wp-content\\\/uploads\\\/2025\\\/06\\\/147666666.jpeg\",\"width\":1024,\"height\":979},{\"@type\":\"BreadcrumbList\",\"@id\":\"https:\\\/\\\/erevanblog.am\\\/?p=10557#breadcrumb\",\"itemListElement\":[{\"@type\":\"ListItem\",\"position\":1,\"name\":\"Home\",\"item\":\"https:\\\/\\\/erevanblog.am\\\/\"},{\"@type\":\"ListItem\",\"position\":2,\"name\":\"Rodi\u010de nev\u011bsty se sm\u00e1li otci \u017eenicha, ale jakmile otev\u0159el sv\u016fj dar, nastalo naprost\u00e9 ticho. Nikdo nebyl p\u0159ipraven na to, co p\u0159i\u0161lo!\"}]},{\"@type\":\"WebSite\",\"@id\":\"https:\\\/\\\/erevanblog.am\\\/#website\",\"url\":\"https:\\\/\\\/erevanblog.am\\\/\",\"name\":\"\",\"description\":\"\",\"potentialAction\":[{\"@type\":\"SearchAction\",\"target\":{\"@type\":\"EntryPoint\",\"urlTemplate\":\"https:\\\/\\\/erevanblog.am\\\/?s={search_term_string}\"},\"query-input\":{\"@type\":\"PropertyValueSpecification\",\"valueRequired\":true,\"valueName\":\"search_term_string\"}}],\"inLanguage\":\"en-US\"},{\"@type\":\"Person\",\"@id\":\"https:\\\/\\\/erevanblog.am\\\/#\\\/schema\\\/person\\\/204f10311eb7ddb8914a5ab3e5f03928\",\"name\":\"erevanblog_a\",\"image\":{\"@type\":\"ImageObject\",\"inLanguage\":\"en-US\",\"@id\":\"https:\\\/\\\/secure.gravatar.com\\\/avatar\\\/a24f4ac3a683f3c87303db525abc00db51ea26ccedee11dfaf1cc0f9a481a5d2?s=96&d=mm&r=g\",\"url\":\"https:\\\/\\\/secure.gravatar.com\\\/avatar\\\/a24f4ac3a683f3c87303db525abc00db51ea26ccedee11dfaf1cc0f9a481a5d2?s=96&d=mm&r=g\",\"contentUrl\":\"https:\\\/\\\/secure.gravatar.com\\\/avatar\\\/a24f4ac3a683f3c87303db525abc00db51ea26ccedee11dfaf1cc0f9a481a5d2?s=96&d=mm&r=g\",\"caption\":\"erevanblog_a\"},\"sameAs\":[\"http:\\\/\\\/erevanblog.am\"],\"url\":\"https:\\\/\\\/erevanblog.am\\\/?author=1\"}]}<\/script>\n<!-- \/ Yoast SEO plugin. -->","yoast_head_json":{"title":"Rodi\u010de nev\u011bsty se sm\u00e1li otci \u017eenicha, ale jakmile otev\u0159el sv\u016fj dar, nastalo naprost\u00e9 ticho. Nikdo nebyl p\u0159ipraven na to, co p\u0159i\u0161lo! -","robots":{"index":"index","follow":"follow","max-snippet":"max-snippet:-1","max-image-preview":"max-image-preview:large","max-video-preview":"max-video-preview:-1"},"canonical":"https:\/\/erevanblog.am\/?p=10557","og_locale":"en_US","og_type":"article","og_title":"Rodi\u010de nev\u011bsty se sm\u00e1li otci \u017eenicha, ale jakmile otev\u0159el sv\u016fj dar, nastalo naprost\u00e9 ticho. Nikdo nebyl p\u0159ipraven na to, co p\u0159i\u0161lo! -","og_description":"Svatebn\u00ed hostina byla v pln\u00e9m proudu \u2014 hudba hr\u00e1la, host\u00e9 slavili a atmosf\u00e9ra byla radostn\u00e1. Kdy\u017e nastal okam\u017eik p\u0159ed\u00e1v\u00e1n\u00ed d\u00e1rk\u016f mezi rodi\u010di novoman\u017eel\u016f, rodi\u010de nev\u011bsty [...]","og_url":"https:\/\/erevanblog.am\/?p=10557","article_published_time":"2025-06-29T05:03:46+00:00","article_modified_time":"2025-06-29T05:03:47+00:00","og_image":[{"width":1024,"height":979,"url":"http:\/\/erevanblog.am\/wp-content\/uploads\/2025\/06\/147666666.jpeg","type":"image\/jpeg"}],"author":"erevanblog_a","twitter_card":"summary_large_image","twitter_misc":{"Written by":"erevanblog_a","Est. reading time":"1 minute"},"schema":{"@context":"https:\/\/schema.org","@graph":[{"@type":"Article","@id":"https:\/\/erevanblog.am\/?p=10557#article","isPartOf":{"@id":"https:\/\/erevanblog.am\/?p=10557"},"author":{"name":"erevanblog_a","@id":"https:\/\/erevanblog.am\/#\/schema\/person\/204f10311eb7ddb8914a5ab3e5f03928"},"headline":"Rodi\u010de nev\u011bsty se sm\u00e1li otci \u017eenicha, ale jakmile otev\u0159el sv\u016fj dar, nastalo naprost\u00e9 ticho. Nikdo nebyl p\u0159ipraven na to, co p\u0159i\u0161lo!","datePublished":"2025-06-29T05:03:46+00:00","dateModified":"2025-06-29T05:03:47+00:00","mainEntityOfPage":{"@id":"https:\/\/erevanblog.am\/?p=10557"},"wordCount":159,"commentCount":0,"image":{"@id":"https:\/\/erevanblog.am\/?p=10557#primaryimage"},"thumbnailUrl":"https:\/\/erevanblog.am\/wp-content\/uploads\/2025\/06\/147666666.jpeg","articleSection":["NEWS"],"inLanguage":"en-US","potentialAction":[{"@type":"CommentAction","name":"Comment","target":["https:\/\/erevanblog.am\/?p=10557#respond"]}]},{"@type":"WebPage","@id":"https:\/\/erevanblog.am\/?p=10557","url":"https:\/\/erevanblog.am\/?p=10557","name":"Rodi\u010de nev\u011bsty se sm\u00e1li otci \u017eenicha, ale jakmile otev\u0159el sv\u016fj dar, nastalo naprost\u00e9 ticho. Nikdo nebyl p\u0159ipraven na to, co p\u0159i\u0161lo! -","isPartOf":{"@id":"https:\/\/erevanblog.am\/#website"},"primaryImageOfPage":{"@id":"https:\/\/erevanblog.am\/?p=10557#primaryimage"},"image":{"@id":"https:\/\/erevanblog.am\/?p=10557#primaryimage"},"thumbnailUrl":"https:\/\/erevanblog.am\/wp-content\/uploads\/2025\/06\/147666666.jpeg","datePublished":"2025-06-29T05:03:46+00:00","dateModified":"2025-06-29T05:03:47+00:00","author":{"@id":"https:\/\/erevanblog.am\/#\/schema\/person\/204f10311eb7ddb8914a5ab3e5f03928"},"breadcrumb":{"@id":"https:\/\/erevanblog.am\/?p=10557#breadcrumb"},"inLanguage":"en-US","potentialAction":[{"@type":"ReadAction","target":["https:\/\/erevanblog.am\/?p=10557"]}]},{"@type":"ImageObject","inLanguage":"en-US","@id":"https:\/\/erevanblog.am\/?p=10557#primaryimage","url":"https:\/\/erevanblog.am\/wp-content\/uploads\/2025\/06\/147666666.jpeg","contentUrl":"https:\/\/erevanblog.am\/wp-content\/uploads\/2025\/06\/147666666.jpeg","width":1024,"height":979},{"@type":"BreadcrumbList","@id":"https:\/\/erevanblog.am\/?p=10557#breadcrumb","itemListElement":[{"@type":"ListItem","position":1,"name":"Home","item":"https:\/\/erevanblog.am\/"},{"@type":"ListItem","position":2,"name":"Rodi\u010de nev\u011bsty se sm\u00e1li otci \u017eenicha, ale jakmile otev\u0159el sv\u016fj dar, nastalo naprost\u00e9 ticho. Nikdo nebyl p\u0159ipraven na to, co p\u0159i\u0161lo!"}]},{"@type":"WebSite","@id":"https:\/\/erevanblog.am\/#website","url":"https:\/\/erevanblog.am\/","name":"","description":"","potentialAction":[{"@type":"SearchAction","target":{"@type":"EntryPoint","urlTemplate":"https:\/\/erevanblog.am\/?s={search_term_string}"},"query-input":{"@type":"PropertyValueSpecification","valueRequired":true,"valueName":"search_term_string"}}],"inLanguage":"en-US"},{"@type":"Person","@id":"https:\/\/erevanblog.am\/#\/schema\/person\/204f10311eb7ddb8914a5ab3e5f03928","name":"erevanblog_a","image":{"@type":"ImageObject","inLanguage":"en-US","@id":"https:\/\/secure.gravatar.com\/avatar\/a24f4ac3a683f3c87303db525abc00db51ea26ccedee11dfaf1cc0f9a481a5d2?s=96&d=mm&r=g","url":"https:\/\/secure.gravatar.com\/avatar\/a24f4ac3a683f3c87303db525abc00db51ea26ccedee11dfaf1cc0f9a481a5d2?s=96&d=mm&r=g","contentUrl":"https:\/\/secure.gravatar.com\/avatar\/a24f4ac3a683f3c87303db525abc00db51ea26ccedee11dfaf1cc0f9a481a5d2?s=96&d=mm&r=g","caption":"erevanblog_a"},"sameAs":["http:\/\/erevanblog.am"],"url":"https:\/\/erevanblog.am\/?author=1"}]}},"views":440,"_links":{"self":[{"href":"https:\/\/erevanblog.am\/index.php?rest_route=\/wp\/v2\/posts\/10557","targetHints":{"allow":["GET"]}}],"collection":[{"href":"https:\/\/erevanblog.am\/index.php?rest_route=\/wp\/v2\/posts"}],"about":[{"href":"https:\/\/erevanblog.am\/index.php?rest_route=\/wp\/v2\/types\/post"}],"author":[{"embeddable":true,"href":"https:\/\/erevanblog.am\/index.php?rest_route=\/wp\/v2\/users\/1"}],"replies":[{"embeddable":true,"href":"https:\/\/erevanblog.am\/index.php?rest_route=%2Fwp%2Fv2%2Fcomments&post=10557"}],"version-history":[{"count":1,"href":"https:\/\/erevanblog.am\/index.php?rest_route=\/wp\/v2\/posts\/10557\/revisions"}],"predecessor-version":[{"id":10559,"href":"https:\/\/erevanblog.am\/index.php?rest_route=\/wp\/v2\/posts\/10557\/revisions\/10559"}],"wp:featuredmedia":[{"embeddable":true,"href":"https:\/\/erevanblog.am\/index.php?rest_route=\/wp\/v2\/media\/10558"}],"wp:attachment":[{"href":"https:\/\/erevanblog.am\/index.php?rest_route=%2Fwp%2Fv2%2Fmedia&parent=10557"}],"wp:term":[{"taxonomy":"category","embeddable":true,"href":"https:\/\/erevanblog.am\/index.php?rest_route=%2Fwp%2Fv2%2Fcategories&post=10557"},{"taxonomy":"post_tag","embeddable":true,"href":"https:\/\/erevanblog.am\/index.php?rest_route=%2Fwp%2Fv2%2Ftags&post=10557"}],"curies":[{"name":"wp","href":"https:\/\/api.w.org\/{rel}","templated":true}]}}