{"id":10572,"date":"2025-06-30T06:56:15","date_gmt":"2025-06-30T05:56:15","guid":{"rendered":"https:\/\/erevanblog.am\/?p=10572"},"modified":"2025-06-30T06:56:15","modified_gmt":"2025-06-30T05:56:15","slug":"muz-si-myslel-ze-ma-blechy-skutecnost-ho-ale-vydesila-k-smrti","status":"publish","type":"post","link":"https:\/\/erevanblog.am\/?p=10572","title":{"rendered":"Mu\u017e si myslel, \u017ee m\u00e1 blechy. Skute\u010dnost ho ale vyd\u011bsila k smrti"},"content":{"rendered":"\n<p>Na prvn\u00ed pohled \u0161lo jen o b\u011b\u017en\u00e9 sv\u011bd\u011bn\u00ed. Petr, mu\u017e ve \u010dty\u0159ic\u00edtce z men\u0161\u00edho m\u011bsta na Morav\u011b, si za\u010dal v\u0161\u00edmat, \u017ee se \u010dasto drbe na z\u00e1dech a rukou. Domn\u00edval se, \u017ee jde o blechy nebo \u0161t\u011bnice, mo\u017en\u00e1 si je p\u0159inesl z proch\u00e1zky se psem.<\/p>\n\n\n\n<p>Netu\u0161il v\u0161ak, \u017ee se brzy ocitne uprost\u0159ed d\u011bsiv\u00e9ho sc\u00e9n\u00e1\u0159e, kter\u00fd mu obr\u00e1t\u00ed \u017eivot vzh\u016fru nohama.<\/p>\n\n\n\n<figure class=\"wp-block-image size-full\"><img loading=\"lazy\" decoding=\"async\" width=\"1024\" height=\"933\" src=\"https:\/\/erevanblog.am\/wp-content\/uploads\/2025\/06\/111111111.png\" alt=\"\" class=\"wp-image-10573\" srcset=\"https:\/\/erevanblog.am\/wp-content\/uploads\/2025\/06\/111111111.png 1024w, https:\/\/erevanblog.am\/wp-content\/uploads\/2025\/06\/111111111-300x273.png 300w, https:\/\/erevanblog.am\/wp-content\/uploads\/2025\/06\/111111111-768x700.png 768w\" sizes=\"auto, (max-width: 1024px) 100vw, 1024px\" \/><\/figure>\n\n\n\n<p><strong>Ve\u010der, kdy se v\u0161echno zm\u011bnilo<\/strong><\/p>\n\n\n\n<p>Jednoho ve\u010dera, kdy\u017e sed\u011bl u televize, si jeho man\u017eelka Jana v\u0161imla, \u017ee se neust\u00e1le \u0161kr\u00e1be. Sundala mu tri\u010dko \u2013 a to, co spat\u0159ila, j\u00ed vyrazilo dech. Na jeho z\u00e1dech byly viditeln\u00e9 podivn\u00e9 pohyby \u2013 vlnky a st\u00edny pod k\u016f\u017e\u00ed, jako by se tam n\u011bco \u017eiv\u00e9ho pohybovalo.<\/p>\n\n\n\n<p>Byly to drobn\u00e9 larvy nebo \u010dervi, kte\u0159\u00ed se z\u0159ejm\u011b uhn\u00edzdili p\u0159\u00edmo pod jeho poko\u017ekou.<\/p>\n\n\n\n<p><strong>\u0160okuj\u00edc\u00ed diagn\u00f3za<\/strong><\/p>\n\n\n\n<p>Jana okam\u017eit\u011b zavolala z\u00e1chranku a celou situaci nato\u010dila. V nemocnici z\u016fstali l\u00e9ka\u0159i v \u0161oku \u2013 Petr se nakazil vz\u00e1cn\u00fdm parazitem zvan\u00fdm <strong>larva migrans<\/strong>, kter\u00fd se b\u011b\u017en\u011b vyskytuje pouze v tropick\u00fdch oblastech.<\/p>\n\n\n\n<p>Nikdo nech\u00e1pal, jak je mo\u017en\u00e9, \u017ee se t\u00edmto parazitem nakazil, kdy\u017e nikdy necestoval mimo \u010ceskou republiku.<\/p>\n\n\n\n<p><strong>P\u016fvod odhalen<\/strong><\/p>\n\n\n\n<p>P\u0159i zp\u011btn\u00e9m p\u00e1tr\u00e1n\u00ed vy\u0161lo najevo, \u017ee se ned\u00e1vno koupal v opu\u0161t\u011bn\u00e9 zatopen\u00e9 p\u00edskovn\u011b. Pr\u00e1v\u011b tam mohl p\u0159ij\u00edt do kontaktu s infikovanou vodou, ve kter\u00e9 parazit p\u0159e\u017eil a rozmno\u017eil se.<\/p>\n\n\n\n<p>\u201eNenapadlo m\u011b, \u017ee n\u011bco takov\u00e9ho m\u016f\u017ee b\u00fdt hned za m\u011bstem,\u201c \u0159ekl pozd\u011bji Petr.<\/p>\n\n\n\n<p><strong>N\u00e1ro\u010dn\u00e1 l\u00e9\u010dba<\/strong><\/p>\n\n\n\n<p>Podstoupil n\u011bkolik z\u00e1krok\u016f a intenzivn\u00ed l\u00e9\u010dbu, aby se parazit\u016f zbavil. A\u010dkoliv \u0161lo o bolestiv\u00fd a zdlouhav\u00fd proces, l\u00e9ka\u0159\u016fm se poda\u0159ilo infekci zastavit. Na t\u011ble mu v\u0161ak z\u016fstaly jizvy \u2013 nejen fyzick\u00e9, ale i psychick\u00e9.<\/p>\n\n\n\n<p><strong>Varov\u00e1n\u00ed pro ostatn\u00ed<\/strong><\/p>\n\n\n\n<p>Petr\u016fv p\u0159\u00edb\u011bh ukazuje, \u017ee i tam, kde bychom ne\u010dekali \u017e\u00e1dn\u00e9 nebezpe\u010d\u00ed, se m\u016f\u017ee skr\u00fdvat hrozba. Z ban\u00e1ln\u00edho sv\u011bd\u011bn\u00ed se m\u016f\u017ee vyklubat v\u00e1\u017en\u00e9 ohro\u017een\u00ed zdrav\u00ed.<\/p>\n\n\n\n<p>Nikdy nepodce\u0148ujte sign\u00e1ly, kter\u00e9 v\u00e1m t\u011blo vys\u00edl\u00e1 \u2013 a\u0165 u\u017e jste kdekoli.<\/p>\n","protected":false},"excerpt":{"rendered":"<div class=\"mh-excerpt\"><p>Na prvn\u00ed pohled \u0161lo jen o b\u011b\u017en\u00e9 sv\u011bd\u011bn\u00ed. Petr, mu\u017e ve \u010dty\u0159ic\u00edtce z men\u0161\u00edho m\u011bsta na Morav\u011b, si za\u010dal v\u0161\u00edmat, \u017ee se \u010dasto drbe na <a class=\"mh-excerpt-more\" href=\"https:\/\/erevanblog.am\/?p=10572\" title=\"Mu\u017e si myslel, \u017ee m\u00e1 blechy. Skute\u010dnost ho ale vyd\u011bsila k smrti\">[&#8230;]<\/a><\/p>\n<\/div>","protected":false},"author":1,"featured_media":10573,"comment_status":"open","ping_status":"open","sticky":false,"template":"","format":"standard","meta":{"footnotes":""},"categories":[1],"tags":[],"class_list":["post-10572","post","type-post","status-publish","format-standard","has-post-thumbnail","hentry","category-uncategorised"],"yoast_head":"<!-- This site is optimized with the Yoast SEO plugin v27.5 - https:\/\/yoast.com\/product\/yoast-seo-wordpress\/ -->\n<title>Mu\u017e si myslel, \u017ee m\u00e1 blechy. Skute\u010dnost ho ale vyd\u011bsila k smrti -<\/title>\n<meta name=\"robots\" content=\"index, follow, max-snippet:-1, max-image-preview:large, max-video-preview:-1\" \/>\n<link rel=\"canonical\" href=\"https:\/\/erevanblog.am\/?p=10572\" \/>\n<meta property=\"og:locale\" content=\"en_US\" \/>\n<meta property=\"og:type\" content=\"article\" \/>\n<meta property=\"og:title\" content=\"Mu\u017e si myslel, \u017ee m\u00e1 blechy. Skute\u010dnost ho ale vyd\u011bsila k smrti -\" \/>\n<meta property=\"og:description\" content=\"Na prvn\u00ed pohled \u0161lo jen o b\u011b\u017en\u00e9 sv\u011bd\u011bn\u00ed. Petr, mu\u017e ve \u010dty\u0159ic\u00edtce z men\u0161\u00edho m\u011bsta na Morav\u011b, si za\u010dal v\u0161\u00edmat, \u017ee se \u010dasto drbe na [...]\" \/>\n<meta property=\"og:url\" content=\"https:\/\/erevanblog.am\/?p=10572\" \/>\n<meta property=\"article:published_time\" content=\"2025-06-30T05:56:15+00:00\" \/>\n<meta property=\"og:image\" content=\"http:\/\/erevanblog.am\/wp-content\/uploads\/2025\/06\/111111111.png\" \/>\n\t<meta property=\"og:image:width\" content=\"1024\" \/>\n\t<meta property=\"og:image:height\" content=\"933\" \/>\n\t<meta property=\"og:image:type\" content=\"image\/png\" \/>\n<meta name=\"author\" content=\"erevanblog_a\" \/>\n<meta name=\"twitter:card\" content=\"summary_large_image\" \/>\n<meta name=\"twitter:label1\" content=\"Written by\" \/>\n\t<meta name=\"twitter:data1\" content=\"erevanblog_a\" \/>\n\t<meta name=\"twitter:label2\" content=\"Est. reading time\" \/>\n\t<meta name=\"twitter:data2\" content=\"2 minutes\" \/>\n<script type=\"application\/ld+json\" class=\"yoast-schema-graph\">{\"@context\":\"https:\\\/\\\/schema.org\",\"@graph\":[{\"@type\":\"Article\",\"@id\":\"https:\\\/\\\/erevanblog.am\\\/?p=10572#article\",\"isPartOf\":{\"@id\":\"https:\\\/\\\/erevanblog.am\\\/?p=10572\"},\"author\":{\"name\":\"erevanblog_a\",\"@id\":\"https:\\\/\\\/erevanblog.am\\\/#\\\/schema\\\/person\\\/204f10311eb7ddb8914a5ab3e5f03928\"},\"headline\":\"Mu\u017e si myslel, \u017ee m\u00e1 blechy. Skute\u010dnost ho ale vyd\u011bsila k smrti\",\"datePublished\":\"2025-06-30T05:56:15+00:00\",\"mainEntityOfPage\":{\"@id\":\"https:\\\/\\\/erevanblog.am\\\/?p=10572\"},\"wordCount\":415,\"commentCount\":0,\"image\":{\"@id\":\"https:\\\/\\\/erevanblog.am\\\/?p=10572#primaryimage\"},\"thumbnailUrl\":\"https:\\\/\\\/erevanblog.am\\\/wp-content\\\/uploads\\\/2025\\\/06\\\/111111111.png\",\"articleSection\":[\"NEWS\"],\"inLanguage\":\"en-US\",\"potentialAction\":[{\"@type\":\"CommentAction\",\"name\":\"Comment\",\"target\":[\"https:\\\/\\\/erevanblog.am\\\/?p=10572#respond\"]}]},{\"@type\":\"WebPage\",\"@id\":\"https:\\\/\\\/erevanblog.am\\\/?p=10572\",\"url\":\"https:\\\/\\\/erevanblog.am\\\/?p=10572\",\"name\":\"Mu\u017e si myslel, \u017ee m\u00e1 blechy. Skute\u010dnost ho ale vyd\u011bsila k smrti -\",\"isPartOf\":{\"@id\":\"https:\\\/\\\/erevanblog.am\\\/#website\"},\"primaryImageOfPage\":{\"@id\":\"https:\\\/\\\/erevanblog.am\\\/?p=10572#primaryimage\"},\"image\":{\"@id\":\"https:\\\/\\\/erevanblog.am\\\/?p=10572#primaryimage\"},\"thumbnailUrl\":\"https:\\\/\\\/erevanblog.am\\\/wp-content\\\/uploads\\\/2025\\\/06\\\/111111111.png\",\"datePublished\":\"2025-06-30T05:56:15+00:00\",\"author\":{\"@id\":\"https:\\\/\\\/erevanblog.am\\\/#\\\/schema\\\/person\\\/204f10311eb7ddb8914a5ab3e5f03928\"},\"breadcrumb\":{\"@id\":\"https:\\\/\\\/erevanblog.am\\\/?p=10572#breadcrumb\"},\"inLanguage\":\"en-US\",\"potentialAction\":[{\"@type\":\"ReadAction\",\"target\":[\"https:\\\/\\\/erevanblog.am\\\/?p=10572\"]}]},{\"@type\":\"ImageObject\",\"inLanguage\":\"en-US\",\"@id\":\"https:\\\/\\\/erevanblog.am\\\/?p=10572#primaryimage\",\"url\":\"https:\\\/\\\/erevanblog.am\\\/wp-content\\\/uploads\\\/2025\\\/06\\\/111111111.png\",\"contentUrl\":\"https:\\\/\\\/erevanblog.am\\\/wp-content\\\/uploads\\\/2025\\\/06\\\/111111111.png\",\"width\":1024,\"height\":933},{\"@type\":\"BreadcrumbList\",\"@id\":\"https:\\\/\\\/erevanblog.am\\\/?p=10572#breadcrumb\",\"itemListElement\":[{\"@type\":\"ListItem\",\"position\":1,\"name\":\"Home\",\"item\":\"https:\\\/\\\/erevanblog.am\\\/\"},{\"@type\":\"ListItem\",\"position\":2,\"name\":\"Mu\u017e si myslel, \u017ee m\u00e1 blechy. Skute\u010dnost ho ale vyd\u011bsila k smrti\"}]},{\"@type\":\"WebSite\",\"@id\":\"https:\\\/\\\/erevanblog.am\\\/#website\",\"url\":\"https:\\\/\\\/erevanblog.am\\\/\",\"name\":\"\",\"description\":\"\",\"potentialAction\":[{\"@type\":\"SearchAction\",\"target\":{\"@type\":\"EntryPoint\",\"urlTemplate\":\"https:\\\/\\\/erevanblog.am\\\/?s={search_term_string}\"},\"query-input\":{\"@type\":\"PropertyValueSpecification\",\"valueRequired\":true,\"valueName\":\"search_term_string\"}}],\"inLanguage\":\"en-US\"},{\"@type\":\"Person\",\"@id\":\"https:\\\/\\\/erevanblog.am\\\/#\\\/schema\\\/person\\\/204f10311eb7ddb8914a5ab3e5f03928\",\"name\":\"erevanblog_a\",\"image\":{\"@type\":\"ImageObject\",\"inLanguage\":\"en-US\",\"@id\":\"https:\\\/\\\/secure.gravatar.com\\\/avatar\\\/a24f4ac3a683f3c87303db525abc00db51ea26ccedee11dfaf1cc0f9a481a5d2?s=96&d=mm&r=g\",\"url\":\"https:\\\/\\\/secure.gravatar.com\\\/avatar\\\/a24f4ac3a683f3c87303db525abc00db51ea26ccedee11dfaf1cc0f9a481a5d2?s=96&d=mm&r=g\",\"contentUrl\":\"https:\\\/\\\/secure.gravatar.com\\\/avatar\\\/a24f4ac3a683f3c87303db525abc00db51ea26ccedee11dfaf1cc0f9a481a5d2?s=96&d=mm&r=g\",\"caption\":\"erevanblog_a\"},\"sameAs\":[\"http:\\\/\\\/erevanblog.am\"],\"url\":\"https:\\\/\\\/erevanblog.am\\\/?author=1\"}]}<\/script>\n<!-- \/ Yoast SEO plugin. -->","yoast_head_json":{"title":"Mu\u017e si myslel, \u017ee m\u00e1 blechy. Skute\u010dnost ho ale vyd\u011bsila k smrti -","robots":{"index":"index","follow":"follow","max-snippet":"max-snippet:-1","max-image-preview":"max-image-preview:large","max-video-preview":"max-video-preview:-1"},"canonical":"https:\/\/erevanblog.am\/?p=10572","og_locale":"en_US","og_type":"article","og_title":"Mu\u017e si myslel, \u017ee m\u00e1 blechy. Skute\u010dnost ho ale vyd\u011bsila k smrti -","og_description":"Na prvn\u00ed pohled \u0161lo jen o b\u011b\u017en\u00e9 sv\u011bd\u011bn\u00ed. Petr, mu\u017e ve \u010dty\u0159ic\u00edtce z men\u0161\u00edho m\u011bsta na Morav\u011b, si za\u010dal v\u0161\u00edmat, \u017ee se \u010dasto drbe na [...]","og_url":"https:\/\/erevanblog.am\/?p=10572","article_published_time":"2025-06-30T05:56:15+00:00","og_image":[{"width":1024,"height":933,"url":"http:\/\/erevanblog.am\/wp-content\/uploads\/2025\/06\/111111111.png","type":"image\/png"}],"author":"erevanblog_a","twitter_card":"summary_large_image","twitter_misc":{"Written by":"erevanblog_a","Est. reading time":"2 minutes"},"schema":{"@context":"https:\/\/schema.org","@graph":[{"@type":"Article","@id":"https:\/\/erevanblog.am\/?p=10572#article","isPartOf":{"@id":"https:\/\/erevanblog.am\/?p=10572"},"author":{"name":"erevanblog_a","@id":"https:\/\/erevanblog.am\/#\/schema\/person\/204f10311eb7ddb8914a5ab3e5f03928"},"headline":"Mu\u017e si myslel, \u017ee m\u00e1 blechy. Skute\u010dnost ho ale vyd\u011bsila k smrti","datePublished":"2025-06-30T05:56:15+00:00","mainEntityOfPage":{"@id":"https:\/\/erevanblog.am\/?p=10572"},"wordCount":415,"commentCount":0,"image":{"@id":"https:\/\/erevanblog.am\/?p=10572#primaryimage"},"thumbnailUrl":"https:\/\/erevanblog.am\/wp-content\/uploads\/2025\/06\/111111111.png","articleSection":["NEWS"],"inLanguage":"en-US","potentialAction":[{"@type":"CommentAction","name":"Comment","target":["https:\/\/erevanblog.am\/?p=10572#respond"]}]},{"@type":"WebPage","@id":"https:\/\/erevanblog.am\/?p=10572","url":"https:\/\/erevanblog.am\/?p=10572","name":"Mu\u017e si myslel, \u017ee m\u00e1 blechy. Skute\u010dnost ho ale vyd\u011bsila k smrti -","isPartOf":{"@id":"https:\/\/erevanblog.am\/#website"},"primaryImageOfPage":{"@id":"https:\/\/erevanblog.am\/?p=10572#primaryimage"},"image":{"@id":"https:\/\/erevanblog.am\/?p=10572#primaryimage"},"thumbnailUrl":"https:\/\/erevanblog.am\/wp-content\/uploads\/2025\/06\/111111111.png","datePublished":"2025-06-30T05:56:15+00:00","author":{"@id":"https:\/\/erevanblog.am\/#\/schema\/person\/204f10311eb7ddb8914a5ab3e5f03928"},"breadcrumb":{"@id":"https:\/\/erevanblog.am\/?p=10572#breadcrumb"},"inLanguage":"en-US","potentialAction":[{"@type":"ReadAction","target":["https:\/\/erevanblog.am\/?p=10572"]}]},{"@type":"ImageObject","inLanguage":"en-US","@id":"https:\/\/erevanblog.am\/?p=10572#primaryimage","url":"https:\/\/erevanblog.am\/wp-content\/uploads\/2025\/06\/111111111.png","contentUrl":"https:\/\/erevanblog.am\/wp-content\/uploads\/2025\/06\/111111111.png","width":1024,"height":933},{"@type":"BreadcrumbList","@id":"https:\/\/erevanblog.am\/?p=10572#breadcrumb","itemListElement":[{"@type":"ListItem","position":1,"name":"Home","item":"https:\/\/erevanblog.am\/"},{"@type":"ListItem","position":2,"name":"Mu\u017e si myslel, \u017ee m\u00e1 blechy. Skute\u010dnost ho ale vyd\u011bsila k smrti"}]},{"@type":"WebSite","@id":"https:\/\/erevanblog.am\/#website","url":"https:\/\/erevanblog.am\/","name":"","description":"","potentialAction":[{"@type":"SearchAction","target":{"@type":"EntryPoint","urlTemplate":"https:\/\/erevanblog.am\/?s={search_term_string}"},"query-input":{"@type":"PropertyValueSpecification","valueRequired":true,"valueName":"search_term_string"}}],"inLanguage":"en-US"},{"@type":"Person","@id":"https:\/\/erevanblog.am\/#\/schema\/person\/204f10311eb7ddb8914a5ab3e5f03928","name":"erevanblog_a","image":{"@type":"ImageObject","inLanguage":"en-US","@id":"https:\/\/secure.gravatar.com\/avatar\/a24f4ac3a683f3c87303db525abc00db51ea26ccedee11dfaf1cc0f9a481a5d2?s=96&d=mm&r=g","url":"https:\/\/secure.gravatar.com\/avatar\/a24f4ac3a683f3c87303db525abc00db51ea26ccedee11dfaf1cc0f9a481a5d2?s=96&d=mm&r=g","contentUrl":"https:\/\/secure.gravatar.com\/avatar\/a24f4ac3a683f3c87303db525abc00db51ea26ccedee11dfaf1cc0f9a481a5d2?s=96&d=mm&r=g","caption":"erevanblog_a"},"sameAs":["http:\/\/erevanblog.am"],"url":"https:\/\/erevanblog.am\/?author=1"}]}},"views":299,"_links":{"self":[{"href":"https:\/\/erevanblog.am\/index.php?rest_route=\/wp\/v2\/posts\/10572","targetHints":{"allow":["GET"]}}],"collection":[{"href":"https:\/\/erevanblog.am\/index.php?rest_route=\/wp\/v2\/posts"}],"about":[{"href":"https:\/\/erevanblog.am\/index.php?rest_route=\/wp\/v2\/types\/post"}],"author":[{"embeddable":true,"href":"https:\/\/erevanblog.am\/index.php?rest_route=\/wp\/v2\/users\/1"}],"replies":[{"embeddable":true,"href":"https:\/\/erevanblog.am\/index.php?rest_route=%2Fwp%2Fv2%2Fcomments&post=10572"}],"version-history":[{"count":1,"href":"https:\/\/erevanblog.am\/index.php?rest_route=\/wp\/v2\/posts\/10572\/revisions"}],"predecessor-version":[{"id":10574,"href":"https:\/\/erevanblog.am\/index.php?rest_route=\/wp\/v2\/posts\/10572\/revisions\/10574"}],"wp:featuredmedia":[{"embeddable":true,"href":"https:\/\/erevanblog.am\/index.php?rest_route=\/wp\/v2\/media\/10573"}],"wp:attachment":[{"href":"https:\/\/erevanblog.am\/index.php?rest_route=%2Fwp%2Fv2%2Fmedia&parent=10572"}],"wp:term":[{"taxonomy":"category","embeddable":true,"href":"https:\/\/erevanblog.am\/index.php?rest_route=%2Fwp%2Fv2%2Fcategories&post=10572"},{"taxonomy":"post_tag","embeddable":true,"href":"https:\/\/erevanblog.am\/index.php?rest_route=%2Fwp%2Fv2%2Ftags&post=10572"}],"curies":[{"name":"wp","href":"https:\/\/api.w.org\/{rel}","templated":true}]}}