{"id":10575,"date":"2025-06-30T07:02:43","date_gmt":"2025-06-30T06:02:43","guid":{"rendered":"https:\/\/erevanblog.am\/?p=10575"},"modified":"2025-06-30T07:02:44","modified_gmt":"2025-06-30T06:02:44","slug":"nevesta-plakala-dojetim-kdyz-tchyne-odhalila-svuj-dar-cely-sal-ztichl","status":"publish","type":"post","link":"https:\/\/erevanblog.am\/?p=10575","title":{"rendered":"Nev\u011bsta plakala dojet\u00edm. Kdy\u017e tchyn\u011b odhalila sv\u016fj dar, cel\u00fd s\u00e1l ztichl."},"content":{"rendered":"\n<p>Byl n\u00e1dhern\u00fd \u010dervnov\u00fd den. V malebn\u00e9 vesnick\u00e9 kapli prob\u00edhal svatebn\u00ed ob\u0159ad Kl\u00e1ry a Michala. Nervozita i \u0161t\u011bst\u00ed se jim zra\u010dily ve tv\u00e1\u0159\u00edch, kdy\u017e si p\u0159ed olt\u00e1\u0159em slibovali v\u011brnost. Vzduch von\u011bl \u010derstvou tr\u00e1vou, slunce hr\u00e1lo barevn\u00fdmi odlesky na vitr\u00e1\u017e\u00edch a atmosf\u00e9ra byla slavnostn\u00ed. Nikdo v\u0161ak netu\u0161il, jak siln\u00fd okam\u017eik je b\u011bhem hostiny \u010dek\u00e1.<\/p>\n\n\n\n<figure class=\"wp-block-image size-full\"><img loading=\"lazy\" decoding=\"async\" width=\"1016\" height=\"1024\" src=\"https:\/\/erevanblog.am\/wp-content\/uploads\/2025\/06\/12369999999.jpg\" alt=\"\" class=\"wp-image-10576\" srcset=\"https:\/\/erevanblog.am\/wp-content\/uploads\/2025\/06\/12369999999.jpg 1016w, https:\/\/erevanblog.am\/wp-content\/uploads\/2025\/06\/12369999999-298x300.jpg 298w, https:\/\/erevanblog.am\/wp-content\/uploads\/2025\/06\/12369999999-150x150.jpg 150w, https:\/\/erevanblog.am\/wp-content\/uploads\/2025\/06\/12369999999-768x774.jpg 768w\" sizes=\"auto, (max-width: 1016px) 100vw, 1016px\" \/><\/figure>\n\n\n\n<p>Rodi\u010de nev\u011bsty, pan a pan\u00ed Novotn\u00ed, byli zvykl\u00ed na sv\u011bt noblesy. Vlastnili byty, cestovali za kulturou a m\u011bli jasn\u00e9 p\u0159edstavy o tom, co je vhodn\u00e9 a reprezentativn\u00ed. Nechyb\u011bla jim p\u00fdcha \u2014 a bohu\u017eel ani p\u0159edsudky.<\/p>\n\n\n\n<p>Matka \u017eenicha, pan\u00ed Hanka, byla oby\u010dejn\u00e1 \u017eena s tepl\u00fdm srdcem. \u017dila ve skromn\u00fdch pom\u011brech, pracovala cel\u00fd \u017eivot jako kucha\u0159ka a vychovala syna sama. Na svatbu p\u0159i\u0161la s \u00fasm\u011bvem a v decentn\u00edm oble\u010den\u00ed. U\u017e p\u0159i p\u0159\u00edchodu c\u00edtila pohledy i \u0161epot.<\/p>\n\n\n\n<p>\u201ePod\u00edvej, ani kade\u0159n\u00edka nenav\u0161t\u00edvila,\u201c \u0161eptala pan\u00ed Novotn\u00e1 man\u017eelovi. \u201eA ten bal\u00edk, co nese? Vypad\u00e1 jako zabalen\u00fd ubrus.\u201c<\/p>\n\n\n\n<p>Slavnostn\u00ed hostina byla honosn\u00e1 \u2014 francouzsk\u00e9 v\u00edno, p\u011btichodov\u00e9 menu, \u017eiv\u00e1 hudba. P\u0159i\u0161la chv\u00edle, kdy novoman\u017eel\u00e9 dost\u00e1vali dary. Novotn\u00ed p\u0159edali luxusn\u00ed ob\u00e1lku \u2014 kl\u00ed\u010de od nov\u00e9ho bytu.<\/p>\n\n\n\n<p>\u201eAby nemuseli za\u010d\u00ednat z ni\u010deho,\u201c poznamenala pan\u00ed Novotn\u00e1 s \u00fasm\u011bvem pln\u00fdm sebeuspokojen\u00ed.<\/p>\n\n\n\n<p>Pak vstala pan\u00ed Hanka. V rukou dr\u017eela krabici zabalenou do vy\u0161\u00edvan\u00e9 l\u00e1tky. Hlasem klidn\u00fdm, ale pevn\u00fdm \u0159ekla:<\/p>\n\n\n\n<p>\u201eNemohu v\u00e1m d\u00e1t byt ani z\u00e1jezd. Ale p\u0159ipravila jsem n\u011bco, co vych\u00e1z\u00ed ze srdce. V\u011b\u0159\u00edm, \u017ee v\u00e1m to pom\u016f\u017ee si p\u0159ipom\u00ednat, co je v man\u017eelstv\u00ed opravdu d\u016fle\u017eit\u00e9.\u201c<\/p>\n\n\n\n<p>Rozbalila krabici. Uvnit\u0159 byl ru\u010dn\u011b vytvo\u0159en\u00fd rodinn\u00fd album \u2013 vy\u0161\u00edvan\u00fd, sv\u00e1zan\u00fd v k\u016f\u017ei. Pln\u00fd fotografi\u00ed, dopis\u016f, recept\u016f, vzpom\u00ednek. Ka\u017ed\u00e1 str\u00e1nka vypr\u00e1v\u011bla p\u0159\u00edb\u011bh. A posledn\u00ed byla pr\u00e1zdn\u00e1 \u2013 \u010dekaj\u00edc\u00ed na jejich vlastn\u00ed cestu.<\/p>\n\n\n\n<p>V m\u00edstnosti zavl\u00e1dlo ticho. V\u0161ichni c\u00edtili, \u017ee se d\u011bje n\u011bco hlubok\u00e9ho. Kl\u00e1ra se rozplakala a objala svou novou tchyni.<\/p>\n\n\n\n<p>\u201eTo je ten nejkr\u00e1sn\u011bj\u0161\u00ed dar, jak\u00fd jsem kdy dostala,\u201c \u0161eptala.<\/p>\n\n\n\n<p>Pan\u00ed Novotn\u00e1 ml\u010dela. Poprv\u00e9 za cel\u00fd ve\u010der. Jej\u00ed drah\u00fd dar bledl vedle n\u011b\u010deho, co nelze koupit.<\/p>\n\n\n\n<p>Pan\u00ed Hanka si ti\u0161e sedla. Nic v\u00edc ne\u0159ekla. Ale u\u017e nebyla tou, kterou p\u0159ehl\u00ed\u017eej\u00ed. Stala se \u017eenou, kter\u00e1 p\u0159ipomn\u011bla v\u0161em p\u0159\u00edtomn\u00fdm, co m\u00e1 v \u017eivot\u011b skute\u010dnou hodnotu.<\/p>\n","protected":false},"excerpt":{"rendered":"<div class=\"mh-excerpt\"><p>Byl n\u00e1dhern\u00fd \u010dervnov\u00fd den. V malebn\u00e9 vesnick\u00e9 kapli prob\u00edhal svatebn\u00ed ob\u0159ad Kl\u00e1ry a Michala. Nervozita i \u0161t\u011bst\u00ed se jim zra\u010dily ve tv\u00e1\u0159\u00edch, kdy\u017e si p\u0159ed <a class=\"mh-excerpt-more\" href=\"https:\/\/erevanblog.am\/?p=10575\" title=\"Nev\u011bsta plakala dojet\u00edm. Kdy\u017e tchyn\u011b odhalila sv\u016fj dar, cel\u00fd s\u00e1l ztichl.\">[&#8230;]<\/a><\/p>\n<\/div>","protected":false},"author":1,"featured_media":10576,"comment_status":"open","ping_status":"open","sticky":false,"template":"","format":"standard","meta":{"footnotes":""},"categories":[1],"tags":[],"class_list":["post-10575","post","type-post","status-publish","format-standard","has-post-thumbnail","hentry","category-uncategorised"],"yoast_head":"<!-- This site is optimized with the Yoast SEO plugin v27.5 - https:\/\/yoast.com\/product\/yoast-seo-wordpress\/ -->\n<title>Nev\u011bsta plakala dojet\u00edm. Kdy\u017e tchyn\u011b odhalila sv\u016fj dar, cel\u00fd s\u00e1l ztichl. -<\/title>\n<meta name=\"robots\" content=\"index, follow, max-snippet:-1, max-image-preview:large, max-video-preview:-1\" \/>\n<link rel=\"canonical\" href=\"https:\/\/erevanblog.am\/?p=10575\" \/>\n<meta property=\"og:locale\" content=\"en_US\" \/>\n<meta property=\"og:type\" content=\"article\" \/>\n<meta property=\"og:title\" content=\"Nev\u011bsta plakala dojet\u00edm. Kdy\u017e tchyn\u011b odhalila sv\u016fj dar, cel\u00fd s\u00e1l ztichl. -\" \/>\n<meta property=\"og:description\" content=\"Byl n\u00e1dhern\u00fd \u010dervnov\u00fd den. V malebn\u00e9 vesnick\u00e9 kapli prob\u00edhal svatebn\u00ed ob\u0159ad Kl\u00e1ry a Michala. Nervozita i \u0161t\u011bst\u00ed se jim zra\u010dily ve tv\u00e1\u0159\u00edch, kdy\u017e si p\u0159ed [...]\" \/>\n<meta property=\"og:url\" content=\"https:\/\/erevanblog.am\/?p=10575\" \/>\n<meta property=\"article:published_time\" content=\"2025-06-30T06:02:43+00:00\" \/>\n<meta property=\"article:modified_time\" content=\"2025-06-30T06:02:44+00:00\" \/>\n<meta property=\"og:image\" content=\"http:\/\/erevanblog.am\/wp-content\/uploads\/2025\/06\/12369999999.jpg\" \/>\n\t<meta property=\"og:image:width\" content=\"1016\" \/>\n\t<meta property=\"og:image:height\" content=\"1024\" \/>\n\t<meta property=\"og:image:type\" content=\"image\/jpeg\" \/>\n<meta name=\"author\" content=\"erevanblog_a\" \/>\n<meta name=\"twitter:card\" content=\"summary_large_image\" \/>\n<meta name=\"twitter:label1\" content=\"Written by\" \/>\n\t<meta name=\"twitter:data1\" content=\"erevanblog_a\" \/>\n\t<meta name=\"twitter:label2\" content=\"Est. reading time\" \/>\n\t<meta name=\"twitter:data2\" content=\"2 minutes\" \/>\n<script type=\"application\/ld+json\" class=\"yoast-schema-graph\">{\"@context\":\"https:\\\/\\\/schema.org\",\"@graph\":[{\"@type\":\"Article\",\"@id\":\"https:\\\/\\\/erevanblog.am\\\/?p=10575#article\",\"isPartOf\":{\"@id\":\"https:\\\/\\\/erevanblog.am\\\/?p=10575\"},\"author\":{\"name\":\"erevanblog_a\",\"@id\":\"https:\\\/\\\/erevanblog.am\\\/#\\\/schema\\\/person\\\/204f10311eb7ddb8914a5ab3e5f03928\"},\"headline\":\"Nev\u011bsta plakala dojet\u00edm. Kdy\u017e tchyn\u011b odhalila sv\u016fj dar, cel\u00fd s\u00e1l ztichl.\",\"datePublished\":\"2025-06-30T06:02:43+00:00\",\"dateModified\":\"2025-06-30T06:02:44+00:00\",\"mainEntityOfPage\":{\"@id\":\"https:\\\/\\\/erevanblog.am\\\/?p=10575\"},\"wordCount\":460,\"commentCount\":0,\"image\":{\"@id\":\"https:\\\/\\\/erevanblog.am\\\/?p=10575#primaryimage\"},\"thumbnailUrl\":\"https:\\\/\\\/erevanblog.am\\\/wp-content\\\/uploads\\\/2025\\\/06\\\/12369999999.jpg\",\"articleSection\":[\"NEWS\"],\"inLanguage\":\"en-US\",\"potentialAction\":[{\"@type\":\"CommentAction\",\"name\":\"Comment\",\"target\":[\"https:\\\/\\\/erevanblog.am\\\/?p=10575#respond\"]}]},{\"@type\":\"WebPage\",\"@id\":\"https:\\\/\\\/erevanblog.am\\\/?p=10575\",\"url\":\"https:\\\/\\\/erevanblog.am\\\/?p=10575\",\"name\":\"Nev\u011bsta plakala dojet\u00edm. Kdy\u017e tchyn\u011b odhalila sv\u016fj dar, cel\u00fd s\u00e1l ztichl. -\",\"isPartOf\":{\"@id\":\"https:\\\/\\\/erevanblog.am\\\/#website\"},\"primaryImageOfPage\":{\"@id\":\"https:\\\/\\\/erevanblog.am\\\/?p=10575#primaryimage\"},\"image\":{\"@id\":\"https:\\\/\\\/erevanblog.am\\\/?p=10575#primaryimage\"},\"thumbnailUrl\":\"https:\\\/\\\/erevanblog.am\\\/wp-content\\\/uploads\\\/2025\\\/06\\\/12369999999.jpg\",\"datePublished\":\"2025-06-30T06:02:43+00:00\",\"dateModified\":\"2025-06-30T06:02:44+00:00\",\"author\":{\"@id\":\"https:\\\/\\\/erevanblog.am\\\/#\\\/schema\\\/person\\\/204f10311eb7ddb8914a5ab3e5f03928\"},\"breadcrumb\":{\"@id\":\"https:\\\/\\\/erevanblog.am\\\/?p=10575#breadcrumb\"},\"inLanguage\":\"en-US\",\"potentialAction\":[{\"@type\":\"ReadAction\",\"target\":[\"https:\\\/\\\/erevanblog.am\\\/?p=10575\"]}]},{\"@type\":\"ImageObject\",\"inLanguage\":\"en-US\",\"@id\":\"https:\\\/\\\/erevanblog.am\\\/?p=10575#primaryimage\",\"url\":\"https:\\\/\\\/erevanblog.am\\\/wp-content\\\/uploads\\\/2025\\\/06\\\/12369999999.jpg\",\"contentUrl\":\"https:\\\/\\\/erevanblog.am\\\/wp-content\\\/uploads\\\/2025\\\/06\\\/12369999999.jpg\",\"width\":1016,\"height\":1024},{\"@type\":\"BreadcrumbList\",\"@id\":\"https:\\\/\\\/erevanblog.am\\\/?p=10575#breadcrumb\",\"itemListElement\":[{\"@type\":\"ListItem\",\"position\":1,\"name\":\"Home\",\"item\":\"https:\\\/\\\/erevanblog.am\\\/\"},{\"@type\":\"ListItem\",\"position\":2,\"name\":\"Nev\u011bsta plakala dojet\u00edm. Kdy\u017e tchyn\u011b odhalila sv\u016fj dar, cel\u00fd s\u00e1l ztichl.\"}]},{\"@type\":\"WebSite\",\"@id\":\"https:\\\/\\\/erevanblog.am\\\/#website\",\"url\":\"https:\\\/\\\/erevanblog.am\\\/\",\"name\":\"\",\"description\":\"\",\"potentialAction\":[{\"@type\":\"SearchAction\",\"target\":{\"@type\":\"EntryPoint\",\"urlTemplate\":\"https:\\\/\\\/erevanblog.am\\\/?s={search_term_string}\"},\"query-input\":{\"@type\":\"PropertyValueSpecification\",\"valueRequired\":true,\"valueName\":\"search_term_string\"}}],\"inLanguage\":\"en-US\"},{\"@type\":\"Person\",\"@id\":\"https:\\\/\\\/erevanblog.am\\\/#\\\/schema\\\/person\\\/204f10311eb7ddb8914a5ab3e5f03928\",\"name\":\"erevanblog_a\",\"image\":{\"@type\":\"ImageObject\",\"inLanguage\":\"en-US\",\"@id\":\"https:\\\/\\\/secure.gravatar.com\\\/avatar\\\/a24f4ac3a683f3c87303db525abc00db51ea26ccedee11dfaf1cc0f9a481a5d2?s=96&d=mm&r=g\",\"url\":\"https:\\\/\\\/secure.gravatar.com\\\/avatar\\\/a24f4ac3a683f3c87303db525abc00db51ea26ccedee11dfaf1cc0f9a481a5d2?s=96&d=mm&r=g\",\"contentUrl\":\"https:\\\/\\\/secure.gravatar.com\\\/avatar\\\/a24f4ac3a683f3c87303db525abc00db51ea26ccedee11dfaf1cc0f9a481a5d2?s=96&d=mm&r=g\",\"caption\":\"erevanblog_a\"},\"sameAs\":[\"http:\\\/\\\/erevanblog.am\"],\"url\":\"https:\\\/\\\/erevanblog.am\\\/?author=1\"}]}<\/script>\n<!-- \/ Yoast SEO plugin. -->","yoast_head_json":{"title":"Nev\u011bsta plakala dojet\u00edm. Kdy\u017e tchyn\u011b odhalila sv\u016fj dar, cel\u00fd s\u00e1l ztichl. -","robots":{"index":"index","follow":"follow","max-snippet":"max-snippet:-1","max-image-preview":"max-image-preview:large","max-video-preview":"max-video-preview:-1"},"canonical":"https:\/\/erevanblog.am\/?p=10575","og_locale":"en_US","og_type":"article","og_title":"Nev\u011bsta plakala dojet\u00edm. Kdy\u017e tchyn\u011b odhalila sv\u016fj dar, cel\u00fd s\u00e1l ztichl. -","og_description":"Byl n\u00e1dhern\u00fd \u010dervnov\u00fd den. V malebn\u00e9 vesnick\u00e9 kapli prob\u00edhal svatebn\u00ed ob\u0159ad Kl\u00e1ry a Michala. Nervozita i \u0161t\u011bst\u00ed se jim zra\u010dily ve tv\u00e1\u0159\u00edch, kdy\u017e si p\u0159ed [...]","og_url":"https:\/\/erevanblog.am\/?p=10575","article_published_time":"2025-06-30T06:02:43+00:00","article_modified_time":"2025-06-30T06:02:44+00:00","og_image":[{"width":1016,"height":1024,"url":"http:\/\/erevanblog.am\/wp-content\/uploads\/2025\/06\/12369999999.jpg","type":"image\/jpeg"}],"author":"erevanblog_a","twitter_card":"summary_large_image","twitter_misc":{"Written by":"erevanblog_a","Est. reading time":"2 minutes"},"schema":{"@context":"https:\/\/schema.org","@graph":[{"@type":"Article","@id":"https:\/\/erevanblog.am\/?p=10575#article","isPartOf":{"@id":"https:\/\/erevanblog.am\/?p=10575"},"author":{"name":"erevanblog_a","@id":"https:\/\/erevanblog.am\/#\/schema\/person\/204f10311eb7ddb8914a5ab3e5f03928"},"headline":"Nev\u011bsta plakala dojet\u00edm. Kdy\u017e tchyn\u011b odhalila sv\u016fj dar, cel\u00fd s\u00e1l ztichl.","datePublished":"2025-06-30T06:02:43+00:00","dateModified":"2025-06-30T06:02:44+00:00","mainEntityOfPage":{"@id":"https:\/\/erevanblog.am\/?p=10575"},"wordCount":460,"commentCount":0,"image":{"@id":"https:\/\/erevanblog.am\/?p=10575#primaryimage"},"thumbnailUrl":"https:\/\/erevanblog.am\/wp-content\/uploads\/2025\/06\/12369999999.jpg","articleSection":["NEWS"],"inLanguage":"en-US","potentialAction":[{"@type":"CommentAction","name":"Comment","target":["https:\/\/erevanblog.am\/?p=10575#respond"]}]},{"@type":"WebPage","@id":"https:\/\/erevanblog.am\/?p=10575","url":"https:\/\/erevanblog.am\/?p=10575","name":"Nev\u011bsta plakala dojet\u00edm. Kdy\u017e tchyn\u011b odhalila sv\u016fj dar, cel\u00fd s\u00e1l ztichl. -","isPartOf":{"@id":"https:\/\/erevanblog.am\/#website"},"primaryImageOfPage":{"@id":"https:\/\/erevanblog.am\/?p=10575#primaryimage"},"image":{"@id":"https:\/\/erevanblog.am\/?p=10575#primaryimage"},"thumbnailUrl":"https:\/\/erevanblog.am\/wp-content\/uploads\/2025\/06\/12369999999.jpg","datePublished":"2025-06-30T06:02:43+00:00","dateModified":"2025-06-30T06:02:44+00:00","author":{"@id":"https:\/\/erevanblog.am\/#\/schema\/person\/204f10311eb7ddb8914a5ab3e5f03928"},"breadcrumb":{"@id":"https:\/\/erevanblog.am\/?p=10575#breadcrumb"},"inLanguage":"en-US","potentialAction":[{"@type":"ReadAction","target":["https:\/\/erevanblog.am\/?p=10575"]}]},{"@type":"ImageObject","inLanguage":"en-US","@id":"https:\/\/erevanblog.am\/?p=10575#primaryimage","url":"https:\/\/erevanblog.am\/wp-content\/uploads\/2025\/06\/12369999999.jpg","contentUrl":"https:\/\/erevanblog.am\/wp-content\/uploads\/2025\/06\/12369999999.jpg","width":1016,"height":1024},{"@type":"BreadcrumbList","@id":"https:\/\/erevanblog.am\/?p=10575#breadcrumb","itemListElement":[{"@type":"ListItem","position":1,"name":"Home","item":"https:\/\/erevanblog.am\/"},{"@type":"ListItem","position":2,"name":"Nev\u011bsta plakala dojet\u00edm. Kdy\u017e tchyn\u011b odhalila sv\u016fj dar, cel\u00fd s\u00e1l ztichl."}]},{"@type":"WebSite","@id":"https:\/\/erevanblog.am\/#website","url":"https:\/\/erevanblog.am\/","name":"","description":"","potentialAction":[{"@type":"SearchAction","target":{"@type":"EntryPoint","urlTemplate":"https:\/\/erevanblog.am\/?s={search_term_string}"},"query-input":{"@type":"PropertyValueSpecification","valueRequired":true,"valueName":"search_term_string"}}],"inLanguage":"en-US"},{"@type":"Person","@id":"https:\/\/erevanblog.am\/#\/schema\/person\/204f10311eb7ddb8914a5ab3e5f03928","name":"erevanblog_a","image":{"@type":"ImageObject","inLanguage":"en-US","@id":"https:\/\/secure.gravatar.com\/avatar\/a24f4ac3a683f3c87303db525abc00db51ea26ccedee11dfaf1cc0f9a481a5d2?s=96&d=mm&r=g","url":"https:\/\/secure.gravatar.com\/avatar\/a24f4ac3a683f3c87303db525abc00db51ea26ccedee11dfaf1cc0f9a481a5d2?s=96&d=mm&r=g","contentUrl":"https:\/\/secure.gravatar.com\/avatar\/a24f4ac3a683f3c87303db525abc00db51ea26ccedee11dfaf1cc0f9a481a5d2?s=96&d=mm&r=g","caption":"erevanblog_a"},"sameAs":["http:\/\/erevanblog.am"],"url":"https:\/\/erevanblog.am\/?author=1"}]}},"views":238,"_links":{"self":[{"href":"https:\/\/erevanblog.am\/index.php?rest_route=\/wp\/v2\/posts\/10575","targetHints":{"allow":["GET"]}}],"collection":[{"href":"https:\/\/erevanblog.am\/index.php?rest_route=\/wp\/v2\/posts"}],"about":[{"href":"https:\/\/erevanblog.am\/index.php?rest_route=\/wp\/v2\/types\/post"}],"author":[{"embeddable":true,"href":"https:\/\/erevanblog.am\/index.php?rest_route=\/wp\/v2\/users\/1"}],"replies":[{"embeddable":true,"href":"https:\/\/erevanblog.am\/index.php?rest_route=%2Fwp%2Fv2%2Fcomments&post=10575"}],"version-history":[{"count":1,"href":"https:\/\/erevanblog.am\/index.php?rest_route=\/wp\/v2\/posts\/10575\/revisions"}],"predecessor-version":[{"id":10577,"href":"https:\/\/erevanblog.am\/index.php?rest_route=\/wp\/v2\/posts\/10575\/revisions\/10577"}],"wp:featuredmedia":[{"embeddable":true,"href":"https:\/\/erevanblog.am\/index.php?rest_route=\/wp\/v2\/media\/10576"}],"wp:attachment":[{"href":"https:\/\/erevanblog.am\/index.php?rest_route=%2Fwp%2Fv2%2Fmedia&parent=10575"}],"wp:term":[{"taxonomy":"category","embeddable":true,"href":"https:\/\/erevanblog.am\/index.php?rest_route=%2Fwp%2Fv2%2Fcategories&post=10575"},{"taxonomy":"post_tag","embeddable":true,"href":"https:\/\/erevanblog.am\/index.php?rest_route=%2Fwp%2Fv2%2Ftags&post=10575"}],"curies":[{"name":"wp","href":"https:\/\/api.w.org\/{rel}","templated":true}]}}