{"id":10599,"date":"2025-07-01T07:46:37","date_gmt":"2025-07-01T06:46:37","guid":{"rendered":"https:\/\/erevanblog.am\/?p=10599"},"modified":"2025-07-01T07:46:37","modified_gmt":"2025-07-01T06:46:37","slug":"necekane-pouto-po-dvaceti-letech-pribeh-otce-a-syna-ktery-zacal-nedorozumenim","status":"publish","type":"post","link":"https:\/\/erevanblog.am\/?p=10599","title":{"rendered":"Ne\u010dekan\u00e9 pouto po dvaceti letech: p\u0159\u00edb\u011bh otce a syna, kter\u00fd za\u010dal nedorozum\u011bn\u00edm"},"content":{"rendered":"\n<p>Kdy\u017e se Lenka a Petr vzali, v\u0161ichni kolem je vn\u00edmali jako ide\u00e1ln\u00ed p\u00e1r. On \u2013 \u00fasp\u011b\u0161n\u00fd architekt, ona \u2013 obl\u00edben\u00e1 u\u010ditelka v\u00fdtvarn\u00e9 v\u00fdchovy. M\u011bli velk\u00e9 pl\u00e1ny: d\u016fm na venkov\u011b, rodinu, klidn\u00fd \u017eivot. V\u0161echno nasv\u011bd\u010dovalo tomu, \u017ee je \u010dek\u00e1 \u0161\u0165astn\u00e1 budoucnost.<\/p>\n\n\n\n<figure class=\"wp-block-image size-full\"><img loading=\"lazy\" decoding=\"async\" width=\"1024\" height=\"986\" src=\"https:\/\/erevanblog.am\/wp-content\/uploads\/2025\/07\/4582222222.jpg\" alt=\"\" class=\"wp-image-10600\" srcset=\"https:\/\/erevanblog.am\/wp-content\/uploads\/2025\/07\/4582222222.jpg 1024w, https:\/\/erevanblog.am\/wp-content\/uploads\/2025\/07\/4582222222-300x289.jpg 300w, https:\/\/erevanblog.am\/wp-content\/uploads\/2025\/07\/4582222222-768x740.jpg 768w\" sizes=\"auto, (max-width: 1024px) 100vw, 1024px\" \/><\/figure>\n\n\n\n<p>V roce 2003 Lenka ot\u011bhotn\u011bla. T\u011bhotenstv\u00ed prob\u00edhalo bez komplikac\u00ed a v den porodu byl Petr po jej\u00edm boku. Ale kdy\u017e jim sest\u0159i\u010dka p\u0159inesla jejich syna, Petr on\u011bm\u011bl. D\u00edt\u011b m\u011blo tmavou ple\u0165. Petr bez jedin\u00e9ho slova ztratil d\u016fv\u011bru.<\/p>\n\n\n\n<p>\u201eTohle nen\u00ed m\u016fj syn,\u201c pronesl ti\u0161e, ale chladn\u011b. Bez dal\u0161\u00edch ot\u00e1zek ode\u0161el. Rozvod n\u00e1sledoval kr\u00e1tce pot\u00e9. Petr byl p\u0159esv\u011bd\u010den\u00fd, \u017ee ho Lenka zradila. S Dav\u00eddkem, jak se jejich syn jmenoval, se nikdy nesetkal.<\/p>\n\n\n\n<p>Lenka z\u016fstala sama. \u010celila pochybnostem i ze strany rodiny a okol\u00ed. Ale ona v\u011bd\u011bla, \u017ee \u0159\u00edk\u00e1 pravdu. Proto nechala ud\u011blat test otcovstv\u00ed \u2013 a v\u00fdsledek byl jasn\u00fd: Petr byl biologick\u00fdm otcem.<\/p>\n\n\n\n<p>Pozd\u011bji se zjistilo, \u017ee Lenka nese vz\u00e1cn\u00fd genetick\u00fd znak \u2013 pigmentov\u00fd gen, kter\u00fd zd\u011bdila po praprababi\u010dce z Afriky. Tento gen se projevil a\u017e ve spojen\u00ed s podobn\u00fdm genetick\u00fdm k\u00f3dem v Petrov\u011b rodov\u00e9 linii. \u0160ance na takovou kombinaci byla jedna ku milionu.<\/p>\n\n\n\n<p>Lenka poslala Petrovi v\u00fdsledky. Neodpov\u011bd\u011bl. Zm\u011bnil kontakt, p\u0159est\u011bhoval se. A tak Lenka vychovala Dav\u00eddka sama \u2013 citliv\u00e9ho, nadan\u00e9ho chlapce, kter\u00fd m\u011bl siln\u00e9 vn\u00edm\u00e1n\u00ed a talent na hudbu.<\/p>\n\n\n\n<p>Kdy\u017e Dav\u00eddek oslavil dvac\u00e1t\u00e9 narozeniny, rozhodl se otce vyhledat. Ne z hn\u011bvu, ale z touhy pochopit. Petr tehdy pracoval jako projektant na Morav\u011b. Dav\u00eddek na\u0161el jeho kancel\u00e1\u0159 a ve\u0161el.<\/p>\n\n\n\n<p>Petr ho poznal okam\u017eit\u011b. Po tolika letech to bylo z\u0159ejm\u00e9. Jeho syn.<\/p>\n\n\n\n<p>\u201eNep\u0159i\u0161el jsem v\u00e1s soudit,\u201c \u0159ekl Dav\u00eddek. \u201eJen pochopit, pro\u010d jste soudil vy m\u011b.\u201c<\/p>\n\n\n\n<p>Petr dlouho ml\u010del. Nakonec mu po tv\u00e1\u0159i stekla slza. \u201eB\u00e1l jsem se. A utekl jsem. Ale p\u0159ed pravdou se ut\u00e9ct ned\u00e1.\u201c<\/p>\n\n\n\n<p>Nebyl to okam\u017eik velk\u00e9ho sm\u00ed\u0159en\u00ed. Ale byl to za\u010d\u00e1tek. Mal\u00fd krok sm\u011brem k pochopen\u00ed. K rozhovoru. K mo\u017enosti vztahu, kter\u00fd se kdysi zd\u00e1l nemo\u017en\u00fd.<\/p>\n\n\n\n<p>Dnes, o rok pozd\u011bji, se Petr s Dav\u00eddkem v\u00eddaj\u00ed. Pomalu, opatrn\u011b. Ka\u017ed\u00e9 setk\u00e1n\u00ed bol\u00ed \u2013 ale z\u00e1rove\u0148 l\u00e9\u010d\u00ed. A ukazuje, \u017ee i nemo\u017en\u00e9 se n\u011bkdy m\u016f\u017ee st\u00e1t skute\u010dnost\u00ed.<\/p>\n\n\n\n<p>Proto\u017ee pravda m\u016f\u017ee b\u00fdt pr\u00e1v\u011b t\u00edm, co jsme cel\u00fd \u017eivot necht\u011bli vid\u011bt.<\/p>\n","protected":false},"excerpt":{"rendered":"<div class=\"mh-excerpt\"><p>Kdy\u017e se Lenka a Petr vzali, v\u0161ichni kolem je vn\u00edmali jako ide\u00e1ln\u00ed p\u00e1r. On \u2013 \u00fasp\u011b\u0161n\u00fd architekt, ona \u2013 obl\u00edben\u00e1 u\u010ditelka v\u00fdtvarn\u00e9 v\u00fdchovy. M\u011bli velk\u00e9 <a class=\"mh-excerpt-more\" href=\"https:\/\/erevanblog.am\/?p=10599\" title=\"Ne\u010dekan\u00e9 pouto po dvaceti letech: p\u0159\u00edb\u011bh otce a syna, kter\u00fd za\u010dal nedorozum\u011bn\u00edm\">[&#8230;]<\/a><\/p>\n<\/div>","protected":false},"author":1,"featured_media":10600,"comment_status":"open","ping_status":"open","sticky":false,"template":"","format":"standard","meta":{"footnotes":""},"categories":[1],"tags":[],"class_list":["post-10599","post","type-post","status-publish","format-standard","has-post-thumbnail","hentry","category-uncategorised"],"yoast_head":"<!-- This site is optimized with the Yoast SEO plugin v27.5 - https:\/\/yoast.com\/product\/yoast-seo-wordpress\/ -->\n<title>Ne\u010dekan\u00e9 pouto po dvaceti letech: p\u0159\u00edb\u011bh otce a syna, kter\u00fd za\u010dal nedorozum\u011bn\u00edm -<\/title>\n<meta name=\"robots\" content=\"index, follow, max-snippet:-1, max-image-preview:large, max-video-preview:-1\" \/>\n<link rel=\"canonical\" href=\"https:\/\/erevanblog.am\/?p=10599\" \/>\n<meta property=\"og:locale\" content=\"en_US\" \/>\n<meta property=\"og:type\" content=\"article\" \/>\n<meta property=\"og:title\" content=\"Ne\u010dekan\u00e9 pouto po dvaceti letech: p\u0159\u00edb\u011bh otce a syna, kter\u00fd za\u010dal nedorozum\u011bn\u00edm -\" \/>\n<meta property=\"og:description\" content=\"Kdy\u017e se Lenka a Petr vzali, v\u0161ichni kolem je vn\u00edmali jako ide\u00e1ln\u00ed p\u00e1r. On \u2013 \u00fasp\u011b\u0161n\u00fd architekt, ona \u2013 obl\u00edben\u00e1 u\u010ditelka v\u00fdtvarn\u00e9 v\u00fdchovy. M\u011bli velk\u00e9 [...]\" \/>\n<meta property=\"og:url\" content=\"https:\/\/erevanblog.am\/?p=10599\" \/>\n<meta property=\"article:published_time\" content=\"2025-07-01T06:46:37+00:00\" \/>\n<meta property=\"og:image\" content=\"http:\/\/erevanblog.am\/wp-content\/uploads\/2025\/07\/4582222222.jpg\" \/>\n\t<meta property=\"og:image:width\" content=\"1024\" \/>\n\t<meta property=\"og:image:height\" content=\"986\" \/>\n\t<meta property=\"og:image:type\" content=\"image\/jpeg\" \/>\n<meta name=\"author\" content=\"erevanblog_a\" \/>\n<meta name=\"twitter:card\" content=\"summary_large_image\" \/>\n<meta name=\"twitter:label1\" content=\"Written by\" \/>\n\t<meta name=\"twitter:data1\" content=\"erevanblog_a\" \/>\n\t<meta name=\"twitter:label2\" content=\"Est. reading time\" \/>\n\t<meta name=\"twitter:data2\" content=\"2 minutes\" \/>\n<script type=\"application\/ld+json\" class=\"yoast-schema-graph\">{\"@context\":\"https:\\\/\\\/schema.org\",\"@graph\":[{\"@type\":\"Article\",\"@id\":\"https:\\\/\\\/erevanblog.am\\\/?p=10599#article\",\"isPartOf\":{\"@id\":\"https:\\\/\\\/erevanblog.am\\\/?p=10599\"},\"author\":{\"name\":\"erevanblog_a\",\"@id\":\"https:\\\/\\\/erevanblog.am\\\/#\\\/schema\\\/person\\\/204f10311eb7ddb8914a5ab3e5f03928\"},\"headline\":\"Ne\u010dekan\u00e9 pouto po dvaceti letech: p\u0159\u00edb\u011bh otce a syna, kter\u00fd za\u010dal nedorozum\u011bn\u00edm\",\"datePublished\":\"2025-07-01T06:46:37+00:00\",\"mainEntityOfPage\":{\"@id\":\"https:\\\/\\\/erevanblog.am\\\/?p=10599\"},\"wordCount\":468,\"commentCount\":0,\"image\":{\"@id\":\"https:\\\/\\\/erevanblog.am\\\/?p=10599#primaryimage\"},\"thumbnailUrl\":\"https:\\\/\\\/erevanblog.am\\\/wp-content\\\/uploads\\\/2025\\\/07\\\/4582222222.jpg\",\"articleSection\":[\"NEWS\"],\"inLanguage\":\"en-US\",\"potentialAction\":[{\"@type\":\"CommentAction\",\"name\":\"Comment\",\"target\":[\"https:\\\/\\\/erevanblog.am\\\/?p=10599#respond\"]}]},{\"@type\":\"WebPage\",\"@id\":\"https:\\\/\\\/erevanblog.am\\\/?p=10599\",\"url\":\"https:\\\/\\\/erevanblog.am\\\/?p=10599\",\"name\":\"Ne\u010dekan\u00e9 pouto po dvaceti letech: p\u0159\u00edb\u011bh otce a syna, kter\u00fd za\u010dal nedorozum\u011bn\u00edm -\",\"isPartOf\":{\"@id\":\"https:\\\/\\\/erevanblog.am\\\/#website\"},\"primaryImageOfPage\":{\"@id\":\"https:\\\/\\\/erevanblog.am\\\/?p=10599#primaryimage\"},\"image\":{\"@id\":\"https:\\\/\\\/erevanblog.am\\\/?p=10599#primaryimage\"},\"thumbnailUrl\":\"https:\\\/\\\/erevanblog.am\\\/wp-content\\\/uploads\\\/2025\\\/07\\\/4582222222.jpg\",\"datePublished\":\"2025-07-01T06:46:37+00:00\",\"author\":{\"@id\":\"https:\\\/\\\/erevanblog.am\\\/#\\\/schema\\\/person\\\/204f10311eb7ddb8914a5ab3e5f03928\"},\"breadcrumb\":{\"@id\":\"https:\\\/\\\/erevanblog.am\\\/?p=10599#breadcrumb\"},\"inLanguage\":\"en-US\",\"potentialAction\":[{\"@type\":\"ReadAction\",\"target\":[\"https:\\\/\\\/erevanblog.am\\\/?p=10599\"]}]},{\"@type\":\"ImageObject\",\"inLanguage\":\"en-US\",\"@id\":\"https:\\\/\\\/erevanblog.am\\\/?p=10599#primaryimage\",\"url\":\"https:\\\/\\\/erevanblog.am\\\/wp-content\\\/uploads\\\/2025\\\/07\\\/4582222222.jpg\",\"contentUrl\":\"https:\\\/\\\/erevanblog.am\\\/wp-content\\\/uploads\\\/2025\\\/07\\\/4582222222.jpg\",\"width\":1024,\"height\":986},{\"@type\":\"BreadcrumbList\",\"@id\":\"https:\\\/\\\/erevanblog.am\\\/?p=10599#breadcrumb\",\"itemListElement\":[{\"@type\":\"ListItem\",\"position\":1,\"name\":\"Home\",\"item\":\"https:\\\/\\\/erevanblog.am\\\/\"},{\"@type\":\"ListItem\",\"position\":2,\"name\":\"Ne\u010dekan\u00e9 pouto po dvaceti letech: p\u0159\u00edb\u011bh otce a syna, kter\u00fd za\u010dal nedorozum\u011bn\u00edm\"}]},{\"@type\":\"WebSite\",\"@id\":\"https:\\\/\\\/erevanblog.am\\\/#website\",\"url\":\"https:\\\/\\\/erevanblog.am\\\/\",\"name\":\"\",\"description\":\"\",\"potentialAction\":[{\"@type\":\"SearchAction\",\"target\":{\"@type\":\"EntryPoint\",\"urlTemplate\":\"https:\\\/\\\/erevanblog.am\\\/?s={search_term_string}\"},\"query-input\":{\"@type\":\"PropertyValueSpecification\",\"valueRequired\":true,\"valueName\":\"search_term_string\"}}],\"inLanguage\":\"en-US\"},{\"@type\":\"Person\",\"@id\":\"https:\\\/\\\/erevanblog.am\\\/#\\\/schema\\\/person\\\/204f10311eb7ddb8914a5ab3e5f03928\",\"name\":\"erevanblog_a\",\"image\":{\"@type\":\"ImageObject\",\"inLanguage\":\"en-US\",\"@id\":\"https:\\\/\\\/secure.gravatar.com\\\/avatar\\\/a24f4ac3a683f3c87303db525abc00db51ea26ccedee11dfaf1cc0f9a481a5d2?s=96&d=mm&r=g\",\"url\":\"https:\\\/\\\/secure.gravatar.com\\\/avatar\\\/a24f4ac3a683f3c87303db525abc00db51ea26ccedee11dfaf1cc0f9a481a5d2?s=96&d=mm&r=g\",\"contentUrl\":\"https:\\\/\\\/secure.gravatar.com\\\/avatar\\\/a24f4ac3a683f3c87303db525abc00db51ea26ccedee11dfaf1cc0f9a481a5d2?s=96&d=mm&r=g\",\"caption\":\"erevanblog_a\"},\"sameAs\":[\"http:\\\/\\\/erevanblog.am\"],\"url\":\"https:\\\/\\\/erevanblog.am\\\/?author=1\"}]}<\/script>\n<!-- \/ Yoast SEO plugin. -->","yoast_head_json":{"title":"Ne\u010dekan\u00e9 pouto po dvaceti letech: p\u0159\u00edb\u011bh otce a syna, kter\u00fd za\u010dal nedorozum\u011bn\u00edm -","robots":{"index":"index","follow":"follow","max-snippet":"max-snippet:-1","max-image-preview":"max-image-preview:large","max-video-preview":"max-video-preview:-1"},"canonical":"https:\/\/erevanblog.am\/?p=10599","og_locale":"en_US","og_type":"article","og_title":"Ne\u010dekan\u00e9 pouto po dvaceti letech: p\u0159\u00edb\u011bh otce a syna, kter\u00fd za\u010dal nedorozum\u011bn\u00edm -","og_description":"Kdy\u017e se Lenka a Petr vzali, v\u0161ichni kolem je vn\u00edmali jako ide\u00e1ln\u00ed p\u00e1r. On \u2013 \u00fasp\u011b\u0161n\u00fd architekt, ona \u2013 obl\u00edben\u00e1 u\u010ditelka v\u00fdtvarn\u00e9 v\u00fdchovy. M\u011bli velk\u00e9 [...]","og_url":"https:\/\/erevanblog.am\/?p=10599","article_published_time":"2025-07-01T06:46:37+00:00","og_image":[{"width":1024,"height":986,"url":"http:\/\/erevanblog.am\/wp-content\/uploads\/2025\/07\/4582222222.jpg","type":"image\/jpeg"}],"author":"erevanblog_a","twitter_card":"summary_large_image","twitter_misc":{"Written by":"erevanblog_a","Est. reading time":"2 minutes"},"schema":{"@context":"https:\/\/schema.org","@graph":[{"@type":"Article","@id":"https:\/\/erevanblog.am\/?p=10599#article","isPartOf":{"@id":"https:\/\/erevanblog.am\/?p=10599"},"author":{"name":"erevanblog_a","@id":"https:\/\/erevanblog.am\/#\/schema\/person\/204f10311eb7ddb8914a5ab3e5f03928"},"headline":"Ne\u010dekan\u00e9 pouto po dvaceti letech: p\u0159\u00edb\u011bh otce a syna, kter\u00fd za\u010dal nedorozum\u011bn\u00edm","datePublished":"2025-07-01T06:46:37+00:00","mainEntityOfPage":{"@id":"https:\/\/erevanblog.am\/?p=10599"},"wordCount":468,"commentCount":0,"image":{"@id":"https:\/\/erevanblog.am\/?p=10599#primaryimage"},"thumbnailUrl":"https:\/\/erevanblog.am\/wp-content\/uploads\/2025\/07\/4582222222.jpg","articleSection":["NEWS"],"inLanguage":"en-US","potentialAction":[{"@type":"CommentAction","name":"Comment","target":["https:\/\/erevanblog.am\/?p=10599#respond"]}]},{"@type":"WebPage","@id":"https:\/\/erevanblog.am\/?p=10599","url":"https:\/\/erevanblog.am\/?p=10599","name":"Ne\u010dekan\u00e9 pouto po dvaceti letech: p\u0159\u00edb\u011bh otce a syna, kter\u00fd za\u010dal nedorozum\u011bn\u00edm -","isPartOf":{"@id":"https:\/\/erevanblog.am\/#website"},"primaryImageOfPage":{"@id":"https:\/\/erevanblog.am\/?p=10599#primaryimage"},"image":{"@id":"https:\/\/erevanblog.am\/?p=10599#primaryimage"},"thumbnailUrl":"https:\/\/erevanblog.am\/wp-content\/uploads\/2025\/07\/4582222222.jpg","datePublished":"2025-07-01T06:46:37+00:00","author":{"@id":"https:\/\/erevanblog.am\/#\/schema\/person\/204f10311eb7ddb8914a5ab3e5f03928"},"breadcrumb":{"@id":"https:\/\/erevanblog.am\/?p=10599#breadcrumb"},"inLanguage":"en-US","potentialAction":[{"@type":"ReadAction","target":["https:\/\/erevanblog.am\/?p=10599"]}]},{"@type":"ImageObject","inLanguage":"en-US","@id":"https:\/\/erevanblog.am\/?p=10599#primaryimage","url":"https:\/\/erevanblog.am\/wp-content\/uploads\/2025\/07\/4582222222.jpg","contentUrl":"https:\/\/erevanblog.am\/wp-content\/uploads\/2025\/07\/4582222222.jpg","width":1024,"height":986},{"@type":"BreadcrumbList","@id":"https:\/\/erevanblog.am\/?p=10599#breadcrumb","itemListElement":[{"@type":"ListItem","position":1,"name":"Home","item":"https:\/\/erevanblog.am\/"},{"@type":"ListItem","position":2,"name":"Ne\u010dekan\u00e9 pouto po dvaceti letech: p\u0159\u00edb\u011bh otce a syna, kter\u00fd za\u010dal nedorozum\u011bn\u00edm"}]},{"@type":"WebSite","@id":"https:\/\/erevanblog.am\/#website","url":"https:\/\/erevanblog.am\/","name":"","description":"","potentialAction":[{"@type":"SearchAction","target":{"@type":"EntryPoint","urlTemplate":"https:\/\/erevanblog.am\/?s={search_term_string}"},"query-input":{"@type":"PropertyValueSpecification","valueRequired":true,"valueName":"search_term_string"}}],"inLanguage":"en-US"},{"@type":"Person","@id":"https:\/\/erevanblog.am\/#\/schema\/person\/204f10311eb7ddb8914a5ab3e5f03928","name":"erevanblog_a","image":{"@type":"ImageObject","inLanguage":"en-US","@id":"https:\/\/secure.gravatar.com\/avatar\/a24f4ac3a683f3c87303db525abc00db51ea26ccedee11dfaf1cc0f9a481a5d2?s=96&d=mm&r=g","url":"https:\/\/secure.gravatar.com\/avatar\/a24f4ac3a683f3c87303db525abc00db51ea26ccedee11dfaf1cc0f9a481a5d2?s=96&d=mm&r=g","contentUrl":"https:\/\/secure.gravatar.com\/avatar\/a24f4ac3a683f3c87303db525abc00db51ea26ccedee11dfaf1cc0f9a481a5d2?s=96&d=mm&r=g","caption":"erevanblog_a"},"sameAs":["http:\/\/erevanblog.am"],"url":"https:\/\/erevanblog.am\/?author=1"}]}},"views":288,"_links":{"self":[{"href":"https:\/\/erevanblog.am\/index.php?rest_route=\/wp\/v2\/posts\/10599","targetHints":{"allow":["GET"]}}],"collection":[{"href":"https:\/\/erevanblog.am\/index.php?rest_route=\/wp\/v2\/posts"}],"about":[{"href":"https:\/\/erevanblog.am\/index.php?rest_route=\/wp\/v2\/types\/post"}],"author":[{"embeddable":true,"href":"https:\/\/erevanblog.am\/index.php?rest_route=\/wp\/v2\/users\/1"}],"replies":[{"embeddable":true,"href":"https:\/\/erevanblog.am\/index.php?rest_route=%2Fwp%2Fv2%2Fcomments&post=10599"}],"version-history":[{"count":1,"href":"https:\/\/erevanblog.am\/index.php?rest_route=\/wp\/v2\/posts\/10599\/revisions"}],"predecessor-version":[{"id":10601,"href":"https:\/\/erevanblog.am\/index.php?rest_route=\/wp\/v2\/posts\/10599\/revisions\/10601"}],"wp:featuredmedia":[{"embeddable":true,"href":"https:\/\/erevanblog.am\/index.php?rest_route=\/wp\/v2\/media\/10600"}],"wp:attachment":[{"href":"https:\/\/erevanblog.am\/index.php?rest_route=%2Fwp%2Fv2%2Fmedia&parent=10599"}],"wp:term":[{"taxonomy":"category","embeddable":true,"href":"https:\/\/erevanblog.am\/index.php?rest_route=%2Fwp%2Fv2%2Fcategories&post=10599"},{"taxonomy":"post_tag","embeddable":true,"href":"https:\/\/erevanblog.am\/index.php?rest_route=%2Fwp%2Fv2%2Ftags&post=10599"}],"curies":[{"name":"wp","href":"https:\/\/api.w.org\/{rel}","templated":true}]}}