{"id":10611,"date":"2025-07-02T07:22:46","date_gmt":"2025-07-02T06:22:46","guid":{"rendered":"https:\/\/erevanblog.am\/?p=10611"},"modified":"2025-07-02T07:22:47","modified_gmt":"2025-07-02T06:22:47","slug":"matka-prerusila-svatbu-sveho-syna-kvuli-prekvapivemu-objevu-u-nevesty","status":"publish","type":"post","link":"https:\/\/erevanblog.am\/?p=10611","title":{"rendered":"Matka p\u0159eru\u0161ila svatbu sv\u00e9ho syna kv\u016fli p\u0159ekvapiv\u00e9mu objevu u nev\u011bsty."},"content":{"rendered":"\n<p>V\u0161echno bylo dokonale p\u0159ipraven\u00e9 \u2013 kv\u011btinov\u00e1 v\u00fdzdoba, usazen\u00ed host\u00e9, jemn\u00e1 hudba a slune\u010dn\u00e9 po\u010das\u00ed vytv\u00e1\u0159ely ide\u00e1ln\u00ed atmosf\u00e9ru pro svatebn\u00ed den. Na malebn\u00e9m venkovsk\u00e9m dvo\u0159e se m\u011bl \u017eenit Tom\u00e1\u0161 \u2013 t\u0159icetilet\u00fd mu\u017e, klidn\u00fd a obl\u00edben\u00fd, kter\u00fd si z\u00edskal srdce mnoha lid\u00ed. Jeho vyvolen\u00e1, Lucie, p\u016fsobila jako zt\u011blesn\u011bn\u00ed elegance \u2013 s dlouh\u00fdmi blond vlasy a \u00fasm\u011bvem, kter\u00fd okouzlil ka\u017ed\u00e9ho.<\/p>\n\n\n\n<figure class=\"wp-block-image size-full\"><img loading=\"lazy\" decoding=\"async\" width=\"1024\" height=\"576\" src=\"https:\/\/erevanblog.am\/wp-content\/uploads\/2025\/07\/12358966666.jpg\" alt=\"\" class=\"wp-image-10612\" srcset=\"https:\/\/erevanblog.am\/wp-content\/uploads\/2025\/07\/12358966666.jpg 1024w, https:\/\/erevanblog.am\/wp-content\/uploads\/2025\/07\/12358966666-300x169.jpg 300w, https:\/\/erevanblog.am\/wp-content\/uploads\/2025\/07\/12358966666-768x432.jpg 768w\" sizes=\"auto, (max-width: 1024px) 100vw, 1024px\" \/><\/figure>\n\n\n\n<p>Ka\u017ed\u00e9ho \u2013 a\u017e na Tom\u00e1\u0161ovu matku.<\/p>\n\n\n\n<p>Pan\u00ed Alena se k cel\u00e9 svatb\u011b stav\u011bla rezervovan\u011b. I kdy\u017e byla k Lucii slu\u0161n\u00e1 a vl\u00eddn\u00e1, bylo zn\u00e1t, \u017ee si n\u011b\u010d\u00edm nen\u00ed jist\u00e1. Jej\u00ed neklid postupn\u011b rostl \u2013 a\u017e dos\u00e1hl sv\u00e9ho vrcholu pr\u00e1v\u011b ve chv\u00edli, kdy Lucie kr\u00e1\u010dela uli\u010dkou k olt\u00e1\u0159i.<\/p>\n\n\n\n<p>Kdy\u017e proch\u00e1zela kolem pan\u00ed Aleny, v\u0161imla si n\u011b\u010deho, co ostatn\u00edm uniklo. Ne \u0161aty, ne \u00fa\u010des \u2013 ale Luciina ruka. Na jej\u00edm lev\u00e9m z\u00e1p\u011bst\u00ed se zpod ruk\u00e1vu kr\u00e1tce objevilo zvl\u00e1\u0161tn\u00ed tetov\u00e1n\u00ed: t\u0159i k\u0159\u00ed\u017ee v kruhu.<\/p>\n\n\n\n<p>Alena okam\u017eit\u011b zbyst\u0159ila. Postavila se a p\u0159eru\u0161ila ob\u0159ad slovy, kter\u00e1 \u0161okovala v\u0161echny p\u0159\u00edtomn\u00e9:<\/p>\n\n\n\n<p>\u201eOmlouv\u00e1m se, ale tato svatba nem\u016f\u017ee pokra\u010dovat.\u201c<\/p>\n\n\n\n<p>V\u0161ichni on\u011bm\u011bli. Hudba utichla. Tom\u00e1\u0161 nech\u00e1pal, co se d\u011bje. Lucie z\u016fstala st\u00e1t jako opa\u0159en\u00e1. Alena ale mluvila d\u00e1l:<\/p>\n\n\n\n<p>\u201eTen symbol zn\u00e1m. Poch\u00e1z\u00ed z kruhu lid\u00ed, se kter\u00fdmi nechci, aby m\u011bl m\u016fj syn cokoli spole\u010dn\u00e9ho. Tom\u00e1\u0161i, mus\u00ed\u0161 v\u011bd\u011bt, koho si bere\u0161.\u201c<\/p>\n\n\n\n<p>Lucie se pokusila tetov\u00e1n\u00ed skr\u00fdt, ale bylo pozd\u011b. A pak, t\u00e9m\u011b\u0159 \u0161eptem, p\u0159iznala:<\/p>\n\n\n\n<p>\u201eNecht\u011bla jsem ti lh\u00e1t, jen jsem nev\u011bd\u011bla, jak to \u0159\u00edct.\u201c<\/p>\n\n\n\n<p>Vy\u0161lo najevo, \u017ee v ml\u00e1d\u00ed byla sou\u010d\u00e1st\u00ed uzav\u0159en\u00e9 skupiny s ritu\u00e1ly a manipulac\u00ed. Tetov\u00e1n\u00ed dostala jako nezletil\u00e1, v r\u00e1mci ob\u0159adu, kter\u00e9ho se \u00fa\u010dastnila pod vlivem sv\u00e9 matky. Od t\u00e9 doby se sna\u017eila minulost nechat za sebou \u2013 ale znamen\u00ed z\u016fstalo.<\/p>\n\n\n\n<p>Alena, b\u00fdval\u00e1 psycholo\u017eka, si symbol okam\u017eit\u011b spojila s jedn\u00edm ze sv\u00fdch n\u011bkdej\u0161\u00edch p\u0159\u00edpad\u016f.<\/p>\n\n\n\n<p>Tom\u00e1\u0161 st\u00e1l v tichosti, zasko\u010den\u00fd a bez slov. Nakonec bez dramatu sundal prst\u00fdnek, polo\u017eil jej na olt\u00e1\u0159 \u2013 a ode\u0161el.<\/p>\n\n\n\n<p>Svatba se nekonala.<\/p>\n\n\n\n<p>Lucie tu noc zmizela. U\u017e se v obci nikdy neuk\u00e1zala.<\/p>\n\n\n\n<p>A Alena? Mo\u017en\u00e1 ztratila d\u016fv\u011bru sv\u00e9ho syna. Ale v\u011b\u0159ila, \u017ee mu zachr\u00e1nila mnohem v\u00edc ne\u017e jen ten den.<\/p>\n\n\n\n<p>Proto\u017ee n\u011bkdy jeden jedin\u00fd detail m\u016f\u017ee zm\u011bnit cel\u00fd \u017eivot.<\/p>\n","protected":false},"excerpt":{"rendered":"<div class=\"mh-excerpt\"><p>V\u0161echno bylo dokonale p\u0159ipraven\u00e9 \u2013 kv\u011btinov\u00e1 v\u00fdzdoba, usazen\u00ed host\u00e9, jemn\u00e1 hudba a slune\u010dn\u00e9 po\u010das\u00ed vytv\u00e1\u0159ely ide\u00e1ln\u00ed atmosf\u00e9ru pro svatebn\u00ed den. Na malebn\u00e9m venkovsk\u00e9m dvo\u0159e se <a class=\"mh-excerpt-more\" href=\"https:\/\/erevanblog.am\/?p=10611\" title=\"Matka p\u0159eru\u0161ila svatbu sv\u00e9ho syna kv\u016fli p\u0159ekvapiv\u00e9mu objevu u nev\u011bsty.\">[&#8230;]<\/a><\/p>\n<\/div>","protected":false},"author":1,"featured_media":10612,"comment_status":"open","ping_status":"open","sticky":false,"template":"","format":"standard","meta":{"footnotes":""},"categories":[1],"tags":[],"class_list":["post-10611","post","type-post","status-publish","format-standard","has-post-thumbnail","hentry","category-uncategorised"],"yoast_head":"<!-- This site is optimized with the Yoast SEO plugin v27.5 - https:\/\/yoast.com\/product\/yoast-seo-wordpress\/ -->\n<title>Matka p\u0159eru\u0161ila svatbu sv\u00e9ho syna kv\u016fli p\u0159ekvapiv\u00e9mu objevu u nev\u011bsty. -<\/title>\n<meta name=\"robots\" content=\"index, follow, max-snippet:-1, max-image-preview:large, max-video-preview:-1\" \/>\n<link rel=\"canonical\" href=\"https:\/\/erevanblog.am\/?p=10611\" \/>\n<meta property=\"og:locale\" content=\"en_US\" \/>\n<meta property=\"og:type\" content=\"article\" \/>\n<meta property=\"og:title\" content=\"Matka p\u0159eru\u0161ila svatbu sv\u00e9ho syna kv\u016fli p\u0159ekvapiv\u00e9mu objevu u nev\u011bsty. -\" \/>\n<meta property=\"og:description\" content=\"V\u0161echno bylo dokonale p\u0159ipraven\u00e9 \u2013 kv\u011btinov\u00e1 v\u00fdzdoba, usazen\u00ed host\u00e9, jemn\u00e1 hudba a slune\u010dn\u00e9 po\u010das\u00ed vytv\u00e1\u0159ely ide\u00e1ln\u00ed atmosf\u00e9ru pro svatebn\u00ed den. Na malebn\u00e9m venkovsk\u00e9m dvo\u0159e se [...]\" \/>\n<meta property=\"og:url\" content=\"https:\/\/erevanblog.am\/?p=10611\" \/>\n<meta property=\"article:published_time\" content=\"2025-07-02T06:22:46+00:00\" \/>\n<meta property=\"article:modified_time\" content=\"2025-07-02T06:22:47+00:00\" \/>\n<meta property=\"og:image\" content=\"http:\/\/erevanblog.am\/wp-content\/uploads\/2025\/07\/12358966666.jpg\" \/>\n\t<meta property=\"og:image:width\" content=\"1024\" \/>\n\t<meta property=\"og:image:height\" content=\"576\" \/>\n\t<meta property=\"og:image:type\" content=\"image\/jpeg\" \/>\n<meta name=\"author\" content=\"erevanblog_a\" \/>\n<meta name=\"twitter:card\" content=\"summary_large_image\" \/>\n<meta name=\"twitter:label1\" content=\"Written by\" \/>\n\t<meta name=\"twitter:data1\" content=\"erevanblog_a\" \/>\n\t<meta name=\"twitter:label2\" content=\"Est. reading time\" \/>\n\t<meta name=\"twitter:data2\" content=\"2 minutes\" \/>\n<script type=\"application\/ld+json\" class=\"yoast-schema-graph\">{\"@context\":\"https:\\\/\\\/schema.org\",\"@graph\":[{\"@type\":\"Article\",\"@id\":\"https:\\\/\\\/erevanblog.am\\\/?p=10611#article\",\"isPartOf\":{\"@id\":\"https:\\\/\\\/erevanblog.am\\\/?p=10611\"},\"author\":{\"name\":\"erevanblog_a\",\"@id\":\"https:\\\/\\\/erevanblog.am\\\/#\\\/schema\\\/person\\\/204f10311eb7ddb8914a5ab3e5f03928\"},\"headline\":\"Matka p\u0159eru\u0161ila svatbu sv\u00e9ho syna kv\u016fli p\u0159ekvapiv\u00e9mu objevu u nev\u011bsty.\",\"datePublished\":\"2025-07-02T06:22:46+00:00\",\"dateModified\":\"2025-07-02T06:22:47+00:00\",\"mainEntityOfPage\":{\"@id\":\"https:\\\/\\\/erevanblog.am\\\/?p=10611\"},\"wordCount\":468,\"commentCount\":0,\"image\":{\"@id\":\"https:\\\/\\\/erevanblog.am\\\/?p=10611#primaryimage\"},\"thumbnailUrl\":\"https:\\\/\\\/erevanblog.am\\\/wp-content\\\/uploads\\\/2025\\\/07\\\/12358966666.jpg\",\"articleSection\":[\"NEWS\"],\"inLanguage\":\"en-US\",\"potentialAction\":[{\"@type\":\"CommentAction\",\"name\":\"Comment\",\"target\":[\"https:\\\/\\\/erevanblog.am\\\/?p=10611#respond\"]}]},{\"@type\":\"WebPage\",\"@id\":\"https:\\\/\\\/erevanblog.am\\\/?p=10611\",\"url\":\"https:\\\/\\\/erevanblog.am\\\/?p=10611\",\"name\":\"Matka p\u0159eru\u0161ila svatbu sv\u00e9ho syna kv\u016fli p\u0159ekvapiv\u00e9mu objevu u nev\u011bsty. -\",\"isPartOf\":{\"@id\":\"https:\\\/\\\/erevanblog.am\\\/#website\"},\"primaryImageOfPage\":{\"@id\":\"https:\\\/\\\/erevanblog.am\\\/?p=10611#primaryimage\"},\"image\":{\"@id\":\"https:\\\/\\\/erevanblog.am\\\/?p=10611#primaryimage\"},\"thumbnailUrl\":\"https:\\\/\\\/erevanblog.am\\\/wp-content\\\/uploads\\\/2025\\\/07\\\/12358966666.jpg\",\"datePublished\":\"2025-07-02T06:22:46+00:00\",\"dateModified\":\"2025-07-02T06:22:47+00:00\",\"author\":{\"@id\":\"https:\\\/\\\/erevanblog.am\\\/#\\\/schema\\\/person\\\/204f10311eb7ddb8914a5ab3e5f03928\"},\"breadcrumb\":{\"@id\":\"https:\\\/\\\/erevanblog.am\\\/?p=10611#breadcrumb\"},\"inLanguage\":\"en-US\",\"potentialAction\":[{\"@type\":\"ReadAction\",\"target\":[\"https:\\\/\\\/erevanblog.am\\\/?p=10611\"]}]},{\"@type\":\"ImageObject\",\"inLanguage\":\"en-US\",\"@id\":\"https:\\\/\\\/erevanblog.am\\\/?p=10611#primaryimage\",\"url\":\"https:\\\/\\\/erevanblog.am\\\/wp-content\\\/uploads\\\/2025\\\/07\\\/12358966666.jpg\",\"contentUrl\":\"https:\\\/\\\/erevanblog.am\\\/wp-content\\\/uploads\\\/2025\\\/07\\\/12358966666.jpg\",\"width\":1024,\"height\":576},{\"@type\":\"BreadcrumbList\",\"@id\":\"https:\\\/\\\/erevanblog.am\\\/?p=10611#breadcrumb\",\"itemListElement\":[{\"@type\":\"ListItem\",\"position\":1,\"name\":\"Home\",\"item\":\"https:\\\/\\\/erevanblog.am\\\/\"},{\"@type\":\"ListItem\",\"position\":2,\"name\":\"Matka p\u0159eru\u0161ila svatbu sv\u00e9ho syna kv\u016fli p\u0159ekvapiv\u00e9mu objevu u nev\u011bsty.\"}]},{\"@type\":\"WebSite\",\"@id\":\"https:\\\/\\\/erevanblog.am\\\/#website\",\"url\":\"https:\\\/\\\/erevanblog.am\\\/\",\"name\":\"\",\"description\":\"\",\"potentialAction\":[{\"@type\":\"SearchAction\",\"target\":{\"@type\":\"EntryPoint\",\"urlTemplate\":\"https:\\\/\\\/erevanblog.am\\\/?s={search_term_string}\"},\"query-input\":{\"@type\":\"PropertyValueSpecification\",\"valueRequired\":true,\"valueName\":\"search_term_string\"}}],\"inLanguage\":\"en-US\"},{\"@type\":\"Person\",\"@id\":\"https:\\\/\\\/erevanblog.am\\\/#\\\/schema\\\/person\\\/204f10311eb7ddb8914a5ab3e5f03928\",\"name\":\"erevanblog_a\",\"image\":{\"@type\":\"ImageObject\",\"inLanguage\":\"en-US\",\"@id\":\"https:\\\/\\\/secure.gravatar.com\\\/avatar\\\/a24f4ac3a683f3c87303db525abc00db51ea26ccedee11dfaf1cc0f9a481a5d2?s=96&d=mm&r=g\",\"url\":\"https:\\\/\\\/secure.gravatar.com\\\/avatar\\\/a24f4ac3a683f3c87303db525abc00db51ea26ccedee11dfaf1cc0f9a481a5d2?s=96&d=mm&r=g\",\"contentUrl\":\"https:\\\/\\\/secure.gravatar.com\\\/avatar\\\/a24f4ac3a683f3c87303db525abc00db51ea26ccedee11dfaf1cc0f9a481a5d2?s=96&d=mm&r=g\",\"caption\":\"erevanblog_a\"},\"sameAs\":[\"http:\\\/\\\/erevanblog.am\"],\"url\":\"https:\\\/\\\/erevanblog.am\\\/?author=1\"}]}<\/script>\n<!-- \/ Yoast SEO plugin. -->","yoast_head_json":{"title":"Matka p\u0159eru\u0161ila svatbu sv\u00e9ho syna kv\u016fli p\u0159ekvapiv\u00e9mu objevu u nev\u011bsty. -","robots":{"index":"index","follow":"follow","max-snippet":"max-snippet:-1","max-image-preview":"max-image-preview:large","max-video-preview":"max-video-preview:-1"},"canonical":"https:\/\/erevanblog.am\/?p=10611","og_locale":"en_US","og_type":"article","og_title":"Matka p\u0159eru\u0161ila svatbu sv\u00e9ho syna kv\u016fli p\u0159ekvapiv\u00e9mu objevu u nev\u011bsty. -","og_description":"V\u0161echno bylo dokonale p\u0159ipraven\u00e9 \u2013 kv\u011btinov\u00e1 v\u00fdzdoba, usazen\u00ed host\u00e9, jemn\u00e1 hudba a slune\u010dn\u00e9 po\u010das\u00ed vytv\u00e1\u0159ely ide\u00e1ln\u00ed atmosf\u00e9ru pro svatebn\u00ed den. Na malebn\u00e9m venkovsk\u00e9m dvo\u0159e se [...]","og_url":"https:\/\/erevanblog.am\/?p=10611","article_published_time":"2025-07-02T06:22:46+00:00","article_modified_time":"2025-07-02T06:22:47+00:00","og_image":[{"width":1024,"height":576,"url":"http:\/\/erevanblog.am\/wp-content\/uploads\/2025\/07\/12358966666.jpg","type":"image\/jpeg"}],"author":"erevanblog_a","twitter_card":"summary_large_image","twitter_misc":{"Written by":"erevanblog_a","Est. reading time":"2 minutes"},"schema":{"@context":"https:\/\/schema.org","@graph":[{"@type":"Article","@id":"https:\/\/erevanblog.am\/?p=10611#article","isPartOf":{"@id":"https:\/\/erevanblog.am\/?p=10611"},"author":{"name":"erevanblog_a","@id":"https:\/\/erevanblog.am\/#\/schema\/person\/204f10311eb7ddb8914a5ab3e5f03928"},"headline":"Matka p\u0159eru\u0161ila svatbu sv\u00e9ho syna kv\u016fli p\u0159ekvapiv\u00e9mu objevu u nev\u011bsty.","datePublished":"2025-07-02T06:22:46+00:00","dateModified":"2025-07-02T06:22:47+00:00","mainEntityOfPage":{"@id":"https:\/\/erevanblog.am\/?p=10611"},"wordCount":468,"commentCount":0,"image":{"@id":"https:\/\/erevanblog.am\/?p=10611#primaryimage"},"thumbnailUrl":"https:\/\/erevanblog.am\/wp-content\/uploads\/2025\/07\/12358966666.jpg","articleSection":["NEWS"],"inLanguage":"en-US","potentialAction":[{"@type":"CommentAction","name":"Comment","target":["https:\/\/erevanblog.am\/?p=10611#respond"]}]},{"@type":"WebPage","@id":"https:\/\/erevanblog.am\/?p=10611","url":"https:\/\/erevanblog.am\/?p=10611","name":"Matka p\u0159eru\u0161ila svatbu sv\u00e9ho syna kv\u016fli p\u0159ekvapiv\u00e9mu objevu u nev\u011bsty. -","isPartOf":{"@id":"https:\/\/erevanblog.am\/#website"},"primaryImageOfPage":{"@id":"https:\/\/erevanblog.am\/?p=10611#primaryimage"},"image":{"@id":"https:\/\/erevanblog.am\/?p=10611#primaryimage"},"thumbnailUrl":"https:\/\/erevanblog.am\/wp-content\/uploads\/2025\/07\/12358966666.jpg","datePublished":"2025-07-02T06:22:46+00:00","dateModified":"2025-07-02T06:22:47+00:00","author":{"@id":"https:\/\/erevanblog.am\/#\/schema\/person\/204f10311eb7ddb8914a5ab3e5f03928"},"breadcrumb":{"@id":"https:\/\/erevanblog.am\/?p=10611#breadcrumb"},"inLanguage":"en-US","potentialAction":[{"@type":"ReadAction","target":["https:\/\/erevanblog.am\/?p=10611"]}]},{"@type":"ImageObject","inLanguage":"en-US","@id":"https:\/\/erevanblog.am\/?p=10611#primaryimage","url":"https:\/\/erevanblog.am\/wp-content\/uploads\/2025\/07\/12358966666.jpg","contentUrl":"https:\/\/erevanblog.am\/wp-content\/uploads\/2025\/07\/12358966666.jpg","width":1024,"height":576},{"@type":"BreadcrumbList","@id":"https:\/\/erevanblog.am\/?p=10611#breadcrumb","itemListElement":[{"@type":"ListItem","position":1,"name":"Home","item":"https:\/\/erevanblog.am\/"},{"@type":"ListItem","position":2,"name":"Matka p\u0159eru\u0161ila svatbu sv\u00e9ho syna kv\u016fli p\u0159ekvapiv\u00e9mu objevu u nev\u011bsty."}]},{"@type":"WebSite","@id":"https:\/\/erevanblog.am\/#website","url":"https:\/\/erevanblog.am\/","name":"","description":"","potentialAction":[{"@type":"SearchAction","target":{"@type":"EntryPoint","urlTemplate":"https:\/\/erevanblog.am\/?s={search_term_string}"},"query-input":{"@type":"PropertyValueSpecification","valueRequired":true,"valueName":"search_term_string"}}],"inLanguage":"en-US"},{"@type":"Person","@id":"https:\/\/erevanblog.am\/#\/schema\/person\/204f10311eb7ddb8914a5ab3e5f03928","name":"erevanblog_a","image":{"@type":"ImageObject","inLanguage":"en-US","@id":"https:\/\/secure.gravatar.com\/avatar\/a24f4ac3a683f3c87303db525abc00db51ea26ccedee11dfaf1cc0f9a481a5d2?s=96&d=mm&r=g","url":"https:\/\/secure.gravatar.com\/avatar\/a24f4ac3a683f3c87303db525abc00db51ea26ccedee11dfaf1cc0f9a481a5d2?s=96&d=mm&r=g","contentUrl":"https:\/\/secure.gravatar.com\/avatar\/a24f4ac3a683f3c87303db525abc00db51ea26ccedee11dfaf1cc0f9a481a5d2?s=96&d=mm&r=g","caption":"erevanblog_a"},"sameAs":["http:\/\/erevanblog.am"],"url":"https:\/\/erevanblog.am\/?author=1"}]}},"views":285,"_links":{"self":[{"href":"https:\/\/erevanblog.am\/index.php?rest_route=\/wp\/v2\/posts\/10611","targetHints":{"allow":["GET"]}}],"collection":[{"href":"https:\/\/erevanblog.am\/index.php?rest_route=\/wp\/v2\/posts"}],"about":[{"href":"https:\/\/erevanblog.am\/index.php?rest_route=\/wp\/v2\/types\/post"}],"author":[{"embeddable":true,"href":"https:\/\/erevanblog.am\/index.php?rest_route=\/wp\/v2\/users\/1"}],"replies":[{"embeddable":true,"href":"https:\/\/erevanblog.am\/index.php?rest_route=%2Fwp%2Fv2%2Fcomments&post=10611"}],"version-history":[{"count":1,"href":"https:\/\/erevanblog.am\/index.php?rest_route=\/wp\/v2\/posts\/10611\/revisions"}],"predecessor-version":[{"id":10613,"href":"https:\/\/erevanblog.am\/index.php?rest_route=\/wp\/v2\/posts\/10611\/revisions\/10613"}],"wp:featuredmedia":[{"embeddable":true,"href":"https:\/\/erevanblog.am\/index.php?rest_route=\/wp\/v2\/media\/10612"}],"wp:attachment":[{"href":"https:\/\/erevanblog.am\/index.php?rest_route=%2Fwp%2Fv2%2Fmedia&parent=10611"}],"wp:term":[{"taxonomy":"category","embeddable":true,"href":"https:\/\/erevanblog.am\/index.php?rest_route=%2Fwp%2Fv2%2Fcategories&post=10611"},{"taxonomy":"post_tag","embeddable":true,"href":"https:\/\/erevanblog.am\/index.php?rest_route=%2Fwp%2Fv2%2Ftags&post=10611"}],"curies":[{"name":"wp","href":"https:\/\/api.w.org\/{rel}","templated":true}]}}