{"id":10626,"date":"2025-07-03T07:12:10","date_gmt":"2025-07-03T06:12:10","guid":{"rendered":"https:\/\/erevanblog.am\/?p=10626"},"modified":"2025-07-03T07:12:11","modified_gmt":"2025-07-03T06:12:11","slug":"sokujici-chvile-v-horach-divka-presla-smrtici-lavku-bez-jisteni-vsichni-ztuhli-hruzou","status":"publish","type":"post","link":"https:\/\/erevanblog.am\/?p=10626","title":{"rendered":"\u0160OKUJ\u00cdC\u00cd CHV\u00cdLE V HOR\u00c1CH: D\u00edvka p\u0159e\u0161la smrt\u00edc\u00ed l\u00e1vku BEZ ji\u0161t\u011bn\u00ed \u2013 v\u0161ichni ztuhli hr\u016fzou!"},"content":{"rendered":"\n<p>V\u0161echno za\u010dalo jako oby\u010dejn\u00fd den. Slunce sv\u00edtilo, vzduch byl sv\u011b\u017e\u00ed a skupina turist\u016f se vydala na t\u00faru do Slovensk\u00e9ho r\u00e1je. Mezi nimi i Anna P., 23let\u00e1 studentka z Brna \u2013 nen\u00e1padn\u00e1, tich\u00e1, s batohem a fo\u0165\u00e1kem. \u0158\u00edkala, \u017ee chce jen na chv\u00edli vypnout a u\u017e\u00edt si p\u0159\u00edrodu. Netou\u017eila po extr\u00e9mu\u2026 nebo si to alespo\u0148 myslela.<\/p>\n\n\n\n<figure class=\"wp-block-image size-full\"><img loading=\"lazy\" decoding=\"async\" width=\"1024\" height=\"576\" src=\"https:\/\/erevanblog.am\/wp-content\/uploads\/2025\/07\/45639888.jpg\" alt=\"\" class=\"wp-image-10627\" srcset=\"https:\/\/erevanblog.am\/wp-content\/uploads\/2025\/07\/45639888.jpg 1024w, https:\/\/erevanblog.am\/wp-content\/uploads\/2025\/07\/45639888-300x169.jpg 300w, https:\/\/erevanblog.am\/wp-content\/uploads\/2025\/07\/45639888-768x432.jpg 768w\" sizes=\"auto, (max-width: 1024px) 100vw, 1024px\" \/><\/figure>\n\n\n\n<p>Trasa vedla lesem, kolem vodop\u00e1d\u016f a po d\u0159ev\u011bn\u00fdch l\u00e1vk\u00e1ch, a\u017e p\u0159i\u0161el moment, kter\u00fd nikdo ne\u010dekal. P\u0159ed skupinou se objevila \u00fazk\u00e1 \u017eelezn\u00e1 l\u00e1vka, zav\u011b\u0161en\u00e1 des\u00edtky metr\u016f nad rokl\u00ed. Pravidla byla jasn\u00e1: vstup jen s ji\u0161t\u011bn\u00edm. Pr\u016fvodce na to d\u016frazn\u011b upozor\u0148oval.<\/p>\n\n\n\n<p>V\u0161ichni se za\u010dali p\u0159ipravovat \u2013 karabiny, lana, \u00favazky. V\u0161ichni&#8230; a\u017e na Annu.<\/p>\n\n\n\n<p>Zat\u00edmco ostatn\u00ed se soust\u0159edili na bezpe\u010dnost, Anna bez pov\u0161imnut\u00ed ud\u011blala prvn\u00ed krok. Bez lana. Bez ji\u0161t\u011bn\u00ed. Nad pr\u00e1zdnotou.<\/p>\n\n\n\n<p>V\u0161ichni ztichli.<\/p>\n\n\n\n<p>Kovov\u00e9 kroky na konstrukci zn\u011bly jako bubny osudu. L\u00e1vka se houpala ve v\u011btru. Anna \u0161la d\u00e1l. Klidn\u00e1, soust\u0159ed\u011bn\u00e1, jako by ani nev\u011bd\u011bla, co d\u011bl\u00e1. Nebo mo\u017en\u00e1 p\u0159esn\u011b v\u011bd\u011bla.<\/p>\n\n\n\n<p>A\u017e po n\u011bkolika metrech si ostatn\u00ed uv\u011bdomili, co se d\u011bje. Pr\u016fvodce zbledl. N\u011bkdo vyk\u0159ikl jej\u00ed jm\u00e9no. Ale bylo pozd\u011b \u2013 Anna u\u017e byla v polovin\u011b.<\/p>\n\n\n\n<p>Bez jedin\u00e9 chyby do\u0161la na druhou stranu.<\/p>\n\n\n\n<p>A\u017e tam se zastavila. Oto\u010dila se. A v tu chv\u00edli si uv\u011bdomila realitu. Nohy j\u00ed vypov\u011bd\u011bly slu\u017ebu. Sklonila hlavu.<\/p>\n\n\n\n<p>\u201eTy jsi to p\u0159e\u0161la bez ji\u0161t\u011bn\u00ed?!\u201c zvolal pr\u016fvodce, kdy\u017e k n\u00ed dob\u011bhl.<\/p>\n\n\n\n<p>Anna jen ml\u010dky p\u0159ik\u00fdvla.<\/p>\n\n\n\n<p>A pak \u2013 ticho se prom\u011bnilo v potlesk. Ne z obdivu, ale z \u010dir\u00e9 \u00falevy. Proto\u017ee z\u00e1zrakem p\u0159e\u017eila.<\/p>\n\n\n\n<p>Ten den se Anna P. stala symbolem neuv\u011b\u0159iteln\u00e9 odvahy i nebezpe\u010dn\u00e9 nepozornosti. A pro v\u0161echny p\u0159\u00edtomn\u00e9 bude nav\u017edy p\u0159ipom\u00ednkou toho, jak bl\u00edzko m\u016f\u017ee b\u00fdt hranice mezi \u017eivotem a smrt\u00ed.<\/p>\n","protected":false},"excerpt":{"rendered":"<div class=\"mh-excerpt\"><p>V\u0161echno za\u010dalo jako oby\u010dejn\u00fd den. Slunce sv\u00edtilo, vzduch byl sv\u011b\u017e\u00ed a skupina turist\u016f se vydala na t\u00faru do Slovensk\u00e9ho r\u00e1je. Mezi nimi i Anna P., <a class=\"mh-excerpt-more\" href=\"https:\/\/erevanblog.am\/?p=10626\" title=\"\u0160OKUJ\u00cdC\u00cd CHV\u00cdLE V HOR\u00c1CH: D\u00edvka p\u0159e\u0161la smrt\u00edc\u00ed l\u00e1vku BEZ ji\u0161t\u011bn\u00ed \u2013 v\u0161ichni ztuhli hr\u016fzou!\">[&#8230;]<\/a><\/p>\n<\/div>","protected":false},"author":1,"featured_media":10627,"comment_status":"open","ping_status":"open","sticky":false,"template":"","format":"standard","meta":{"footnotes":""},"categories":[1],"tags":[],"class_list":["post-10626","post","type-post","status-publish","format-standard","has-post-thumbnail","hentry","category-uncategorised"],"yoast_head":"<!-- This site is optimized with the Yoast SEO plugin v27.5 - https:\/\/yoast.com\/product\/yoast-seo-wordpress\/ -->\n<title>\u0160OKUJ\u00cdC\u00cd CHV\u00cdLE V HOR\u00c1CH: D\u00edvka p\u0159e\u0161la smrt\u00edc\u00ed l\u00e1vku BEZ ji\u0161t\u011bn\u00ed \u2013 v\u0161ichni ztuhli hr\u016fzou! -<\/title>\n<meta name=\"robots\" content=\"index, follow, max-snippet:-1, max-image-preview:large, max-video-preview:-1\" \/>\n<link rel=\"canonical\" href=\"https:\/\/erevanblog.am\/?p=10626\" \/>\n<meta property=\"og:locale\" content=\"en_US\" \/>\n<meta property=\"og:type\" content=\"article\" \/>\n<meta property=\"og:title\" content=\"\u0160OKUJ\u00cdC\u00cd CHV\u00cdLE V HOR\u00c1CH: D\u00edvka p\u0159e\u0161la smrt\u00edc\u00ed l\u00e1vku BEZ ji\u0161t\u011bn\u00ed \u2013 v\u0161ichni ztuhli hr\u016fzou! -\" \/>\n<meta property=\"og:description\" content=\"V\u0161echno za\u010dalo jako oby\u010dejn\u00fd den. Slunce sv\u00edtilo, vzduch byl sv\u011b\u017e\u00ed a skupina turist\u016f se vydala na t\u00faru do Slovensk\u00e9ho r\u00e1je. Mezi nimi i Anna P., [...]\" \/>\n<meta property=\"og:url\" content=\"https:\/\/erevanblog.am\/?p=10626\" \/>\n<meta property=\"article:published_time\" content=\"2025-07-03T06:12:10+00:00\" \/>\n<meta property=\"article:modified_time\" content=\"2025-07-03T06:12:11+00:00\" \/>\n<meta property=\"og:image\" content=\"http:\/\/erevanblog.am\/wp-content\/uploads\/2025\/07\/45639888.jpg\" \/>\n\t<meta property=\"og:image:width\" content=\"1024\" \/>\n\t<meta property=\"og:image:height\" content=\"576\" \/>\n\t<meta property=\"og:image:type\" content=\"image\/jpeg\" \/>\n<meta name=\"author\" content=\"erevanblog_a\" \/>\n<meta name=\"twitter:card\" content=\"summary_large_image\" \/>\n<meta name=\"twitter:label1\" content=\"Written by\" \/>\n\t<meta name=\"twitter:data1\" content=\"erevanblog_a\" \/>\n\t<meta name=\"twitter:label2\" content=\"Est. reading time\" \/>\n\t<meta name=\"twitter:data2\" content=\"2 minutes\" \/>\n<script type=\"application\/ld+json\" class=\"yoast-schema-graph\">{\"@context\":\"https:\\\/\\\/schema.org\",\"@graph\":[{\"@type\":\"Article\",\"@id\":\"https:\\\/\\\/erevanblog.am\\\/?p=10626#article\",\"isPartOf\":{\"@id\":\"https:\\\/\\\/erevanblog.am\\\/?p=10626\"},\"author\":{\"name\":\"erevanblog_a\",\"@id\":\"https:\\\/\\\/erevanblog.am\\\/#\\\/schema\\\/person\\\/204f10311eb7ddb8914a5ab3e5f03928\"},\"headline\":\"\u0160OKUJ\u00cdC\u00cd CHV\u00cdLE V HOR\u00c1CH: D\u00edvka p\u0159e\u0161la smrt\u00edc\u00ed l\u00e1vku BEZ ji\u0161t\u011bn\u00ed \u2013 v\u0161ichni ztuhli hr\u016fzou!\",\"datePublished\":\"2025-07-03T06:12:10+00:00\",\"dateModified\":\"2025-07-03T06:12:11+00:00\",\"mainEntityOfPage\":{\"@id\":\"https:\\\/\\\/erevanblog.am\\\/?p=10626\"},\"wordCount\":386,\"commentCount\":0,\"image\":{\"@id\":\"https:\\\/\\\/erevanblog.am\\\/?p=10626#primaryimage\"},\"thumbnailUrl\":\"https:\\\/\\\/erevanblog.am\\\/wp-content\\\/uploads\\\/2025\\\/07\\\/45639888.jpg\",\"articleSection\":[\"NEWS\"],\"inLanguage\":\"en-US\",\"potentialAction\":[{\"@type\":\"CommentAction\",\"name\":\"Comment\",\"target\":[\"https:\\\/\\\/erevanblog.am\\\/?p=10626#respond\"]}]},{\"@type\":\"WebPage\",\"@id\":\"https:\\\/\\\/erevanblog.am\\\/?p=10626\",\"url\":\"https:\\\/\\\/erevanblog.am\\\/?p=10626\",\"name\":\"\u0160OKUJ\u00cdC\u00cd CHV\u00cdLE V HOR\u00c1CH: D\u00edvka p\u0159e\u0161la smrt\u00edc\u00ed l\u00e1vku BEZ ji\u0161t\u011bn\u00ed \u2013 v\u0161ichni ztuhli hr\u016fzou! -\",\"isPartOf\":{\"@id\":\"https:\\\/\\\/erevanblog.am\\\/#website\"},\"primaryImageOfPage\":{\"@id\":\"https:\\\/\\\/erevanblog.am\\\/?p=10626#primaryimage\"},\"image\":{\"@id\":\"https:\\\/\\\/erevanblog.am\\\/?p=10626#primaryimage\"},\"thumbnailUrl\":\"https:\\\/\\\/erevanblog.am\\\/wp-content\\\/uploads\\\/2025\\\/07\\\/45639888.jpg\",\"datePublished\":\"2025-07-03T06:12:10+00:00\",\"dateModified\":\"2025-07-03T06:12:11+00:00\",\"author\":{\"@id\":\"https:\\\/\\\/erevanblog.am\\\/#\\\/schema\\\/person\\\/204f10311eb7ddb8914a5ab3e5f03928\"},\"breadcrumb\":{\"@id\":\"https:\\\/\\\/erevanblog.am\\\/?p=10626#breadcrumb\"},\"inLanguage\":\"en-US\",\"potentialAction\":[{\"@type\":\"ReadAction\",\"target\":[\"https:\\\/\\\/erevanblog.am\\\/?p=10626\"]}]},{\"@type\":\"ImageObject\",\"inLanguage\":\"en-US\",\"@id\":\"https:\\\/\\\/erevanblog.am\\\/?p=10626#primaryimage\",\"url\":\"https:\\\/\\\/erevanblog.am\\\/wp-content\\\/uploads\\\/2025\\\/07\\\/45639888.jpg\",\"contentUrl\":\"https:\\\/\\\/erevanblog.am\\\/wp-content\\\/uploads\\\/2025\\\/07\\\/45639888.jpg\",\"width\":1024,\"height\":576},{\"@type\":\"BreadcrumbList\",\"@id\":\"https:\\\/\\\/erevanblog.am\\\/?p=10626#breadcrumb\",\"itemListElement\":[{\"@type\":\"ListItem\",\"position\":1,\"name\":\"Home\",\"item\":\"https:\\\/\\\/erevanblog.am\\\/\"},{\"@type\":\"ListItem\",\"position\":2,\"name\":\"\u0160OKUJ\u00cdC\u00cd CHV\u00cdLE V HOR\u00c1CH: D\u00edvka p\u0159e\u0161la smrt\u00edc\u00ed l\u00e1vku BEZ ji\u0161t\u011bn\u00ed \u2013 v\u0161ichni ztuhli hr\u016fzou!\"}]},{\"@type\":\"WebSite\",\"@id\":\"https:\\\/\\\/erevanblog.am\\\/#website\",\"url\":\"https:\\\/\\\/erevanblog.am\\\/\",\"name\":\"\",\"description\":\"\",\"potentialAction\":[{\"@type\":\"SearchAction\",\"target\":{\"@type\":\"EntryPoint\",\"urlTemplate\":\"https:\\\/\\\/erevanblog.am\\\/?s={search_term_string}\"},\"query-input\":{\"@type\":\"PropertyValueSpecification\",\"valueRequired\":true,\"valueName\":\"search_term_string\"}}],\"inLanguage\":\"en-US\"},{\"@type\":\"Person\",\"@id\":\"https:\\\/\\\/erevanblog.am\\\/#\\\/schema\\\/person\\\/204f10311eb7ddb8914a5ab3e5f03928\",\"name\":\"erevanblog_a\",\"image\":{\"@type\":\"ImageObject\",\"inLanguage\":\"en-US\",\"@id\":\"https:\\\/\\\/secure.gravatar.com\\\/avatar\\\/a24f4ac3a683f3c87303db525abc00db51ea26ccedee11dfaf1cc0f9a481a5d2?s=96&d=mm&r=g\",\"url\":\"https:\\\/\\\/secure.gravatar.com\\\/avatar\\\/a24f4ac3a683f3c87303db525abc00db51ea26ccedee11dfaf1cc0f9a481a5d2?s=96&d=mm&r=g\",\"contentUrl\":\"https:\\\/\\\/secure.gravatar.com\\\/avatar\\\/a24f4ac3a683f3c87303db525abc00db51ea26ccedee11dfaf1cc0f9a481a5d2?s=96&d=mm&r=g\",\"caption\":\"erevanblog_a\"},\"sameAs\":[\"http:\\\/\\\/erevanblog.am\"],\"url\":\"https:\\\/\\\/erevanblog.am\\\/?author=1\"}]}<\/script>\n<!-- \/ Yoast SEO plugin. -->","yoast_head_json":{"title":"\u0160OKUJ\u00cdC\u00cd CHV\u00cdLE V HOR\u00c1CH: D\u00edvka p\u0159e\u0161la smrt\u00edc\u00ed l\u00e1vku BEZ ji\u0161t\u011bn\u00ed \u2013 v\u0161ichni ztuhli hr\u016fzou! -","robots":{"index":"index","follow":"follow","max-snippet":"max-snippet:-1","max-image-preview":"max-image-preview:large","max-video-preview":"max-video-preview:-1"},"canonical":"https:\/\/erevanblog.am\/?p=10626","og_locale":"en_US","og_type":"article","og_title":"\u0160OKUJ\u00cdC\u00cd CHV\u00cdLE V HOR\u00c1CH: D\u00edvka p\u0159e\u0161la smrt\u00edc\u00ed l\u00e1vku BEZ ji\u0161t\u011bn\u00ed \u2013 v\u0161ichni ztuhli hr\u016fzou! -","og_description":"V\u0161echno za\u010dalo jako oby\u010dejn\u00fd den. Slunce sv\u00edtilo, vzduch byl sv\u011b\u017e\u00ed a skupina turist\u016f se vydala na t\u00faru do Slovensk\u00e9ho r\u00e1je. Mezi nimi i Anna P., [...]","og_url":"https:\/\/erevanblog.am\/?p=10626","article_published_time":"2025-07-03T06:12:10+00:00","article_modified_time":"2025-07-03T06:12:11+00:00","og_image":[{"width":1024,"height":576,"url":"http:\/\/erevanblog.am\/wp-content\/uploads\/2025\/07\/45639888.jpg","type":"image\/jpeg"}],"author":"erevanblog_a","twitter_card":"summary_large_image","twitter_misc":{"Written by":"erevanblog_a","Est. reading time":"2 minutes"},"schema":{"@context":"https:\/\/schema.org","@graph":[{"@type":"Article","@id":"https:\/\/erevanblog.am\/?p=10626#article","isPartOf":{"@id":"https:\/\/erevanblog.am\/?p=10626"},"author":{"name":"erevanblog_a","@id":"https:\/\/erevanblog.am\/#\/schema\/person\/204f10311eb7ddb8914a5ab3e5f03928"},"headline":"\u0160OKUJ\u00cdC\u00cd CHV\u00cdLE V HOR\u00c1CH: D\u00edvka p\u0159e\u0161la smrt\u00edc\u00ed l\u00e1vku BEZ ji\u0161t\u011bn\u00ed \u2013 v\u0161ichni ztuhli hr\u016fzou!","datePublished":"2025-07-03T06:12:10+00:00","dateModified":"2025-07-03T06:12:11+00:00","mainEntityOfPage":{"@id":"https:\/\/erevanblog.am\/?p=10626"},"wordCount":386,"commentCount":0,"image":{"@id":"https:\/\/erevanblog.am\/?p=10626#primaryimage"},"thumbnailUrl":"https:\/\/erevanblog.am\/wp-content\/uploads\/2025\/07\/45639888.jpg","articleSection":["NEWS"],"inLanguage":"en-US","potentialAction":[{"@type":"CommentAction","name":"Comment","target":["https:\/\/erevanblog.am\/?p=10626#respond"]}]},{"@type":"WebPage","@id":"https:\/\/erevanblog.am\/?p=10626","url":"https:\/\/erevanblog.am\/?p=10626","name":"\u0160OKUJ\u00cdC\u00cd CHV\u00cdLE V HOR\u00c1CH: D\u00edvka p\u0159e\u0161la smrt\u00edc\u00ed l\u00e1vku BEZ ji\u0161t\u011bn\u00ed \u2013 v\u0161ichni ztuhli hr\u016fzou! -","isPartOf":{"@id":"https:\/\/erevanblog.am\/#website"},"primaryImageOfPage":{"@id":"https:\/\/erevanblog.am\/?p=10626#primaryimage"},"image":{"@id":"https:\/\/erevanblog.am\/?p=10626#primaryimage"},"thumbnailUrl":"https:\/\/erevanblog.am\/wp-content\/uploads\/2025\/07\/45639888.jpg","datePublished":"2025-07-03T06:12:10+00:00","dateModified":"2025-07-03T06:12:11+00:00","author":{"@id":"https:\/\/erevanblog.am\/#\/schema\/person\/204f10311eb7ddb8914a5ab3e5f03928"},"breadcrumb":{"@id":"https:\/\/erevanblog.am\/?p=10626#breadcrumb"},"inLanguage":"en-US","potentialAction":[{"@type":"ReadAction","target":["https:\/\/erevanblog.am\/?p=10626"]}]},{"@type":"ImageObject","inLanguage":"en-US","@id":"https:\/\/erevanblog.am\/?p=10626#primaryimage","url":"https:\/\/erevanblog.am\/wp-content\/uploads\/2025\/07\/45639888.jpg","contentUrl":"https:\/\/erevanblog.am\/wp-content\/uploads\/2025\/07\/45639888.jpg","width":1024,"height":576},{"@type":"BreadcrumbList","@id":"https:\/\/erevanblog.am\/?p=10626#breadcrumb","itemListElement":[{"@type":"ListItem","position":1,"name":"Home","item":"https:\/\/erevanblog.am\/"},{"@type":"ListItem","position":2,"name":"\u0160OKUJ\u00cdC\u00cd CHV\u00cdLE V HOR\u00c1CH: D\u00edvka p\u0159e\u0161la smrt\u00edc\u00ed l\u00e1vku BEZ ji\u0161t\u011bn\u00ed \u2013 v\u0161ichni ztuhli hr\u016fzou!"}]},{"@type":"WebSite","@id":"https:\/\/erevanblog.am\/#website","url":"https:\/\/erevanblog.am\/","name":"","description":"","potentialAction":[{"@type":"SearchAction","target":{"@type":"EntryPoint","urlTemplate":"https:\/\/erevanblog.am\/?s={search_term_string}"},"query-input":{"@type":"PropertyValueSpecification","valueRequired":true,"valueName":"search_term_string"}}],"inLanguage":"en-US"},{"@type":"Person","@id":"https:\/\/erevanblog.am\/#\/schema\/person\/204f10311eb7ddb8914a5ab3e5f03928","name":"erevanblog_a","image":{"@type":"ImageObject","inLanguage":"en-US","@id":"https:\/\/secure.gravatar.com\/avatar\/a24f4ac3a683f3c87303db525abc00db51ea26ccedee11dfaf1cc0f9a481a5d2?s=96&d=mm&r=g","url":"https:\/\/secure.gravatar.com\/avatar\/a24f4ac3a683f3c87303db525abc00db51ea26ccedee11dfaf1cc0f9a481a5d2?s=96&d=mm&r=g","contentUrl":"https:\/\/secure.gravatar.com\/avatar\/a24f4ac3a683f3c87303db525abc00db51ea26ccedee11dfaf1cc0f9a481a5d2?s=96&d=mm&r=g","caption":"erevanblog_a"},"sameAs":["http:\/\/erevanblog.am"],"url":"https:\/\/erevanblog.am\/?author=1"}]}},"views":240,"_links":{"self":[{"href":"https:\/\/erevanblog.am\/index.php?rest_route=\/wp\/v2\/posts\/10626","targetHints":{"allow":["GET"]}}],"collection":[{"href":"https:\/\/erevanblog.am\/index.php?rest_route=\/wp\/v2\/posts"}],"about":[{"href":"https:\/\/erevanblog.am\/index.php?rest_route=\/wp\/v2\/types\/post"}],"author":[{"embeddable":true,"href":"https:\/\/erevanblog.am\/index.php?rest_route=\/wp\/v2\/users\/1"}],"replies":[{"embeddable":true,"href":"https:\/\/erevanblog.am\/index.php?rest_route=%2Fwp%2Fv2%2Fcomments&post=10626"}],"version-history":[{"count":1,"href":"https:\/\/erevanblog.am\/index.php?rest_route=\/wp\/v2\/posts\/10626\/revisions"}],"predecessor-version":[{"id":10628,"href":"https:\/\/erevanblog.am\/index.php?rest_route=\/wp\/v2\/posts\/10626\/revisions\/10628"}],"wp:featuredmedia":[{"embeddable":true,"href":"https:\/\/erevanblog.am\/index.php?rest_route=\/wp\/v2\/media\/10627"}],"wp:attachment":[{"href":"https:\/\/erevanblog.am\/index.php?rest_route=%2Fwp%2Fv2%2Fmedia&parent=10626"}],"wp:term":[{"taxonomy":"category","embeddable":true,"href":"https:\/\/erevanblog.am\/index.php?rest_route=%2Fwp%2Fv2%2Fcategories&post=10626"},{"taxonomy":"post_tag","embeddable":true,"href":"https:\/\/erevanblog.am\/index.php?rest_route=%2Fwp%2Fv2%2Ftags&post=10626"}],"curies":[{"name":"wp","href":"https:\/\/api.w.org\/{rel}","templated":true}]}}