{"id":10629,"date":"2025-07-03T07:21:16","date_gmt":"2025-07-03T06:21:16","guid":{"rendered":"https:\/\/erevanblog.am\/?p=10629"},"modified":"2025-07-03T07:21:16","modified_gmt":"2025-07-03T06:21:16","slug":"necekany-incident-v-centru-ostravy-muz-spoustel-dite-do-kanalu-co-ho-k-tomu-vedlo","status":"publish","type":"post","link":"https:\/\/erevanblog.am\/?p=10629","title":{"rendered":"Ne\u010dekan\u00fd incident v centru Ostravy: Mu\u017e spou\u0161t\u011bl d\u00edt\u011b do kan\u00e1lu \u2013 co ho k tomu vedlo?"},"content":{"rendered":"\n<p>V \u00fater\u00fd r\u00e1no v centru Ostravy do\u0161lo k ud\u00e1losti, kter\u00e1 zasko\u010dila jak sv\u011bdky, tak i policii. Na ru\u0161n\u00e9 k\u0159i\u017eovatce ulic N\u00e1dra\u017en\u00ed a \u010ceskobratrsk\u00e9 si kolemjdouc\u00ed v\u0161imli mu\u017ee s ko\u010d\u00e1rkem. Na prvn\u00ed pohled p\u016fsobil jako b\u011b\u017en\u00fd rodi\u010d na proch\u00e1zce. Ov\u0161em jeho n\u00e1sledn\u00e9 chov\u00e1n\u00ed \u0161okovalo p\u0159ihl\u00ed\u017eej\u00edc\u00ed \u2013 za\u010dal toti\u017e spou\u0161t\u011bt sv\u00e9 d\u00edt\u011b do kan\u00e1lov\u00e9 \u0161achty p\u0159\u00edmo uprost\u0159ed ulice.<\/p>\n\n\n\n<figure class=\"wp-block-image size-full\"><img loading=\"lazy\" decoding=\"async\" width=\"838\" height=\"1024\" src=\"https:\/\/erevanblog.am\/wp-content\/uploads\/2025\/07\/78542.jpg\" alt=\"\" class=\"wp-image-10630\" srcset=\"https:\/\/erevanblog.am\/wp-content\/uploads\/2025\/07\/78542.jpg 838w, https:\/\/erevanblog.am\/wp-content\/uploads\/2025\/07\/78542-246x300.jpg 246w, https:\/\/erevanblog.am\/wp-content\/uploads\/2025\/07\/78542-768x938.jpg 768w\" sizes=\"auto, (max-width: 838px) 100vw, 838px\" \/><\/figure>\n\n\n\n<p>Na\u0161t\u011bst\u00ed kolemjdouc\u00ed okam\u017eit\u011b zas\u00e1hli \u2013 jedna \u017eena za\u010dala k\u0159i\u010det, dva mu\u017ei p\u0159isp\u011bchali na pomoc a poda\u0159ilo se jim d\u00edt\u011b vyt\u00e1hnout. P\u0159ivolan\u00e1 policie dorazila b\u011bhem n\u011bkolika minut a mu\u017e byl zadr\u017een.<\/p>\n\n\n\n<p>Zadr\u017een\u00fdm byl 36let\u00fd Adam S., otec \u010dty\u0159m\u011bs\u00ed\u010dn\u00edho Olivera, bez krimin\u00e1ln\u00ed minulosti a bez zn\u00e1mek p\u0159edchoz\u00edho n\u00e1siln\u00e9ho chov\u00e1n\u00ed. Jak se ale uk\u00e1zalo, Adam v minulosti prod\u011blal t\u011b\u017ekou osobn\u00ed ztr\u00e1tu \u2013 p\u0159i v\u00fdbuchu plynu p\u0159ed dv\u011bma lety tragicky p\u0159i\u0161el o sv\u00e9ho prvorozen\u00e9ho syna Mat\u011bje. Jeho t\u011blo se nikdy nena\u0161lo, a od t\u00e9 doby Adam tvrdil, \u017ee sly\u0161\u00ed jeho pl\u00e1\u010d z podzem\u00ed.<\/p>\n\n\n\n<p>Po narozen\u00ed druh\u00e9ho syna se jeho psychick\u00fd stav za\u010dal zhor\u0161ovat. Podle v\u00fdpov\u011bdi man\u017eelky \u010dasto mluvil o tom, \u017ee \u201en\u011bkdo vol\u00e1 d\u00edt\u011b z podzem\u00ed\u201c a \u017ee \u201eMat\u011bj \u010dek\u00e1 na bratra\u201c. Rodina jeho chov\u00e1n\u00ed p\u0159i\u010d\u00edtala truchlen\u00ed, ale netu\u0161ila, jak hlubok\u00e9 stopy v n\u011bm trag\u00e9die zanechala.<\/p>\n\n\n\n<p>Psychiat\u0159i nyn\u00ed hovo\u0159\u00ed o akutn\u00ed posttraumatick\u00e9 psych\u00f3ze. Adam byl p\u0159evezen do psychiatrick\u00e9ho za\u0159\u00edzen\u00ed v Brn\u011b. Oliver je nyn\u00ed v p\u00e9\u010di matky, je zdrav\u00fd a v po\u0159\u00e1dku.<\/p>\n\n\n\n<p>P\u0159\u00edpad v\u0161ak o\u017eivil i star\u00e9 m\u00edstn\u00ed legendy o podzemn\u00edch tunelech pod Ostravou a z\u00e1hadn\u00fdch zvuc\u00edch z kan\u00e1l\u016f. Co skute\u010dn\u011b Adam sly\u0161el \u2013 a sly\u0161el to jen on?<\/p>\n\n\n\n<p>Na tyto ot\u00e1zky zat\u00edm odpov\u011b\u010f nem\u00e1me.<\/p>\n","protected":false},"excerpt":{"rendered":"<div class=\"mh-excerpt\"><p>V \u00fater\u00fd r\u00e1no v centru Ostravy do\u0161lo k ud\u00e1losti, kter\u00e1 zasko\u010dila jak sv\u011bdky, tak i policii. Na ru\u0161n\u00e9 k\u0159i\u017eovatce ulic N\u00e1dra\u017en\u00ed a \u010ceskobratrsk\u00e9 si kolemjdouc\u00ed <a class=\"mh-excerpt-more\" href=\"https:\/\/erevanblog.am\/?p=10629\" title=\"Ne\u010dekan\u00fd incident v centru Ostravy: Mu\u017e spou\u0161t\u011bl d\u00edt\u011b do kan\u00e1lu \u2013 co ho k tomu vedlo?\">[&#8230;]<\/a><\/p>\n<\/div>","protected":false},"author":1,"featured_media":10630,"comment_status":"open","ping_status":"open","sticky":false,"template":"","format":"standard","meta":{"footnotes":""},"categories":[1],"tags":[],"class_list":["post-10629","post","type-post","status-publish","format-standard","has-post-thumbnail","hentry","category-uncategorised"],"yoast_head":"<!-- This site is optimized with the Yoast SEO plugin v27.5 - https:\/\/yoast.com\/product\/yoast-seo-wordpress\/ -->\n<title>Ne\u010dekan\u00fd incident v centru Ostravy: Mu\u017e spou\u0161t\u011bl d\u00edt\u011b do kan\u00e1lu \u2013 co ho k tomu vedlo? -<\/title>\n<meta name=\"robots\" content=\"index, follow, max-snippet:-1, max-image-preview:large, max-video-preview:-1\" \/>\n<link rel=\"canonical\" href=\"https:\/\/erevanblog.am\/?p=10629\" \/>\n<meta property=\"og:locale\" content=\"en_US\" \/>\n<meta property=\"og:type\" content=\"article\" \/>\n<meta property=\"og:title\" content=\"Ne\u010dekan\u00fd incident v centru Ostravy: Mu\u017e spou\u0161t\u011bl d\u00edt\u011b do kan\u00e1lu \u2013 co ho k tomu vedlo? -\" \/>\n<meta property=\"og:description\" content=\"V \u00fater\u00fd r\u00e1no v centru Ostravy do\u0161lo k ud\u00e1losti, kter\u00e1 zasko\u010dila jak sv\u011bdky, tak i policii. Na ru\u0161n\u00e9 k\u0159i\u017eovatce ulic N\u00e1dra\u017en\u00ed a \u010ceskobratrsk\u00e9 si kolemjdouc\u00ed [...]\" \/>\n<meta property=\"og:url\" content=\"https:\/\/erevanblog.am\/?p=10629\" \/>\n<meta property=\"article:published_time\" content=\"2025-07-03T06:21:16+00:00\" \/>\n<meta property=\"og:image\" content=\"http:\/\/erevanblog.am\/wp-content\/uploads\/2025\/07\/78542.jpg\" \/>\n\t<meta property=\"og:image:width\" content=\"838\" \/>\n\t<meta property=\"og:image:height\" content=\"1024\" \/>\n\t<meta property=\"og:image:type\" content=\"image\/jpeg\" \/>\n<meta name=\"author\" content=\"erevanblog_a\" \/>\n<meta name=\"twitter:card\" content=\"summary_large_image\" \/>\n<meta name=\"twitter:label1\" content=\"Written by\" \/>\n\t<meta name=\"twitter:data1\" content=\"erevanblog_a\" \/>\n\t<meta name=\"twitter:label2\" content=\"Est. reading time\" \/>\n\t<meta name=\"twitter:data2\" content=\"2 minutes\" \/>\n<script type=\"application\/ld+json\" class=\"yoast-schema-graph\">{\"@context\":\"https:\\\/\\\/schema.org\",\"@graph\":[{\"@type\":\"Article\",\"@id\":\"https:\\\/\\\/erevanblog.am\\\/?p=10629#article\",\"isPartOf\":{\"@id\":\"https:\\\/\\\/erevanblog.am\\\/?p=10629\"},\"author\":{\"name\":\"erevanblog_a\",\"@id\":\"https:\\\/\\\/erevanblog.am\\\/#\\\/schema\\\/person\\\/204f10311eb7ddb8914a5ab3e5f03928\"},\"headline\":\"Ne\u010dekan\u00fd incident v centru Ostravy: Mu\u017e spou\u0161t\u011bl d\u00edt\u011b do kan\u00e1lu \u2013 co ho k tomu vedlo?\",\"datePublished\":\"2025-07-03T06:21:16+00:00\",\"mainEntityOfPage\":{\"@id\":\"https:\\\/\\\/erevanblog.am\\\/?p=10629\"},\"wordCount\":374,\"commentCount\":0,\"image\":{\"@id\":\"https:\\\/\\\/erevanblog.am\\\/?p=10629#primaryimage\"},\"thumbnailUrl\":\"https:\\\/\\\/erevanblog.am\\\/wp-content\\\/uploads\\\/2025\\\/07\\\/78542.jpg\",\"articleSection\":[\"NEWS\"],\"inLanguage\":\"en-US\",\"potentialAction\":[{\"@type\":\"CommentAction\",\"name\":\"Comment\",\"target\":[\"https:\\\/\\\/erevanblog.am\\\/?p=10629#respond\"]}]},{\"@type\":\"WebPage\",\"@id\":\"https:\\\/\\\/erevanblog.am\\\/?p=10629\",\"url\":\"https:\\\/\\\/erevanblog.am\\\/?p=10629\",\"name\":\"Ne\u010dekan\u00fd incident v centru Ostravy: Mu\u017e spou\u0161t\u011bl d\u00edt\u011b do kan\u00e1lu \u2013 co ho k tomu vedlo? -\",\"isPartOf\":{\"@id\":\"https:\\\/\\\/erevanblog.am\\\/#website\"},\"primaryImageOfPage\":{\"@id\":\"https:\\\/\\\/erevanblog.am\\\/?p=10629#primaryimage\"},\"image\":{\"@id\":\"https:\\\/\\\/erevanblog.am\\\/?p=10629#primaryimage\"},\"thumbnailUrl\":\"https:\\\/\\\/erevanblog.am\\\/wp-content\\\/uploads\\\/2025\\\/07\\\/78542.jpg\",\"datePublished\":\"2025-07-03T06:21:16+00:00\",\"author\":{\"@id\":\"https:\\\/\\\/erevanblog.am\\\/#\\\/schema\\\/person\\\/204f10311eb7ddb8914a5ab3e5f03928\"},\"breadcrumb\":{\"@id\":\"https:\\\/\\\/erevanblog.am\\\/?p=10629#breadcrumb\"},\"inLanguage\":\"en-US\",\"potentialAction\":[{\"@type\":\"ReadAction\",\"target\":[\"https:\\\/\\\/erevanblog.am\\\/?p=10629\"]}]},{\"@type\":\"ImageObject\",\"inLanguage\":\"en-US\",\"@id\":\"https:\\\/\\\/erevanblog.am\\\/?p=10629#primaryimage\",\"url\":\"https:\\\/\\\/erevanblog.am\\\/wp-content\\\/uploads\\\/2025\\\/07\\\/78542.jpg\",\"contentUrl\":\"https:\\\/\\\/erevanblog.am\\\/wp-content\\\/uploads\\\/2025\\\/07\\\/78542.jpg\",\"width\":838,\"height\":1024},{\"@type\":\"BreadcrumbList\",\"@id\":\"https:\\\/\\\/erevanblog.am\\\/?p=10629#breadcrumb\",\"itemListElement\":[{\"@type\":\"ListItem\",\"position\":1,\"name\":\"Home\",\"item\":\"https:\\\/\\\/erevanblog.am\\\/\"},{\"@type\":\"ListItem\",\"position\":2,\"name\":\"Ne\u010dekan\u00fd incident v centru Ostravy: Mu\u017e spou\u0161t\u011bl d\u00edt\u011b do kan\u00e1lu \u2013 co ho k tomu vedlo?\"}]},{\"@type\":\"WebSite\",\"@id\":\"https:\\\/\\\/erevanblog.am\\\/#website\",\"url\":\"https:\\\/\\\/erevanblog.am\\\/\",\"name\":\"\",\"description\":\"\",\"potentialAction\":[{\"@type\":\"SearchAction\",\"target\":{\"@type\":\"EntryPoint\",\"urlTemplate\":\"https:\\\/\\\/erevanblog.am\\\/?s={search_term_string}\"},\"query-input\":{\"@type\":\"PropertyValueSpecification\",\"valueRequired\":true,\"valueName\":\"search_term_string\"}}],\"inLanguage\":\"en-US\"},{\"@type\":\"Person\",\"@id\":\"https:\\\/\\\/erevanblog.am\\\/#\\\/schema\\\/person\\\/204f10311eb7ddb8914a5ab3e5f03928\",\"name\":\"erevanblog_a\",\"image\":{\"@type\":\"ImageObject\",\"inLanguage\":\"en-US\",\"@id\":\"https:\\\/\\\/secure.gravatar.com\\\/avatar\\\/a24f4ac3a683f3c87303db525abc00db51ea26ccedee11dfaf1cc0f9a481a5d2?s=96&d=mm&r=g\",\"url\":\"https:\\\/\\\/secure.gravatar.com\\\/avatar\\\/a24f4ac3a683f3c87303db525abc00db51ea26ccedee11dfaf1cc0f9a481a5d2?s=96&d=mm&r=g\",\"contentUrl\":\"https:\\\/\\\/secure.gravatar.com\\\/avatar\\\/a24f4ac3a683f3c87303db525abc00db51ea26ccedee11dfaf1cc0f9a481a5d2?s=96&d=mm&r=g\",\"caption\":\"erevanblog_a\"},\"sameAs\":[\"http:\\\/\\\/erevanblog.am\"],\"url\":\"https:\\\/\\\/erevanblog.am\\\/?author=1\"}]}<\/script>\n<!-- \/ Yoast SEO plugin. -->","yoast_head_json":{"title":"Ne\u010dekan\u00fd incident v centru Ostravy: Mu\u017e spou\u0161t\u011bl d\u00edt\u011b do kan\u00e1lu \u2013 co ho k tomu vedlo? -","robots":{"index":"index","follow":"follow","max-snippet":"max-snippet:-1","max-image-preview":"max-image-preview:large","max-video-preview":"max-video-preview:-1"},"canonical":"https:\/\/erevanblog.am\/?p=10629","og_locale":"en_US","og_type":"article","og_title":"Ne\u010dekan\u00fd incident v centru Ostravy: Mu\u017e spou\u0161t\u011bl d\u00edt\u011b do kan\u00e1lu \u2013 co ho k tomu vedlo? -","og_description":"V \u00fater\u00fd r\u00e1no v centru Ostravy do\u0161lo k ud\u00e1losti, kter\u00e1 zasko\u010dila jak sv\u011bdky, tak i policii. Na ru\u0161n\u00e9 k\u0159i\u017eovatce ulic N\u00e1dra\u017en\u00ed a \u010ceskobratrsk\u00e9 si kolemjdouc\u00ed [...]","og_url":"https:\/\/erevanblog.am\/?p=10629","article_published_time":"2025-07-03T06:21:16+00:00","og_image":[{"width":838,"height":1024,"url":"http:\/\/erevanblog.am\/wp-content\/uploads\/2025\/07\/78542.jpg","type":"image\/jpeg"}],"author":"erevanblog_a","twitter_card":"summary_large_image","twitter_misc":{"Written by":"erevanblog_a","Est. reading time":"2 minutes"},"schema":{"@context":"https:\/\/schema.org","@graph":[{"@type":"Article","@id":"https:\/\/erevanblog.am\/?p=10629#article","isPartOf":{"@id":"https:\/\/erevanblog.am\/?p=10629"},"author":{"name":"erevanblog_a","@id":"https:\/\/erevanblog.am\/#\/schema\/person\/204f10311eb7ddb8914a5ab3e5f03928"},"headline":"Ne\u010dekan\u00fd incident v centru Ostravy: Mu\u017e spou\u0161t\u011bl d\u00edt\u011b do kan\u00e1lu \u2013 co ho k tomu vedlo?","datePublished":"2025-07-03T06:21:16+00:00","mainEntityOfPage":{"@id":"https:\/\/erevanblog.am\/?p=10629"},"wordCount":374,"commentCount":0,"image":{"@id":"https:\/\/erevanblog.am\/?p=10629#primaryimage"},"thumbnailUrl":"https:\/\/erevanblog.am\/wp-content\/uploads\/2025\/07\/78542.jpg","articleSection":["NEWS"],"inLanguage":"en-US","potentialAction":[{"@type":"CommentAction","name":"Comment","target":["https:\/\/erevanblog.am\/?p=10629#respond"]}]},{"@type":"WebPage","@id":"https:\/\/erevanblog.am\/?p=10629","url":"https:\/\/erevanblog.am\/?p=10629","name":"Ne\u010dekan\u00fd incident v centru Ostravy: Mu\u017e spou\u0161t\u011bl d\u00edt\u011b do kan\u00e1lu \u2013 co ho k tomu vedlo? -","isPartOf":{"@id":"https:\/\/erevanblog.am\/#website"},"primaryImageOfPage":{"@id":"https:\/\/erevanblog.am\/?p=10629#primaryimage"},"image":{"@id":"https:\/\/erevanblog.am\/?p=10629#primaryimage"},"thumbnailUrl":"https:\/\/erevanblog.am\/wp-content\/uploads\/2025\/07\/78542.jpg","datePublished":"2025-07-03T06:21:16+00:00","author":{"@id":"https:\/\/erevanblog.am\/#\/schema\/person\/204f10311eb7ddb8914a5ab3e5f03928"},"breadcrumb":{"@id":"https:\/\/erevanblog.am\/?p=10629#breadcrumb"},"inLanguage":"en-US","potentialAction":[{"@type":"ReadAction","target":["https:\/\/erevanblog.am\/?p=10629"]}]},{"@type":"ImageObject","inLanguage":"en-US","@id":"https:\/\/erevanblog.am\/?p=10629#primaryimage","url":"https:\/\/erevanblog.am\/wp-content\/uploads\/2025\/07\/78542.jpg","contentUrl":"https:\/\/erevanblog.am\/wp-content\/uploads\/2025\/07\/78542.jpg","width":838,"height":1024},{"@type":"BreadcrumbList","@id":"https:\/\/erevanblog.am\/?p=10629#breadcrumb","itemListElement":[{"@type":"ListItem","position":1,"name":"Home","item":"https:\/\/erevanblog.am\/"},{"@type":"ListItem","position":2,"name":"Ne\u010dekan\u00fd incident v centru Ostravy: Mu\u017e spou\u0161t\u011bl d\u00edt\u011b do kan\u00e1lu \u2013 co ho k tomu vedlo?"}]},{"@type":"WebSite","@id":"https:\/\/erevanblog.am\/#website","url":"https:\/\/erevanblog.am\/","name":"","description":"","potentialAction":[{"@type":"SearchAction","target":{"@type":"EntryPoint","urlTemplate":"https:\/\/erevanblog.am\/?s={search_term_string}"},"query-input":{"@type":"PropertyValueSpecification","valueRequired":true,"valueName":"search_term_string"}}],"inLanguage":"en-US"},{"@type":"Person","@id":"https:\/\/erevanblog.am\/#\/schema\/person\/204f10311eb7ddb8914a5ab3e5f03928","name":"erevanblog_a","image":{"@type":"ImageObject","inLanguage":"en-US","@id":"https:\/\/secure.gravatar.com\/avatar\/a24f4ac3a683f3c87303db525abc00db51ea26ccedee11dfaf1cc0f9a481a5d2?s=96&d=mm&r=g","url":"https:\/\/secure.gravatar.com\/avatar\/a24f4ac3a683f3c87303db525abc00db51ea26ccedee11dfaf1cc0f9a481a5d2?s=96&d=mm&r=g","contentUrl":"https:\/\/secure.gravatar.com\/avatar\/a24f4ac3a683f3c87303db525abc00db51ea26ccedee11dfaf1cc0f9a481a5d2?s=96&d=mm&r=g","caption":"erevanblog_a"},"sameAs":["http:\/\/erevanblog.am"],"url":"https:\/\/erevanblog.am\/?author=1"}]}},"views":252,"_links":{"self":[{"href":"https:\/\/erevanblog.am\/index.php?rest_route=\/wp\/v2\/posts\/10629","targetHints":{"allow":["GET"]}}],"collection":[{"href":"https:\/\/erevanblog.am\/index.php?rest_route=\/wp\/v2\/posts"}],"about":[{"href":"https:\/\/erevanblog.am\/index.php?rest_route=\/wp\/v2\/types\/post"}],"author":[{"embeddable":true,"href":"https:\/\/erevanblog.am\/index.php?rest_route=\/wp\/v2\/users\/1"}],"replies":[{"embeddable":true,"href":"https:\/\/erevanblog.am\/index.php?rest_route=%2Fwp%2Fv2%2Fcomments&post=10629"}],"version-history":[{"count":1,"href":"https:\/\/erevanblog.am\/index.php?rest_route=\/wp\/v2\/posts\/10629\/revisions"}],"predecessor-version":[{"id":10631,"href":"https:\/\/erevanblog.am\/index.php?rest_route=\/wp\/v2\/posts\/10629\/revisions\/10631"}],"wp:featuredmedia":[{"embeddable":true,"href":"https:\/\/erevanblog.am\/index.php?rest_route=\/wp\/v2\/media\/10630"}],"wp:attachment":[{"href":"https:\/\/erevanblog.am\/index.php?rest_route=%2Fwp%2Fv2%2Fmedia&parent=10629"}],"wp:term":[{"taxonomy":"category","embeddable":true,"href":"https:\/\/erevanblog.am\/index.php?rest_route=%2Fwp%2Fv2%2Fcategories&post=10629"},{"taxonomy":"post_tag","embeddable":true,"href":"https:\/\/erevanblog.am\/index.php?rest_route=%2Fwp%2Fv2%2Ftags&post=10629"}],"curies":[{"name":"wp","href":"https:\/\/api.w.org\/{rel}","templated":true}]}}