{"id":10654,"date":"2025-07-04T11:00:36","date_gmt":"2025-07-04T10:00:36","guid":{"rendered":"https:\/\/erevanblog.am\/?p=10654"},"modified":"2025-07-04T11:00:37","modified_gmt":"2025-07-04T10:00:37","slug":"dramaticky-incident-v-nakupnim-centru-eskalator-se-zritil-behem-provozu","status":"publish","type":"post","link":"https:\/\/erevanblog.am\/?p=10654","title":{"rendered":"Dramatick\u00fd incident v n\u00e1kupn\u00edm centru: eskal\u00e1tor se z\u0159\u00edtil b\u011bhem provozu"},"content":{"rendered":"\n<p>V sobotu odpoledne, kr\u00e1tce po \u010dtvrt\u00e9 hodin\u011b, se n\u00e1kupn\u00ed centrum Metro Plaza v srdci Prahy stalo d\u011bji\u0161t\u011bm dramatick\u00e9 ud\u00e1losti. Eskal\u00e1tor vedouc\u00ed do patra pln\u00e9ho restaurac\u00ed a obchod\u016f n\u00e1hle selhal b\u011bhem provozu a zp\u016fsobil zmatek a paniku mezi n\u00e1v\u0161t\u011bvn\u00edky.<\/p>\n\n\n\n<figure class=\"wp-block-image size-full\"><img loading=\"lazy\" decoding=\"async\" width=\"1024\" height=\"962\" src=\"https:\/\/erevanblog.am\/wp-content\/uploads\/2025\/07\/7777777-1.jpg\" alt=\"\" class=\"wp-image-10655\" srcset=\"https:\/\/erevanblog.am\/wp-content\/uploads\/2025\/07\/7777777-1.jpg 1024w, https:\/\/erevanblog.am\/wp-content\/uploads\/2025\/07\/7777777-1-300x282.jpg 300w, https:\/\/erevanblog.am\/wp-content\/uploads\/2025\/07\/7777777-1-768x722.jpg 768w\" sizes=\"auto, (max-width: 1024px) 100vw, 1024px\" \/><\/figure>\n\n\n\n<p>Na eskal\u00e1toru se v osudn\u00fd moment nach\u00e1zelo p\u0159es 30 lid\u00ed \u2013 rodiny s d\u011btmi, senio\u0159i i turist\u00e9. V\u0161echno se zd\u00e1lo b\u00fdt v po\u0159\u00e1dku, dokud se z ni\u010deho nic neozval hlasit\u00fd kovov\u00fd zvuk, n\u00e1sledovan\u00fd prask\u00e1n\u00edm. Pohyb schod\u016f se n\u00e1hle zrychlil a stal se chaotick\u00fdm.<\/p>\n\n\n\n<p>\u201eNajednou se to cel\u00e9 rozjelo, jako by n\u011bkdo pustil stroj z \u0159et\u011bzu,\u201c uvedla o\u010dit\u00e1 sv\u011bdkyn\u011b Eli\u0161ka Vondrov\u00e1. \u201eLid\u00e9 padali, k\u0159i\u010deli, jeden mu\u017e spadl p\u0159\u00edmo na m\u011b.\u201c<\/p>\n\n\n\n<p>Doln\u00ed \u010d\u00e1st eskal\u00e1toru se za\u010dala propadat, n\u011bkter\u00e9 schody se doslova rozpadly a zmizely uvnit\u0159 mechanismu. Ti, kte\u0159\u00ed byli n\u00ed\u017e, byli nebezpe\u010dn\u011b vtahov\u00e1ni dovnit\u0159, zat\u00edmco ostatn\u00ed padali z v\u00fd\u0161ky na n\u011b.<\/p>\n\n\n\n<p>Zam\u011bstnankyn\u011b centra stiskla nouzov\u00e9 tla\u010d\u00edtko p\u0159ibli\u017en\u011b po 15 vte\u0159in\u00e1ch od za\u010d\u00e1tku incidentu. V tu dobu u\u017e v\u0161ak do\u0161lo k n\u011bkolika zran\u011bn\u00edm \u2013 mezi nimi bezv\u011bdom\u00fd mu\u017e, zakl\u00edn\u011bn\u00e9 d\u00edt\u011b a jeho matka v \u0161oku.<\/p>\n\n\n\n<p>Z\u00e1chrann\u00e9 slo\u017eky dorazily do p\u011bti minut a zah\u00e1jily evakuaci \u010d\u00e1sti centra, kter\u00e1 trvala zhruba hodinu. Zdravotn\u00edci o\u0161et\u0159ili 19 osob, \u010dty\u0159i z nich musely b\u00fdt p\u0159evezeny do nemocnice.<\/p>\n\n\n\n<p>Podle p\u0159edb\u011b\u017en\u00fdch informac\u00ed do\u0161lo k selh\u00e1n\u00ed hlavn\u00edho \u0159et\u011bzu eskal\u00e1toru a p\u0159et\u00ed\u017een\u00ed motoru. P\u0159\u00edstroj byl star\u00fd v\u00edce ne\u017e 15 let a u\u017e d\u0159\u00edve se na n\u011bj opakovan\u011b st\u011b\u017eovalo kv\u016fli vibrac\u00edm a hlu\u010dnosti.<\/p>\n\n\n\n<p>Spr\u00e1va centra odm\u00edtla odpov\u011bdnost, s t\u00edm, \u017ee \u00fadr\u017ebu zaji\u0161\u0165ovala extern\u00ed firma. Policie zah\u00e1jila vy\u0161et\u0159ov\u00e1n\u00ed pro podez\u0159en\u00ed z obecn\u00e9ho ohro\u017een\u00ed z nedbalosti.<\/p>\n\n\n\n<p>Pro mnoh\u00e9 z p\u0159\u00edtomn\u00fdch to byl traumatick\u00fd z\u00e1\u017eitek, na kter\u00fd nezapomenou.<\/p>\n\n\n\n<p>\u201eCht\u011bli jsme si d\u00e1t jen zmrzlinu,\u201c \u0159\u00edk\u00e1 mal\u00fd Tom\u00e1\u0161, kter\u00fd skon\u010dil se zhmo\u017ed\u011bn\u00fdm kolenem. \u201eA pak jsme se najednou ocitli na zemi.\u201c<\/p>\n","protected":false},"excerpt":{"rendered":"<div class=\"mh-excerpt\"><p>V sobotu odpoledne, kr\u00e1tce po \u010dtvrt\u00e9 hodin\u011b, se n\u00e1kupn\u00ed centrum Metro Plaza v srdci Prahy stalo d\u011bji\u0161t\u011bm dramatick\u00e9 ud\u00e1losti. Eskal\u00e1tor vedouc\u00ed do patra pln\u00e9ho restaurac\u00ed <a class=\"mh-excerpt-more\" href=\"https:\/\/erevanblog.am\/?p=10654\" title=\"Dramatick\u00fd incident v n\u00e1kupn\u00edm centru: eskal\u00e1tor se z\u0159\u00edtil b\u011bhem provozu\">[&#8230;]<\/a><\/p>\n<\/div>","protected":false},"author":1,"featured_media":10655,"comment_status":"open","ping_status":"open","sticky":false,"template":"","format":"standard","meta":{"footnotes":""},"categories":[1],"tags":[],"class_list":["post-10654","post","type-post","status-publish","format-standard","has-post-thumbnail","hentry","category-uncategorised"],"yoast_head":"<!-- This site is optimized with the Yoast SEO plugin v27.5 - https:\/\/yoast.com\/product\/yoast-seo-wordpress\/ -->\n<title>Dramatick\u00fd incident v n\u00e1kupn\u00edm centru: eskal\u00e1tor se z\u0159\u00edtil b\u011bhem provozu -<\/title>\n<meta name=\"robots\" content=\"index, follow, max-snippet:-1, max-image-preview:large, max-video-preview:-1\" \/>\n<link rel=\"canonical\" href=\"https:\/\/erevanblog.am\/?p=10654\" \/>\n<meta property=\"og:locale\" content=\"en_US\" \/>\n<meta property=\"og:type\" content=\"article\" \/>\n<meta property=\"og:title\" content=\"Dramatick\u00fd incident v n\u00e1kupn\u00edm centru: eskal\u00e1tor se z\u0159\u00edtil b\u011bhem provozu -\" \/>\n<meta property=\"og:description\" content=\"V sobotu odpoledne, kr\u00e1tce po \u010dtvrt\u00e9 hodin\u011b, se n\u00e1kupn\u00ed centrum Metro Plaza v srdci Prahy stalo d\u011bji\u0161t\u011bm dramatick\u00e9 ud\u00e1losti. Eskal\u00e1tor vedouc\u00ed do patra pln\u00e9ho restaurac\u00ed [...]\" \/>\n<meta property=\"og:url\" content=\"https:\/\/erevanblog.am\/?p=10654\" \/>\n<meta property=\"article:published_time\" content=\"2025-07-04T10:00:36+00:00\" \/>\n<meta property=\"article:modified_time\" content=\"2025-07-04T10:00:37+00:00\" \/>\n<meta property=\"og:image\" content=\"http:\/\/erevanblog.am\/wp-content\/uploads\/2025\/07\/7777777-1.jpg\" \/>\n\t<meta property=\"og:image:width\" content=\"1024\" \/>\n\t<meta property=\"og:image:height\" content=\"962\" \/>\n\t<meta property=\"og:image:type\" content=\"image\/jpeg\" \/>\n<meta name=\"author\" content=\"erevanblog_a\" \/>\n<meta name=\"twitter:card\" content=\"summary_large_image\" \/>\n<meta name=\"twitter:label1\" content=\"Written by\" \/>\n\t<meta name=\"twitter:data1\" content=\"erevanblog_a\" \/>\n\t<meta name=\"twitter:label2\" content=\"Est. reading time\" \/>\n\t<meta name=\"twitter:data2\" content=\"2 minutes\" \/>\n<script type=\"application\/ld+json\" class=\"yoast-schema-graph\">{\"@context\":\"https:\\\/\\\/schema.org\",\"@graph\":[{\"@type\":\"Article\",\"@id\":\"https:\\\/\\\/erevanblog.am\\\/?p=10654#article\",\"isPartOf\":{\"@id\":\"https:\\\/\\\/erevanblog.am\\\/?p=10654\"},\"author\":{\"name\":\"erevanblog_a\",\"@id\":\"https:\\\/\\\/erevanblog.am\\\/#\\\/schema\\\/person\\\/204f10311eb7ddb8914a5ab3e5f03928\"},\"headline\":\"Dramatick\u00fd incident v n\u00e1kupn\u00edm centru: eskal\u00e1tor se z\u0159\u00edtil b\u011bhem provozu\",\"datePublished\":\"2025-07-04T10:00:36+00:00\",\"dateModified\":\"2025-07-04T10:00:37+00:00\",\"mainEntityOfPage\":{\"@id\":\"https:\\\/\\\/erevanblog.am\\\/?p=10654\"},\"wordCount\":402,\"commentCount\":0,\"image\":{\"@id\":\"https:\\\/\\\/erevanblog.am\\\/?p=10654#primaryimage\"},\"thumbnailUrl\":\"https:\\\/\\\/erevanblog.am\\\/wp-content\\\/uploads\\\/2025\\\/07\\\/7777777-1.jpg\",\"articleSection\":[\"NEWS\"],\"inLanguage\":\"en-US\",\"potentialAction\":[{\"@type\":\"CommentAction\",\"name\":\"Comment\",\"target\":[\"https:\\\/\\\/erevanblog.am\\\/?p=10654#respond\"]}]},{\"@type\":\"WebPage\",\"@id\":\"https:\\\/\\\/erevanblog.am\\\/?p=10654\",\"url\":\"https:\\\/\\\/erevanblog.am\\\/?p=10654\",\"name\":\"Dramatick\u00fd incident v n\u00e1kupn\u00edm centru: eskal\u00e1tor se z\u0159\u00edtil b\u011bhem provozu -\",\"isPartOf\":{\"@id\":\"https:\\\/\\\/erevanblog.am\\\/#website\"},\"primaryImageOfPage\":{\"@id\":\"https:\\\/\\\/erevanblog.am\\\/?p=10654#primaryimage\"},\"image\":{\"@id\":\"https:\\\/\\\/erevanblog.am\\\/?p=10654#primaryimage\"},\"thumbnailUrl\":\"https:\\\/\\\/erevanblog.am\\\/wp-content\\\/uploads\\\/2025\\\/07\\\/7777777-1.jpg\",\"datePublished\":\"2025-07-04T10:00:36+00:00\",\"dateModified\":\"2025-07-04T10:00:37+00:00\",\"author\":{\"@id\":\"https:\\\/\\\/erevanblog.am\\\/#\\\/schema\\\/person\\\/204f10311eb7ddb8914a5ab3e5f03928\"},\"breadcrumb\":{\"@id\":\"https:\\\/\\\/erevanblog.am\\\/?p=10654#breadcrumb\"},\"inLanguage\":\"en-US\",\"potentialAction\":[{\"@type\":\"ReadAction\",\"target\":[\"https:\\\/\\\/erevanblog.am\\\/?p=10654\"]}]},{\"@type\":\"ImageObject\",\"inLanguage\":\"en-US\",\"@id\":\"https:\\\/\\\/erevanblog.am\\\/?p=10654#primaryimage\",\"url\":\"https:\\\/\\\/erevanblog.am\\\/wp-content\\\/uploads\\\/2025\\\/07\\\/7777777-1.jpg\",\"contentUrl\":\"https:\\\/\\\/erevanblog.am\\\/wp-content\\\/uploads\\\/2025\\\/07\\\/7777777-1.jpg\",\"width\":1024,\"height\":962},{\"@type\":\"BreadcrumbList\",\"@id\":\"https:\\\/\\\/erevanblog.am\\\/?p=10654#breadcrumb\",\"itemListElement\":[{\"@type\":\"ListItem\",\"position\":1,\"name\":\"Home\",\"item\":\"https:\\\/\\\/erevanblog.am\\\/\"},{\"@type\":\"ListItem\",\"position\":2,\"name\":\"Dramatick\u00fd incident v n\u00e1kupn\u00edm centru: eskal\u00e1tor se z\u0159\u00edtil b\u011bhem provozu\"}]},{\"@type\":\"WebSite\",\"@id\":\"https:\\\/\\\/erevanblog.am\\\/#website\",\"url\":\"https:\\\/\\\/erevanblog.am\\\/\",\"name\":\"\",\"description\":\"\",\"potentialAction\":[{\"@type\":\"SearchAction\",\"target\":{\"@type\":\"EntryPoint\",\"urlTemplate\":\"https:\\\/\\\/erevanblog.am\\\/?s={search_term_string}\"},\"query-input\":{\"@type\":\"PropertyValueSpecification\",\"valueRequired\":true,\"valueName\":\"search_term_string\"}}],\"inLanguage\":\"en-US\"},{\"@type\":\"Person\",\"@id\":\"https:\\\/\\\/erevanblog.am\\\/#\\\/schema\\\/person\\\/204f10311eb7ddb8914a5ab3e5f03928\",\"name\":\"erevanblog_a\",\"image\":{\"@type\":\"ImageObject\",\"inLanguage\":\"en-US\",\"@id\":\"https:\\\/\\\/secure.gravatar.com\\\/avatar\\\/a24f4ac3a683f3c87303db525abc00db51ea26ccedee11dfaf1cc0f9a481a5d2?s=96&d=mm&r=g\",\"url\":\"https:\\\/\\\/secure.gravatar.com\\\/avatar\\\/a24f4ac3a683f3c87303db525abc00db51ea26ccedee11dfaf1cc0f9a481a5d2?s=96&d=mm&r=g\",\"contentUrl\":\"https:\\\/\\\/secure.gravatar.com\\\/avatar\\\/a24f4ac3a683f3c87303db525abc00db51ea26ccedee11dfaf1cc0f9a481a5d2?s=96&d=mm&r=g\",\"caption\":\"erevanblog_a\"},\"sameAs\":[\"http:\\\/\\\/erevanblog.am\"],\"url\":\"https:\\\/\\\/erevanblog.am\\\/?author=1\"}]}<\/script>\n<!-- \/ Yoast SEO plugin. -->","yoast_head_json":{"title":"Dramatick\u00fd incident v n\u00e1kupn\u00edm centru: eskal\u00e1tor se z\u0159\u00edtil b\u011bhem provozu -","robots":{"index":"index","follow":"follow","max-snippet":"max-snippet:-1","max-image-preview":"max-image-preview:large","max-video-preview":"max-video-preview:-1"},"canonical":"https:\/\/erevanblog.am\/?p=10654","og_locale":"en_US","og_type":"article","og_title":"Dramatick\u00fd incident v n\u00e1kupn\u00edm centru: eskal\u00e1tor se z\u0159\u00edtil b\u011bhem provozu -","og_description":"V sobotu odpoledne, kr\u00e1tce po \u010dtvrt\u00e9 hodin\u011b, se n\u00e1kupn\u00ed centrum Metro Plaza v srdci Prahy stalo d\u011bji\u0161t\u011bm dramatick\u00e9 ud\u00e1losti. Eskal\u00e1tor vedouc\u00ed do patra pln\u00e9ho restaurac\u00ed [...]","og_url":"https:\/\/erevanblog.am\/?p=10654","article_published_time":"2025-07-04T10:00:36+00:00","article_modified_time":"2025-07-04T10:00:37+00:00","og_image":[{"width":1024,"height":962,"url":"http:\/\/erevanblog.am\/wp-content\/uploads\/2025\/07\/7777777-1.jpg","type":"image\/jpeg"}],"author":"erevanblog_a","twitter_card":"summary_large_image","twitter_misc":{"Written by":"erevanblog_a","Est. reading time":"2 minutes"},"schema":{"@context":"https:\/\/schema.org","@graph":[{"@type":"Article","@id":"https:\/\/erevanblog.am\/?p=10654#article","isPartOf":{"@id":"https:\/\/erevanblog.am\/?p=10654"},"author":{"name":"erevanblog_a","@id":"https:\/\/erevanblog.am\/#\/schema\/person\/204f10311eb7ddb8914a5ab3e5f03928"},"headline":"Dramatick\u00fd incident v n\u00e1kupn\u00edm centru: eskal\u00e1tor se z\u0159\u00edtil b\u011bhem provozu","datePublished":"2025-07-04T10:00:36+00:00","dateModified":"2025-07-04T10:00:37+00:00","mainEntityOfPage":{"@id":"https:\/\/erevanblog.am\/?p=10654"},"wordCount":402,"commentCount":0,"image":{"@id":"https:\/\/erevanblog.am\/?p=10654#primaryimage"},"thumbnailUrl":"https:\/\/erevanblog.am\/wp-content\/uploads\/2025\/07\/7777777-1.jpg","articleSection":["NEWS"],"inLanguage":"en-US","potentialAction":[{"@type":"CommentAction","name":"Comment","target":["https:\/\/erevanblog.am\/?p=10654#respond"]}]},{"@type":"WebPage","@id":"https:\/\/erevanblog.am\/?p=10654","url":"https:\/\/erevanblog.am\/?p=10654","name":"Dramatick\u00fd incident v n\u00e1kupn\u00edm centru: eskal\u00e1tor se z\u0159\u00edtil b\u011bhem provozu -","isPartOf":{"@id":"https:\/\/erevanblog.am\/#website"},"primaryImageOfPage":{"@id":"https:\/\/erevanblog.am\/?p=10654#primaryimage"},"image":{"@id":"https:\/\/erevanblog.am\/?p=10654#primaryimage"},"thumbnailUrl":"https:\/\/erevanblog.am\/wp-content\/uploads\/2025\/07\/7777777-1.jpg","datePublished":"2025-07-04T10:00:36+00:00","dateModified":"2025-07-04T10:00:37+00:00","author":{"@id":"https:\/\/erevanblog.am\/#\/schema\/person\/204f10311eb7ddb8914a5ab3e5f03928"},"breadcrumb":{"@id":"https:\/\/erevanblog.am\/?p=10654#breadcrumb"},"inLanguage":"en-US","potentialAction":[{"@type":"ReadAction","target":["https:\/\/erevanblog.am\/?p=10654"]}]},{"@type":"ImageObject","inLanguage":"en-US","@id":"https:\/\/erevanblog.am\/?p=10654#primaryimage","url":"https:\/\/erevanblog.am\/wp-content\/uploads\/2025\/07\/7777777-1.jpg","contentUrl":"https:\/\/erevanblog.am\/wp-content\/uploads\/2025\/07\/7777777-1.jpg","width":1024,"height":962},{"@type":"BreadcrumbList","@id":"https:\/\/erevanblog.am\/?p=10654#breadcrumb","itemListElement":[{"@type":"ListItem","position":1,"name":"Home","item":"https:\/\/erevanblog.am\/"},{"@type":"ListItem","position":2,"name":"Dramatick\u00fd incident v n\u00e1kupn\u00edm centru: eskal\u00e1tor se z\u0159\u00edtil b\u011bhem provozu"}]},{"@type":"WebSite","@id":"https:\/\/erevanblog.am\/#website","url":"https:\/\/erevanblog.am\/","name":"","description":"","potentialAction":[{"@type":"SearchAction","target":{"@type":"EntryPoint","urlTemplate":"https:\/\/erevanblog.am\/?s={search_term_string}"},"query-input":{"@type":"PropertyValueSpecification","valueRequired":true,"valueName":"search_term_string"}}],"inLanguage":"en-US"},{"@type":"Person","@id":"https:\/\/erevanblog.am\/#\/schema\/person\/204f10311eb7ddb8914a5ab3e5f03928","name":"erevanblog_a","image":{"@type":"ImageObject","inLanguage":"en-US","@id":"https:\/\/secure.gravatar.com\/avatar\/a24f4ac3a683f3c87303db525abc00db51ea26ccedee11dfaf1cc0f9a481a5d2?s=96&d=mm&r=g","url":"https:\/\/secure.gravatar.com\/avatar\/a24f4ac3a683f3c87303db525abc00db51ea26ccedee11dfaf1cc0f9a481a5d2?s=96&d=mm&r=g","contentUrl":"https:\/\/secure.gravatar.com\/avatar\/a24f4ac3a683f3c87303db525abc00db51ea26ccedee11dfaf1cc0f9a481a5d2?s=96&d=mm&r=g","caption":"erevanblog_a"},"sameAs":["http:\/\/erevanblog.am"],"url":"https:\/\/erevanblog.am\/?author=1"}]}},"views":260,"_links":{"self":[{"href":"https:\/\/erevanblog.am\/index.php?rest_route=\/wp\/v2\/posts\/10654","targetHints":{"allow":["GET"]}}],"collection":[{"href":"https:\/\/erevanblog.am\/index.php?rest_route=\/wp\/v2\/posts"}],"about":[{"href":"https:\/\/erevanblog.am\/index.php?rest_route=\/wp\/v2\/types\/post"}],"author":[{"embeddable":true,"href":"https:\/\/erevanblog.am\/index.php?rest_route=\/wp\/v2\/users\/1"}],"replies":[{"embeddable":true,"href":"https:\/\/erevanblog.am\/index.php?rest_route=%2Fwp%2Fv2%2Fcomments&post=10654"}],"version-history":[{"count":1,"href":"https:\/\/erevanblog.am\/index.php?rest_route=\/wp\/v2\/posts\/10654\/revisions"}],"predecessor-version":[{"id":10656,"href":"https:\/\/erevanblog.am\/index.php?rest_route=\/wp\/v2\/posts\/10654\/revisions\/10656"}],"wp:featuredmedia":[{"embeddable":true,"href":"https:\/\/erevanblog.am\/index.php?rest_route=\/wp\/v2\/media\/10655"}],"wp:attachment":[{"href":"https:\/\/erevanblog.am\/index.php?rest_route=%2Fwp%2Fv2%2Fmedia&parent=10654"}],"wp:term":[{"taxonomy":"category","embeddable":true,"href":"https:\/\/erevanblog.am\/index.php?rest_route=%2Fwp%2Fv2%2Fcategories&post=10654"},{"taxonomy":"post_tag","embeddable":true,"href":"https:\/\/erevanblog.am\/index.php?rest_route=%2Fwp%2Fv2%2Ftags&post=10654"}],"curies":[{"name":"wp","href":"https:\/\/api.w.org\/{rel}","templated":true}]}}