{"id":10664,"date":"2025-07-05T07:04:31","date_gmt":"2025-07-05T06:04:31","guid":{"rendered":"https:\/\/erevanblog.am\/?p=10664"},"modified":"2025-07-05T07:04:33","modified_gmt":"2025-07-05T06:04:33","slug":"matka-snezna-vlcice-a-stary-muz-ktery-naslouchal-lesu","status":"publish","type":"post","link":"https:\/\/erevanblog.am\/?p=10664","title":{"rendered":"Matka \u2013 sn\u011b\u017en\u00e1 vl\u010dice a star\u00fd mu\u017e, kter\u00fd naslouchal lesu"},"content":{"rendered":"\n<p>Na severu, tam kde hory ml\u010d\u00ed pod b\u00edlou t\u00edhou sn\u011bhu a zima nikdy zcela nekon\u010d\u00ed, \u017eila vl\u010dice s ko\u017eichem b\u00edl\u00fdm jako \u010derstv\u011b napadan\u00fd sn\u00edh. Obyvatel\u00e9 vesnice v \u00fadol\u00ed j\u00ed \u0159\u00edkali duch lesa. Nikdo ji neznal zbl\u00edzka \u2013 jen mihotav\u00fd st\u00edn mezi stromy, \u0161epot v\u00e1nku ve v\u011btv\u00edch, stopa, kter\u00e1 se ztratila v z\u00e1v\u011bji.<\/p>\n\n\n\n<figure class=\"wp-block-image size-full\"><img loading=\"lazy\" decoding=\"async\" width=\"1024\" height=\"878\" src=\"https:\/\/erevanblog.am\/wp-content\/uploads\/2025\/07\/74123.jpg\" alt=\"\" class=\"wp-image-10665\" srcset=\"https:\/\/erevanblog.am\/wp-content\/uploads\/2025\/07\/74123.jpg 1024w, https:\/\/erevanblog.am\/wp-content\/uploads\/2025\/07\/74123-300x257.jpg 300w, https:\/\/erevanblog.am\/wp-content\/uploads\/2025\/07\/74123-768x659.jpg 768w\" sizes=\"auto, (max-width: 1024px) 100vw, 1024px\" \/><\/figure>\n\n\n\n<p>Ale nebyla jen legendou. Byla matkou.<\/p>\n\n\n\n<p>V no\u0159e ukryt\u00e9 pod skaln\u00edm p\u0159evisem p\u0159ivedla na sv\u011bt \u010dty\u0159i vl\u010data \u2013 slep\u00e1, bezbrann\u00e1, z\u00e1visl\u00e1 jen na n\u00ed. Ka\u017edou noc se vyd\u00e1vala na lov, aby je nakrmila, a zah\u0159\u00edvala je sv\u00fdm t\u011blem. Byla odv\u00e1\u017en\u00e1. A sama.<\/p>\n\n\n\n<p>A\u017e do chv\u00edle, kdy se v\u0161echno zm\u011bnilo.<\/p>\n\n\n\n<p>Jedno r\u00e1no horami ot\u0159\u00e1sl hlubok\u00fd, temn\u00fd rachot. Snad sesuv p\u016fdy, snad zem\u011b mluvila sv\u00fdm vlastn\u00edm jazykem \u2013 ale v\u00fdsledek byl jasn\u00fd. \u010c\u00e1st svahu se z\u0159\u00edtila a poh\u0159bila noru pod kamen\u00edm a sn\u011bhem.<\/p>\n\n\n\n<p>Kdy\u017e se vl\u010dice vr\u00e1tila, vchod zmizel. Jen led, zem a hrobov\u00e9 ticho. Vrhla se na m\u00edsto, dr\u00e1pala, rvala zmrzlou zem, kopala do \u00famoru. Zran\u011bn\u00e1, ale nezastaviteln\u00e1. Jej\u00ed ml\u00e1\u010fata byla uvnit\u0159.<\/p>\n\n\n\n<p>A pr\u00e1v\u011b tehdy ji spat\u0159il star\u00fd mu\u017e.<\/p>\n\n\n\n<p>Josef \u2013 samot\u00e1\u0159, kter\u00fd kdysi b\u00fdval lesn\u00edkem \u2013 \u017eil v chat\u011b pod horou. Kdy\u017e usly\u0161el h\u0159m\u011bn\u00ed, vyrazil zjistit, co se stalo. A tam, u z\u0159\u00edcen\u00e9 sk\u00e1ly, vid\u011bl b\u00edlou vl\u010dici. Ne\u00fato\u010dila. Jen hled\u011bla. A v tom pohledu bylo zoufalstv\u00ed i nad\u011bje.<\/p>\n\n\n\n<p>\u201eMluvila beze slov,\u201c \u0159ekl pozd\u011bji.<\/p>\n\n\n\n<p>Nev\u00e1hal. Vr\u00e1til se pro n\u00e1\u0159ad\u00ed \u2013 lopatu, \u017eeleznou ty\u010d \u2013 a za\u010dal kopat. Vl\u010dice z\u016fstala po jeho boku. T\u011b\u017ece d\u00fdchala, ale neutekla. V\u011bd\u011bla, \u017ee ten mu\u017e j\u00ed nep\u0159i\u0161el ubl\u00ed\u017eit.<\/p>\n\n\n\n<p>Po dlouh\u00fdch hodin\u00e1ch zaslechli zvuky \u2013 slab\u00e9 k\u0148u\u010den\u00ed. Josef opatrn\u011b vyt\u00e1hl dv\u011b vl\u010data. \u017div\u00e1, i kdy\u017e promrzl\u00e1. T\u0159et\u00ed nep\u0159e\u017eilo. \u010ctvrt\u00e9 sotva d\u00fdchalo.<\/p>\n\n\n\n<p>Vl\u010dice neprotestovala. Jen se sklonila k ml\u00e1\u010fat\u016fm, ol\u00edzla jim \u010dum\u00e1\u010dky a na Josefa pohl\u00e9dla pohledem, kter\u00fd \u017e\u00e1dn\u00fd \u010dlov\u011bk nedok\u00e1\u017ee popsat.<\/p>\n\n\n\n<p>D\u00edky n\u011bmu p\u0159e\u017eila. Ona i jej\u00ed krev.<\/p>\n\n\n\n<p>Od t\u00e9 doby se v hor\u00e1ch \u0161ept\u00e1, \u017ee ka\u017edou zimu p\u0159ich\u00e1z\u00ed k jeho chat\u011b. Nestoj\u00ed bl\u00edzko. Jen v d\u00e1lce, mezi stromy, sed\u00ed a d\u00edv\u00e1 se.<\/p>\n\n\n\n<p>A kdy\u017e jednoho dne Josef zmizel nav\u017edy, vlci n\u011bkolik noc\u00ed vyli k obloze. Jako by d\u011bkovali. Nebo se lou\u010dili.<\/p>\n\n\n\n<p>V t\u011bch tvrd\u00fdch hor\u00e1ch vzniklo pouto \u2013 ne mezi \u010dlov\u011bkem a \u0161elmou, ale mezi dv\u011bma bytostmi, kter\u00e9 pochopily ticho. Mezi mu\u017eem, kter\u00fd naslouchal, a matkou, kter\u00e1 nikdy nevzdala boj.<\/p>\n","protected":false},"excerpt":{"rendered":"<div class=\"mh-excerpt\"><p>Na severu, tam kde hory ml\u010d\u00ed pod b\u00edlou t\u00edhou sn\u011bhu a zima nikdy zcela nekon\u010d\u00ed, \u017eila vl\u010dice s ko\u017eichem b\u00edl\u00fdm jako \u010derstv\u011b napadan\u00fd sn\u00edh. Obyvatel\u00e9 <a class=\"mh-excerpt-more\" href=\"https:\/\/erevanblog.am\/?p=10664\" title=\"Matka \u2013 sn\u011b\u017en\u00e1 vl\u010dice a star\u00fd mu\u017e, kter\u00fd naslouchal lesu\">[&#8230;]<\/a><\/p>\n<\/div>","protected":false},"author":1,"featured_media":10665,"comment_status":"open","ping_status":"open","sticky":false,"template":"","format":"standard","meta":{"footnotes":""},"categories":[1],"tags":[],"class_list":["post-10664","post","type-post","status-publish","format-standard","has-post-thumbnail","hentry","category-uncategorised"],"yoast_head":"<!-- This site is optimized with the Yoast SEO plugin v27.5 - https:\/\/yoast.com\/product\/yoast-seo-wordpress\/ -->\n<title>Matka \u2013 sn\u011b\u017en\u00e1 vl\u010dice a star\u00fd mu\u017e, kter\u00fd naslouchal lesu -<\/title>\n<meta name=\"robots\" content=\"index, follow, max-snippet:-1, max-image-preview:large, max-video-preview:-1\" \/>\n<link rel=\"canonical\" href=\"https:\/\/erevanblog.am\/?p=10664\" \/>\n<meta property=\"og:locale\" content=\"en_US\" \/>\n<meta property=\"og:type\" content=\"article\" \/>\n<meta property=\"og:title\" content=\"Matka \u2013 sn\u011b\u017en\u00e1 vl\u010dice a star\u00fd mu\u017e, kter\u00fd naslouchal lesu -\" \/>\n<meta property=\"og:description\" content=\"Na severu, tam kde hory ml\u010d\u00ed pod b\u00edlou t\u00edhou sn\u011bhu a zima nikdy zcela nekon\u010d\u00ed, \u017eila vl\u010dice s ko\u017eichem b\u00edl\u00fdm jako \u010derstv\u011b napadan\u00fd sn\u00edh. Obyvatel\u00e9 [...]\" \/>\n<meta property=\"og:url\" content=\"https:\/\/erevanblog.am\/?p=10664\" \/>\n<meta property=\"article:published_time\" content=\"2025-07-05T06:04:31+00:00\" \/>\n<meta property=\"article:modified_time\" content=\"2025-07-05T06:04:33+00:00\" \/>\n<meta property=\"og:image\" content=\"http:\/\/erevanblog.am\/wp-content\/uploads\/2025\/07\/74123.jpg\" \/>\n\t<meta property=\"og:image:width\" content=\"1024\" \/>\n\t<meta property=\"og:image:height\" content=\"878\" \/>\n\t<meta property=\"og:image:type\" content=\"image\/jpeg\" \/>\n<meta name=\"author\" content=\"erevanblog_a\" \/>\n<meta name=\"twitter:card\" content=\"summary_large_image\" \/>\n<meta name=\"twitter:label1\" content=\"Written by\" \/>\n\t<meta name=\"twitter:data1\" content=\"erevanblog_a\" \/>\n\t<meta name=\"twitter:label2\" content=\"Est. reading time\" \/>\n\t<meta name=\"twitter:data2\" content=\"2 minutes\" \/>\n<script type=\"application\/ld+json\" class=\"yoast-schema-graph\">{\"@context\":\"https:\\\/\\\/schema.org\",\"@graph\":[{\"@type\":\"Article\",\"@id\":\"https:\\\/\\\/erevanblog.am\\\/?p=10664#article\",\"isPartOf\":{\"@id\":\"https:\\\/\\\/erevanblog.am\\\/?p=10664\"},\"author\":{\"name\":\"erevanblog_a\",\"@id\":\"https:\\\/\\\/erevanblog.am\\\/#\\\/schema\\\/person\\\/204f10311eb7ddb8914a5ab3e5f03928\"},\"headline\":\"Matka \u2013 sn\u011b\u017en\u00e1 vl\u010dice a star\u00fd mu\u017e, kter\u00fd naslouchal lesu\",\"datePublished\":\"2025-07-05T06:04:31+00:00\",\"dateModified\":\"2025-07-05T06:04:33+00:00\",\"mainEntityOfPage\":{\"@id\":\"https:\\\/\\\/erevanblog.am\\\/?p=10664\"},\"wordCount\":485,\"commentCount\":0,\"image\":{\"@id\":\"https:\\\/\\\/erevanblog.am\\\/?p=10664#primaryimage\"},\"thumbnailUrl\":\"https:\\\/\\\/erevanblog.am\\\/wp-content\\\/uploads\\\/2025\\\/07\\\/74123.jpg\",\"articleSection\":[\"NEWS\"],\"inLanguage\":\"en-US\",\"potentialAction\":[{\"@type\":\"CommentAction\",\"name\":\"Comment\",\"target\":[\"https:\\\/\\\/erevanblog.am\\\/?p=10664#respond\"]}]},{\"@type\":\"WebPage\",\"@id\":\"https:\\\/\\\/erevanblog.am\\\/?p=10664\",\"url\":\"https:\\\/\\\/erevanblog.am\\\/?p=10664\",\"name\":\"Matka \u2013 sn\u011b\u017en\u00e1 vl\u010dice a star\u00fd mu\u017e, kter\u00fd naslouchal lesu -\",\"isPartOf\":{\"@id\":\"https:\\\/\\\/erevanblog.am\\\/#website\"},\"primaryImageOfPage\":{\"@id\":\"https:\\\/\\\/erevanblog.am\\\/?p=10664#primaryimage\"},\"image\":{\"@id\":\"https:\\\/\\\/erevanblog.am\\\/?p=10664#primaryimage\"},\"thumbnailUrl\":\"https:\\\/\\\/erevanblog.am\\\/wp-content\\\/uploads\\\/2025\\\/07\\\/74123.jpg\",\"datePublished\":\"2025-07-05T06:04:31+00:00\",\"dateModified\":\"2025-07-05T06:04:33+00:00\",\"author\":{\"@id\":\"https:\\\/\\\/erevanblog.am\\\/#\\\/schema\\\/person\\\/204f10311eb7ddb8914a5ab3e5f03928\"},\"breadcrumb\":{\"@id\":\"https:\\\/\\\/erevanblog.am\\\/?p=10664#breadcrumb\"},\"inLanguage\":\"en-US\",\"potentialAction\":[{\"@type\":\"ReadAction\",\"target\":[\"https:\\\/\\\/erevanblog.am\\\/?p=10664\"]}]},{\"@type\":\"ImageObject\",\"inLanguage\":\"en-US\",\"@id\":\"https:\\\/\\\/erevanblog.am\\\/?p=10664#primaryimage\",\"url\":\"https:\\\/\\\/erevanblog.am\\\/wp-content\\\/uploads\\\/2025\\\/07\\\/74123.jpg\",\"contentUrl\":\"https:\\\/\\\/erevanblog.am\\\/wp-content\\\/uploads\\\/2025\\\/07\\\/74123.jpg\",\"width\":1024,\"height\":878},{\"@type\":\"BreadcrumbList\",\"@id\":\"https:\\\/\\\/erevanblog.am\\\/?p=10664#breadcrumb\",\"itemListElement\":[{\"@type\":\"ListItem\",\"position\":1,\"name\":\"Home\",\"item\":\"https:\\\/\\\/erevanblog.am\\\/\"},{\"@type\":\"ListItem\",\"position\":2,\"name\":\"Matka \u2013 sn\u011b\u017en\u00e1 vl\u010dice a star\u00fd mu\u017e, kter\u00fd naslouchal lesu\"}]},{\"@type\":\"WebSite\",\"@id\":\"https:\\\/\\\/erevanblog.am\\\/#website\",\"url\":\"https:\\\/\\\/erevanblog.am\\\/\",\"name\":\"\",\"description\":\"\",\"potentialAction\":[{\"@type\":\"SearchAction\",\"target\":{\"@type\":\"EntryPoint\",\"urlTemplate\":\"https:\\\/\\\/erevanblog.am\\\/?s={search_term_string}\"},\"query-input\":{\"@type\":\"PropertyValueSpecification\",\"valueRequired\":true,\"valueName\":\"search_term_string\"}}],\"inLanguage\":\"en-US\"},{\"@type\":\"Person\",\"@id\":\"https:\\\/\\\/erevanblog.am\\\/#\\\/schema\\\/person\\\/204f10311eb7ddb8914a5ab3e5f03928\",\"name\":\"erevanblog_a\",\"image\":{\"@type\":\"ImageObject\",\"inLanguage\":\"en-US\",\"@id\":\"https:\\\/\\\/secure.gravatar.com\\\/avatar\\\/a24f4ac3a683f3c87303db525abc00db51ea26ccedee11dfaf1cc0f9a481a5d2?s=96&d=mm&r=g\",\"url\":\"https:\\\/\\\/secure.gravatar.com\\\/avatar\\\/a24f4ac3a683f3c87303db525abc00db51ea26ccedee11dfaf1cc0f9a481a5d2?s=96&d=mm&r=g\",\"contentUrl\":\"https:\\\/\\\/secure.gravatar.com\\\/avatar\\\/a24f4ac3a683f3c87303db525abc00db51ea26ccedee11dfaf1cc0f9a481a5d2?s=96&d=mm&r=g\",\"caption\":\"erevanblog_a\"},\"sameAs\":[\"http:\\\/\\\/erevanblog.am\"],\"url\":\"https:\\\/\\\/erevanblog.am\\\/?author=1\"}]}<\/script>\n<!-- \/ Yoast SEO plugin. -->","yoast_head_json":{"title":"Matka \u2013 sn\u011b\u017en\u00e1 vl\u010dice a star\u00fd mu\u017e, kter\u00fd naslouchal lesu -","robots":{"index":"index","follow":"follow","max-snippet":"max-snippet:-1","max-image-preview":"max-image-preview:large","max-video-preview":"max-video-preview:-1"},"canonical":"https:\/\/erevanblog.am\/?p=10664","og_locale":"en_US","og_type":"article","og_title":"Matka \u2013 sn\u011b\u017en\u00e1 vl\u010dice a star\u00fd mu\u017e, kter\u00fd naslouchal lesu -","og_description":"Na severu, tam kde hory ml\u010d\u00ed pod b\u00edlou t\u00edhou sn\u011bhu a zima nikdy zcela nekon\u010d\u00ed, \u017eila vl\u010dice s ko\u017eichem b\u00edl\u00fdm jako \u010derstv\u011b napadan\u00fd sn\u00edh. Obyvatel\u00e9 [...]","og_url":"https:\/\/erevanblog.am\/?p=10664","article_published_time":"2025-07-05T06:04:31+00:00","article_modified_time":"2025-07-05T06:04:33+00:00","og_image":[{"width":1024,"height":878,"url":"http:\/\/erevanblog.am\/wp-content\/uploads\/2025\/07\/74123.jpg","type":"image\/jpeg"}],"author":"erevanblog_a","twitter_card":"summary_large_image","twitter_misc":{"Written by":"erevanblog_a","Est. reading time":"2 minutes"},"schema":{"@context":"https:\/\/schema.org","@graph":[{"@type":"Article","@id":"https:\/\/erevanblog.am\/?p=10664#article","isPartOf":{"@id":"https:\/\/erevanblog.am\/?p=10664"},"author":{"name":"erevanblog_a","@id":"https:\/\/erevanblog.am\/#\/schema\/person\/204f10311eb7ddb8914a5ab3e5f03928"},"headline":"Matka \u2013 sn\u011b\u017en\u00e1 vl\u010dice a star\u00fd mu\u017e, kter\u00fd naslouchal lesu","datePublished":"2025-07-05T06:04:31+00:00","dateModified":"2025-07-05T06:04:33+00:00","mainEntityOfPage":{"@id":"https:\/\/erevanblog.am\/?p=10664"},"wordCount":485,"commentCount":0,"image":{"@id":"https:\/\/erevanblog.am\/?p=10664#primaryimage"},"thumbnailUrl":"https:\/\/erevanblog.am\/wp-content\/uploads\/2025\/07\/74123.jpg","articleSection":["NEWS"],"inLanguage":"en-US","potentialAction":[{"@type":"CommentAction","name":"Comment","target":["https:\/\/erevanblog.am\/?p=10664#respond"]}]},{"@type":"WebPage","@id":"https:\/\/erevanblog.am\/?p=10664","url":"https:\/\/erevanblog.am\/?p=10664","name":"Matka \u2013 sn\u011b\u017en\u00e1 vl\u010dice a star\u00fd mu\u017e, kter\u00fd naslouchal lesu -","isPartOf":{"@id":"https:\/\/erevanblog.am\/#website"},"primaryImageOfPage":{"@id":"https:\/\/erevanblog.am\/?p=10664#primaryimage"},"image":{"@id":"https:\/\/erevanblog.am\/?p=10664#primaryimage"},"thumbnailUrl":"https:\/\/erevanblog.am\/wp-content\/uploads\/2025\/07\/74123.jpg","datePublished":"2025-07-05T06:04:31+00:00","dateModified":"2025-07-05T06:04:33+00:00","author":{"@id":"https:\/\/erevanblog.am\/#\/schema\/person\/204f10311eb7ddb8914a5ab3e5f03928"},"breadcrumb":{"@id":"https:\/\/erevanblog.am\/?p=10664#breadcrumb"},"inLanguage":"en-US","potentialAction":[{"@type":"ReadAction","target":["https:\/\/erevanblog.am\/?p=10664"]}]},{"@type":"ImageObject","inLanguage":"en-US","@id":"https:\/\/erevanblog.am\/?p=10664#primaryimage","url":"https:\/\/erevanblog.am\/wp-content\/uploads\/2025\/07\/74123.jpg","contentUrl":"https:\/\/erevanblog.am\/wp-content\/uploads\/2025\/07\/74123.jpg","width":1024,"height":878},{"@type":"BreadcrumbList","@id":"https:\/\/erevanblog.am\/?p=10664#breadcrumb","itemListElement":[{"@type":"ListItem","position":1,"name":"Home","item":"https:\/\/erevanblog.am\/"},{"@type":"ListItem","position":2,"name":"Matka \u2013 sn\u011b\u017en\u00e1 vl\u010dice a star\u00fd mu\u017e, kter\u00fd naslouchal lesu"}]},{"@type":"WebSite","@id":"https:\/\/erevanblog.am\/#website","url":"https:\/\/erevanblog.am\/","name":"","description":"","potentialAction":[{"@type":"SearchAction","target":{"@type":"EntryPoint","urlTemplate":"https:\/\/erevanblog.am\/?s={search_term_string}"},"query-input":{"@type":"PropertyValueSpecification","valueRequired":true,"valueName":"search_term_string"}}],"inLanguage":"en-US"},{"@type":"Person","@id":"https:\/\/erevanblog.am\/#\/schema\/person\/204f10311eb7ddb8914a5ab3e5f03928","name":"erevanblog_a","image":{"@type":"ImageObject","inLanguage":"en-US","@id":"https:\/\/secure.gravatar.com\/avatar\/a24f4ac3a683f3c87303db525abc00db51ea26ccedee11dfaf1cc0f9a481a5d2?s=96&d=mm&r=g","url":"https:\/\/secure.gravatar.com\/avatar\/a24f4ac3a683f3c87303db525abc00db51ea26ccedee11dfaf1cc0f9a481a5d2?s=96&d=mm&r=g","contentUrl":"https:\/\/secure.gravatar.com\/avatar\/a24f4ac3a683f3c87303db525abc00db51ea26ccedee11dfaf1cc0f9a481a5d2?s=96&d=mm&r=g","caption":"erevanblog_a"},"sameAs":["http:\/\/erevanblog.am"],"url":"https:\/\/erevanblog.am\/?author=1"}]}},"views":213,"_links":{"self":[{"href":"https:\/\/erevanblog.am\/index.php?rest_route=\/wp\/v2\/posts\/10664","targetHints":{"allow":["GET"]}}],"collection":[{"href":"https:\/\/erevanblog.am\/index.php?rest_route=\/wp\/v2\/posts"}],"about":[{"href":"https:\/\/erevanblog.am\/index.php?rest_route=\/wp\/v2\/types\/post"}],"author":[{"embeddable":true,"href":"https:\/\/erevanblog.am\/index.php?rest_route=\/wp\/v2\/users\/1"}],"replies":[{"embeddable":true,"href":"https:\/\/erevanblog.am\/index.php?rest_route=%2Fwp%2Fv2%2Fcomments&post=10664"}],"version-history":[{"count":1,"href":"https:\/\/erevanblog.am\/index.php?rest_route=\/wp\/v2\/posts\/10664\/revisions"}],"predecessor-version":[{"id":10666,"href":"https:\/\/erevanblog.am\/index.php?rest_route=\/wp\/v2\/posts\/10664\/revisions\/10666"}],"wp:featuredmedia":[{"embeddable":true,"href":"https:\/\/erevanblog.am\/index.php?rest_route=\/wp\/v2\/media\/10665"}],"wp:attachment":[{"href":"https:\/\/erevanblog.am\/index.php?rest_route=%2Fwp%2Fv2%2Fmedia&parent=10664"}],"wp:term":[{"taxonomy":"category","embeddable":true,"href":"https:\/\/erevanblog.am\/index.php?rest_route=%2Fwp%2Fv2%2Fcategories&post=10664"},{"taxonomy":"post_tag","embeddable":true,"href":"https:\/\/erevanblog.am\/index.php?rest_route=%2Fwp%2Fv2%2Ftags&post=10664"}],"curies":[{"name":"wp","href":"https:\/\/api.w.org\/{rel}","templated":true}]}}