{"id":10667,"date":"2025-07-05T07:40:12","date_gmt":"2025-07-05T06:40:12","guid":{"rendered":"https:\/\/erevanblog.am\/?p=10667"},"modified":"2025-07-05T07:40:12","modified_gmt":"2025-07-05T06:40:12","slug":"sekundy-pred-nestestim-kamera-zachytila-jak-se-kamion-vymkl-kontrole-vznesl-se-do-vzduchu-a-zritil-se-na-projizdejici-auto-a-pak-sledujte-co-nasledovalo","status":"publish","type":"post","link":"https:\/\/erevanblog.am\/?p=10667","title":{"rendered":"Sekundy p\u0159ed ne\u0161t\u011bst\u00edm: Kamera zachytila, jak se kamion vymkl kontrole, vznesl se do vzduchu a z\u0159\u00edtil se na proj\u00ed\u017ed\u011bj\u00edc\u00ed auto. A pak\u2026 sledujte, co n\u00e1sledovalo!"},"content":{"rendered":"\n<p>Bylo oby\u010dejn\u00e9 st\u0159ede\u010dn\u00ed r\u00e1no. Na d\u00e1lnici D1 mezi Brnem a Vy\u0161kovem panoval klid, provoz byl plynul\u00fd a slunce zal\u00e9valo asfalt tepl\u00fdm sv\u011btlem. V lev\u00e9m pruhu jelo n\u011bkolik aut, mezi nimi i tmav\u011b modr\u00fd Ford Focus, kter\u00fd \u0159\u00eddil pan Jaroslav K., \u00fa\u010detn\u00ed z Prost\u011bjova, m\u00ed\u0159\u00edc\u00ed jako ka\u017ed\u00fd den do pr\u00e1ce.<\/p>\n\n\n\n<figure class=\"wp-block-image size-full\"><img loading=\"lazy\" decoding=\"async\" width=\"1024\" height=\"1000\" src=\"https:\/\/erevanblog.am\/wp-content\/uploads\/2025\/07\/785214.jpg\" alt=\"\" class=\"wp-image-10668\" srcset=\"https:\/\/erevanblog.am\/wp-content\/uploads\/2025\/07\/785214.jpg 1024w, https:\/\/erevanblog.am\/wp-content\/uploads\/2025\/07\/785214-300x293.jpg 300w, https:\/\/erevanblog.am\/wp-content\/uploads\/2025\/07\/785214-768x750.jpg 768w\" sizes=\"auto, (max-width: 1024px) 100vw, 1024px\" \/><\/figure>\n\n\n\n<p>Nikdo v tu chv\u00edli netu\u0161il, \u017ee b\u011bhem n\u011bkolika vte\u0159in se situace dramaticky zm\u011bn\u00ed. Ud\u00e1lost, kter\u00e1 se odehraje, z\u016fstane nav\u017edy vryta do pam\u011bti t\u011bch, kdo ji vid\u011bli \u2013 a stane se vir\u00e1ln\u00edm hitem pot\u00e9, co ji zachyt\u00ed bezpe\u010dnostn\u00ed kamera u 213. kilometru.<\/p>\n\n\n\n<p>Na z\u00e1b\u011brech je patrn\u00fd n\u00e1kladn\u00ed v\u016fz DAF jedouc\u00ed v prav\u00e9m pruhu. P\u0159\u00edv\u011bs je nalo\u017een\u00fd stavebn\u00edm materi\u00e1lem. N\u00e1hle se kabina prudce zachv\u011bje. \u0158idi\u010d ztr\u00e1c\u00ed kontrolu, kamion kli\u010dkuje, naj\u00ed\u017ed\u00ed do st\u0159edov\u00e9ho p\u00e1su a pak ost\u0159e zat\u00e1\u010d\u00ed vlevo. A v ten moment \u2014 neuv\u011b\u0159iteln\u00e9.<\/p>\n\n\n\n<p>Obrovsk\u00fd kamion se odraz\u00ed a doslova vzl\u00e9tne.<\/p>\n\n\n\n<p>\u0158idi\u010d se sna\u017e\u00ed vyrovnat smyk, ale lev\u00e1 kola naraz\u00ed do betonov\u00e9ho svodidla. N\u00e1sleduje v\u00fdbuch pneumatiky, prudk\u00fd n\u00e1klon a v\u016fz se vymr\u0161t\u00ed. Ve zpomalen\u00e9m pohybu let\u00ed vzduchem, p\u0159et\u00e1\u010d\u00ed se a dopad\u00e1 p\u0159\u00edmo na Ford Focus, kter\u00fd nic netu\u0161\u00edc jede v sousedn\u00edm pruhu.<\/p>\n\n\n\n<p>Kabina n\u00e1kla\u010f\u00e1ku se rozpad\u00e1. Ford miz\u00ed pod masou \u017eeleza. Oz\u00fdv\u00e1 se exploze airbag\u016f, drcen\u00ed kovu, v\u00fdk\u0159iky sv\u011bdk\u016f.<\/p>\n\n\n\n<p>Za dvacet vte\u0159in se m\u00edsto prom\u011bn\u00ed v chaos. A pak \u2014 n\u00e1hl\u00e9 ticho.<\/p>\n\n\n\n<p>\u0158idi\u010di z okoln\u00edch vozidel vyb\u00edhaj\u00ed pomoci. Jeden vol\u00e1 z\u00e1chranku, dal\u0161\u00ed se sna\u017e\u00ed p\u0159ibl\u00ed\u017eit k vrak\u016fm. V tu chv\u00edli dojde k n\u011b\u010demu, co nikdo ne\u010dekal.<\/p>\n\n\n\n<p>Zpod zma\u010dkan\u00e9ho Fordu se ozve tlumen\u00e9 bu\u0161en\u00ed. Skrze rozbit\u00e9 zadn\u00ed ok\u00e9nko se objev\u00ed zakrv\u00e1cen\u00e1 ruka. Jaroslav \u017eije.<\/p>\n\n\n\n<p>Hasi\u010di dor\u00e1\u017eej\u00ed a za\u010d\u00edn\u00e1 boj s \u010dasem. Trv\u00e1 33 minut, ne\u017e se jim poda\u0159\u00ed mu\u017ee vyprostit zpod kabiny. Utrp\u011bl zlomeninu kl\u00ed\u010dn\u00ed kosti, pohmo\u017ed\u011bniny a \u0161ok \u2013 ale z\u016fst\u00e1v\u00e1 p\u0159i v\u011bdom\u00ed.<\/p>\n\n\n\n<p>\u201eNev\u00edm, jak jsem to p\u0159e\u017eil. Sly\u0161el jsem obrovsk\u00fd n\u00e1raz a pak m\u011b dusil kou\u0159. Myslel jsem, \u017ee je konec,\u201c uvedl pozd\u011bji z nemocnice.<\/p>\n\n\n\n<p>A co \u0159idi\u010d kamionu?<\/p>\n\n\n\n<p>I on p\u0159e\u017eil, by\u0165 ve v\u00e1\u017en\u00e9m stavu. Vy\u0161et\u0159ov\u00e1n\u00ed vylou\u010dilo alkohol i mikrosp\u00e1nek \u2013 p\u0159\u00ed\u010dinou byla praskl\u00e1 p\u0159edn\u00ed n\u00e1prava, kter\u00e1 vedla k n\u00e1hl\u00e9 ztr\u00e1t\u011b kontroly.<\/p>\n\n\n\n<p>Z\u00e1b\u011bry z kamery se okam\u017eit\u011b roz\u0161\u00ed\u0159ily po soci\u00e1ln\u00edch s\u00edt\u00edch. Lid\u00e9 mluvili o z\u00e1zraku, odborn\u00edci o neuv\u011b\u0159iteln\u00e9 souh\u0159e n\u00e1hod, kter\u00e1 mohla skon\u010dit tragicky \u2014 ale nestalo se tak. A Jaroslav? Ten u\u017e za volant neusedl.<\/p>\n\n\n\n<p>\u201eDostal jsem druhou \u0161anci. A nehodl\u00e1m ji pokou\u0161et. Ka\u017ed\u00fd dal\u0161\u00ed den je dar.\u201c<\/p>\n","protected":false},"excerpt":{"rendered":"<div class=\"mh-excerpt\"><p>Bylo oby\u010dejn\u00e9 st\u0159ede\u010dn\u00ed r\u00e1no. Na d\u00e1lnici D1 mezi Brnem a Vy\u0161kovem panoval klid, provoz byl plynul\u00fd a slunce zal\u00e9valo asfalt tepl\u00fdm sv\u011btlem. V lev\u00e9m pruhu <a class=\"mh-excerpt-more\" href=\"https:\/\/erevanblog.am\/?p=10667\" title=\"Sekundy p\u0159ed ne\u0161t\u011bst\u00edm: Kamera zachytila, jak se kamion vymkl kontrole, vznesl se do vzduchu a z\u0159\u00edtil se na proj\u00ed\u017ed\u011bj\u00edc\u00ed auto. A pak\u2026 sledujte, co n\u00e1sledovalo!\">[&#8230;]<\/a><\/p>\n<\/div>","protected":false},"author":1,"featured_media":10668,"comment_status":"open","ping_status":"open","sticky":false,"template":"","format":"standard","meta":{"footnotes":""},"categories":[1],"tags":[],"class_list":["post-10667","post","type-post","status-publish","format-standard","has-post-thumbnail","hentry","category-uncategorised"],"yoast_head":"<!-- This site is optimized with the Yoast SEO plugin v27.5 - https:\/\/yoast.com\/product\/yoast-seo-wordpress\/ -->\n<title>Sekundy p\u0159ed ne\u0161t\u011bst\u00edm: Kamera zachytila, jak se kamion vymkl kontrole, vznesl se do vzduchu a z\u0159\u00edtil se na proj\u00ed\u017ed\u011bj\u00edc\u00ed auto. A pak\u2026 sledujte, co n\u00e1sledovalo! -<\/title>\n<meta name=\"robots\" content=\"index, follow, max-snippet:-1, max-image-preview:large, max-video-preview:-1\" \/>\n<link rel=\"canonical\" href=\"https:\/\/erevanblog.am\/?p=10667\" \/>\n<meta property=\"og:locale\" content=\"en_US\" \/>\n<meta property=\"og:type\" content=\"article\" \/>\n<meta property=\"og:title\" content=\"Sekundy p\u0159ed ne\u0161t\u011bst\u00edm: Kamera zachytila, jak se kamion vymkl kontrole, vznesl se do vzduchu a z\u0159\u00edtil se na proj\u00ed\u017ed\u011bj\u00edc\u00ed auto. A pak\u2026 sledujte, co n\u00e1sledovalo! -\" \/>\n<meta property=\"og:description\" content=\"Bylo oby\u010dejn\u00e9 st\u0159ede\u010dn\u00ed r\u00e1no. Na d\u00e1lnici D1 mezi Brnem a Vy\u0161kovem panoval klid, provoz byl plynul\u00fd a slunce zal\u00e9valo asfalt tepl\u00fdm sv\u011btlem. V lev\u00e9m pruhu [...]\" \/>\n<meta property=\"og:url\" content=\"https:\/\/erevanblog.am\/?p=10667\" \/>\n<meta property=\"article:published_time\" content=\"2025-07-05T06:40:12+00:00\" \/>\n<meta property=\"og:image\" content=\"http:\/\/erevanblog.am\/wp-content\/uploads\/2025\/07\/785214.jpg\" \/>\n\t<meta property=\"og:image:width\" content=\"1024\" \/>\n\t<meta property=\"og:image:height\" content=\"1000\" \/>\n\t<meta property=\"og:image:type\" content=\"image\/jpeg\" \/>\n<meta name=\"author\" content=\"erevanblog_a\" \/>\n<meta name=\"twitter:card\" content=\"summary_large_image\" \/>\n<meta name=\"twitter:label1\" content=\"Written by\" \/>\n\t<meta name=\"twitter:data1\" content=\"erevanblog_a\" \/>\n\t<meta name=\"twitter:label2\" content=\"Est. reading time\" \/>\n\t<meta name=\"twitter:data2\" content=\"3 minutes\" \/>\n<script type=\"application\/ld+json\" class=\"yoast-schema-graph\">{\"@context\":\"https:\\\/\\\/schema.org\",\"@graph\":[{\"@type\":\"Article\",\"@id\":\"https:\\\/\\\/erevanblog.am\\\/?p=10667#article\",\"isPartOf\":{\"@id\":\"https:\\\/\\\/erevanblog.am\\\/?p=10667\"},\"author\":{\"name\":\"erevanblog_a\",\"@id\":\"https:\\\/\\\/erevanblog.am\\\/#\\\/schema\\\/person\\\/204f10311eb7ddb8914a5ab3e5f03928\"},\"headline\":\"Sekundy p\u0159ed ne\u0161t\u011bst\u00edm: Kamera zachytila, jak se kamion vymkl kontrole, vznesl se do vzduchu a z\u0159\u00edtil se na proj\u00ed\u017ed\u011bj\u00edc\u00ed auto. A pak\u2026 sledujte, co n\u00e1sledovalo!\",\"datePublished\":\"2025-07-05T06:40:12+00:00\",\"mainEntityOfPage\":{\"@id\":\"https:\\\/\\\/erevanblog.am\\\/?p=10667\"},\"wordCount\":540,\"commentCount\":0,\"image\":{\"@id\":\"https:\\\/\\\/erevanblog.am\\\/?p=10667#primaryimage\"},\"thumbnailUrl\":\"https:\\\/\\\/erevanblog.am\\\/wp-content\\\/uploads\\\/2025\\\/07\\\/785214.jpg\",\"articleSection\":[\"NEWS\"],\"inLanguage\":\"en-US\",\"potentialAction\":[{\"@type\":\"CommentAction\",\"name\":\"Comment\",\"target\":[\"https:\\\/\\\/erevanblog.am\\\/?p=10667#respond\"]}]},{\"@type\":\"WebPage\",\"@id\":\"https:\\\/\\\/erevanblog.am\\\/?p=10667\",\"url\":\"https:\\\/\\\/erevanblog.am\\\/?p=10667\",\"name\":\"Sekundy p\u0159ed ne\u0161t\u011bst\u00edm: Kamera zachytila, jak se kamion vymkl kontrole, vznesl se do vzduchu a z\u0159\u00edtil se na proj\u00ed\u017ed\u011bj\u00edc\u00ed auto. A pak\u2026 sledujte, co n\u00e1sledovalo! -\",\"isPartOf\":{\"@id\":\"https:\\\/\\\/erevanblog.am\\\/#website\"},\"primaryImageOfPage\":{\"@id\":\"https:\\\/\\\/erevanblog.am\\\/?p=10667#primaryimage\"},\"image\":{\"@id\":\"https:\\\/\\\/erevanblog.am\\\/?p=10667#primaryimage\"},\"thumbnailUrl\":\"https:\\\/\\\/erevanblog.am\\\/wp-content\\\/uploads\\\/2025\\\/07\\\/785214.jpg\",\"datePublished\":\"2025-07-05T06:40:12+00:00\",\"author\":{\"@id\":\"https:\\\/\\\/erevanblog.am\\\/#\\\/schema\\\/person\\\/204f10311eb7ddb8914a5ab3e5f03928\"},\"breadcrumb\":{\"@id\":\"https:\\\/\\\/erevanblog.am\\\/?p=10667#breadcrumb\"},\"inLanguage\":\"en-US\",\"potentialAction\":[{\"@type\":\"ReadAction\",\"target\":[\"https:\\\/\\\/erevanblog.am\\\/?p=10667\"]}]},{\"@type\":\"ImageObject\",\"inLanguage\":\"en-US\",\"@id\":\"https:\\\/\\\/erevanblog.am\\\/?p=10667#primaryimage\",\"url\":\"https:\\\/\\\/erevanblog.am\\\/wp-content\\\/uploads\\\/2025\\\/07\\\/785214.jpg\",\"contentUrl\":\"https:\\\/\\\/erevanblog.am\\\/wp-content\\\/uploads\\\/2025\\\/07\\\/785214.jpg\",\"width\":1024,\"height\":1000},{\"@type\":\"BreadcrumbList\",\"@id\":\"https:\\\/\\\/erevanblog.am\\\/?p=10667#breadcrumb\",\"itemListElement\":[{\"@type\":\"ListItem\",\"position\":1,\"name\":\"Home\",\"item\":\"https:\\\/\\\/erevanblog.am\\\/\"},{\"@type\":\"ListItem\",\"position\":2,\"name\":\"Sekundy p\u0159ed ne\u0161t\u011bst\u00edm: Kamera zachytila, jak se kamion vymkl kontrole, vznesl se do vzduchu a z\u0159\u00edtil se na proj\u00ed\u017ed\u011bj\u00edc\u00ed auto. A pak\u2026 sledujte, co n\u00e1sledovalo!\"}]},{\"@type\":\"WebSite\",\"@id\":\"https:\\\/\\\/erevanblog.am\\\/#website\",\"url\":\"https:\\\/\\\/erevanblog.am\\\/\",\"name\":\"\",\"description\":\"\",\"potentialAction\":[{\"@type\":\"SearchAction\",\"target\":{\"@type\":\"EntryPoint\",\"urlTemplate\":\"https:\\\/\\\/erevanblog.am\\\/?s={search_term_string}\"},\"query-input\":{\"@type\":\"PropertyValueSpecification\",\"valueRequired\":true,\"valueName\":\"search_term_string\"}}],\"inLanguage\":\"en-US\"},{\"@type\":\"Person\",\"@id\":\"https:\\\/\\\/erevanblog.am\\\/#\\\/schema\\\/person\\\/204f10311eb7ddb8914a5ab3e5f03928\",\"name\":\"erevanblog_a\",\"image\":{\"@type\":\"ImageObject\",\"inLanguage\":\"en-US\",\"@id\":\"https:\\\/\\\/secure.gravatar.com\\\/avatar\\\/a24f4ac3a683f3c87303db525abc00db51ea26ccedee11dfaf1cc0f9a481a5d2?s=96&d=mm&r=g\",\"url\":\"https:\\\/\\\/secure.gravatar.com\\\/avatar\\\/a24f4ac3a683f3c87303db525abc00db51ea26ccedee11dfaf1cc0f9a481a5d2?s=96&d=mm&r=g\",\"contentUrl\":\"https:\\\/\\\/secure.gravatar.com\\\/avatar\\\/a24f4ac3a683f3c87303db525abc00db51ea26ccedee11dfaf1cc0f9a481a5d2?s=96&d=mm&r=g\",\"caption\":\"erevanblog_a\"},\"sameAs\":[\"http:\\\/\\\/erevanblog.am\"],\"url\":\"https:\\\/\\\/erevanblog.am\\\/?author=1\"}]}<\/script>\n<!-- \/ Yoast SEO plugin. -->","yoast_head_json":{"title":"Sekundy p\u0159ed ne\u0161t\u011bst\u00edm: Kamera zachytila, jak se kamion vymkl kontrole, vznesl se do vzduchu a z\u0159\u00edtil se na proj\u00ed\u017ed\u011bj\u00edc\u00ed auto. A pak\u2026 sledujte, co n\u00e1sledovalo! -","robots":{"index":"index","follow":"follow","max-snippet":"max-snippet:-1","max-image-preview":"max-image-preview:large","max-video-preview":"max-video-preview:-1"},"canonical":"https:\/\/erevanblog.am\/?p=10667","og_locale":"en_US","og_type":"article","og_title":"Sekundy p\u0159ed ne\u0161t\u011bst\u00edm: Kamera zachytila, jak se kamion vymkl kontrole, vznesl se do vzduchu a z\u0159\u00edtil se na proj\u00ed\u017ed\u011bj\u00edc\u00ed auto. A pak\u2026 sledujte, co n\u00e1sledovalo! -","og_description":"Bylo oby\u010dejn\u00e9 st\u0159ede\u010dn\u00ed r\u00e1no. Na d\u00e1lnici D1 mezi Brnem a Vy\u0161kovem panoval klid, provoz byl plynul\u00fd a slunce zal\u00e9valo asfalt tepl\u00fdm sv\u011btlem. V lev\u00e9m pruhu [...]","og_url":"https:\/\/erevanblog.am\/?p=10667","article_published_time":"2025-07-05T06:40:12+00:00","og_image":[{"width":1024,"height":1000,"url":"http:\/\/erevanblog.am\/wp-content\/uploads\/2025\/07\/785214.jpg","type":"image\/jpeg"}],"author":"erevanblog_a","twitter_card":"summary_large_image","twitter_misc":{"Written by":"erevanblog_a","Est. reading time":"3 minutes"},"schema":{"@context":"https:\/\/schema.org","@graph":[{"@type":"Article","@id":"https:\/\/erevanblog.am\/?p=10667#article","isPartOf":{"@id":"https:\/\/erevanblog.am\/?p=10667"},"author":{"name":"erevanblog_a","@id":"https:\/\/erevanblog.am\/#\/schema\/person\/204f10311eb7ddb8914a5ab3e5f03928"},"headline":"Sekundy p\u0159ed ne\u0161t\u011bst\u00edm: Kamera zachytila, jak se kamion vymkl kontrole, vznesl se do vzduchu a z\u0159\u00edtil se na proj\u00ed\u017ed\u011bj\u00edc\u00ed auto. A pak\u2026 sledujte, co n\u00e1sledovalo!","datePublished":"2025-07-05T06:40:12+00:00","mainEntityOfPage":{"@id":"https:\/\/erevanblog.am\/?p=10667"},"wordCount":540,"commentCount":0,"image":{"@id":"https:\/\/erevanblog.am\/?p=10667#primaryimage"},"thumbnailUrl":"https:\/\/erevanblog.am\/wp-content\/uploads\/2025\/07\/785214.jpg","articleSection":["NEWS"],"inLanguage":"en-US","potentialAction":[{"@type":"CommentAction","name":"Comment","target":["https:\/\/erevanblog.am\/?p=10667#respond"]}]},{"@type":"WebPage","@id":"https:\/\/erevanblog.am\/?p=10667","url":"https:\/\/erevanblog.am\/?p=10667","name":"Sekundy p\u0159ed ne\u0161t\u011bst\u00edm: Kamera zachytila, jak se kamion vymkl kontrole, vznesl se do vzduchu a z\u0159\u00edtil se na proj\u00ed\u017ed\u011bj\u00edc\u00ed auto. A pak\u2026 sledujte, co n\u00e1sledovalo! -","isPartOf":{"@id":"https:\/\/erevanblog.am\/#website"},"primaryImageOfPage":{"@id":"https:\/\/erevanblog.am\/?p=10667#primaryimage"},"image":{"@id":"https:\/\/erevanblog.am\/?p=10667#primaryimage"},"thumbnailUrl":"https:\/\/erevanblog.am\/wp-content\/uploads\/2025\/07\/785214.jpg","datePublished":"2025-07-05T06:40:12+00:00","author":{"@id":"https:\/\/erevanblog.am\/#\/schema\/person\/204f10311eb7ddb8914a5ab3e5f03928"},"breadcrumb":{"@id":"https:\/\/erevanblog.am\/?p=10667#breadcrumb"},"inLanguage":"en-US","potentialAction":[{"@type":"ReadAction","target":["https:\/\/erevanblog.am\/?p=10667"]}]},{"@type":"ImageObject","inLanguage":"en-US","@id":"https:\/\/erevanblog.am\/?p=10667#primaryimage","url":"https:\/\/erevanblog.am\/wp-content\/uploads\/2025\/07\/785214.jpg","contentUrl":"https:\/\/erevanblog.am\/wp-content\/uploads\/2025\/07\/785214.jpg","width":1024,"height":1000},{"@type":"BreadcrumbList","@id":"https:\/\/erevanblog.am\/?p=10667#breadcrumb","itemListElement":[{"@type":"ListItem","position":1,"name":"Home","item":"https:\/\/erevanblog.am\/"},{"@type":"ListItem","position":2,"name":"Sekundy p\u0159ed ne\u0161t\u011bst\u00edm: Kamera zachytila, jak se kamion vymkl kontrole, vznesl se do vzduchu a z\u0159\u00edtil se na proj\u00ed\u017ed\u011bj\u00edc\u00ed auto. A pak\u2026 sledujte, co n\u00e1sledovalo!"}]},{"@type":"WebSite","@id":"https:\/\/erevanblog.am\/#website","url":"https:\/\/erevanblog.am\/","name":"","description":"","potentialAction":[{"@type":"SearchAction","target":{"@type":"EntryPoint","urlTemplate":"https:\/\/erevanblog.am\/?s={search_term_string}"},"query-input":{"@type":"PropertyValueSpecification","valueRequired":true,"valueName":"search_term_string"}}],"inLanguage":"en-US"},{"@type":"Person","@id":"https:\/\/erevanblog.am\/#\/schema\/person\/204f10311eb7ddb8914a5ab3e5f03928","name":"erevanblog_a","image":{"@type":"ImageObject","inLanguage":"en-US","@id":"https:\/\/secure.gravatar.com\/avatar\/a24f4ac3a683f3c87303db525abc00db51ea26ccedee11dfaf1cc0f9a481a5d2?s=96&d=mm&r=g","url":"https:\/\/secure.gravatar.com\/avatar\/a24f4ac3a683f3c87303db525abc00db51ea26ccedee11dfaf1cc0f9a481a5d2?s=96&d=mm&r=g","contentUrl":"https:\/\/secure.gravatar.com\/avatar\/a24f4ac3a683f3c87303db525abc00db51ea26ccedee11dfaf1cc0f9a481a5d2?s=96&d=mm&r=g","caption":"erevanblog_a"},"sameAs":["http:\/\/erevanblog.am"],"url":"https:\/\/erevanblog.am\/?author=1"}]}},"views":363,"_links":{"self":[{"href":"https:\/\/erevanblog.am\/index.php?rest_route=\/wp\/v2\/posts\/10667","targetHints":{"allow":["GET"]}}],"collection":[{"href":"https:\/\/erevanblog.am\/index.php?rest_route=\/wp\/v2\/posts"}],"about":[{"href":"https:\/\/erevanblog.am\/index.php?rest_route=\/wp\/v2\/types\/post"}],"author":[{"embeddable":true,"href":"https:\/\/erevanblog.am\/index.php?rest_route=\/wp\/v2\/users\/1"}],"replies":[{"embeddable":true,"href":"https:\/\/erevanblog.am\/index.php?rest_route=%2Fwp%2Fv2%2Fcomments&post=10667"}],"version-history":[{"count":1,"href":"https:\/\/erevanblog.am\/index.php?rest_route=\/wp\/v2\/posts\/10667\/revisions"}],"predecessor-version":[{"id":10669,"href":"https:\/\/erevanblog.am\/index.php?rest_route=\/wp\/v2\/posts\/10667\/revisions\/10669"}],"wp:featuredmedia":[{"embeddable":true,"href":"https:\/\/erevanblog.am\/index.php?rest_route=\/wp\/v2\/media\/10668"}],"wp:attachment":[{"href":"https:\/\/erevanblog.am\/index.php?rest_route=%2Fwp%2Fv2%2Fmedia&parent=10667"}],"wp:term":[{"taxonomy":"category","embeddable":true,"href":"https:\/\/erevanblog.am\/index.php?rest_route=%2Fwp%2Fv2%2Fcategories&post=10667"},{"taxonomy":"post_tag","embeddable":true,"href":"https:\/\/erevanblog.am\/index.php?rest_route=%2Fwp%2Fv2%2Ftags&post=10667"}],"curies":[{"name":"wp","href":"https:\/\/api.w.org\/{rel}","templated":true}]}}