{"id":10673,"date":"2025-07-05T07:57:33","date_gmt":"2025-07-05T06:57:33","guid":{"rendered":"https:\/\/erevanblog.am\/?p=10673"},"modified":"2025-07-05T07:57:34","modified_gmt":"2025-07-05T06:57:34","slug":"kdyz-jsem-prisla-domu-dcera-tam-nebyla-aplikace-s-airtagem-ji-lokalizovala-na-letisti","status":"publish","type":"post","link":"https:\/\/erevanblog.am\/?p=10673","title":{"rendered":"Kdy\u017e jsem p\u0159i\u0161la dom\u016f, dcera tam nebyla. Aplikace s AirTagem ji lokalizovala na leti\u0161ti."},"content":{"rendered":"\n<p>Jsem matka samo\u017eivitelka. Moje p\u011btilet\u00e1 dcera Lily je pro m\u011b cel\u00fd sv\u011bt. Posledn\u00edch p\u00e1r dn\u016f byla nemocn\u00e1 \u2013 m\u011bla r\u00fdmu, ka\u0161el a teplotu. Nic v\u00e1\u017en\u00e9ho, ale na \u0161kolku to nesta\u010dilo. Do pr\u00e1ce jsem ale musela. Proto jsem si najala ch\u016fvu.<\/p>\n\n\n\n<figure class=\"wp-block-image size-full\"><img loading=\"lazy\" decoding=\"async\" width=\"664\" height=\"794\" src=\"https:\/\/erevanblog.am\/wp-content\/uploads\/2025\/07\/7136111.jpg\" alt=\"\" class=\"wp-image-10674\" srcset=\"https:\/\/erevanblog.am\/wp-content\/uploads\/2025\/07\/7136111.jpg 664w, https:\/\/erevanblog.am\/wp-content\/uploads\/2025\/07\/7136111-251x300.jpg 251w\" sizes=\"auto, (max-width: 664px) 100vw, 664px\" \/><\/figure>\n\n\n\n<p>Jessica.<br>Vysoko\u0161kolsk\u00e1 studentka, klidn\u00e1, mil\u00e1, spolehliv\u00e1. M\u011bla v\u00fdborn\u00e9 reference, p\u016fsobila velmi d\u016fv\u011bryhodn\u011b. Lily si ji hned obl\u00edbila a mn\u011b se na chv\u00edli ulevilo.<\/p>\n\n\n\n<p>Ten p\u00e1tek jsem p\u0159i\u0161la dom\u016f kolem p\u00e1t\u00e9. \u010cekala jsem sm\u00edch z ob\u00fdv\u00e1ku, poh\u00e1dky v televizi, rozh\u00e1zen\u00e9 pastelky. Ale doma bylo\u2026<\/p>\n\n\n\n<p><strong>Ticho.<\/strong><\/p>\n\n\n\n<p>Nep\u0159\u00edjemn\u00e9, podivn\u00e9 ticho.<\/p>\n\n\n\n<p>Volala jsem: \u201eLily? Jessico?\u201c<br>Nic. \u017d\u00e1dn\u00e1 odpov\u011b\u010f.<\/p>\n\n\n\n<p>Pro\u0161la jsem cel\u00fd byt \u2013 srdce mi bu\u0161ilo, dlan\u011b se potily.<br>Kuchy\u0148 \u2013 pr\u00e1zdn\u00e1.<br>Lilyin pokoj \u2013 opu\u0161t\u011bn\u00fd.<br>Koupelna \u2013 ticho.<br>Ob\u00fdv\u00e1k \u2013 bez zn\u00e1mek \u017eivota.<\/p>\n\n\n\n<p>Zmizely.<\/p>\n\n\n\n<p>Rozt\u0159esen\u011b jsem vyt\u00e1\u010dela Jessi\u010dino \u010d\u00edslo.<br>Jedno zazvon\u011bn\u00ed. Druh\u00e9. T\u0159et\u00ed\u2026 nic.<br>Znovu \u2013 tentokr\u00e1t se ozvala jen hlasov\u00e1 schr\u00e1nka.<\/p>\n\n\n\n<p>Za\u010dala m\u011b p\u0159epadat panika. A pak jsem si v\u0161imla \u2013 chyb\u011bl Lilyin r\u016f\u017eov\u00fd bat\u016f\u017eek. Ten, kter\u00fd si bere v\u0161ude. Ten, kde m\u00e1 sv\u00e9 hra\u010dky. A hlavn\u011b \u2013 AirTag, kter\u00fd jsem tam ukryla.<\/p>\n\n\n\n<p>Okam\u017eit\u011b jsem otev\u0159ela aplikaci.<\/p>\n\n\n\n<p>Chv\u00edli se na\u010d\u00edtalo. A pak\u2026<\/p>\n\n\n\n<p><strong>Leti\u0161t\u011b.<\/strong><\/p>\n\n\n\n<p>Z\u016fstala jsem z\u00edrat na displej. Leti\u0161t\u011b? Jak to?<\/p>\n\n\n\n<p>Popadla jsem kl\u00ed\u010de a vyrazila. B\u011bhem j\u00edzdy jsem sledovala polohu \u2013 po\u0159\u00e1d leti\u0161t\u011b.<br>Kam ji vzala? Pro\u010d?<\/p>\n\n\n\n<p>Na leti\u0161ti jsem b\u011b\u017eela p\u0159es halu, hledala r\u016f\u017eov\u00fd bat\u016f\u017eek\u2026 a pak jsem je uvid\u011bla.<\/p>\n\n\n\n<p>Lily, Jessica \u2013 a nezn\u00e1m\u00fd mu\u017e. Star\u0161\u00ed, dr\u017eel Jessicu za ruku.<\/p>\n\n\n\n<p>Zastavila jsem se, neschopn\u00e1 dechu. A pak jsem vyk\u0159ikla:<br><strong>\u201eCo to m\u00e1 znamenat?!\u201c<\/strong><\/p>\n\n\n\n<p>Jessica se oto\u010dila, Lily ke mn\u011b hned p\u0159ib\u011bhla. Objala jsem ji a dr\u017eela, jako bych ji mohla ka\u017edou chv\u00edli ztratit.<\/p>\n\n\n\n<p>Jessica n\u011bco koktala o n\u00e1v\u0161t\u011bv\u011b leti\u0161t\u011b, o \u201ebratrovi\u201c, o tom, \u017ee cht\u011bla Lily jen uk\u00e1zat letadla.<br>Ale pro\u010d bez dovolen\u00ed? Pro\u010d nebrala telefon? A kdo byl ten mu\u017e?<\/p>\n\n\n\n<p>Zavolala jsem leti\u0161tn\u00ed ochranku. V\u0161echno jsem jim \u0159ekla. Mu\u017ee zadr\u017eeli, Jessica bre\u010dela.<\/p>\n\n\n\n<p>Pozd\u011bji se zjistilo, \u017ee to nebyl jej\u00ed bratr. Byl to b\u00fdval\u00fd p\u0159\u00edtel. \u010clov\u011bk s krimin\u00e1ln\u00ed minulost\u00ed. Jessica tvrdila, \u017ee ho n\u00e1hodou potkala, \u017ee \u0161lo o nedorozum\u011bn\u00ed.<\/p>\n\n\n\n<p>Ale j\u00e1 v\u00edm, \u017ee to nebyl jen v\u00fdlet na leti\u0161t\u011b.<\/p>\n\n\n\n<p><strong>Kdybych nem\u011bla ten AirTag\u2026<br>Kdybych nezareagovala hned\u2026<br>Netu\u0161\u00edm, kde by moje dcera dnes byla.<\/strong><\/p>\n\n\n\n<p>Od t\u00e9 doby m\u00e1m jasno:<\/p>\n\n\n\n<p><strong>Nikdy u\u017e nesv\u011b\u0159\u00edm svou dceru nikomu, koho nezn\u00e1m opravdu d\u016fkladn\u011b.<br>A Lily u\u017e nikdy nikam nep\u016fjde bez m\u00e9ho v\u011bdom\u00ed. Ani na krok.<\/strong><\/p>\n","protected":false},"excerpt":{"rendered":"<div class=\"mh-excerpt\"><p>Jsem matka samo\u017eivitelka. Moje p\u011btilet\u00e1 dcera Lily je pro m\u011b cel\u00fd sv\u011bt. Posledn\u00edch p\u00e1r dn\u016f byla nemocn\u00e1 \u2013 m\u011bla r\u00fdmu, ka\u0161el a teplotu. Nic v\u00e1\u017en\u00e9ho, <a class=\"mh-excerpt-more\" href=\"https:\/\/erevanblog.am\/?p=10673\" title=\"Kdy\u017e jsem p\u0159i\u0161la dom\u016f, dcera tam nebyla. Aplikace s AirTagem ji lokalizovala na leti\u0161ti.\">[&#8230;]<\/a><\/p>\n<\/div>","protected":false},"author":1,"featured_media":10674,"comment_status":"open","ping_status":"open","sticky":false,"template":"","format":"standard","meta":{"footnotes":""},"categories":[1],"tags":[],"class_list":["post-10673","post","type-post","status-publish","format-standard","has-post-thumbnail","hentry","category-uncategorised"],"yoast_head":"<!-- This site is optimized with the Yoast SEO plugin v27.5 - https:\/\/yoast.com\/product\/yoast-seo-wordpress\/ -->\n<title>Kdy\u017e jsem p\u0159i\u0161la dom\u016f, dcera tam nebyla. Aplikace s AirTagem ji lokalizovala na leti\u0161ti. -<\/title>\n<meta name=\"robots\" content=\"index, follow, max-snippet:-1, max-image-preview:large, max-video-preview:-1\" \/>\n<link rel=\"canonical\" href=\"https:\/\/erevanblog.am\/?p=10673\" \/>\n<meta property=\"og:locale\" content=\"en_US\" \/>\n<meta property=\"og:type\" content=\"article\" \/>\n<meta property=\"og:title\" content=\"Kdy\u017e jsem p\u0159i\u0161la dom\u016f, dcera tam nebyla. Aplikace s AirTagem ji lokalizovala na leti\u0161ti. -\" \/>\n<meta property=\"og:description\" content=\"Jsem matka samo\u017eivitelka. Moje p\u011btilet\u00e1 dcera Lily je pro m\u011b cel\u00fd sv\u011bt. Posledn\u00edch p\u00e1r dn\u016f byla nemocn\u00e1 \u2013 m\u011bla r\u00fdmu, ka\u0161el a teplotu. Nic v\u00e1\u017en\u00e9ho, [...]\" \/>\n<meta property=\"og:url\" content=\"https:\/\/erevanblog.am\/?p=10673\" \/>\n<meta property=\"article:published_time\" content=\"2025-07-05T06:57:33+00:00\" \/>\n<meta property=\"article:modified_time\" content=\"2025-07-05T06:57:34+00:00\" \/>\n<meta property=\"og:image\" content=\"http:\/\/erevanblog.am\/wp-content\/uploads\/2025\/07\/7136111.jpg\" \/>\n\t<meta property=\"og:image:width\" content=\"664\" \/>\n\t<meta property=\"og:image:height\" content=\"794\" \/>\n\t<meta property=\"og:image:type\" content=\"image\/jpeg\" \/>\n<meta name=\"author\" content=\"erevanblog_a\" \/>\n<meta name=\"twitter:card\" content=\"summary_large_image\" \/>\n<meta name=\"twitter:label1\" content=\"Written by\" \/>\n\t<meta name=\"twitter:data1\" content=\"erevanblog_a\" \/>\n\t<meta name=\"twitter:label2\" content=\"Est. reading time\" \/>\n\t<meta name=\"twitter:data2\" content=\"3 minutes\" \/>\n<script type=\"application\/ld+json\" class=\"yoast-schema-graph\">{\"@context\":\"https:\\\/\\\/schema.org\",\"@graph\":[{\"@type\":\"Article\",\"@id\":\"https:\\\/\\\/erevanblog.am\\\/?p=10673#article\",\"isPartOf\":{\"@id\":\"https:\\\/\\\/erevanblog.am\\\/?p=10673\"},\"author\":{\"name\":\"erevanblog_a\",\"@id\":\"https:\\\/\\\/erevanblog.am\\\/#\\\/schema\\\/person\\\/204f10311eb7ddb8914a5ab3e5f03928\"},\"headline\":\"Kdy\u017e jsem p\u0159i\u0161la dom\u016f, dcera tam nebyla. Aplikace s AirTagem ji lokalizovala na leti\u0161ti.\",\"datePublished\":\"2025-07-05T06:57:33+00:00\",\"dateModified\":\"2025-07-05T06:57:34+00:00\",\"mainEntityOfPage\":{\"@id\":\"https:\\\/\\\/erevanblog.am\\\/?p=10673\"},\"wordCount\":500,\"commentCount\":0,\"image\":{\"@id\":\"https:\\\/\\\/erevanblog.am\\\/?p=10673#primaryimage\"},\"thumbnailUrl\":\"https:\\\/\\\/erevanblog.am\\\/wp-content\\\/uploads\\\/2025\\\/07\\\/7136111.jpg\",\"articleSection\":[\"NEWS\"],\"inLanguage\":\"en-US\",\"potentialAction\":[{\"@type\":\"CommentAction\",\"name\":\"Comment\",\"target\":[\"https:\\\/\\\/erevanblog.am\\\/?p=10673#respond\"]}]},{\"@type\":\"WebPage\",\"@id\":\"https:\\\/\\\/erevanblog.am\\\/?p=10673\",\"url\":\"https:\\\/\\\/erevanblog.am\\\/?p=10673\",\"name\":\"Kdy\u017e jsem p\u0159i\u0161la dom\u016f, dcera tam nebyla. Aplikace s AirTagem ji lokalizovala na leti\u0161ti. -\",\"isPartOf\":{\"@id\":\"https:\\\/\\\/erevanblog.am\\\/#website\"},\"primaryImageOfPage\":{\"@id\":\"https:\\\/\\\/erevanblog.am\\\/?p=10673#primaryimage\"},\"image\":{\"@id\":\"https:\\\/\\\/erevanblog.am\\\/?p=10673#primaryimage\"},\"thumbnailUrl\":\"https:\\\/\\\/erevanblog.am\\\/wp-content\\\/uploads\\\/2025\\\/07\\\/7136111.jpg\",\"datePublished\":\"2025-07-05T06:57:33+00:00\",\"dateModified\":\"2025-07-05T06:57:34+00:00\",\"author\":{\"@id\":\"https:\\\/\\\/erevanblog.am\\\/#\\\/schema\\\/person\\\/204f10311eb7ddb8914a5ab3e5f03928\"},\"breadcrumb\":{\"@id\":\"https:\\\/\\\/erevanblog.am\\\/?p=10673#breadcrumb\"},\"inLanguage\":\"en-US\",\"potentialAction\":[{\"@type\":\"ReadAction\",\"target\":[\"https:\\\/\\\/erevanblog.am\\\/?p=10673\"]}]},{\"@type\":\"ImageObject\",\"inLanguage\":\"en-US\",\"@id\":\"https:\\\/\\\/erevanblog.am\\\/?p=10673#primaryimage\",\"url\":\"https:\\\/\\\/erevanblog.am\\\/wp-content\\\/uploads\\\/2025\\\/07\\\/7136111.jpg\",\"contentUrl\":\"https:\\\/\\\/erevanblog.am\\\/wp-content\\\/uploads\\\/2025\\\/07\\\/7136111.jpg\",\"width\":664,\"height\":794},{\"@type\":\"BreadcrumbList\",\"@id\":\"https:\\\/\\\/erevanblog.am\\\/?p=10673#breadcrumb\",\"itemListElement\":[{\"@type\":\"ListItem\",\"position\":1,\"name\":\"Home\",\"item\":\"https:\\\/\\\/erevanblog.am\\\/\"},{\"@type\":\"ListItem\",\"position\":2,\"name\":\"Kdy\u017e jsem p\u0159i\u0161la dom\u016f, dcera tam nebyla. Aplikace s AirTagem ji lokalizovala na leti\u0161ti.\"}]},{\"@type\":\"WebSite\",\"@id\":\"https:\\\/\\\/erevanblog.am\\\/#website\",\"url\":\"https:\\\/\\\/erevanblog.am\\\/\",\"name\":\"\",\"description\":\"\",\"potentialAction\":[{\"@type\":\"SearchAction\",\"target\":{\"@type\":\"EntryPoint\",\"urlTemplate\":\"https:\\\/\\\/erevanblog.am\\\/?s={search_term_string}\"},\"query-input\":{\"@type\":\"PropertyValueSpecification\",\"valueRequired\":true,\"valueName\":\"search_term_string\"}}],\"inLanguage\":\"en-US\"},{\"@type\":\"Person\",\"@id\":\"https:\\\/\\\/erevanblog.am\\\/#\\\/schema\\\/person\\\/204f10311eb7ddb8914a5ab3e5f03928\",\"name\":\"erevanblog_a\",\"image\":{\"@type\":\"ImageObject\",\"inLanguage\":\"en-US\",\"@id\":\"https:\\\/\\\/secure.gravatar.com\\\/avatar\\\/a24f4ac3a683f3c87303db525abc00db51ea26ccedee11dfaf1cc0f9a481a5d2?s=96&d=mm&r=g\",\"url\":\"https:\\\/\\\/secure.gravatar.com\\\/avatar\\\/a24f4ac3a683f3c87303db525abc00db51ea26ccedee11dfaf1cc0f9a481a5d2?s=96&d=mm&r=g\",\"contentUrl\":\"https:\\\/\\\/secure.gravatar.com\\\/avatar\\\/a24f4ac3a683f3c87303db525abc00db51ea26ccedee11dfaf1cc0f9a481a5d2?s=96&d=mm&r=g\",\"caption\":\"erevanblog_a\"},\"sameAs\":[\"http:\\\/\\\/erevanblog.am\"],\"url\":\"https:\\\/\\\/erevanblog.am\\\/?author=1\"}]}<\/script>\n<!-- \/ Yoast SEO plugin. -->","yoast_head_json":{"title":"Kdy\u017e jsem p\u0159i\u0161la dom\u016f, dcera tam nebyla. Aplikace s AirTagem ji lokalizovala na leti\u0161ti. -","robots":{"index":"index","follow":"follow","max-snippet":"max-snippet:-1","max-image-preview":"max-image-preview:large","max-video-preview":"max-video-preview:-1"},"canonical":"https:\/\/erevanblog.am\/?p=10673","og_locale":"en_US","og_type":"article","og_title":"Kdy\u017e jsem p\u0159i\u0161la dom\u016f, dcera tam nebyla. Aplikace s AirTagem ji lokalizovala na leti\u0161ti. -","og_description":"Jsem matka samo\u017eivitelka. Moje p\u011btilet\u00e1 dcera Lily je pro m\u011b cel\u00fd sv\u011bt. Posledn\u00edch p\u00e1r dn\u016f byla nemocn\u00e1 \u2013 m\u011bla r\u00fdmu, ka\u0161el a teplotu. Nic v\u00e1\u017en\u00e9ho, [...]","og_url":"https:\/\/erevanblog.am\/?p=10673","article_published_time":"2025-07-05T06:57:33+00:00","article_modified_time":"2025-07-05T06:57:34+00:00","og_image":[{"width":664,"height":794,"url":"http:\/\/erevanblog.am\/wp-content\/uploads\/2025\/07\/7136111.jpg","type":"image\/jpeg"}],"author":"erevanblog_a","twitter_card":"summary_large_image","twitter_misc":{"Written by":"erevanblog_a","Est. reading time":"3 minutes"},"schema":{"@context":"https:\/\/schema.org","@graph":[{"@type":"Article","@id":"https:\/\/erevanblog.am\/?p=10673#article","isPartOf":{"@id":"https:\/\/erevanblog.am\/?p=10673"},"author":{"name":"erevanblog_a","@id":"https:\/\/erevanblog.am\/#\/schema\/person\/204f10311eb7ddb8914a5ab3e5f03928"},"headline":"Kdy\u017e jsem p\u0159i\u0161la dom\u016f, dcera tam nebyla. Aplikace s AirTagem ji lokalizovala na leti\u0161ti.","datePublished":"2025-07-05T06:57:33+00:00","dateModified":"2025-07-05T06:57:34+00:00","mainEntityOfPage":{"@id":"https:\/\/erevanblog.am\/?p=10673"},"wordCount":500,"commentCount":0,"image":{"@id":"https:\/\/erevanblog.am\/?p=10673#primaryimage"},"thumbnailUrl":"https:\/\/erevanblog.am\/wp-content\/uploads\/2025\/07\/7136111.jpg","articleSection":["NEWS"],"inLanguage":"en-US","potentialAction":[{"@type":"CommentAction","name":"Comment","target":["https:\/\/erevanblog.am\/?p=10673#respond"]}]},{"@type":"WebPage","@id":"https:\/\/erevanblog.am\/?p=10673","url":"https:\/\/erevanblog.am\/?p=10673","name":"Kdy\u017e jsem p\u0159i\u0161la dom\u016f, dcera tam nebyla. Aplikace s AirTagem ji lokalizovala na leti\u0161ti. -","isPartOf":{"@id":"https:\/\/erevanblog.am\/#website"},"primaryImageOfPage":{"@id":"https:\/\/erevanblog.am\/?p=10673#primaryimage"},"image":{"@id":"https:\/\/erevanblog.am\/?p=10673#primaryimage"},"thumbnailUrl":"https:\/\/erevanblog.am\/wp-content\/uploads\/2025\/07\/7136111.jpg","datePublished":"2025-07-05T06:57:33+00:00","dateModified":"2025-07-05T06:57:34+00:00","author":{"@id":"https:\/\/erevanblog.am\/#\/schema\/person\/204f10311eb7ddb8914a5ab3e5f03928"},"breadcrumb":{"@id":"https:\/\/erevanblog.am\/?p=10673#breadcrumb"},"inLanguage":"en-US","potentialAction":[{"@type":"ReadAction","target":["https:\/\/erevanblog.am\/?p=10673"]}]},{"@type":"ImageObject","inLanguage":"en-US","@id":"https:\/\/erevanblog.am\/?p=10673#primaryimage","url":"https:\/\/erevanblog.am\/wp-content\/uploads\/2025\/07\/7136111.jpg","contentUrl":"https:\/\/erevanblog.am\/wp-content\/uploads\/2025\/07\/7136111.jpg","width":664,"height":794},{"@type":"BreadcrumbList","@id":"https:\/\/erevanblog.am\/?p=10673#breadcrumb","itemListElement":[{"@type":"ListItem","position":1,"name":"Home","item":"https:\/\/erevanblog.am\/"},{"@type":"ListItem","position":2,"name":"Kdy\u017e jsem p\u0159i\u0161la dom\u016f, dcera tam nebyla. Aplikace s AirTagem ji lokalizovala na leti\u0161ti."}]},{"@type":"WebSite","@id":"https:\/\/erevanblog.am\/#website","url":"https:\/\/erevanblog.am\/","name":"","description":"","potentialAction":[{"@type":"SearchAction","target":{"@type":"EntryPoint","urlTemplate":"https:\/\/erevanblog.am\/?s={search_term_string}"},"query-input":{"@type":"PropertyValueSpecification","valueRequired":true,"valueName":"search_term_string"}}],"inLanguage":"en-US"},{"@type":"Person","@id":"https:\/\/erevanblog.am\/#\/schema\/person\/204f10311eb7ddb8914a5ab3e5f03928","name":"erevanblog_a","image":{"@type":"ImageObject","inLanguage":"en-US","@id":"https:\/\/secure.gravatar.com\/avatar\/a24f4ac3a683f3c87303db525abc00db51ea26ccedee11dfaf1cc0f9a481a5d2?s=96&d=mm&r=g","url":"https:\/\/secure.gravatar.com\/avatar\/a24f4ac3a683f3c87303db525abc00db51ea26ccedee11dfaf1cc0f9a481a5d2?s=96&d=mm&r=g","contentUrl":"https:\/\/secure.gravatar.com\/avatar\/a24f4ac3a683f3c87303db525abc00db51ea26ccedee11dfaf1cc0f9a481a5d2?s=96&d=mm&r=g","caption":"erevanblog_a"},"sameAs":["http:\/\/erevanblog.am"],"url":"https:\/\/erevanblog.am\/?author=1"}]}},"views":288,"_links":{"self":[{"href":"https:\/\/erevanblog.am\/index.php?rest_route=\/wp\/v2\/posts\/10673","targetHints":{"allow":["GET"]}}],"collection":[{"href":"https:\/\/erevanblog.am\/index.php?rest_route=\/wp\/v2\/posts"}],"about":[{"href":"https:\/\/erevanblog.am\/index.php?rest_route=\/wp\/v2\/types\/post"}],"author":[{"embeddable":true,"href":"https:\/\/erevanblog.am\/index.php?rest_route=\/wp\/v2\/users\/1"}],"replies":[{"embeddable":true,"href":"https:\/\/erevanblog.am\/index.php?rest_route=%2Fwp%2Fv2%2Fcomments&post=10673"}],"version-history":[{"count":1,"href":"https:\/\/erevanblog.am\/index.php?rest_route=\/wp\/v2\/posts\/10673\/revisions"}],"predecessor-version":[{"id":10675,"href":"https:\/\/erevanblog.am\/index.php?rest_route=\/wp\/v2\/posts\/10673\/revisions\/10675"}],"wp:featuredmedia":[{"embeddable":true,"href":"https:\/\/erevanblog.am\/index.php?rest_route=\/wp\/v2\/media\/10674"}],"wp:attachment":[{"href":"https:\/\/erevanblog.am\/index.php?rest_route=%2Fwp%2Fv2%2Fmedia&parent=10673"}],"wp:term":[{"taxonomy":"category","embeddable":true,"href":"https:\/\/erevanblog.am\/index.php?rest_route=%2Fwp%2Fv2%2Fcategories&post=10673"},{"taxonomy":"post_tag","embeddable":true,"href":"https:\/\/erevanblog.am\/index.php?rest_route=%2Fwp%2Fv2%2Ftags&post=10673"}],"curies":[{"name":"wp","href":"https:\/\/api.w.org\/{rel}","templated":true}]}}