{"id":10676,"date":"2025-07-05T08:19:29","date_gmt":"2025-07-05T07:19:29","guid":{"rendered":"https:\/\/erevanblog.am\/?p=10676"},"modified":"2025-07-05T08:19:31","modified_gmt":"2025-07-05T07:19:31","slug":"drtivy-sesuv-kamenu-jen-par-metru-od-navstevniku-skleneneho-mostu-turiste-prchali-v-panice","status":"publish","type":"post","link":"https:\/\/erevanblog.am\/?p=10676","title":{"rendered":"Drtiv\u00fd sesuv kamen\u016f jen p\u00e1r metr\u016f od n\u00e1v\u0161t\u011bvn\u00edk\u016f Sklen\u011bn\u00e9ho mostu! Turist\u00e9 prchali v panice!"},"content":{"rendered":"\n<p>Co m\u011blo b\u00fdt v\u00fdjime\u010dn\u00fdm z\u00e1\u017eitkem na dechberouc\u00edm m\u00edst\u011b, se b\u011bhem okam\u017eiku prom\u011bnilo v dramatick\u00fd z\u00e1pas o p\u0159e\u017eit\u00ed.<\/p>\n\n\n\n<figure class=\"wp-block-image size-full\"><img loading=\"lazy\" decoding=\"async\" width=\"1024\" height=\"902\" src=\"https:\/\/erevanblog.am\/wp-content\/uploads\/2025\/07\/11111111.jpg\" alt=\"\" class=\"wp-image-10677\" srcset=\"https:\/\/erevanblog.am\/wp-content\/uploads\/2025\/07\/11111111.jpg 1024w, https:\/\/erevanblog.am\/wp-content\/uploads\/2025\/07\/11111111-300x264.jpg 300w, https:\/\/erevanblog.am\/wp-content\/uploads\/2025\/07\/11111111-768x677.jpg 768w\" sizes=\"auto, (max-width: 1024px) 100vw, 1024px\" \/><\/figure>\n\n\n\n<p>V \u00fater\u00fd dopoledne zav\u00edtalo v\u00edce ne\u017e pades\u00e1t turist\u016f z r\u016fzn\u00fdch kout\u016f sv\u011bta na slavn\u00fd Sklen\u011bn\u00fd most v poho\u0159\u00ed Tianmen. Tento architektonick\u00fd skvost, proslul\u00fd svou pr\u016fhlednou podlahou a polohou vysoko nad hlubokou rokl\u00ed, p\u0159itahuje dobrodruhy i milovn\u00edky v\u00fd\u0161ek. Mnoz\u00ed sem p\u0159ij\u00ed\u017ed\u011bj\u00ed, aby si vyzkou\u0161eli odvahu \u2014 proj\u00edt se po skle zav\u011b\u0161en\u00e9m nad propast\u00ed.<\/p>\n\n\n\n<p>Okolo 11:37 m\u00edstn\u00edho \u010dasu panovala na most\u011b klidn\u00e1 atmosf\u00e9ra. Lid\u00e9 se fotografovali, sm\u00e1li, n\u011bkte\u0159\u00ed opatrn\u011b na\u0161lapovali, jin\u00ed nat\u00e1\u010deli videa. Obloha byla zata\u017een\u00e1, ale nic nenasv\u011bd\u010dovalo bl\u00ed\u017e\u00edc\u00edmu se nebezpe\u010d\u00ed.<\/p>\n\n\n\n<p>A pak se to stalo.<\/p>\n\n\n\n<figure class=\"wp-block-embed is-type-video is-provider-youtube wp-block-embed-youtube wp-embed-aspect-4-3 wp-has-aspect-ratio\"><div class=\"wp-block-embed__wrapper\">\nhttps:\/\/youtu.be\/dch2efxLuiU\n<\/div><\/figure>\n\n\n\n<p>Z lev\u00e9 strany svahu se n\u00e1hle ozval duniv\u00fd zvuk. N\u00e1v\u0161t\u011bvn\u00edci se za\u010dali ot\u00e1\u010det a zkoumat, co se d\u011bje. Vz\u00e1p\u011bt\u00ed se z vrcholu uvolnil obrovsk\u00fd balvan \u2013 velikosti dod\u00e1vky \u2013 a za\u010dal se valit dol\u016f.<\/p>\n\n\n\n<p>N\u00e1sledovala lavina kamen\u016f.<\/p>\n\n\n\n<p>R\u016fzn\u011b velk\u00e9 balvany s hroziv\u00fdm rachotem sj\u00ed\u017ed\u011bly po svahu p\u0159\u00edmo sm\u011brem k mostu. Lid\u00e9 reagovali instinktivn\u011b \u2013 k\u0159ik, b\u011bh, snaha ukr\u00fdt se. Vznikl chaos. N\u011bkte\u0159\u00ed se pokou\u0161eli ut\u00e9ct ke kraj\u016fm mostu, jin\u00ed z\u016fstali paralyzovan\u00ed strachem. Pr\u016fvodci se sna\u017eili situaci zvl\u00e1dnout a k\u0159i\u010deli na p\u0159\u00edtomn\u00e9, aby se dr\u017eeli d\u00e1l od okraj\u016f a skr\u010dili se.<\/p>\n\n\n\n<p>Jeden z v\u011bt\u0161\u00edch kamen\u016f, p\u0159ibli\u017en\u011b metrov\u00e9ho pr\u016fm\u011bru, dopadl jen p\u00e1r metr\u016f od ji\u017en\u00ed op\u011brn\u00e9 \u010d\u00e1sti mostu. Zas\u00e1hl kovovou konstrukci nesouc\u00ed jedno z hlavn\u00edch lan. I kdy\u017e sklen\u011bn\u00e1 podlaha z\u016fstala bez prasklin \u2013 byla navr\u017eena na extr\u00e9mn\u00ed zat\u00ed\u017een\u00ed \u2013 vibrace byly jasn\u011b c\u00edtit.<\/p>\n\n\n\n<p>Cel\u00fd incident netrval d\u00e9le ne\u017e dv\u011b minuty.<\/p>\n\n\n\n<p>Bezprost\u0159edn\u011b po ud\u00e1losti byl most evakuov\u00e1n a uzav\u0159en. Na m\u00edsto dorazili b\u011bhem p\u016fl hodiny z\u00e1chran\u00e1\u0159i a odborn\u00edci. Nikdo nep\u0159i\u0161el o \u017eivot a nedo\u0161lo k v\u00e1\u017en\u00fdm zran\u011bn\u00edm, i kdy\u017e n\u011bkolik osob bylo v \u0161oku a pot\u0159ebovalo l\u00e9ka\u0159sk\u00e9 o\u0161et\u0159en\u00ed.<\/p>\n\n\n\n<p>Geologov\u00e9 pozd\u011bji uvedli, \u017ee za sesuv mohl siln\u00fd d\u00e9\u0161\u0165 v p\u0159edchoz\u00edch dnech, kter\u00fd podm\u00e1\u010del a uvolnil naru\u0161enou horninovou masu. Konstrukce mostu pr\u00fd z\u016fstala stabiln\u00ed, ale bude uzav\u0159en do doby, ne\u017e prob\u011bhne detailn\u00ed inspekce.<\/p>\n\n\n\n<p>Jeden z turist\u016f, mu\u017e z Francie, sd\u011blil m\u00e9di\u00edm:<\/p>\n\n\n\n<p>\u201eCht\u011bli jsme se b\u00e1t v\u00fd\u0161ky. M\u00edsto toho jsme poznali opravdov\u00fd strach. To si budu pamatovat do konce \u017eivota.\u201c<\/p>\n","protected":false},"excerpt":{"rendered":"<div class=\"mh-excerpt\"><p>Co m\u011blo b\u00fdt v\u00fdjime\u010dn\u00fdm z\u00e1\u017eitkem na dechberouc\u00edm m\u00edst\u011b, se b\u011bhem okam\u017eiku prom\u011bnilo v dramatick\u00fd z\u00e1pas o p\u0159e\u017eit\u00ed. V \u00fater\u00fd dopoledne zav\u00edtalo v\u00edce ne\u017e pades\u00e1t turist\u016f <a class=\"mh-excerpt-more\" href=\"https:\/\/erevanblog.am\/?p=10676\" title=\"Drtiv\u00fd sesuv kamen\u016f jen p\u00e1r metr\u016f od n\u00e1v\u0161t\u011bvn\u00edk\u016f Sklen\u011bn\u00e9ho mostu! Turist\u00e9 prchali v panice!\">[&#8230;]<\/a><\/p>\n<\/div>","protected":false},"author":1,"featured_media":10677,"comment_status":"open","ping_status":"open","sticky":false,"template":"","format":"standard","meta":{"footnotes":""},"categories":[1],"tags":[],"class_list":["post-10676","post","type-post","status-publish","format-standard","has-post-thumbnail","hentry","category-uncategorised"],"yoast_head":"<!-- This site is optimized with the Yoast SEO plugin v27.5 - https:\/\/yoast.com\/product\/yoast-seo-wordpress\/ -->\n<title>Drtiv\u00fd sesuv kamen\u016f jen p\u00e1r metr\u016f od n\u00e1v\u0161t\u011bvn\u00edk\u016f Sklen\u011bn\u00e9ho mostu! Turist\u00e9 prchali v panice! -<\/title>\n<meta name=\"robots\" content=\"index, follow, max-snippet:-1, max-image-preview:large, max-video-preview:-1\" \/>\n<link rel=\"canonical\" href=\"https:\/\/erevanblog.am\/?p=10676\" \/>\n<meta property=\"og:locale\" content=\"en_US\" \/>\n<meta property=\"og:type\" content=\"article\" \/>\n<meta property=\"og:title\" content=\"Drtiv\u00fd sesuv kamen\u016f jen p\u00e1r metr\u016f od n\u00e1v\u0161t\u011bvn\u00edk\u016f Sklen\u011bn\u00e9ho mostu! Turist\u00e9 prchali v panice! -\" \/>\n<meta property=\"og:description\" content=\"Co m\u011blo b\u00fdt v\u00fdjime\u010dn\u00fdm z\u00e1\u017eitkem na dechberouc\u00edm m\u00edst\u011b, se b\u011bhem okam\u017eiku prom\u011bnilo v dramatick\u00fd z\u00e1pas o p\u0159e\u017eit\u00ed. V \u00fater\u00fd dopoledne zav\u00edtalo v\u00edce ne\u017e pades\u00e1t turist\u016f [...]\" \/>\n<meta property=\"og:url\" content=\"https:\/\/erevanblog.am\/?p=10676\" \/>\n<meta property=\"article:published_time\" content=\"2025-07-05T07:19:29+00:00\" \/>\n<meta property=\"article:modified_time\" content=\"2025-07-05T07:19:31+00:00\" \/>\n<meta property=\"og:image\" content=\"http:\/\/erevanblog.am\/wp-content\/uploads\/2025\/07\/11111111.jpg\" \/>\n\t<meta property=\"og:image:width\" content=\"1024\" \/>\n\t<meta property=\"og:image:height\" content=\"902\" \/>\n\t<meta property=\"og:image:type\" content=\"image\/jpeg\" \/>\n<meta name=\"author\" content=\"erevanblog_a\" \/>\n<meta name=\"twitter:card\" content=\"summary_large_image\" \/>\n<meta name=\"twitter:label1\" content=\"Written by\" \/>\n\t<meta name=\"twitter:data1\" content=\"erevanblog_a\" \/>\n\t<meta name=\"twitter:label2\" content=\"Est. reading time\" \/>\n\t<meta name=\"twitter:data2\" content=\"2 minutes\" \/>\n<script type=\"application\/ld+json\" class=\"yoast-schema-graph\">{\"@context\":\"https:\\\/\\\/schema.org\",\"@graph\":[{\"@type\":\"Article\",\"@id\":\"https:\\\/\\\/erevanblog.am\\\/?p=10676#article\",\"isPartOf\":{\"@id\":\"https:\\\/\\\/erevanblog.am\\\/?p=10676\"},\"author\":{\"name\":\"erevanblog_a\",\"@id\":\"https:\\\/\\\/erevanblog.am\\\/#\\\/schema\\\/person\\\/204f10311eb7ddb8914a5ab3e5f03928\"},\"headline\":\"Drtiv\u00fd sesuv kamen\u016f jen p\u00e1r metr\u016f od n\u00e1v\u0161t\u011bvn\u00edk\u016f Sklen\u011bn\u00e9ho mostu! Turist\u00e9 prchali v panice!\",\"datePublished\":\"2025-07-05T07:19:29+00:00\",\"dateModified\":\"2025-07-05T07:19:31+00:00\",\"mainEntityOfPage\":{\"@id\":\"https:\\\/\\\/erevanblog.am\\\/?p=10676\"},\"wordCount\":493,\"commentCount\":0,\"image\":{\"@id\":\"https:\\\/\\\/erevanblog.am\\\/?p=10676#primaryimage\"},\"thumbnailUrl\":\"https:\\\/\\\/erevanblog.am\\\/wp-content\\\/uploads\\\/2025\\\/07\\\/11111111.jpg\",\"articleSection\":[\"NEWS\"],\"inLanguage\":\"en-US\",\"potentialAction\":[{\"@type\":\"CommentAction\",\"name\":\"Comment\",\"target\":[\"https:\\\/\\\/erevanblog.am\\\/?p=10676#respond\"]}]},{\"@type\":\"WebPage\",\"@id\":\"https:\\\/\\\/erevanblog.am\\\/?p=10676\",\"url\":\"https:\\\/\\\/erevanblog.am\\\/?p=10676\",\"name\":\"Drtiv\u00fd sesuv kamen\u016f jen p\u00e1r metr\u016f od n\u00e1v\u0161t\u011bvn\u00edk\u016f Sklen\u011bn\u00e9ho mostu! Turist\u00e9 prchali v panice! -\",\"isPartOf\":{\"@id\":\"https:\\\/\\\/erevanblog.am\\\/#website\"},\"primaryImageOfPage\":{\"@id\":\"https:\\\/\\\/erevanblog.am\\\/?p=10676#primaryimage\"},\"image\":{\"@id\":\"https:\\\/\\\/erevanblog.am\\\/?p=10676#primaryimage\"},\"thumbnailUrl\":\"https:\\\/\\\/erevanblog.am\\\/wp-content\\\/uploads\\\/2025\\\/07\\\/11111111.jpg\",\"datePublished\":\"2025-07-05T07:19:29+00:00\",\"dateModified\":\"2025-07-05T07:19:31+00:00\",\"author\":{\"@id\":\"https:\\\/\\\/erevanblog.am\\\/#\\\/schema\\\/person\\\/204f10311eb7ddb8914a5ab3e5f03928\"},\"breadcrumb\":{\"@id\":\"https:\\\/\\\/erevanblog.am\\\/?p=10676#breadcrumb\"},\"inLanguage\":\"en-US\",\"potentialAction\":[{\"@type\":\"ReadAction\",\"target\":[\"https:\\\/\\\/erevanblog.am\\\/?p=10676\"]}]},{\"@type\":\"ImageObject\",\"inLanguage\":\"en-US\",\"@id\":\"https:\\\/\\\/erevanblog.am\\\/?p=10676#primaryimage\",\"url\":\"https:\\\/\\\/erevanblog.am\\\/wp-content\\\/uploads\\\/2025\\\/07\\\/11111111.jpg\",\"contentUrl\":\"https:\\\/\\\/erevanblog.am\\\/wp-content\\\/uploads\\\/2025\\\/07\\\/11111111.jpg\",\"width\":1024,\"height\":902},{\"@type\":\"BreadcrumbList\",\"@id\":\"https:\\\/\\\/erevanblog.am\\\/?p=10676#breadcrumb\",\"itemListElement\":[{\"@type\":\"ListItem\",\"position\":1,\"name\":\"Home\",\"item\":\"https:\\\/\\\/erevanblog.am\\\/\"},{\"@type\":\"ListItem\",\"position\":2,\"name\":\"Drtiv\u00fd sesuv kamen\u016f jen p\u00e1r metr\u016f od n\u00e1v\u0161t\u011bvn\u00edk\u016f Sklen\u011bn\u00e9ho mostu! Turist\u00e9 prchali v panice!\"}]},{\"@type\":\"WebSite\",\"@id\":\"https:\\\/\\\/erevanblog.am\\\/#website\",\"url\":\"https:\\\/\\\/erevanblog.am\\\/\",\"name\":\"\",\"description\":\"\",\"potentialAction\":[{\"@type\":\"SearchAction\",\"target\":{\"@type\":\"EntryPoint\",\"urlTemplate\":\"https:\\\/\\\/erevanblog.am\\\/?s={search_term_string}\"},\"query-input\":{\"@type\":\"PropertyValueSpecification\",\"valueRequired\":true,\"valueName\":\"search_term_string\"}}],\"inLanguage\":\"en-US\"},{\"@type\":\"Person\",\"@id\":\"https:\\\/\\\/erevanblog.am\\\/#\\\/schema\\\/person\\\/204f10311eb7ddb8914a5ab3e5f03928\",\"name\":\"erevanblog_a\",\"image\":{\"@type\":\"ImageObject\",\"inLanguage\":\"en-US\",\"@id\":\"https:\\\/\\\/secure.gravatar.com\\\/avatar\\\/a24f4ac3a683f3c87303db525abc00db51ea26ccedee11dfaf1cc0f9a481a5d2?s=96&d=mm&r=g\",\"url\":\"https:\\\/\\\/secure.gravatar.com\\\/avatar\\\/a24f4ac3a683f3c87303db525abc00db51ea26ccedee11dfaf1cc0f9a481a5d2?s=96&d=mm&r=g\",\"contentUrl\":\"https:\\\/\\\/secure.gravatar.com\\\/avatar\\\/a24f4ac3a683f3c87303db525abc00db51ea26ccedee11dfaf1cc0f9a481a5d2?s=96&d=mm&r=g\",\"caption\":\"erevanblog_a\"},\"sameAs\":[\"http:\\\/\\\/erevanblog.am\"],\"url\":\"https:\\\/\\\/erevanblog.am\\\/?author=1\"}]}<\/script>\n<!-- \/ Yoast SEO plugin. -->","yoast_head_json":{"title":"Drtiv\u00fd sesuv kamen\u016f jen p\u00e1r metr\u016f od n\u00e1v\u0161t\u011bvn\u00edk\u016f Sklen\u011bn\u00e9ho mostu! Turist\u00e9 prchali v panice! -","robots":{"index":"index","follow":"follow","max-snippet":"max-snippet:-1","max-image-preview":"max-image-preview:large","max-video-preview":"max-video-preview:-1"},"canonical":"https:\/\/erevanblog.am\/?p=10676","og_locale":"en_US","og_type":"article","og_title":"Drtiv\u00fd sesuv kamen\u016f jen p\u00e1r metr\u016f od n\u00e1v\u0161t\u011bvn\u00edk\u016f Sklen\u011bn\u00e9ho mostu! Turist\u00e9 prchali v panice! -","og_description":"Co m\u011blo b\u00fdt v\u00fdjime\u010dn\u00fdm z\u00e1\u017eitkem na dechberouc\u00edm m\u00edst\u011b, se b\u011bhem okam\u017eiku prom\u011bnilo v dramatick\u00fd z\u00e1pas o p\u0159e\u017eit\u00ed. V \u00fater\u00fd dopoledne zav\u00edtalo v\u00edce ne\u017e pades\u00e1t turist\u016f [...]","og_url":"https:\/\/erevanblog.am\/?p=10676","article_published_time":"2025-07-05T07:19:29+00:00","article_modified_time":"2025-07-05T07:19:31+00:00","og_image":[{"width":1024,"height":902,"url":"http:\/\/erevanblog.am\/wp-content\/uploads\/2025\/07\/11111111.jpg","type":"image\/jpeg"}],"author":"erevanblog_a","twitter_card":"summary_large_image","twitter_misc":{"Written by":"erevanblog_a","Est. reading time":"2 minutes"},"schema":{"@context":"https:\/\/schema.org","@graph":[{"@type":"Article","@id":"https:\/\/erevanblog.am\/?p=10676#article","isPartOf":{"@id":"https:\/\/erevanblog.am\/?p=10676"},"author":{"name":"erevanblog_a","@id":"https:\/\/erevanblog.am\/#\/schema\/person\/204f10311eb7ddb8914a5ab3e5f03928"},"headline":"Drtiv\u00fd sesuv kamen\u016f jen p\u00e1r metr\u016f od n\u00e1v\u0161t\u011bvn\u00edk\u016f Sklen\u011bn\u00e9ho mostu! Turist\u00e9 prchali v panice!","datePublished":"2025-07-05T07:19:29+00:00","dateModified":"2025-07-05T07:19:31+00:00","mainEntityOfPage":{"@id":"https:\/\/erevanblog.am\/?p=10676"},"wordCount":493,"commentCount":0,"image":{"@id":"https:\/\/erevanblog.am\/?p=10676#primaryimage"},"thumbnailUrl":"https:\/\/erevanblog.am\/wp-content\/uploads\/2025\/07\/11111111.jpg","articleSection":["NEWS"],"inLanguage":"en-US","potentialAction":[{"@type":"CommentAction","name":"Comment","target":["https:\/\/erevanblog.am\/?p=10676#respond"]}]},{"@type":"WebPage","@id":"https:\/\/erevanblog.am\/?p=10676","url":"https:\/\/erevanblog.am\/?p=10676","name":"Drtiv\u00fd sesuv kamen\u016f jen p\u00e1r metr\u016f od n\u00e1v\u0161t\u011bvn\u00edk\u016f Sklen\u011bn\u00e9ho mostu! Turist\u00e9 prchali v panice! -","isPartOf":{"@id":"https:\/\/erevanblog.am\/#website"},"primaryImageOfPage":{"@id":"https:\/\/erevanblog.am\/?p=10676#primaryimage"},"image":{"@id":"https:\/\/erevanblog.am\/?p=10676#primaryimage"},"thumbnailUrl":"https:\/\/erevanblog.am\/wp-content\/uploads\/2025\/07\/11111111.jpg","datePublished":"2025-07-05T07:19:29+00:00","dateModified":"2025-07-05T07:19:31+00:00","author":{"@id":"https:\/\/erevanblog.am\/#\/schema\/person\/204f10311eb7ddb8914a5ab3e5f03928"},"breadcrumb":{"@id":"https:\/\/erevanblog.am\/?p=10676#breadcrumb"},"inLanguage":"en-US","potentialAction":[{"@type":"ReadAction","target":["https:\/\/erevanblog.am\/?p=10676"]}]},{"@type":"ImageObject","inLanguage":"en-US","@id":"https:\/\/erevanblog.am\/?p=10676#primaryimage","url":"https:\/\/erevanblog.am\/wp-content\/uploads\/2025\/07\/11111111.jpg","contentUrl":"https:\/\/erevanblog.am\/wp-content\/uploads\/2025\/07\/11111111.jpg","width":1024,"height":902},{"@type":"BreadcrumbList","@id":"https:\/\/erevanblog.am\/?p=10676#breadcrumb","itemListElement":[{"@type":"ListItem","position":1,"name":"Home","item":"https:\/\/erevanblog.am\/"},{"@type":"ListItem","position":2,"name":"Drtiv\u00fd sesuv kamen\u016f jen p\u00e1r metr\u016f od n\u00e1v\u0161t\u011bvn\u00edk\u016f Sklen\u011bn\u00e9ho mostu! Turist\u00e9 prchali v panice!"}]},{"@type":"WebSite","@id":"https:\/\/erevanblog.am\/#website","url":"https:\/\/erevanblog.am\/","name":"","description":"","potentialAction":[{"@type":"SearchAction","target":{"@type":"EntryPoint","urlTemplate":"https:\/\/erevanblog.am\/?s={search_term_string}"},"query-input":{"@type":"PropertyValueSpecification","valueRequired":true,"valueName":"search_term_string"}}],"inLanguage":"en-US"},{"@type":"Person","@id":"https:\/\/erevanblog.am\/#\/schema\/person\/204f10311eb7ddb8914a5ab3e5f03928","name":"erevanblog_a","image":{"@type":"ImageObject","inLanguage":"en-US","@id":"https:\/\/secure.gravatar.com\/avatar\/a24f4ac3a683f3c87303db525abc00db51ea26ccedee11dfaf1cc0f9a481a5d2?s=96&d=mm&r=g","url":"https:\/\/secure.gravatar.com\/avatar\/a24f4ac3a683f3c87303db525abc00db51ea26ccedee11dfaf1cc0f9a481a5d2?s=96&d=mm&r=g","contentUrl":"https:\/\/secure.gravatar.com\/avatar\/a24f4ac3a683f3c87303db525abc00db51ea26ccedee11dfaf1cc0f9a481a5d2?s=96&d=mm&r=g","caption":"erevanblog_a"},"sameAs":["http:\/\/erevanblog.am"],"url":"https:\/\/erevanblog.am\/?author=1"}]}},"views":256,"_links":{"self":[{"href":"https:\/\/erevanblog.am\/index.php?rest_route=\/wp\/v2\/posts\/10676","targetHints":{"allow":["GET"]}}],"collection":[{"href":"https:\/\/erevanblog.am\/index.php?rest_route=\/wp\/v2\/posts"}],"about":[{"href":"https:\/\/erevanblog.am\/index.php?rest_route=\/wp\/v2\/types\/post"}],"author":[{"embeddable":true,"href":"https:\/\/erevanblog.am\/index.php?rest_route=\/wp\/v2\/users\/1"}],"replies":[{"embeddable":true,"href":"https:\/\/erevanblog.am\/index.php?rest_route=%2Fwp%2Fv2%2Fcomments&post=10676"}],"version-history":[{"count":1,"href":"https:\/\/erevanblog.am\/index.php?rest_route=\/wp\/v2\/posts\/10676\/revisions"}],"predecessor-version":[{"id":10678,"href":"https:\/\/erevanblog.am\/index.php?rest_route=\/wp\/v2\/posts\/10676\/revisions\/10678"}],"wp:featuredmedia":[{"embeddable":true,"href":"https:\/\/erevanblog.am\/index.php?rest_route=\/wp\/v2\/media\/10677"}],"wp:attachment":[{"href":"https:\/\/erevanblog.am\/index.php?rest_route=%2Fwp%2Fv2%2Fmedia&parent=10676"}],"wp:term":[{"taxonomy":"category","embeddable":true,"href":"https:\/\/erevanblog.am\/index.php?rest_route=%2Fwp%2Fv2%2Fcategories&post=10676"},{"taxonomy":"post_tag","embeddable":true,"href":"https:\/\/erevanblog.am\/index.php?rest_route=%2Fwp%2Fv2%2Ftags&post=10676"}],"curies":[{"name":"wp","href":"https:\/\/api.w.org\/{rel}","templated":true}]}}