{"id":10699,"date":"2025-07-06T19:01:05","date_gmt":"2025-07-06T18:01:05","guid":{"rendered":"https:\/\/erevanblog.am\/?p=10699"},"modified":"2025-07-06T19:01:05","modified_gmt":"2025-07-06T18:01:05","slug":"matka-snezna-vlcice-a-stary-muz-ktery-ji-pomohl-zachranit-mladata","status":"publish","type":"post","link":"https:\/\/erevanblog.am\/?p=10699","title":{"rendered":"Matka \u2013 sn\u011b\u017en\u00e1 vl\u010dice a star\u00fd mu\u017e, kter\u00fd j\u00ed pomohl zachr\u00e1nit ml\u00e1\u010fata"},"content":{"rendered":"\n<p>V drsn\u00fdch a odlehl\u00fdch hor\u00e1ch na severu, kde zima trv\u00e1 t\u00e9m\u011b\u0159 cel\u00fd rok a sn\u011bhov\u00e9 vlo\u010dky se dr\u017e\u00ed v\u011btv\u00ed a\u017e do jara, \u017eila osam\u011bl\u00e1 vl\u010dice s b\u00edlou srst\u00ed, jakou m\u00e1 \u010derstv\u011b napadan\u00fd sn\u00edh. Obyvatel\u00e9 vesnice v \u00fadol\u00ed j\u00ed \u0159\u00edkali duch lesa. Nikdo ji nikdy nevid\u011bl zbl\u00edzka \u2013 jen tich\u00fd pohyb mezi stromy, mihotav\u00fd st\u00edn na sn\u011bhov\u00e9 pl\u00e1ni, \u0161elest v\u011btv\u00ed za z\u00e1dy.<\/p>\n\n\n\n<p>Tato tajemn\u00e1 bytost v\u0161ak nebyla pouhou legendou. Byla matkou.<\/p>\n\n\n\n<figure class=\"wp-block-image size-full\"><img loading=\"lazy\" decoding=\"async\" width=\"1024\" height=\"878\" src=\"https:\/\/erevanblog.am\/wp-content\/uploads\/2025\/07\/1023694.jpg\" alt=\"\" class=\"wp-image-10700\" srcset=\"https:\/\/erevanblog.am\/wp-content\/uploads\/2025\/07\/1023694.jpg 1024w, https:\/\/erevanblog.am\/wp-content\/uploads\/2025\/07\/1023694-300x257.jpg 300w, https:\/\/erevanblog.am\/wp-content\/uploads\/2025\/07\/1023694-768x659.jpg 768w\" sizes=\"auto, (max-width: 1024px) 100vw, 1024px\" \/><\/figure>\n\n\n\n<p>Ve skr\u00fd\u0161i pod skaln\u00edm p\u0159evisem porodila \u010dty\u0159i vl\u010data \u2013 drobn\u00e9, slep\u00e9 a bezbrann\u00e9. Lovila v noci, nosila jim potravu a chr\u00e1nila je sv\u00fdm t\u011blem p\u0159ed chladem. Byla siln\u00e1, odhodlan\u00e1 \u2013 a sama.<\/p>\n\n\n\n<p>A\u017e do osudn\u00e9ho r\u00e1na.<\/p>\n\n\n\n<p>Jednoho chladn\u00e9ho dne se krajinou rozlehlo dun\u011bn\u00ed. Mo\u017en\u00e1 to byl sesuv, mo\u017en\u00e1 puknut\u00ed v hlubin\u00e1ch zem\u011b \u2013 nikdo nev\u011bd\u011bl jist\u011b. Ale n\u00e1raz byl tak siln\u00fd, \u017ee uvolnil balvany a zavalil svah, pod n\u00edm\u017e se nach\u00e1zela nora vl\u010dice.<\/p>\n\n\n\n<p>Kdy\u017e se vr\u00e1tila z lovu, jej\u00ed \u00fato\u010di\u0161t\u011b zmizelo. Vchod byl pry\u010d. Z\u016fstalo jen ticho a sn\u00edh. Za\u010dala zu\u0159iv\u011b hrabat \u2013 dr\u00e1py dr\u00e1sala zmrzlou p\u016fdu, trhala ko\u0159eny, rvala se se zem\u00ed i bolest\u00ed. Krev j\u00ed st\u00e9kala po tlap\u00e1ch, ale nep\u0159est\u00e1vala. Jej\u00ed ml\u00e1\u010fata tam byla. A mo\u017en\u00e1 je\u0161t\u011b \u017eila.<\/p>\n\n\n\n<p>V t\u00e9 chv\u00edli ji zahl\u00e9dl star\u00fd mu\u017e.<\/p>\n\n\n\n<p>Josef, b\u00fdval\u00fd lesn\u00edk, \u017eil s\u00e1m v d\u0159ev\u011bn\u00e9 chalup\u011b na \u00fapat\u00ed hory. Kdy\u017e usly\u0161el dun\u011bn\u00ed, vydal se zjistit, co se stalo. Mezi spadl\u00fdmi kameny spat\u0159il vl\u010dici \u2013 ale ne jako \u0161elmu. D\u00edval se j\u00ed do o\u010d\u00ed a pochopil: neprosila o pomoc slovy, ale jej\u00edm pohledem.<\/p>\n\n\n\n<p>\u201eBylo to, jako by mi beze slov sd\u011blila v\u0161echno,\u201c \u0159ekl pozd\u011bji.<\/p>\n\n\n\n<p>Nev\u00e1hal. P\u0159inesl n\u00e1\u0159ad\u00ed \u2013 lopatu, \u017eeleznou ty\u010d \u2013 a pustil se do kop\u00e1n\u00ed. Vl\u010dice z\u016fstala nabl\u00edzku. Neut\u00edkala. Nep\u0159ek\u00e1\u017eela. D\u00fdchala zrychlen\u011b, ale klidn\u011b. V\u011bd\u011bla, \u017ee j\u00ed ten mu\u017e neubl\u00ed\u017e\u00ed.<\/p>\n\n\n\n<p>Po dlouh\u00fdch hodin\u00e1ch d\u0159iny se z nory ozval zvuk \u2013 slab\u00e9 zak\u0148u\u010den\u00ed. A pak dal\u0161\u00ed. Josef opatrn\u011b s\u00e1hl dovnit\u0159 a vyt\u00e1hl dv\u011b prok\u0159ehl\u00e1, ale \u017eiv\u00e1 vl\u010data. T\u0159et\u00ed u\u017e nebylo mezi \u017eiv\u00fdmi. \u010ctvrt\u00e9 bylo t\u011b\u017ece poran\u011bn\u00e9.<\/p>\n\n\n\n<p>Vl\u010dice z\u016fstala klidn\u00e1. Jen se p\u0159ibl\u00ed\u017eila k ml\u00e1\u010fat\u016fm, ol\u00edzla jejich tv\u00e1\u0159i\u010dky \u2013 a pak pohl\u00e9dla na Josefa pohledem, kter\u00fd \u017e\u00e1dn\u00fd \u010dlov\u011bk nedok\u00e1\u017ee zcela popsat.<\/p>\n\n\n\n<p>D\u00edky n\u011bmu p\u0159e\u017eili. Nejen vl\u010dice \u2013 ale i jej\u00ed potomci.<\/p>\n\n\n\n<p>Od t\u00e9 doby se traduje, \u017ee ka\u017edou zimu se b\u00edl\u00e1 vl\u010dice vrac\u00ed ke starcov\u011b chalup\u011b. Nechod\u00ed bl\u00edzko, nevstupuje. Jen ti\u0161e sed\u00ed ve st\u00ednu strom\u016f a sleduje.<\/p>\n\n\n\n<p>A kdy\u017e Josef jednou beze stopy zmizel, noc\u00ed se rozl\u00e9halo vyt\u00ed vlk\u016f. Jako by d\u011bkovali. Nebo se lou\u010dili.<\/p>\n\n\n\n<p>Tam v hor\u00e1ch, kde jsou lid\u00e9 tvrd\u00ed a p\u0159\u00edroda ne\u00faprosn\u00e1, vzniklo pouto. P\u0159\u00e1telstv\u00ed mezi \u010dlov\u011bkem, kter\u00fd naslouchal ml\u010den\u00ed, a matkou, kter\u00e1 se nikdy nevzdala.<\/p>\n","protected":false},"excerpt":{"rendered":"<div class=\"mh-excerpt\"><p>V drsn\u00fdch a odlehl\u00fdch hor\u00e1ch na severu, kde zima trv\u00e1 t\u00e9m\u011b\u0159 cel\u00fd rok a sn\u011bhov\u00e9 vlo\u010dky se dr\u017e\u00ed v\u011btv\u00ed a\u017e do jara, \u017eila osam\u011bl\u00e1 vl\u010dice <a class=\"mh-excerpt-more\" href=\"https:\/\/erevanblog.am\/?p=10699\" title=\"Matka \u2013 sn\u011b\u017en\u00e1 vl\u010dice a star\u00fd mu\u017e, kter\u00fd j\u00ed pomohl zachr\u00e1nit ml\u00e1\u010fata\">[&#8230;]<\/a><\/p>\n<\/div>","protected":false},"author":1,"featured_media":10700,"comment_status":"open","ping_status":"open","sticky":false,"template":"","format":"standard","meta":{"footnotes":""},"categories":[1],"tags":[],"class_list":["post-10699","post","type-post","status-publish","format-standard","has-post-thumbnail","hentry","category-uncategorised"],"yoast_head":"<!-- This site is optimized with the Yoast SEO plugin v27.5 - https:\/\/yoast.com\/product\/yoast-seo-wordpress\/ -->\n<title>Matka \u2013 sn\u011b\u017en\u00e1 vl\u010dice a star\u00fd mu\u017e, kter\u00fd j\u00ed pomohl zachr\u00e1nit ml\u00e1\u010fata -<\/title>\n<meta name=\"robots\" content=\"index, follow, max-snippet:-1, max-image-preview:large, max-video-preview:-1\" \/>\n<link rel=\"canonical\" href=\"https:\/\/erevanblog.am\/?p=10699\" \/>\n<meta property=\"og:locale\" content=\"en_US\" \/>\n<meta property=\"og:type\" content=\"article\" \/>\n<meta property=\"og:title\" content=\"Matka \u2013 sn\u011b\u017en\u00e1 vl\u010dice a star\u00fd mu\u017e, kter\u00fd j\u00ed pomohl zachr\u00e1nit ml\u00e1\u010fata -\" \/>\n<meta property=\"og:description\" content=\"V drsn\u00fdch a odlehl\u00fdch hor\u00e1ch na severu, kde zima trv\u00e1 t\u00e9m\u011b\u0159 cel\u00fd rok a sn\u011bhov\u00e9 vlo\u010dky se dr\u017e\u00ed v\u011btv\u00ed a\u017e do jara, \u017eila osam\u011bl\u00e1 vl\u010dice [...]\" \/>\n<meta property=\"og:url\" content=\"https:\/\/erevanblog.am\/?p=10699\" \/>\n<meta property=\"article:published_time\" content=\"2025-07-06T18:01:05+00:00\" \/>\n<meta property=\"og:image\" content=\"http:\/\/erevanblog.am\/wp-content\/uploads\/2025\/07\/1023694.jpg\" \/>\n\t<meta property=\"og:image:width\" content=\"1024\" \/>\n\t<meta property=\"og:image:height\" content=\"878\" \/>\n\t<meta property=\"og:image:type\" content=\"image\/jpeg\" \/>\n<meta name=\"author\" content=\"erevanblog_a\" \/>\n<meta name=\"twitter:card\" content=\"summary_large_image\" \/>\n<meta name=\"twitter:label1\" content=\"Written by\" \/>\n\t<meta name=\"twitter:data1\" content=\"erevanblog_a\" \/>\n\t<meta name=\"twitter:label2\" content=\"Est. reading time\" \/>\n\t<meta name=\"twitter:data2\" content=\"3 minutes\" \/>\n<script type=\"application\/ld+json\" class=\"yoast-schema-graph\">{\"@context\":\"https:\\\/\\\/schema.org\",\"@graph\":[{\"@type\":\"Article\",\"@id\":\"https:\\\/\\\/erevanblog.am\\\/?p=10699#article\",\"isPartOf\":{\"@id\":\"https:\\\/\\\/erevanblog.am\\\/?p=10699\"},\"author\":{\"name\":\"erevanblog_a\",\"@id\":\"https:\\\/\\\/erevanblog.am\\\/#\\\/schema\\\/person\\\/204f10311eb7ddb8914a5ab3e5f03928\"},\"headline\":\"Matka \u2013 sn\u011b\u017en\u00e1 vl\u010dice a star\u00fd mu\u017e, kter\u00fd j\u00ed pomohl zachr\u00e1nit ml\u00e1\u010fata\",\"datePublished\":\"2025-07-06T18:01:05+00:00\",\"mainEntityOfPage\":{\"@id\":\"https:\\\/\\\/erevanblog.am\\\/?p=10699\"},\"wordCount\":555,\"commentCount\":0,\"image\":{\"@id\":\"https:\\\/\\\/erevanblog.am\\\/?p=10699#primaryimage\"},\"thumbnailUrl\":\"https:\\\/\\\/erevanblog.am\\\/wp-content\\\/uploads\\\/2025\\\/07\\\/1023694.jpg\",\"articleSection\":[\"NEWS\"],\"inLanguage\":\"en-US\",\"potentialAction\":[{\"@type\":\"CommentAction\",\"name\":\"Comment\",\"target\":[\"https:\\\/\\\/erevanblog.am\\\/?p=10699#respond\"]}]},{\"@type\":\"WebPage\",\"@id\":\"https:\\\/\\\/erevanblog.am\\\/?p=10699\",\"url\":\"https:\\\/\\\/erevanblog.am\\\/?p=10699\",\"name\":\"Matka \u2013 sn\u011b\u017en\u00e1 vl\u010dice a star\u00fd mu\u017e, kter\u00fd j\u00ed pomohl zachr\u00e1nit ml\u00e1\u010fata -\",\"isPartOf\":{\"@id\":\"https:\\\/\\\/erevanblog.am\\\/#website\"},\"primaryImageOfPage\":{\"@id\":\"https:\\\/\\\/erevanblog.am\\\/?p=10699#primaryimage\"},\"image\":{\"@id\":\"https:\\\/\\\/erevanblog.am\\\/?p=10699#primaryimage\"},\"thumbnailUrl\":\"https:\\\/\\\/erevanblog.am\\\/wp-content\\\/uploads\\\/2025\\\/07\\\/1023694.jpg\",\"datePublished\":\"2025-07-06T18:01:05+00:00\",\"author\":{\"@id\":\"https:\\\/\\\/erevanblog.am\\\/#\\\/schema\\\/person\\\/204f10311eb7ddb8914a5ab3e5f03928\"},\"breadcrumb\":{\"@id\":\"https:\\\/\\\/erevanblog.am\\\/?p=10699#breadcrumb\"},\"inLanguage\":\"en-US\",\"potentialAction\":[{\"@type\":\"ReadAction\",\"target\":[\"https:\\\/\\\/erevanblog.am\\\/?p=10699\"]}]},{\"@type\":\"ImageObject\",\"inLanguage\":\"en-US\",\"@id\":\"https:\\\/\\\/erevanblog.am\\\/?p=10699#primaryimage\",\"url\":\"https:\\\/\\\/erevanblog.am\\\/wp-content\\\/uploads\\\/2025\\\/07\\\/1023694.jpg\",\"contentUrl\":\"https:\\\/\\\/erevanblog.am\\\/wp-content\\\/uploads\\\/2025\\\/07\\\/1023694.jpg\",\"width\":1024,\"height\":878},{\"@type\":\"BreadcrumbList\",\"@id\":\"https:\\\/\\\/erevanblog.am\\\/?p=10699#breadcrumb\",\"itemListElement\":[{\"@type\":\"ListItem\",\"position\":1,\"name\":\"Home\",\"item\":\"https:\\\/\\\/erevanblog.am\\\/\"},{\"@type\":\"ListItem\",\"position\":2,\"name\":\"Matka \u2013 sn\u011b\u017en\u00e1 vl\u010dice a star\u00fd mu\u017e, kter\u00fd j\u00ed pomohl zachr\u00e1nit ml\u00e1\u010fata\"}]},{\"@type\":\"WebSite\",\"@id\":\"https:\\\/\\\/erevanblog.am\\\/#website\",\"url\":\"https:\\\/\\\/erevanblog.am\\\/\",\"name\":\"\",\"description\":\"\",\"potentialAction\":[{\"@type\":\"SearchAction\",\"target\":{\"@type\":\"EntryPoint\",\"urlTemplate\":\"https:\\\/\\\/erevanblog.am\\\/?s={search_term_string}\"},\"query-input\":{\"@type\":\"PropertyValueSpecification\",\"valueRequired\":true,\"valueName\":\"search_term_string\"}}],\"inLanguage\":\"en-US\"},{\"@type\":\"Person\",\"@id\":\"https:\\\/\\\/erevanblog.am\\\/#\\\/schema\\\/person\\\/204f10311eb7ddb8914a5ab3e5f03928\",\"name\":\"erevanblog_a\",\"image\":{\"@type\":\"ImageObject\",\"inLanguage\":\"en-US\",\"@id\":\"https:\\\/\\\/secure.gravatar.com\\\/avatar\\\/a24f4ac3a683f3c87303db525abc00db51ea26ccedee11dfaf1cc0f9a481a5d2?s=96&d=mm&r=g\",\"url\":\"https:\\\/\\\/secure.gravatar.com\\\/avatar\\\/a24f4ac3a683f3c87303db525abc00db51ea26ccedee11dfaf1cc0f9a481a5d2?s=96&d=mm&r=g\",\"contentUrl\":\"https:\\\/\\\/secure.gravatar.com\\\/avatar\\\/a24f4ac3a683f3c87303db525abc00db51ea26ccedee11dfaf1cc0f9a481a5d2?s=96&d=mm&r=g\",\"caption\":\"erevanblog_a\"},\"sameAs\":[\"http:\\\/\\\/erevanblog.am\"],\"url\":\"https:\\\/\\\/erevanblog.am\\\/?author=1\"}]}<\/script>\n<!-- \/ Yoast SEO plugin. -->","yoast_head_json":{"title":"Matka \u2013 sn\u011b\u017en\u00e1 vl\u010dice a star\u00fd mu\u017e, kter\u00fd j\u00ed pomohl zachr\u00e1nit ml\u00e1\u010fata -","robots":{"index":"index","follow":"follow","max-snippet":"max-snippet:-1","max-image-preview":"max-image-preview:large","max-video-preview":"max-video-preview:-1"},"canonical":"https:\/\/erevanblog.am\/?p=10699","og_locale":"en_US","og_type":"article","og_title":"Matka \u2013 sn\u011b\u017en\u00e1 vl\u010dice a star\u00fd mu\u017e, kter\u00fd j\u00ed pomohl zachr\u00e1nit ml\u00e1\u010fata -","og_description":"V drsn\u00fdch a odlehl\u00fdch hor\u00e1ch na severu, kde zima trv\u00e1 t\u00e9m\u011b\u0159 cel\u00fd rok a sn\u011bhov\u00e9 vlo\u010dky se dr\u017e\u00ed v\u011btv\u00ed a\u017e do jara, \u017eila osam\u011bl\u00e1 vl\u010dice [...]","og_url":"https:\/\/erevanblog.am\/?p=10699","article_published_time":"2025-07-06T18:01:05+00:00","og_image":[{"width":1024,"height":878,"url":"http:\/\/erevanblog.am\/wp-content\/uploads\/2025\/07\/1023694.jpg","type":"image\/jpeg"}],"author":"erevanblog_a","twitter_card":"summary_large_image","twitter_misc":{"Written by":"erevanblog_a","Est. reading time":"3 minutes"},"schema":{"@context":"https:\/\/schema.org","@graph":[{"@type":"Article","@id":"https:\/\/erevanblog.am\/?p=10699#article","isPartOf":{"@id":"https:\/\/erevanblog.am\/?p=10699"},"author":{"name":"erevanblog_a","@id":"https:\/\/erevanblog.am\/#\/schema\/person\/204f10311eb7ddb8914a5ab3e5f03928"},"headline":"Matka \u2013 sn\u011b\u017en\u00e1 vl\u010dice a star\u00fd mu\u017e, kter\u00fd j\u00ed pomohl zachr\u00e1nit ml\u00e1\u010fata","datePublished":"2025-07-06T18:01:05+00:00","mainEntityOfPage":{"@id":"https:\/\/erevanblog.am\/?p=10699"},"wordCount":555,"commentCount":0,"image":{"@id":"https:\/\/erevanblog.am\/?p=10699#primaryimage"},"thumbnailUrl":"https:\/\/erevanblog.am\/wp-content\/uploads\/2025\/07\/1023694.jpg","articleSection":["NEWS"],"inLanguage":"en-US","potentialAction":[{"@type":"CommentAction","name":"Comment","target":["https:\/\/erevanblog.am\/?p=10699#respond"]}]},{"@type":"WebPage","@id":"https:\/\/erevanblog.am\/?p=10699","url":"https:\/\/erevanblog.am\/?p=10699","name":"Matka \u2013 sn\u011b\u017en\u00e1 vl\u010dice a star\u00fd mu\u017e, kter\u00fd j\u00ed pomohl zachr\u00e1nit ml\u00e1\u010fata -","isPartOf":{"@id":"https:\/\/erevanblog.am\/#website"},"primaryImageOfPage":{"@id":"https:\/\/erevanblog.am\/?p=10699#primaryimage"},"image":{"@id":"https:\/\/erevanblog.am\/?p=10699#primaryimage"},"thumbnailUrl":"https:\/\/erevanblog.am\/wp-content\/uploads\/2025\/07\/1023694.jpg","datePublished":"2025-07-06T18:01:05+00:00","author":{"@id":"https:\/\/erevanblog.am\/#\/schema\/person\/204f10311eb7ddb8914a5ab3e5f03928"},"breadcrumb":{"@id":"https:\/\/erevanblog.am\/?p=10699#breadcrumb"},"inLanguage":"en-US","potentialAction":[{"@type":"ReadAction","target":["https:\/\/erevanblog.am\/?p=10699"]}]},{"@type":"ImageObject","inLanguage":"en-US","@id":"https:\/\/erevanblog.am\/?p=10699#primaryimage","url":"https:\/\/erevanblog.am\/wp-content\/uploads\/2025\/07\/1023694.jpg","contentUrl":"https:\/\/erevanblog.am\/wp-content\/uploads\/2025\/07\/1023694.jpg","width":1024,"height":878},{"@type":"BreadcrumbList","@id":"https:\/\/erevanblog.am\/?p=10699#breadcrumb","itemListElement":[{"@type":"ListItem","position":1,"name":"Home","item":"https:\/\/erevanblog.am\/"},{"@type":"ListItem","position":2,"name":"Matka \u2013 sn\u011b\u017en\u00e1 vl\u010dice a star\u00fd mu\u017e, kter\u00fd j\u00ed pomohl zachr\u00e1nit ml\u00e1\u010fata"}]},{"@type":"WebSite","@id":"https:\/\/erevanblog.am\/#website","url":"https:\/\/erevanblog.am\/","name":"","description":"","potentialAction":[{"@type":"SearchAction","target":{"@type":"EntryPoint","urlTemplate":"https:\/\/erevanblog.am\/?s={search_term_string}"},"query-input":{"@type":"PropertyValueSpecification","valueRequired":true,"valueName":"search_term_string"}}],"inLanguage":"en-US"},{"@type":"Person","@id":"https:\/\/erevanblog.am\/#\/schema\/person\/204f10311eb7ddb8914a5ab3e5f03928","name":"erevanblog_a","image":{"@type":"ImageObject","inLanguage":"en-US","@id":"https:\/\/secure.gravatar.com\/avatar\/a24f4ac3a683f3c87303db525abc00db51ea26ccedee11dfaf1cc0f9a481a5d2?s=96&d=mm&r=g","url":"https:\/\/secure.gravatar.com\/avatar\/a24f4ac3a683f3c87303db525abc00db51ea26ccedee11dfaf1cc0f9a481a5d2?s=96&d=mm&r=g","contentUrl":"https:\/\/secure.gravatar.com\/avatar\/a24f4ac3a683f3c87303db525abc00db51ea26ccedee11dfaf1cc0f9a481a5d2?s=96&d=mm&r=g","caption":"erevanblog_a"},"sameAs":["http:\/\/erevanblog.am"],"url":"https:\/\/erevanblog.am\/?author=1"}]}},"views":242,"_links":{"self":[{"href":"https:\/\/erevanblog.am\/index.php?rest_route=\/wp\/v2\/posts\/10699","targetHints":{"allow":["GET"]}}],"collection":[{"href":"https:\/\/erevanblog.am\/index.php?rest_route=\/wp\/v2\/posts"}],"about":[{"href":"https:\/\/erevanblog.am\/index.php?rest_route=\/wp\/v2\/types\/post"}],"author":[{"embeddable":true,"href":"https:\/\/erevanblog.am\/index.php?rest_route=\/wp\/v2\/users\/1"}],"replies":[{"embeddable":true,"href":"https:\/\/erevanblog.am\/index.php?rest_route=%2Fwp%2Fv2%2Fcomments&post=10699"}],"version-history":[{"count":1,"href":"https:\/\/erevanblog.am\/index.php?rest_route=\/wp\/v2\/posts\/10699\/revisions"}],"predecessor-version":[{"id":10701,"href":"https:\/\/erevanblog.am\/index.php?rest_route=\/wp\/v2\/posts\/10699\/revisions\/10701"}],"wp:featuredmedia":[{"embeddable":true,"href":"https:\/\/erevanblog.am\/index.php?rest_route=\/wp\/v2\/media\/10700"}],"wp:attachment":[{"href":"https:\/\/erevanblog.am\/index.php?rest_route=%2Fwp%2Fv2%2Fmedia&parent=10699"}],"wp:term":[{"taxonomy":"category","embeddable":true,"href":"https:\/\/erevanblog.am\/index.php?rest_route=%2Fwp%2Fv2%2Fcategories&post=10699"},{"taxonomy":"post_tag","embeddable":true,"href":"https:\/\/erevanblog.am\/index.php?rest_route=%2Fwp%2Fv2%2Ftags&post=10699"}],"curies":[{"name":"wp","href":"https:\/\/api.w.org\/{rel}","templated":true}]}}