{"id":10702,"date":"2025-07-07T09:18:19","date_gmt":"2025-07-07T08:18:19","guid":{"rendered":"https:\/\/erevanblog.am\/?p=10702"},"modified":"2025-07-07T09:18:20","modified_gmt":"2025-07-07T08:18:20","slug":"to-melo-byt-jen-obycejne-prase-misto-toho-skoncil-farmar-na-pokraji-smrti-a-vesnici-zachvatil-des","status":"publish","type":"post","link":"https:\/\/erevanblog.am\/?p=10702","title":{"rendered":"\u201eTo m\u011blo b\u00fdt jen oby\u010dejn\u00e9 prase. M\u00edsto toho skon\u010dil farm\u00e1\u0159 na pokraji smrti \u2013 a vesnici zachv\u00e1til d\u011bs\u201c"},"content":{"rendered":"\n<p>V poklidn\u00e9 vesnici ukryt\u00e9 mezi poli a lesy, kde dny plynuly v monot\u00f3nn\u00edm rytmu a kde se nic zvl\u00e1\u0161tn\u00edho ned\u011blo, do\u0161lo k ud\u00e1losti, kter\u00e1 ot\u0159\u00e1sla cel\u00fdm regionem. Zprvu \u0161lo o oby\u010dejn\u00e9 roz\u0161\u00ed\u0159en\u00ed hospod\u00e1\u0159stv\u00ed. Jen\u017ee jeden omyl st\u00e1l farm\u00e1\u0159e zdrav\u00ed \u2013 a t\u00e9m\u011b\u0159 i \u017eivot.<\/p>\n\n\n\n<figure class=\"wp-block-image size-full\"><img loading=\"lazy\" decoding=\"async\" width=\"1024\" height=\"957\" src=\"https:\/\/erevanblog.am\/wp-content\/uploads\/2025\/07\/45693333.jpeg\" alt=\"\" class=\"wp-image-10703\" srcset=\"https:\/\/erevanblog.am\/wp-content\/uploads\/2025\/07\/45693333.jpeg 1024w, https:\/\/erevanblog.am\/wp-content\/uploads\/2025\/07\/45693333-300x280.jpeg 300w, https:\/\/erevanblog.am\/wp-content\/uploads\/2025\/07\/45693333-768x718.jpeg 768w\" sizes=\"auto, (max-width: 1024px) 100vw, 1024px\" \/><\/figure>\n\n\n\n<p>Alexej byl zku\u0161en\u00fd hospod\u00e1\u0159. V\u011bnoval se zv\u00ed\u0159at\u016fm od ml\u00e1d\u00ed, od krav po slepice \u2013 v\u0161echno zvl\u00e1dal bez probl\u00e9m\u016f. Kdy\u017e se rozhodl za\u010d\u00edt s chovem prasat, pova\u017eoval to za rutinu. V\u0161echno ale zm\u011bnilo jedno jedin\u00e9 zv\u00ed\u0159e \u2013 svin\u011b jm\u00e9nem Marfa.<\/p>\n\n\n\n<p>Byla v\u011bt\u0161\u00ed ne\u017e ostatn\u00ed, siln\u011bj\u0161\u00ed \u2013 a jej\u00ed pohled se Alexejovi nezd\u00e1l. Jako by v t\u011bch o\u010d\u00edch bylo n\u011bco v\u00edc, ne\u017e je b\u011b\u017en\u00e9 u zv\u00ed\u0159at. Ale farm\u00e1\u0159 to p\u0159e\u0161el. M\u011bl za to, \u017ee jde jen o jeho p\u0159ehnanou p\u0159edstavivost.<\/p>\n\n\n\n<p>A\u017e do jedn\u00e9 noci.<\/p>\n\n\n\n<p>\u0160el tehdy jen na rychlou kontrolu \u2013 voda, zav\u0159en\u00e1 branka, v\u0161echno v po\u0159\u00e1dku. Jen\u017ee v tu chv\u00edli se Marfa vrhla. Ne bezmy\u0161lenkovit\u011b \u2013 ale s p\u0159esnost\u00ed, kter\u00e1 d\u011bsila. Shodila ho, sev\u0159ela ho pod sebou, kousala a dusila. Nebyl to \u00fatok z paniky. Byl to \u00fatok s rozmyslem.<\/p>\n\n\n\n<p>Alexej k\u0159i\u010del, sna\u017eil se br\u00e1nit, ale byl bezmocn\u00fd. A\u017e po p\u016flhodin\u011b si soused v\u0161iml sv\u011btla a ve\u0161el do chl\u00e9va. To, co uvid\u011bl, ho poznamenalo.<\/p>\n\n\n\n<p>Farm\u00e1\u0159 le\u017eel zkrvaven\u00fd, s v\u00e1\u017en\u00fdmi zran\u011bn\u00edmi. Marfa st\u00e1la ti\u0161e vedle n\u011bj, neh\u00fdbala se \u2013 jako by ho hl\u00eddala.<\/p>\n\n\n\n<p>Z\u00e1chranka dorazila v\u010das, ale Alexej podstoupil n\u011bkolik operac\u00ed. Fyzick\u00e9 r\u00e1ny se zahoj\u00ed \u2013 ale psychick\u00e9? Ty si ponese dlouho.<\/p>\n\n\n\n<p>Vy\u0161et\u0159ov\u00e1n\u00ed odhalilo neobvykle vysokou agresivitu a zn\u00e1mky inteligence u zv\u00ed\u0159ete. Veterin\u00e1\u0159i i behavior\u00e1ln\u00ed specialist\u00e9 byli zasko\u010deni. Jeden z nich uvedl: \u201eTohle nebylo b\u011b\u017en\u00e9. Tohle zv\u00ed\u0159e v\u011bd\u011blo, co d\u011bl\u00e1.\u201c<\/p>\n\n\n\n<p>Ve vesnici zavl\u00e1dl strach. Chovatel\u00e9 p\u0159ehodnocuj\u00ed sv\u00e1 st\u00e1da, lid\u00e9 se boj\u00ed vstoupit do ohrad, d\u011bti se k prasat\u016fm nesm\u00ed ani p\u0159ibl\u00ed\u017eit.<\/p>\n\n\n\n<p>A ot\u00e1zka, kter\u00e1 vis\u00ed ve vzduchu, zn\u00ed: Byla Marfa ojedin\u011bl\u00fd p\u0159\u00edpad? Nebo je to za\u010d\u00e1tek n\u011b\u010deho hor\u0161\u00edho?<\/p>\n\n\n\n<p>Osud Marfy je zat\u00edm nejasn\u00fd. Vy\u0161et\u0159ov\u00e1n\u00ed pokra\u010duje.<\/p>\n\n\n\n<p>Ale jist\u00e9 je jedno: klid je pry\u010d. A s n\u00edm i pocit bezpe\u010d\u00ed, kter\u00fd m\u011bl Alexej \u2013 i cel\u00e1 vesnice.<\/p>\n","protected":false},"excerpt":{"rendered":"<div class=\"mh-excerpt\"><p>V poklidn\u00e9 vesnici ukryt\u00e9 mezi poli a lesy, kde dny plynuly v monot\u00f3nn\u00edm rytmu a kde se nic zvl\u00e1\u0161tn\u00edho ned\u011blo, do\u0161lo k ud\u00e1losti, kter\u00e1 ot\u0159\u00e1sla <a class=\"mh-excerpt-more\" href=\"https:\/\/erevanblog.am\/?p=10702\" title=\"\u201eTo m\u011blo b\u00fdt jen oby\u010dejn\u00e9 prase. M\u00edsto toho skon\u010dil farm\u00e1\u0159 na pokraji smrti \u2013 a vesnici zachv\u00e1til d\u011bs\u201c\">[&#8230;]<\/a><\/p>\n<\/div>","protected":false},"author":1,"featured_media":10703,"comment_status":"open","ping_status":"open","sticky":false,"template":"","format":"standard","meta":{"footnotes":""},"categories":[1],"tags":[],"class_list":["post-10702","post","type-post","status-publish","format-standard","has-post-thumbnail","hentry","category-uncategorised"],"yoast_head":"<!-- This site is optimized with the Yoast SEO plugin v27.5 - https:\/\/yoast.com\/product\/yoast-seo-wordpress\/ -->\n<title>\u201eTo m\u011blo b\u00fdt jen oby\u010dejn\u00e9 prase. M\u00edsto toho skon\u010dil farm\u00e1\u0159 na pokraji smrti \u2013 a vesnici zachv\u00e1til d\u011bs\u201c -<\/title>\n<meta name=\"robots\" content=\"index, follow, max-snippet:-1, max-image-preview:large, max-video-preview:-1\" \/>\n<link rel=\"canonical\" href=\"https:\/\/erevanblog.am\/?p=10702\" \/>\n<meta property=\"og:locale\" content=\"en_US\" \/>\n<meta property=\"og:type\" content=\"article\" \/>\n<meta property=\"og:title\" content=\"\u201eTo m\u011blo b\u00fdt jen oby\u010dejn\u00e9 prase. M\u00edsto toho skon\u010dil farm\u00e1\u0159 na pokraji smrti \u2013 a vesnici zachv\u00e1til d\u011bs\u201c -\" \/>\n<meta property=\"og:description\" content=\"V poklidn\u00e9 vesnici ukryt\u00e9 mezi poli a lesy, kde dny plynuly v monot\u00f3nn\u00edm rytmu a kde se nic zvl\u00e1\u0161tn\u00edho ned\u011blo, do\u0161lo k ud\u00e1losti, kter\u00e1 ot\u0159\u00e1sla [...]\" \/>\n<meta property=\"og:url\" content=\"https:\/\/erevanblog.am\/?p=10702\" \/>\n<meta property=\"article:published_time\" content=\"2025-07-07T08:18:19+00:00\" \/>\n<meta property=\"article:modified_time\" content=\"2025-07-07T08:18:20+00:00\" \/>\n<meta property=\"og:image\" content=\"http:\/\/erevanblog.am\/wp-content\/uploads\/2025\/07\/45693333.jpeg\" \/>\n\t<meta property=\"og:image:width\" content=\"1024\" \/>\n\t<meta property=\"og:image:height\" content=\"957\" \/>\n\t<meta property=\"og:image:type\" content=\"image\/jpeg\" \/>\n<meta name=\"author\" content=\"erevanblog_a\" \/>\n<meta name=\"twitter:card\" content=\"summary_large_image\" \/>\n<meta name=\"twitter:label1\" content=\"Written by\" \/>\n\t<meta name=\"twitter:data1\" content=\"erevanblog_a\" \/>\n\t<meta name=\"twitter:label2\" content=\"Est. reading time\" \/>\n\t<meta name=\"twitter:data2\" content=\"2 minutes\" \/>\n<script type=\"application\/ld+json\" class=\"yoast-schema-graph\">{\"@context\":\"https:\\\/\\\/schema.org\",\"@graph\":[{\"@type\":\"Article\",\"@id\":\"https:\\\/\\\/erevanblog.am\\\/?p=10702#article\",\"isPartOf\":{\"@id\":\"https:\\\/\\\/erevanblog.am\\\/?p=10702\"},\"author\":{\"name\":\"erevanblog_a\",\"@id\":\"https:\\\/\\\/erevanblog.am\\\/#\\\/schema\\\/person\\\/204f10311eb7ddb8914a5ab3e5f03928\"},\"headline\":\"\u201eTo m\u011blo b\u00fdt jen oby\u010dejn\u00e9 prase. M\u00edsto toho skon\u010dil farm\u00e1\u0159 na pokraji smrti \u2013 a vesnici zachv\u00e1til d\u011bs\u201c\",\"datePublished\":\"2025-07-07T08:18:19+00:00\",\"dateModified\":\"2025-07-07T08:18:20+00:00\",\"mainEntityOfPage\":{\"@id\":\"https:\\\/\\\/erevanblog.am\\\/?p=10702\"},\"wordCount\":452,\"commentCount\":0,\"image\":{\"@id\":\"https:\\\/\\\/erevanblog.am\\\/?p=10702#primaryimage\"},\"thumbnailUrl\":\"https:\\\/\\\/erevanblog.am\\\/wp-content\\\/uploads\\\/2025\\\/07\\\/45693333.jpeg\",\"articleSection\":[\"NEWS\"],\"inLanguage\":\"en-US\",\"potentialAction\":[{\"@type\":\"CommentAction\",\"name\":\"Comment\",\"target\":[\"https:\\\/\\\/erevanblog.am\\\/?p=10702#respond\"]}]},{\"@type\":\"WebPage\",\"@id\":\"https:\\\/\\\/erevanblog.am\\\/?p=10702\",\"url\":\"https:\\\/\\\/erevanblog.am\\\/?p=10702\",\"name\":\"\u201eTo m\u011blo b\u00fdt jen oby\u010dejn\u00e9 prase. M\u00edsto toho skon\u010dil farm\u00e1\u0159 na pokraji smrti \u2013 a vesnici zachv\u00e1til d\u011bs\u201c -\",\"isPartOf\":{\"@id\":\"https:\\\/\\\/erevanblog.am\\\/#website\"},\"primaryImageOfPage\":{\"@id\":\"https:\\\/\\\/erevanblog.am\\\/?p=10702#primaryimage\"},\"image\":{\"@id\":\"https:\\\/\\\/erevanblog.am\\\/?p=10702#primaryimage\"},\"thumbnailUrl\":\"https:\\\/\\\/erevanblog.am\\\/wp-content\\\/uploads\\\/2025\\\/07\\\/45693333.jpeg\",\"datePublished\":\"2025-07-07T08:18:19+00:00\",\"dateModified\":\"2025-07-07T08:18:20+00:00\",\"author\":{\"@id\":\"https:\\\/\\\/erevanblog.am\\\/#\\\/schema\\\/person\\\/204f10311eb7ddb8914a5ab3e5f03928\"},\"breadcrumb\":{\"@id\":\"https:\\\/\\\/erevanblog.am\\\/?p=10702#breadcrumb\"},\"inLanguage\":\"en-US\",\"potentialAction\":[{\"@type\":\"ReadAction\",\"target\":[\"https:\\\/\\\/erevanblog.am\\\/?p=10702\"]}]},{\"@type\":\"ImageObject\",\"inLanguage\":\"en-US\",\"@id\":\"https:\\\/\\\/erevanblog.am\\\/?p=10702#primaryimage\",\"url\":\"https:\\\/\\\/erevanblog.am\\\/wp-content\\\/uploads\\\/2025\\\/07\\\/45693333.jpeg\",\"contentUrl\":\"https:\\\/\\\/erevanblog.am\\\/wp-content\\\/uploads\\\/2025\\\/07\\\/45693333.jpeg\",\"width\":1024,\"height\":957},{\"@type\":\"BreadcrumbList\",\"@id\":\"https:\\\/\\\/erevanblog.am\\\/?p=10702#breadcrumb\",\"itemListElement\":[{\"@type\":\"ListItem\",\"position\":1,\"name\":\"Home\",\"item\":\"https:\\\/\\\/erevanblog.am\\\/\"},{\"@type\":\"ListItem\",\"position\":2,\"name\":\"\u201eTo m\u011blo b\u00fdt jen oby\u010dejn\u00e9 prase. M\u00edsto toho skon\u010dil farm\u00e1\u0159 na pokraji smrti \u2013 a vesnici zachv\u00e1til d\u011bs\u201c\"}]},{\"@type\":\"WebSite\",\"@id\":\"https:\\\/\\\/erevanblog.am\\\/#website\",\"url\":\"https:\\\/\\\/erevanblog.am\\\/\",\"name\":\"\",\"description\":\"\",\"potentialAction\":[{\"@type\":\"SearchAction\",\"target\":{\"@type\":\"EntryPoint\",\"urlTemplate\":\"https:\\\/\\\/erevanblog.am\\\/?s={search_term_string}\"},\"query-input\":{\"@type\":\"PropertyValueSpecification\",\"valueRequired\":true,\"valueName\":\"search_term_string\"}}],\"inLanguage\":\"en-US\"},{\"@type\":\"Person\",\"@id\":\"https:\\\/\\\/erevanblog.am\\\/#\\\/schema\\\/person\\\/204f10311eb7ddb8914a5ab3e5f03928\",\"name\":\"erevanblog_a\",\"image\":{\"@type\":\"ImageObject\",\"inLanguage\":\"en-US\",\"@id\":\"https:\\\/\\\/secure.gravatar.com\\\/avatar\\\/a24f4ac3a683f3c87303db525abc00db51ea26ccedee11dfaf1cc0f9a481a5d2?s=96&d=mm&r=g\",\"url\":\"https:\\\/\\\/secure.gravatar.com\\\/avatar\\\/a24f4ac3a683f3c87303db525abc00db51ea26ccedee11dfaf1cc0f9a481a5d2?s=96&d=mm&r=g\",\"contentUrl\":\"https:\\\/\\\/secure.gravatar.com\\\/avatar\\\/a24f4ac3a683f3c87303db525abc00db51ea26ccedee11dfaf1cc0f9a481a5d2?s=96&d=mm&r=g\",\"caption\":\"erevanblog_a\"},\"sameAs\":[\"http:\\\/\\\/erevanblog.am\"],\"url\":\"https:\\\/\\\/erevanblog.am\\\/?author=1\"}]}<\/script>\n<!-- \/ Yoast SEO plugin. -->","yoast_head_json":{"title":"\u201eTo m\u011blo b\u00fdt jen oby\u010dejn\u00e9 prase. M\u00edsto toho skon\u010dil farm\u00e1\u0159 na pokraji smrti \u2013 a vesnici zachv\u00e1til d\u011bs\u201c -","robots":{"index":"index","follow":"follow","max-snippet":"max-snippet:-1","max-image-preview":"max-image-preview:large","max-video-preview":"max-video-preview:-1"},"canonical":"https:\/\/erevanblog.am\/?p=10702","og_locale":"en_US","og_type":"article","og_title":"\u201eTo m\u011blo b\u00fdt jen oby\u010dejn\u00e9 prase. M\u00edsto toho skon\u010dil farm\u00e1\u0159 na pokraji smrti \u2013 a vesnici zachv\u00e1til d\u011bs\u201c -","og_description":"V poklidn\u00e9 vesnici ukryt\u00e9 mezi poli a lesy, kde dny plynuly v monot\u00f3nn\u00edm rytmu a kde se nic zvl\u00e1\u0161tn\u00edho ned\u011blo, do\u0161lo k ud\u00e1losti, kter\u00e1 ot\u0159\u00e1sla [...]","og_url":"https:\/\/erevanblog.am\/?p=10702","article_published_time":"2025-07-07T08:18:19+00:00","article_modified_time":"2025-07-07T08:18:20+00:00","og_image":[{"width":1024,"height":957,"url":"http:\/\/erevanblog.am\/wp-content\/uploads\/2025\/07\/45693333.jpeg","type":"image\/jpeg"}],"author":"erevanblog_a","twitter_card":"summary_large_image","twitter_misc":{"Written by":"erevanblog_a","Est. reading time":"2 minutes"},"schema":{"@context":"https:\/\/schema.org","@graph":[{"@type":"Article","@id":"https:\/\/erevanblog.am\/?p=10702#article","isPartOf":{"@id":"https:\/\/erevanblog.am\/?p=10702"},"author":{"name":"erevanblog_a","@id":"https:\/\/erevanblog.am\/#\/schema\/person\/204f10311eb7ddb8914a5ab3e5f03928"},"headline":"\u201eTo m\u011blo b\u00fdt jen oby\u010dejn\u00e9 prase. M\u00edsto toho skon\u010dil farm\u00e1\u0159 na pokraji smrti \u2013 a vesnici zachv\u00e1til d\u011bs\u201c","datePublished":"2025-07-07T08:18:19+00:00","dateModified":"2025-07-07T08:18:20+00:00","mainEntityOfPage":{"@id":"https:\/\/erevanblog.am\/?p=10702"},"wordCount":452,"commentCount":0,"image":{"@id":"https:\/\/erevanblog.am\/?p=10702#primaryimage"},"thumbnailUrl":"https:\/\/erevanblog.am\/wp-content\/uploads\/2025\/07\/45693333.jpeg","articleSection":["NEWS"],"inLanguage":"en-US","potentialAction":[{"@type":"CommentAction","name":"Comment","target":["https:\/\/erevanblog.am\/?p=10702#respond"]}]},{"@type":"WebPage","@id":"https:\/\/erevanblog.am\/?p=10702","url":"https:\/\/erevanblog.am\/?p=10702","name":"\u201eTo m\u011blo b\u00fdt jen oby\u010dejn\u00e9 prase. M\u00edsto toho skon\u010dil farm\u00e1\u0159 na pokraji smrti \u2013 a vesnici zachv\u00e1til d\u011bs\u201c -","isPartOf":{"@id":"https:\/\/erevanblog.am\/#website"},"primaryImageOfPage":{"@id":"https:\/\/erevanblog.am\/?p=10702#primaryimage"},"image":{"@id":"https:\/\/erevanblog.am\/?p=10702#primaryimage"},"thumbnailUrl":"https:\/\/erevanblog.am\/wp-content\/uploads\/2025\/07\/45693333.jpeg","datePublished":"2025-07-07T08:18:19+00:00","dateModified":"2025-07-07T08:18:20+00:00","author":{"@id":"https:\/\/erevanblog.am\/#\/schema\/person\/204f10311eb7ddb8914a5ab3e5f03928"},"breadcrumb":{"@id":"https:\/\/erevanblog.am\/?p=10702#breadcrumb"},"inLanguage":"en-US","potentialAction":[{"@type":"ReadAction","target":["https:\/\/erevanblog.am\/?p=10702"]}]},{"@type":"ImageObject","inLanguage":"en-US","@id":"https:\/\/erevanblog.am\/?p=10702#primaryimage","url":"https:\/\/erevanblog.am\/wp-content\/uploads\/2025\/07\/45693333.jpeg","contentUrl":"https:\/\/erevanblog.am\/wp-content\/uploads\/2025\/07\/45693333.jpeg","width":1024,"height":957},{"@type":"BreadcrumbList","@id":"https:\/\/erevanblog.am\/?p=10702#breadcrumb","itemListElement":[{"@type":"ListItem","position":1,"name":"Home","item":"https:\/\/erevanblog.am\/"},{"@type":"ListItem","position":2,"name":"\u201eTo m\u011blo b\u00fdt jen oby\u010dejn\u00e9 prase. M\u00edsto toho skon\u010dil farm\u00e1\u0159 na pokraji smrti \u2013 a vesnici zachv\u00e1til d\u011bs\u201c"}]},{"@type":"WebSite","@id":"https:\/\/erevanblog.am\/#website","url":"https:\/\/erevanblog.am\/","name":"","description":"","potentialAction":[{"@type":"SearchAction","target":{"@type":"EntryPoint","urlTemplate":"https:\/\/erevanblog.am\/?s={search_term_string}"},"query-input":{"@type":"PropertyValueSpecification","valueRequired":true,"valueName":"search_term_string"}}],"inLanguage":"en-US"},{"@type":"Person","@id":"https:\/\/erevanblog.am\/#\/schema\/person\/204f10311eb7ddb8914a5ab3e5f03928","name":"erevanblog_a","image":{"@type":"ImageObject","inLanguage":"en-US","@id":"https:\/\/secure.gravatar.com\/avatar\/a24f4ac3a683f3c87303db525abc00db51ea26ccedee11dfaf1cc0f9a481a5d2?s=96&d=mm&r=g","url":"https:\/\/secure.gravatar.com\/avatar\/a24f4ac3a683f3c87303db525abc00db51ea26ccedee11dfaf1cc0f9a481a5d2?s=96&d=mm&r=g","contentUrl":"https:\/\/secure.gravatar.com\/avatar\/a24f4ac3a683f3c87303db525abc00db51ea26ccedee11dfaf1cc0f9a481a5d2?s=96&d=mm&r=g","caption":"erevanblog_a"},"sameAs":["http:\/\/erevanblog.am"],"url":"https:\/\/erevanblog.am\/?author=1"}]}},"views":245,"_links":{"self":[{"href":"https:\/\/erevanblog.am\/index.php?rest_route=\/wp\/v2\/posts\/10702","targetHints":{"allow":["GET"]}}],"collection":[{"href":"https:\/\/erevanblog.am\/index.php?rest_route=\/wp\/v2\/posts"}],"about":[{"href":"https:\/\/erevanblog.am\/index.php?rest_route=\/wp\/v2\/types\/post"}],"author":[{"embeddable":true,"href":"https:\/\/erevanblog.am\/index.php?rest_route=\/wp\/v2\/users\/1"}],"replies":[{"embeddable":true,"href":"https:\/\/erevanblog.am\/index.php?rest_route=%2Fwp%2Fv2%2Fcomments&post=10702"}],"version-history":[{"count":1,"href":"https:\/\/erevanblog.am\/index.php?rest_route=\/wp\/v2\/posts\/10702\/revisions"}],"predecessor-version":[{"id":10704,"href":"https:\/\/erevanblog.am\/index.php?rest_route=\/wp\/v2\/posts\/10702\/revisions\/10704"}],"wp:featuredmedia":[{"embeddable":true,"href":"https:\/\/erevanblog.am\/index.php?rest_route=\/wp\/v2\/media\/10703"}],"wp:attachment":[{"href":"https:\/\/erevanblog.am\/index.php?rest_route=%2Fwp%2Fv2%2Fmedia&parent=10702"}],"wp:term":[{"taxonomy":"category","embeddable":true,"href":"https:\/\/erevanblog.am\/index.php?rest_route=%2Fwp%2Fv2%2Fcategories&post=10702"},{"taxonomy":"post_tag","embeddable":true,"href":"https:\/\/erevanblog.am\/index.php?rest_route=%2Fwp%2Fv2%2Ftags&post=10702"}],"curies":[{"name":"wp","href":"https:\/\/api.w.org\/{rel}","templated":true}]}}