{"id":10708,"date":"2025-07-07T09:55:03","date_gmt":"2025-07-07T08:55:03","guid":{"rendered":"https:\/\/erevanblog.am\/?p=10708"},"modified":"2025-07-07T09:55:04","modified_gmt":"2025-07-07T08:55:04","slug":"po-ctyrech-letech-na-voziku-vstala-a-udelala-prvni-krok-vsichni-hoste-zustali-stat-s-otevrenymi-usty-oci-plne-slz-a-srdce-plne-uzasu","status":"publish","type":"post","link":"https:\/\/erevanblog.am\/?p=10708","title":{"rendered":"Po \u010dty\u0159ech letech na voz\u00edku vstala a ud\u011blala prvn\u00ed krok. V\u0161ichni host\u00e9 z\u016fstali st\u00e1t s otev\u0159en\u00fdmi \u00fasty, o\u010di pln\u00e9 slz a srdce pln\u00e9 \u00fa\u017easu."},"content":{"rendered":"\n<p>Byla to svatba, kter\u00e1 se nav\u017edy zap\u00ed\u0161e do pam\u011bti.<\/p>\n\n\n\n<p>Ne kv\u016fli luxusn\u00edmu dortu nebo kr\u00e1sn\u00fdm \u0161at\u016fm, ale kv\u016fli okam\u017eiku, kter\u00fd zm\u011bnil p\u0159\u00edb\u011bh dvou lid\u00ed a dojal ka\u017ed\u00e9ho, kdo byl p\u0159\u00edtomen.<\/p>\n\n\n\n<figure class=\"wp-block-image size-full\"><img loading=\"lazy\" decoding=\"async\" width=\"802\" height=\"834\" src=\"https:\/\/erevanblog.am\/wp-content\/uploads\/2025\/07\/58963744.jpg\" alt=\"\" class=\"wp-image-10709\" srcset=\"https:\/\/erevanblog.am\/wp-content\/uploads\/2025\/07\/58963744.jpg 802w, https:\/\/erevanblog.am\/wp-content\/uploads\/2025\/07\/58963744-288x300.jpg 288w, https:\/\/erevanblog.am\/wp-content\/uploads\/2025\/07\/58963744-768x799.jpg 768w\" sizes=\"auto, (max-width: 802px) 100vw, 802px\" \/><\/figure>\n\n\n\n<p><strong>P\u0159\u00edb\u011bh Kate\u0159iny a Michala<\/strong><br>Kate\u0159ina kdysi byla pln\u00e1 \u017eivota a energie \u2013 energick\u00e1 tane\u010dnice a instruktorka. Jej\u00ed \u017eivot v\u0161ak jedn\u00e9 de\u0161tiv\u00e9 noci zm\u011bnila nehoda. Zlomen\u00e1 p\u00e1te\u0159, l\u00e9ka\u0159i tvrdili, \u017ee nikdy u\u017e nebude chodit.<\/p>\n\n\n\n<p>Jej\u00ed sv\u011bt se zhroutil, ale Michal, tehdy jen jej\u00ed p\u0159\u00edtel, nikdy neztratil nad\u011bji. Byl s n\u00ed v ka\u017ed\u00e9m t\u011b\u017ek\u00e9m okam\u017eiku, dr\u017eel ji, kdy\u017e plakala, a povzbuzoval, kdy\u017e cht\u011bla vzd\u00e1t. A jednoho dne j\u00ed po\u017e\u00e1dal o ruku.<\/p>\n\n\n\n<p><strong>Svatba a tanec pln\u00fd z\u00e1zraku<\/strong><br>\u010cty\u0159i roky pot\u00e9, v kouzeln\u00e9m penzionu u rybn\u00edka, se konala jejich svatba. V\u0161ichni v\u011bd\u011bli, \u017ee jsou siln\u00fd p\u00e1r, ale nikdo ne\u010dekal, co p\u0159ijde.<\/p>\n\n\n\n<p>Po ve\u010de\u0159i DJ ozn\u00e1mil prvn\u00ed tanec novoman\u017eel\u016f. Michal p\u0159ivezl Kate\u0159inu na parket \u2013 sed\u011bla na voz\u00edku, v b\u00edl\u00e9 krajkov\u00e9 r\u00f3b\u011b a s kv\u011btinami v n\u00e1ru\u010di.<\/p>\n\n\n\n<p>Pomalu za\u010dala hr\u00e1t klav\u00edrn\u00ed melodie, jemn\u00e1 a tich\u00e1. Michal ji vzal za ruku, poklekl a za\u010dali tan\u010dit. Jeho pohyby byly p\u0159esn\u00e9 a n\u011b\u017en\u00e9, ona se usm\u00edvala a pohybovala rukama i hlavou.<\/p>\n\n\n\n<p>Lid\u00e9 plakali dojat\u00edm.<\/p>\n\n\n\n<p>A pak p\u0159i\u0161el z\u00e1zrak.<\/p>\n\n\n\n<p>Uprost\u0159ed tance Michal ti\u0161e n\u011bco za\u0161eptal Kate\u0159in\u011b do ucha. Ona se zhluboka nadechla, polo\u017eila ruce na kole\u010dka voz\u00edku\u2026 a pomalu, velmi pomalu polo\u017eila nohy na zem.<\/p>\n\n\n\n<p>A zvedla se.<\/p>\n\n\n\n<p>Ticho. \u0160ok. A pak ud\u011blala prvn\u00ed krok.<\/p>\n\n\n\n<p>Dal\u0161\u00ed. A dal\u0161\u00ed.<\/p>\n\n\n\n<p>Op\u0159en\u00e1 o Michala, ale sama.<\/p>\n\n\n\n<p>Cel\u00e1 m\u00edstnost zadr\u017eela dech. N\u011bkte\u0159\u00ed host\u00e9 plakali, jin\u00ed jen nev\u011b\u0159\u00edcn\u011b sledovali.<\/p>\n\n\n\n<p>Kate\u0159ina pozd\u011bji p\u0159iznala, \u017ee m\u011bs\u00edc co m\u011bs\u00edc tajn\u011b cvi\u010dila \u2013 fyzioterapie, bolest, p\u00e1dy, ale i nad\u011bje.<\/p>\n\n\n\n<p>\u201eCht\u011bla jsem, aby n\u00e1\u0161 prvn\u00ed tanec byl skute\u010dn\u011b n\u00e1\u0161, abych ud\u011blala alespo\u0148 p\u00e1r krok\u016f po sv\u00fdch.\u201c<\/p>\n\n\n\n<p>Ten ve\u010der se jej\u00ed prvn\u00ed tanec po \u010dty\u0159ech letech stal symbolem l\u00e1sky, odvahy a nezdoln\u00e9 v\u016fle.<\/p>\n","protected":false},"excerpt":{"rendered":"<div class=\"mh-excerpt\"><p>Byla to svatba, kter\u00e1 se nav\u017edy zap\u00ed\u0161e do pam\u011bti. Ne kv\u016fli luxusn\u00edmu dortu nebo kr\u00e1sn\u00fdm \u0161at\u016fm, ale kv\u016fli okam\u017eiku, kter\u00fd zm\u011bnil p\u0159\u00edb\u011bh dvou lid\u00ed a <a class=\"mh-excerpt-more\" href=\"https:\/\/erevanblog.am\/?p=10708\" title=\"Po \u010dty\u0159ech letech na voz\u00edku vstala a ud\u011blala prvn\u00ed krok. V\u0161ichni host\u00e9 z\u016fstali st\u00e1t s otev\u0159en\u00fdmi \u00fasty, o\u010di pln\u00e9 slz a srdce pln\u00e9 \u00fa\u017easu.\">[&#8230;]<\/a><\/p>\n<\/div>","protected":false},"author":1,"featured_media":10709,"comment_status":"open","ping_status":"open","sticky":false,"template":"","format":"standard","meta":{"footnotes":""},"categories":[1],"tags":[],"class_list":["post-10708","post","type-post","status-publish","format-standard","has-post-thumbnail","hentry","category-uncategorised"],"yoast_head":"<!-- This site is optimized with the Yoast SEO plugin v27.5 - https:\/\/yoast.com\/product\/yoast-seo-wordpress\/ -->\n<title>Po \u010dty\u0159ech letech na voz\u00edku vstala a ud\u011blala prvn\u00ed krok. V\u0161ichni host\u00e9 z\u016fstali st\u00e1t s otev\u0159en\u00fdmi \u00fasty, o\u010di pln\u00e9 slz a srdce pln\u00e9 \u00fa\u017easu. -<\/title>\n<meta name=\"robots\" content=\"index, follow, max-snippet:-1, max-image-preview:large, max-video-preview:-1\" \/>\n<link rel=\"canonical\" href=\"https:\/\/erevanblog.am\/?p=10708\" \/>\n<meta property=\"og:locale\" content=\"en_US\" \/>\n<meta property=\"og:type\" content=\"article\" \/>\n<meta property=\"og:title\" content=\"Po \u010dty\u0159ech letech na voz\u00edku vstala a ud\u011blala prvn\u00ed krok. V\u0161ichni host\u00e9 z\u016fstali st\u00e1t s otev\u0159en\u00fdmi \u00fasty, o\u010di pln\u00e9 slz a srdce pln\u00e9 \u00fa\u017easu. -\" \/>\n<meta property=\"og:description\" content=\"Byla to svatba, kter\u00e1 se nav\u017edy zap\u00ed\u0161e do pam\u011bti. Ne kv\u016fli luxusn\u00edmu dortu nebo kr\u00e1sn\u00fdm \u0161at\u016fm, ale kv\u016fli okam\u017eiku, kter\u00fd zm\u011bnil p\u0159\u00edb\u011bh dvou lid\u00ed a [...]\" \/>\n<meta property=\"og:url\" content=\"https:\/\/erevanblog.am\/?p=10708\" \/>\n<meta property=\"article:published_time\" content=\"2025-07-07T08:55:03+00:00\" \/>\n<meta property=\"article:modified_time\" content=\"2025-07-07T08:55:04+00:00\" \/>\n<meta property=\"og:image\" content=\"http:\/\/erevanblog.am\/wp-content\/uploads\/2025\/07\/58963744.jpg\" \/>\n\t<meta property=\"og:image:width\" content=\"802\" \/>\n\t<meta property=\"og:image:height\" content=\"834\" \/>\n\t<meta property=\"og:image:type\" content=\"image\/jpeg\" \/>\n<meta name=\"author\" content=\"erevanblog_a\" \/>\n<meta name=\"twitter:card\" content=\"summary_large_image\" \/>\n<meta name=\"twitter:label1\" content=\"Written by\" \/>\n\t<meta name=\"twitter:data1\" content=\"erevanblog_a\" \/>\n\t<meta name=\"twitter:label2\" content=\"Est. reading time\" \/>\n\t<meta name=\"twitter:data2\" content=\"2 minutes\" \/>\n<script type=\"application\/ld+json\" class=\"yoast-schema-graph\">{\"@context\":\"https:\\\/\\\/schema.org\",\"@graph\":[{\"@type\":\"Article\",\"@id\":\"https:\\\/\\\/erevanblog.am\\\/?p=10708#article\",\"isPartOf\":{\"@id\":\"https:\\\/\\\/erevanblog.am\\\/?p=10708\"},\"author\":{\"name\":\"erevanblog_a\",\"@id\":\"https:\\\/\\\/erevanblog.am\\\/#\\\/schema\\\/person\\\/204f10311eb7ddb8914a5ab3e5f03928\"},\"headline\":\"Po \u010dty\u0159ech letech na voz\u00edku vstala a ud\u011blala prvn\u00ed krok. V\u0161ichni host\u00e9 z\u016fstali st\u00e1t s otev\u0159en\u00fdmi \u00fasty, o\u010di pln\u00e9 slz a srdce pln\u00e9 \u00fa\u017easu.\",\"datePublished\":\"2025-07-07T08:55:03+00:00\",\"dateModified\":\"2025-07-07T08:55:04+00:00\",\"mainEntityOfPage\":{\"@id\":\"https:\\\/\\\/erevanblog.am\\\/?p=10708\"},\"wordCount\":431,\"commentCount\":0,\"image\":{\"@id\":\"https:\\\/\\\/erevanblog.am\\\/?p=10708#primaryimage\"},\"thumbnailUrl\":\"https:\\\/\\\/erevanblog.am\\\/wp-content\\\/uploads\\\/2025\\\/07\\\/58963744.jpg\",\"articleSection\":[\"NEWS\"],\"inLanguage\":\"en-US\",\"potentialAction\":[{\"@type\":\"CommentAction\",\"name\":\"Comment\",\"target\":[\"https:\\\/\\\/erevanblog.am\\\/?p=10708#respond\"]}]},{\"@type\":\"WebPage\",\"@id\":\"https:\\\/\\\/erevanblog.am\\\/?p=10708\",\"url\":\"https:\\\/\\\/erevanblog.am\\\/?p=10708\",\"name\":\"Po \u010dty\u0159ech letech na voz\u00edku vstala a ud\u011blala prvn\u00ed krok. V\u0161ichni host\u00e9 z\u016fstali st\u00e1t s otev\u0159en\u00fdmi \u00fasty, o\u010di pln\u00e9 slz a srdce pln\u00e9 \u00fa\u017easu. -\",\"isPartOf\":{\"@id\":\"https:\\\/\\\/erevanblog.am\\\/#website\"},\"primaryImageOfPage\":{\"@id\":\"https:\\\/\\\/erevanblog.am\\\/?p=10708#primaryimage\"},\"image\":{\"@id\":\"https:\\\/\\\/erevanblog.am\\\/?p=10708#primaryimage\"},\"thumbnailUrl\":\"https:\\\/\\\/erevanblog.am\\\/wp-content\\\/uploads\\\/2025\\\/07\\\/58963744.jpg\",\"datePublished\":\"2025-07-07T08:55:03+00:00\",\"dateModified\":\"2025-07-07T08:55:04+00:00\",\"author\":{\"@id\":\"https:\\\/\\\/erevanblog.am\\\/#\\\/schema\\\/person\\\/204f10311eb7ddb8914a5ab3e5f03928\"},\"breadcrumb\":{\"@id\":\"https:\\\/\\\/erevanblog.am\\\/?p=10708#breadcrumb\"},\"inLanguage\":\"en-US\",\"potentialAction\":[{\"@type\":\"ReadAction\",\"target\":[\"https:\\\/\\\/erevanblog.am\\\/?p=10708\"]}]},{\"@type\":\"ImageObject\",\"inLanguage\":\"en-US\",\"@id\":\"https:\\\/\\\/erevanblog.am\\\/?p=10708#primaryimage\",\"url\":\"https:\\\/\\\/erevanblog.am\\\/wp-content\\\/uploads\\\/2025\\\/07\\\/58963744.jpg\",\"contentUrl\":\"https:\\\/\\\/erevanblog.am\\\/wp-content\\\/uploads\\\/2025\\\/07\\\/58963744.jpg\",\"width\":802,\"height\":834},{\"@type\":\"BreadcrumbList\",\"@id\":\"https:\\\/\\\/erevanblog.am\\\/?p=10708#breadcrumb\",\"itemListElement\":[{\"@type\":\"ListItem\",\"position\":1,\"name\":\"Home\",\"item\":\"https:\\\/\\\/erevanblog.am\\\/\"},{\"@type\":\"ListItem\",\"position\":2,\"name\":\"Po \u010dty\u0159ech letech na voz\u00edku vstala a ud\u011blala prvn\u00ed krok. V\u0161ichni host\u00e9 z\u016fstali st\u00e1t s otev\u0159en\u00fdmi \u00fasty, o\u010di pln\u00e9 slz a srdce pln\u00e9 \u00fa\u017easu.\"}]},{\"@type\":\"WebSite\",\"@id\":\"https:\\\/\\\/erevanblog.am\\\/#website\",\"url\":\"https:\\\/\\\/erevanblog.am\\\/\",\"name\":\"\",\"description\":\"\",\"potentialAction\":[{\"@type\":\"SearchAction\",\"target\":{\"@type\":\"EntryPoint\",\"urlTemplate\":\"https:\\\/\\\/erevanblog.am\\\/?s={search_term_string}\"},\"query-input\":{\"@type\":\"PropertyValueSpecification\",\"valueRequired\":true,\"valueName\":\"search_term_string\"}}],\"inLanguage\":\"en-US\"},{\"@type\":\"Person\",\"@id\":\"https:\\\/\\\/erevanblog.am\\\/#\\\/schema\\\/person\\\/204f10311eb7ddb8914a5ab3e5f03928\",\"name\":\"erevanblog_a\",\"image\":{\"@type\":\"ImageObject\",\"inLanguage\":\"en-US\",\"@id\":\"https:\\\/\\\/secure.gravatar.com\\\/avatar\\\/a24f4ac3a683f3c87303db525abc00db51ea26ccedee11dfaf1cc0f9a481a5d2?s=96&d=mm&r=g\",\"url\":\"https:\\\/\\\/secure.gravatar.com\\\/avatar\\\/a24f4ac3a683f3c87303db525abc00db51ea26ccedee11dfaf1cc0f9a481a5d2?s=96&d=mm&r=g\",\"contentUrl\":\"https:\\\/\\\/secure.gravatar.com\\\/avatar\\\/a24f4ac3a683f3c87303db525abc00db51ea26ccedee11dfaf1cc0f9a481a5d2?s=96&d=mm&r=g\",\"caption\":\"erevanblog_a\"},\"sameAs\":[\"http:\\\/\\\/erevanblog.am\"],\"url\":\"https:\\\/\\\/erevanblog.am\\\/?author=1\"}]}<\/script>\n<!-- \/ Yoast SEO plugin. -->","yoast_head_json":{"title":"Po \u010dty\u0159ech letech na voz\u00edku vstala a ud\u011blala prvn\u00ed krok. V\u0161ichni host\u00e9 z\u016fstali st\u00e1t s otev\u0159en\u00fdmi \u00fasty, o\u010di pln\u00e9 slz a srdce pln\u00e9 \u00fa\u017easu. -","robots":{"index":"index","follow":"follow","max-snippet":"max-snippet:-1","max-image-preview":"max-image-preview:large","max-video-preview":"max-video-preview:-1"},"canonical":"https:\/\/erevanblog.am\/?p=10708","og_locale":"en_US","og_type":"article","og_title":"Po \u010dty\u0159ech letech na voz\u00edku vstala a ud\u011blala prvn\u00ed krok. V\u0161ichni host\u00e9 z\u016fstali st\u00e1t s otev\u0159en\u00fdmi \u00fasty, o\u010di pln\u00e9 slz a srdce pln\u00e9 \u00fa\u017easu. -","og_description":"Byla to svatba, kter\u00e1 se nav\u017edy zap\u00ed\u0161e do pam\u011bti. Ne kv\u016fli luxusn\u00edmu dortu nebo kr\u00e1sn\u00fdm \u0161at\u016fm, ale kv\u016fli okam\u017eiku, kter\u00fd zm\u011bnil p\u0159\u00edb\u011bh dvou lid\u00ed a [...]","og_url":"https:\/\/erevanblog.am\/?p=10708","article_published_time":"2025-07-07T08:55:03+00:00","article_modified_time":"2025-07-07T08:55:04+00:00","og_image":[{"width":802,"height":834,"url":"http:\/\/erevanblog.am\/wp-content\/uploads\/2025\/07\/58963744.jpg","type":"image\/jpeg"}],"author":"erevanblog_a","twitter_card":"summary_large_image","twitter_misc":{"Written by":"erevanblog_a","Est. reading time":"2 minutes"},"schema":{"@context":"https:\/\/schema.org","@graph":[{"@type":"Article","@id":"https:\/\/erevanblog.am\/?p=10708#article","isPartOf":{"@id":"https:\/\/erevanblog.am\/?p=10708"},"author":{"name":"erevanblog_a","@id":"https:\/\/erevanblog.am\/#\/schema\/person\/204f10311eb7ddb8914a5ab3e5f03928"},"headline":"Po \u010dty\u0159ech letech na voz\u00edku vstala a ud\u011blala prvn\u00ed krok. V\u0161ichni host\u00e9 z\u016fstali st\u00e1t s otev\u0159en\u00fdmi \u00fasty, o\u010di pln\u00e9 slz a srdce pln\u00e9 \u00fa\u017easu.","datePublished":"2025-07-07T08:55:03+00:00","dateModified":"2025-07-07T08:55:04+00:00","mainEntityOfPage":{"@id":"https:\/\/erevanblog.am\/?p=10708"},"wordCount":431,"commentCount":0,"image":{"@id":"https:\/\/erevanblog.am\/?p=10708#primaryimage"},"thumbnailUrl":"https:\/\/erevanblog.am\/wp-content\/uploads\/2025\/07\/58963744.jpg","articleSection":["NEWS"],"inLanguage":"en-US","potentialAction":[{"@type":"CommentAction","name":"Comment","target":["https:\/\/erevanblog.am\/?p=10708#respond"]}]},{"@type":"WebPage","@id":"https:\/\/erevanblog.am\/?p=10708","url":"https:\/\/erevanblog.am\/?p=10708","name":"Po \u010dty\u0159ech letech na voz\u00edku vstala a ud\u011blala prvn\u00ed krok. V\u0161ichni host\u00e9 z\u016fstali st\u00e1t s otev\u0159en\u00fdmi \u00fasty, o\u010di pln\u00e9 slz a srdce pln\u00e9 \u00fa\u017easu. -","isPartOf":{"@id":"https:\/\/erevanblog.am\/#website"},"primaryImageOfPage":{"@id":"https:\/\/erevanblog.am\/?p=10708#primaryimage"},"image":{"@id":"https:\/\/erevanblog.am\/?p=10708#primaryimage"},"thumbnailUrl":"https:\/\/erevanblog.am\/wp-content\/uploads\/2025\/07\/58963744.jpg","datePublished":"2025-07-07T08:55:03+00:00","dateModified":"2025-07-07T08:55:04+00:00","author":{"@id":"https:\/\/erevanblog.am\/#\/schema\/person\/204f10311eb7ddb8914a5ab3e5f03928"},"breadcrumb":{"@id":"https:\/\/erevanblog.am\/?p=10708#breadcrumb"},"inLanguage":"en-US","potentialAction":[{"@type":"ReadAction","target":["https:\/\/erevanblog.am\/?p=10708"]}]},{"@type":"ImageObject","inLanguage":"en-US","@id":"https:\/\/erevanblog.am\/?p=10708#primaryimage","url":"https:\/\/erevanblog.am\/wp-content\/uploads\/2025\/07\/58963744.jpg","contentUrl":"https:\/\/erevanblog.am\/wp-content\/uploads\/2025\/07\/58963744.jpg","width":802,"height":834},{"@type":"BreadcrumbList","@id":"https:\/\/erevanblog.am\/?p=10708#breadcrumb","itemListElement":[{"@type":"ListItem","position":1,"name":"Home","item":"https:\/\/erevanblog.am\/"},{"@type":"ListItem","position":2,"name":"Po \u010dty\u0159ech letech na voz\u00edku vstala a ud\u011blala prvn\u00ed krok. V\u0161ichni host\u00e9 z\u016fstali st\u00e1t s otev\u0159en\u00fdmi \u00fasty, o\u010di pln\u00e9 slz a srdce pln\u00e9 \u00fa\u017easu."}]},{"@type":"WebSite","@id":"https:\/\/erevanblog.am\/#website","url":"https:\/\/erevanblog.am\/","name":"","description":"","potentialAction":[{"@type":"SearchAction","target":{"@type":"EntryPoint","urlTemplate":"https:\/\/erevanblog.am\/?s={search_term_string}"},"query-input":{"@type":"PropertyValueSpecification","valueRequired":true,"valueName":"search_term_string"}}],"inLanguage":"en-US"},{"@type":"Person","@id":"https:\/\/erevanblog.am\/#\/schema\/person\/204f10311eb7ddb8914a5ab3e5f03928","name":"erevanblog_a","image":{"@type":"ImageObject","inLanguage":"en-US","@id":"https:\/\/secure.gravatar.com\/avatar\/a24f4ac3a683f3c87303db525abc00db51ea26ccedee11dfaf1cc0f9a481a5d2?s=96&d=mm&r=g","url":"https:\/\/secure.gravatar.com\/avatar\/a24f4ac3a683f3c87303db525abc00db51ea26ccedee11dfaf1cc0f9a481a5d2?s=96&d=mm&r=g","contentUrl":"https:\/\/secure.gravatar.com\/avatar\/a24f4ac3a683f3c87303db525abc00db51ea26ccedee11dfaf1cc0f9a481a5d2?s=96&d=mm&r=g","caption":"erevanblog_a"},"sameAs":["http:\/\/erevanblog.am"],"url":"https:\/\/erevanblog.am\/?author=1"}]}},"views":312,"_links":{"self":[{"href":"https:\/\/erevanblog.am\/index.php?rest_route=\/wp\/v2\/posts\/10708","targetHints":{"allow":["GET"]}}],"collection":[{"href":"https:\/\/erevanblog.am\/index.php?rest_route=\/wp\/v2\/posts"}],"about":[{"href":"https:\/\/erevanblog.am\/index.php?rest_route=\/wp\/v2\/types\/post"}],"author":[{"embeddable":true,"href":"https:\/\/erevanblog.am\/index.php?rest_route=\/wp\/v2\/users\/1"}],"replies":[{"embeddable":true,"href":"https:\/\/erevanblog.am\/index.php?rest_route=%2Fwp%2Fv2%2Fcomments&post=10708"}],"version-history":[{"count":1,"href":"https:\/\/erevanblog.am\/index.php?rest_route=\/wp\/v2\/posts\/10708\/revisions"}],"predecessor-version":[{"id":10710,"href":"https:\/\/erevanblog.am\/index.php?rest_route=\/wp\/v2\/posts\/10708\/revisions\/10710"}],"wp:featuredmedia":[{"embeddable":true,"href":"https:\/\/erevanblog.am\/index.php?rest_route=\/wp\/v2\/media\/10709"}],"wp:attachment":[{"href":"https:\/\/erevanblog.am\/index.php?rest_route=%2Fwp%2Fv2%2Fmedia&parent=10708"}],"wp:term":[{"taxonomy":"category","embeddable":true,"href":"https:\/\/erevanblog.am\/index.php?rest_route=%2Fwp%2Fv2%2Fcategories&post=10708"},{"taxonomy":"post_tag","embeddable":true,"href":"https:\/\/erevanblog.am\/index.php?rest_route=%2Fwp%2Fv2%2Ftags&post=10708"}],"curies":[{"name":"wp","href":"https:\/\/api.w.org\/{rel}","templated":true}]}}