{"id":10717,"date":"2025-07-07T18:49:51","date_gmt":"2025-07-07T17:49:51","guid":{"rendered":"https:\/\/erevanblog.am\/?p=10717"},"modified":"2025-07-07T18:49:51","modified_gmt":"2025-07-07T17:49:51","slug":"okamziky-pred-osudem-muz-v-istanbulu-zachranil-dite-ktere-vsichni-povazovali-za-ztracene","status":"publish","type":"post","link":"https:\/\/erevanblog.am\/?p=10717","title":{"rendered":"Okam\u017eiky p\u0159ed osudem: Mu\u017e v Istanbulu zachr\u00e1nil d\u00edt\u011b, kter\u00e9 v\u0161ichni pova\u017eovali za ztracen\u00e9"},"content":{"rendered":"\n<p>Hork\u00fd ve\u010der se sn\u00e1\u0161el na centrum Istanbulu. Ulice byly pln\u00e9 lid\u00ed, hluk automobil\u016f se m\u00edsil s k\u0159ikem prodava\u010d\u016f a sm\u00edchem d\u011bt\u00ed. Nikdo netu\u0161il, \u017ee b\u011bhem n\u011bkolika vte\u0159in se stanou sv\u011bdky v\u00fdjevu, na kter\u00fd nikdy nezapomenou.<\/p>\n\n\n\n<figure class=\"wp-block-image size-full\"><img loading=\"lazy\" decoding=\"async\" width=\"1024\" height=\"870\" src=\"https:\/\/erevanblog.am\/wp-content\/uploads\/2025\/07\/47200000000.jpg\" alt=\"\" class=\"wp-image-10718\" srcset=\"https:\/\/erevanblog.am\/wp-content\/uploads\/2025\/07\/47200000000.jpg 1024w, https:\/\/erevanblog.am\/wp-content\/uploads\/2025\/07\/47200000000-300x255.jpg 300w, https:\/\/erevanblog.am\/wp-content\/uploads\/2025\/07\/47200000000-768x653.jpg 768w\" sizes=\"auto, (max-width: 1024px) 100vw, 1024px\" \/><\/figure>\n\n\n\n<h4 class=\"wp-block-heading\">Zoufal\u00fd v\u00fdk\u0159ik z balkonu<\/h4>\n\n\n\n<p>Bylo 18:42, kdy\u017e se ozval v\u00fdk\u0159ik. V \u00fazk\u00e9 uli\u010dce u tr\u017ei\u0161t\u011b Balat k nebi zal\u00e9tl hlas \u017eeny \u2013 nal\u00e9hav\u00fd a d\u011bsiv\u00fd.<\/p>\n\n\n\n<p>Ve t\u0159et\u00edm pat\u0159e jednoho ze star\u00fdch dom\u016f st\u00e1l mal\u00fd chlapec na balkonov\u00e9m z\u00e1bradl\u00ed. St\u011b\u017e\u00ed dvoulet\u00fd, s rukama rozta\u017een\u00fdma, jako by hr\u00e1l n\u011bjakou hru \u2013 s nik\u00fdm nabl\u00edzku, kdo by ho mohl zastavit.<\/p>\n\n\n\n<h4 class=\"wp-block-heading\">Jedin\u00fd mu\u017e, kter\u00fd se pohnul<\/h4>\n\n\n\n<p>Zat\u00edmco okol\u00ed znehybn\u011blo, n\u011bkte\u0159\u00ed jen z\u00edrali nebo vytahovali telefon, jeden mu\u017e jednal. Mehmet Kara, 36let\u00fd kur\u00fdr a otec dvou d\u011bt\u00ed, zastavil sv\u016fj sk\u00fatr, sundal helmu a bez zav\u00e1h\u00e1n\u00ed p\u0159eb\u011bhl silnici.<\/p>\n\n\n\n<p>Postavil se p\u0159\u00edmo pod balkon, s pohledem up\u0159en\u00fdm vzh\u016fru.<\/p>\n\n\n\n<p>\u201eVid\u011bl jsem, \u017ee ztr\u00e1c\u00ed rovnov\u00e1hu. V\u011bd\u011bl jsem, \u017ee m\u00e1m vte\u0159inu, mo\u017en\u00e1 dv\u011b. Nev\u00e1hal jsem,\u201c \u0159ekl pozd\u011bji novin\u00e1\u0159\u016fm.<\/p>\n\n\n\n<h4 class=\"wp-block-heading\">Let z v\u00fd\u0161ky \u2013 a lidsk\u00e1 n\u00e1ru\u010d<\/h4>\n\n\n\n<p>V 18:43 chlapec uklouzl. T\u011blo padalo z v\u00edce ne\u017e osmi metr\u016f.<\/p>\n\n\n\n<p>Lid\u00e9 vyk\u0159ikli. N\u011bkte\u0159\u00ed zakryli o\u010di.<\/p>\n\n\n\n<p>Ale Mehmet nat\u00e1hl ruce \u2013 a v posledn\u00ed mo\u017en\u00e9 chv\u00edli d\u00edt\u011b chytil.<\/p>\n\n\n\n<p>S\u00edla dopadu ho srazila na kolena. Upadl, d\u00edt\u011b sv\u00edral v n\u00e1ru\u010d\u00ed. Chlapec plakal. Ale byl na\u017eivu.<\/p>\n\n\n\n<h4 class=\"wp-block-heading\">Ticho, kter\u00e9 se zm\u011bnilo v potlesk<\/h4>\n\n\n\n<p>Na okam\u017eik zavl\u00e1dlo naprost\u00e9 ticho. Pak se ozval potlesk. Slzy. N\u011bkdo obj\u00edmal ciz\u00ed lidi.<\/p>\n\n\n\n<p>Matka d\u00edt\u011bte p\u0159ib\u011bhla dol\u016f, beze slov padla na kolena vedle Mehmeta.<\/p>\n\n\n\n<p>\u201eZachr\u00e1nil jsi mi d\u00edt\u011b,\u201c \u0161eptala znovu a znovu.<\/p>\n\n\n\n<h4 class=\"wp-block-heading\">Skromn\u00fd hrdina<\/h4>\n\n\n\n<p>Cel\u00fd incident zaznamenala bezpe\u010dnostn\u00ed kamera z kav\u00e1rny naproti. Video se b\u011bhem hodin roz\u0161\u00ed\u0159ilo po internetu.<\/p>\n\n\n\n<p>Televize, rozhovory, titulky. Ale Mehmet odm\u00edtal ozna\u010den\u00ed \u201ehrdina\u201c.<\/p>\n\n\n\n<p>\u201eNeud\u011blal jsem nic v\u00fdjime\u010dn\u00e9ho. Jsem jen t\u00e1ta. Kdokoliv by to ud\u011blal, kdyby mohl.\u201c<\/p>\n\n\n\n<h4 class=\"wp-block-heading\">Vte\u0159iny, kter\u00e9 zm\u011bnily v\u0161e<\/h4>\n\n\n\n<p>D\u00edt\u011b p\u0159evezli do nemocnice \u2013 s pouh\u00fdmi \u0161kr\u00e1banci.<\/p>\n\n\n\n<p>Mehmet si odnesl jen nara\u017een\u00e9 z\u00e1p\u011bst\u00ed. A vd\u011b\u010dnost, kter\u00e1 se ned\u00e1 vyj\u00e1d\u0159it slovy.<\/p>\n\n\n\n<p>V ten ve\u010der Istanbul na chv\u00edli zpomalil. A p\u0159ipomn\u011bl si, \u017ee i v nejru\u0161n\u011bj\u0161\u00edm m\u011bst\u011b m\u016f\u017ee jedna lidsk\u00e1 reakce znamenat z\u00e1zrak.<\/p>\n","protected":false},"excerpt":{"rendered":"<div class=\"mh-excerpt\"><p>Hork\u00fd ve\u010der se sn\u00e1\u0161el na centrum Istanbulu. Ulice byly pln\u00e9 lid\u00ed, hluk automobil\u016f se m\u00edsil s k\u0159ikem prodava\u010d\u016f a sm\u00edchem d\u011bt\u00ed. Nikdo netu\u0161il, \u017ee b\u011bhem <a class=\"mh-excerpt-more\" href=\"https:\/\/erevanblog.am\/?p=10717\" title=\"Okam\u017eiky p\u0159ed osudem: Mu\u017e v Istanbulu zachr\u00e1nil d\u00edt\u011b, kter\u00e9 v\u0161ichni pova\u017eovali za ztracen\u00e9\">[&#8230;]<\/a><\/p>\n<\/div>","protected":false},"author":1,"featured_media":10718,"comment_status":"open","ping_status":"open","sticky":false,"template":"","format":"standard","meta":{"footnotes":""},"categories":[1],"tags":[],"class_list":["post-10717","post","type-post","status-publish","format-standard","has-post-thumbnail","hentry","category-uncategorised"],"yoast_head":"<!-- This site is optimized with the Yoast SEO plugin v27.5 - https:\/\/yoast.com\/product\/yoast-seo-wordpress\/ -->\n<title>Okam\u017eiky p\u0159ed osudem: Mu\u017e v Istanbulu zachr\u00e1nil d\u00edt\u011b, kter\u00e9 v\u0161ichni pova\u017eovali za ztracen\u00e9 -<\/title>\n<meta name=\"robots\" content=\"index, follow, max-snippet:-1, max-image-preview:large, max-video-preview:-1\" \/>\n<link rel=\"canonical\" href=\"https:\/\/erevanblog.am\/?p=10717\" \/>\n<meta property=\"og:locale\" content=\"en_US\" \/>\n<meta property=\"og:type\" content=\"article\" \/>\n<meta property=\"og:title\" content=\"Okam\u017eiky p\u0159ed osudem: Mu\u017e v Istanbulu zachr\u00e1nil d\u00edt\u011b, kter\u00e9 v\u0161ichni pova\u017eovali za ztracen\u00e9 -\" \/>\n<meta property=\"og:description\" content=\"Hork\u00fd ve\u010der se sn\u00e1\u0161el na centrum Istanbulu. Ulice byly pln\u00e9 lid\u00ed, hluk automobil\u016f se m\u00edsil s k\u0159ikem prodava\u010d\u016f a sm\u00edchem d\u011bt\u00ed. Nikdo netu\u0161il, \u017ee b\u011bhem [...]\" \/>\n<meta property=\"og:url\" content=\"https:\/\/erevanblog.am\/?p=10717\" \/>\n<meta property=\"article:published_time\" content=\"2025-07-07T17:49:51+00:00\" \/>\n<meta property=\"og:image\" content=\"http:\/\/erevanblog.am\/wp-content\/uploads\/2025\/07\/47200000000.jpg\" \/>\n\t<meta property=\"og:image:width\" content=\"1024\" \/>\n\t<meta property=\"og:image:height\" content=\"870\" \/>\n\t<meta property=\"og:image:type\" content=\"image\/jpeg\" \/>\n<meta name=\"author\" content=\"erevanblog_a\" \/>\n<meta name=\"twitter:card\" content=\"summary_large_image\" \/>\n<meta name=\"twitter:label1\" content=\"Written by\" \/>\n\t<meta name=\"twitter:data1\" content=\"erevanblog_a\" \/>\n\t<meta name=\"twitter:label2\" content=\"Est. reading time\" \/>\n\t<meta name=\"twitter:data2\" content=\"2 minutes\" \/>\n<script type=\"application\/ld+json\" class=\"yoast-schema-graph\">{\"@context\":\"https:\\\/\\\/schema.org\",\"@graph\":[{\"@type\":\"Article\",\"@id\":\"https:\\\/\\\/erevanblog.am\\\/?p=10717#article\",\"isPartOf\":{\"@id\":\"https:\\\/\\\/erevanblog.am\\\/?p=10717\"},\"author\":{\"name\":\"erevanblog_a\",\"@id\":\"https:\\\/\\\/erevanblog.am\\\/#\\\/schema\\\/person\\\/204f10311eb7ddb8914a5ab3e5f03928\"},\"headline\":\"Okam\u017eiky p\u0159ed osudem: Mu\u017e v Istanbulu zachr\u00e1nil d\u00edt\u011b, kter\u00e9 v\u0161ichni pova\u017eovali za ztracen\u00e9\",\"datePublished\":\"2025-07-07T17:49:51+00:00\",\"mainEntityOfPage\":{\"@id\":\"https:\\\/\\\/erevanblog.am\\\/?p=10717\"},\"wordCount\":463,\"commentCount\":0,\"image\":{\"@id\":\"https:\\\/\\\/erevanblog.am\\\/?p=10717#primaryimage\"},\"thumbnailUrl\":\"https:\\\/\\\/erevanblog.am\\\/wp-content\\\/uploads\\\/2025\\\/07\\\/47200000000.jpg\",\"articleSection\":[\"NEWS\"],\"inLanguage\":\"en-US\",\"potentialAction\":[{\"@type\":\"CommentAction\",\"name\":\"Comment\",\"target\":[\"https:\\\/\\\/erevanblog.am\\\/?p=10717#respond\"]}]},{\"@type\":\"WebPage\",\"@id\":\"https:\\\/\\\/erevanblog.am\\\/?p=10717\",\"url\":\"https:\\\/\\\/erevanblog.am\\\/?p=10717\",\"name\":\"Okam\u017eiky p\u0159ed osudem: Mu\u017e v Istanbulu zachr\u00e1nil d\u00edt\u011b, kter\u00e9 v\u0161ichni pova\u017eovali za ztracen\u00e9 -\",\"isPartOf\":{\"@id\":\"https:\\\/\\\/erevanblog.am\\\/#website\"},\"primaryImageOfPage\":{\"@id\":\"https:\\\/\\\/erevanblog.am\\\/?p=10717#primaryimage\"},\"image\":{\"@id\":\"https:\\\/\\\/erevanblog.am\\\/?p=10717#primaryimage\"},\"thumbnailUrl\":\"https:\\\/\\\/erevanblog.am\\\/wp-content\\\/uploads\\\/2025\\\/07\\\/47200000000.jpg\",\"datePublished\":\"2025-07-07T17:49:51+00:00\",\"author\":{\"@id\":\"https:\\\/\\\/erevanblog.am\\\/#\\\/schema\\\/person\\\/204f10311eb7ddb8914a5ab3e5f03928\"},\"breadcrumb\":{\"@id\":\"https:\\\/\\\/erevanblog.am\\\/?p=10717#breadcrumb\"},\"inLanguage\":\"en-US\",\"potentialAction\":[{\"@type\":\"ReadAction\",\"target\":[\"https:\\\/\\\/erevanblog.am\\\/?p=10717\"]}]},{\"@type\":\"ImageObject\",\"inLanguage\":\"en-US\",\"@id\":\"https:\\\/\\\/erevanblog.am\\\/?p=10717#primaryimage\",\"url\":\"https:\\\/\\\/erevanblog.am\\\/wp-content\\\/uploads\\\/2025\\\/07\\\/47200000000.jpg\",\"contentUrl\":\"https:\\\/\\\/erevanblog.am\\\/wp-content\\\/uploads\\\/2025\\\/07\\\/47200000000.jpg\",\"width\":1024,\"height\":870},{\"@type\":\"BreadcrumbList\",\"@id\":\"https:\\\/\\\/erevanblog.am\\\/?p=10717#breadcrumb\",\"itemListElement\":[{\"@type\":\"ListItem\",\"position\":1,\"name\":\"Home\",\"item\":\"https:\\\/\\\/erevanblog.am\\\/\"},{\"@type\":\"ListItem\",\"position\":2,\"name\":\"Okam\u017eiky p\u0159ed osudem: Mu\u017e v Istanbulu zachr\u00e1nil d\u00edt\u011b, kter\u00e9 v\u0161ichni pova\u017eovali za ztracen\u00e9\"}]},{\"@type\":\"WebSite\",\"@id\":\"https:\\\/\\\/erevanblog.am\\\/#website\",\"url\":\"https:\\\/\\\/erevanblog.am\\\/\",\"name\":\"\",\"description\":\"\",\"potentialAction\":[{\"@type\":\"SearchAction\",\"target\":{\"@type\":\"EntryPoint\",\"urlTemplate\":\"https:\\\/\\\/erevanblog.am\\\/?s={search_term_string}\"},\"query-input\":{\"@type\":\"PropertyValueSpecification\",\"valueRequired\":true,\"valueName\":\"search_term_string\"}}],\"inLanguage\":\"en-US\"},{\"@type\":\"Person\",\"@id\":\"https:\\\/\\\/erevanblog.am\\\/#\\\/schema\\\/person\\\/204f10311eb7ddb8914a5ab3e5f03928\",\"name\":\"erevanblog_a\",\"image\":{\"@type\":\"ImageObject\",\"inLanguage\":\"en-US\",\"@id\":\"https:\\\/\\\/secure.gravatar.com\\\/avatar\\\/a24f4ac3a683f3c87303db525abc00db51ea26ccedee11dfaf1cc0f9a481a5d2?s=96&d=mm&r=g\",\"url\":\"https:\\\/\\\/secure.gravatar.com\\\/avatar\\\/a24f4ac3a683f3c87303db525abc00db51ea26ccedee11dfaf1cc0f9a481a5d2?s=96&d=mm&r=g\",\"contentUrl\":\"https:\\\/\\\/secure.gravatar.com\\\/avatar\\\/a24f4ac3a683f3c87303db525abc00db51ea26ccedee11dfaf1cc0f9a481a5d2?s=96&d=mm&r=g\",\"caption\":\"erevanblog_a\"},\"sameAs\":[\"http:\\\/\\\/erevanblog.am\"],\"url\":\"https:\\\/\\\/erevanblog.am\\\/?author=1\"}]}<\/script>\n<!-- \/ Yoast SEO plugin. -->","yoast_head_json":{"title":"Okam\u017eiky p\u0159ed osudem: Mu\u017e v Istanbulu zachr\u00e1nil d\u00edt\u011b, kter\u00e9 v\u0161ichni pova\u017eovali za ztracen\u00e9 -","robots":{"index":"index","follow":"follow","max-snippet":"max-snippet:-1","max-image-preview":"max-image-preview:large","max-video-preview":"max-video-preview:-1"},"canonical":"https:\/\/erevanblog.am\/?p=10717","og_locale":"en_US","og_type":"article","og_title":"Okam\u017eiky p\u0159ed osudem: Mu\u017e v Istanbulu zachr\u00e1nil d\u00edt\u011b, kter\u00e9 v\u0161ichni pova\u017eovali za ztracen\u00e9 -","og_description":"Hork\u00fd ve\u010der se sn\u00e1\u0161el na centrum Istanbulu. Ulice byly pln\u00e9 lid\u00ed, hluk automobil\u016f se m\u00edsil s k\u0159ikem prodava\u010d\u016f a sm\u00edchem d\u011bt\u00ed. Nikdo netu\u0161il, \u017ee b\u011bhem [...]","og_url":"https:\/\/erevanblog.am\/?p=10717","article_published_time":"2025-07-07T17:49:51+00:00","og_image":[{"width":1024,"height":870,"url":"http:\/\/erevanblog.am\/wp-content\/uploads\/2025\/07\/47200000000.jpg","type":"image\/jpeg"}],"author":"erevanblog_a","twitter_card":"summary_large_image","twitter_misc":{"Written by":"erevanblog_a","Est. reading time":"2 minutes"},"schema":{"@context":"https:\/\/schema.org","@graph":[{"@type":"Article","@id":"https:\/\/erevanblog.am\/?p=10717#article","isPartOf":{"@id":"https:\/\/erevanblog.am\/?p=10717"},"author":{"name":"erevanblog_a","@id":"https:\/\/erevanblog.am\/#\/schema\/person\/204f10311eb7ddb8914a5ab3e5f03928"},"headline":"Okam\u017eiky p\u0159ed osudem: Mu\u017e v Istanbulu zachr\u00e1nil d\u00edt\u011b, kter\u00e9 v\u0161ichni pova\u017eovali za ztracen\u00e9","datePublished":"2025-07-07T17:49:51+00:00","mainEntityOfPage":{"@id":"https:\/\/erevanblog.am\/?p=10717"},"wordCount":463,"commentCount":0,"image":{"@id":"https:\/\/erevanblog.am\/?p=10717#primaryimage"},"thumbnailUrl":"https:\/\/erevanblog.am\/wp-content\/uploads\/2025\/07\/47200000000.jpg","articleSection":["NEWS"],"inLanguage":"en-US","potentialAction":[{"@type":"CommentAction","name":"Comment","target":["https:\/\/erevanblog.am\/?p=10717#respond"]}]},{"@type":"WebPage","@id":"https:\/\/erevanblog.am\/?p=10717","url":"https:\/\/erevanblog.am\/?p=10717","name":"Okam\u017eiky p\u0159ed osudem: Mu\u017e v Istanbulu zachr\u00e1nil d\u00edt\u011b, kter\u00e9 v\u0161ichni pova\u017eovali za ztracen\u00e9 -","isPartOf":{"@id":"https:\/\/erevanblog.am\/#website"},"primaryImageOfPage":{"@id":"https:\/\/erevanblog.am\/?p=10717#primaryimage"},"image":{"@id":"https:\/\/erevanblog.am\/?p=10717#primaryimage"},"thumbnailUrl":"https:\/\/erevanblog.am\/wp-content\/uploads\/2025\/07\/47200000000.jpg","datePublished":"2025-07-07T17:49:51+00:00","author":{"@id":"https:\/\/erevanblog.am\/#\/schema\/person\/204f10311eb7ddb8914a5ab3e5f03928"},"breadcrumb":{"@id":"https:\/\/erevanblog.am\/?p=10717#breadcrumb"},"inLanguage":"en-US","potentialAction":[{"@type":"ReadAction","target":["https:\/\/erevanblog.am\/?p=10717"]}]},{"@type":"ImageObject","inLanguage":"en-US","@id":"https:\/\/erevanblog.am\/?p=10717#primaryimage","url":"https:\/\/erevanblog.am\/wp-content\/uploads\/2025\/07\/47200000000.jpg","contentUrl":"https:\/\/erevanblog.am\/wp-content\/uploads\/2025\/07\/47200000000.jpg","width":1024,"height":870},{"@type":"BreadcrumbList","@id":"https:\/\/erevanblog.am\/?p=10717#breadcrumb","itemListElement":[{"@type":"ListItem","position":1,"name":"Home","item":"https:\/\/erevanblog.am\/"},{"@type":"ListItem","position":2,"name":"Okam\u017eiky p\u0159ed osudem: Mu\u017e v Istanbulu zachr\u00e1nil d\u00edt\u011b, kter\u00e9 v\u0161ichni pova\u017eovali za ztracen\u00e9"}]},{"@type":"WebSite","@id":"https:\/\/erevanblog.am\/#website","url":"https:\/\/erevanblog.am\/","name":"","description":"","potentialAction":[{"@type":"SearchAction","target":{"@type":"EntryPoint","urlTemplate":"https:\/\/erevanblog.am\/?s={search_term_string}"},"query-input":{"@type":"PropertyValueSpecification","valueRequired":true,"valueName":"search_term_string"}}],"inLanguage":"en-US"},{"@type":"Person","@id":"https:\/\/erevanblog.am\/#\/schema\/person\/204f10311eb7ddb8914a5ab3e5f03928","name":"erevanblog_a","image":{"@type":"ImageObject","inLanguage":"en-US","@id":"https:\/\/secure.gravatar.com\/avatar\/a24f4ac3a683f3c87303db525abc00db51ea26ccedee11dfaf1cc0f9a481a5d2?s=96&d=mm&r=g","url":"https:\/\/secure.gravatar.com\/avatar\/a24f4ac3a683f3c87303db525abc00db51ea26ccedee11dfaf1cc0f9a481a5d2?s=96&d=mm&r=g","contentUrl":"https:\/\/secure.gravatar.com\/avatar\/a24f4ac3a683f3c87303db525abc00db51ea26ccedee11dfaf1cc0f9a481a5d2?s=96&d=mm&r=g","caption":"erevanblog_a"},"sameAs":["http:\/\/erevanblog.am"],"url":"https:\/\/erevanblog.am\/?author=1"}]}},"views":225,"_links":{"self":[{"href":"https:\/\/erevanblog.am\/index.php?rest_route=\/wp\/v2\/posts\/10717","targetHints":{"allow":["GET"]}}],"collection":[{"href":"https:\/\/erevanblog.am\/index.php?rest_route=\/wp\/v2\/posts"}],"about":[{"href":"https:\/\/erevanblog.am\/index.php?rest_route=\/wp\/v2\/types\/post"}],"author":[{"embeddable":true,"href":"https:\/\/erevanblog.am\/index.php?rest_route=\/wp\/v2\/users\/1"}],"replies":[{"embeddable":true,"href":"https:\/\/erevanblog.am\/index.php?rest_route=%2Fwp%2Fv2%2Fcomments&post=10717"}],"version-history":[{"count":1,"href":"https:\/\/erevanblog.am\/index.php?rest_route=\/wp\/v2\/posts\/10717\/revisions"}],"predecessor-version":[{"id":10719,"href":"https:\/\/erevanblog.am\/index.php?rest_route=\/wp\/v2\/posts\/10717\/revisions\/10719"}],"wp:featuredmedia":[{"embeddable":true,"href":"https:\/\/erevanblog.am\/index.php?rest_route=\/wp\/v2\/media\/10718"}],"wp:attachment":[{"href":"https:\/\/erevanblog.am\/index.php?rest_route=%2Fwp%2Fv2%2Fmedia&parent=10717"}],"wp:term":[{"taxonomy":"category","embeddable":true,"href":"https:\/\/erevanblog.am\/index.php?rest_route=%2Fwp%2Fv2%2Fcategories&post=10717"},{"taxonomy":"post_tag","embeddable":true,"href":"https:\/\/erevanblog.am\/index.php?rest_route=%2Fwp%2Fv2%2Ftags&post=10717"}],"curies":[{"name":"wp","href":"https:\/\/api.w.org\/{rel}","templated":true}]}}