{"id":10720,"date":"2025-07-08T07:05:50","date_gmt":"2025-07-08T06:05:50","guid":{"rendered":"https:\/\/erevanblog.am\/?p=10720"},"modified":"2025-07-08T07:05:52","modified_gmt":"2025-07-08T06:05:52","slug":"smrt-pod-snehem-ktera-neprisla-s-varovanim-ctyri-horolezci-a-lavina-kterou-nikdo-necekal","status":"publish","type":"post","link":"https:\/\/erevanblog.am\/?p=10720","title":{"rendered":"Smrt pod sn\u011bhem, kter\u00e1 nep\u0159i\u0161la s varov\u00e1n\u00edm: \u010cty\u0159i horolezci a lavina, kterou nikdo ne\u010dekal"},"content":{"rendered":"\n<p>M\u011bla to b\u00fdt b\u011b\u017en\u00e1 v\u00fdprava. Vrchol, fotografie s vlajkou, \u010daj v horsk\u00e9 chat\u011b. Ale 18. \u00fanora se sen \u010dty\u0159 zku\u0161en\u00fdch horolezc\u016f prom\u011bnil v no\u010dn\u00ed m\u016fru, kterou p\u0159e\u017eili jen z\u00e1zrakem.<\/p>\n\n\n\n<figure class=\"wp-block-image size-full\"><img loading=\"lazy\" decoding=\"async\" width=\"1024\" height=\"802\" src=\"https:\/\/erevanblog.am\/wp-content\/uploads\/2025\/07\/78963214.jpg\" alt=\"\" class=\"wp-image-10721\" srcset=\"https:\/\/erevanblog.am\/wp-content\/uploads\/2025\/07\/78963214.jpg 1024w, https:\/\/erevanblog.am\/wp-content\/uploads\/2025\/07\/78963214-300x235.jpg 300w, https:\/\/erevanblog.am\/wp-content\/uploads\/2025\/07\/78963214-768x602.jpg 768w\" sizes=\"auto, (max-width: 1024px) 100vw, 1024px\" \/><\/figure>\n\n\n\n<p>\ud83d\udd39 <strong>Bezchybn\u00fd za\u010d\u00e1tek<\/strong><\/p>\n\n\n\n<p>\u010cty\u0159i p\u0159\u00e1tel\u00e9 \u2013 dva \u010ce\u0161i, Slov\u00e1k a Polka \u2013 si vybrali v\u00fdstup na Pic Blanc ve francouzsk\u00fdch Alp\u00e1ch. Po\u010das\u00ed bylo ide\u00e1ln\u00ed, lavinov\u00e9 nebezpe\u010d\u00ed podle p\u0159edpov\u011bd\u00ed minim\u00e1ln\u00ed. M\u011bli za sebou des\u00edtky v\u00fdprav. \u017d\u00e1dn\u00fd strach, jen radostn\u00e9 o\u010dek\u00e1v\u00e1n\u00ed.<\/p>\n\n\n\n<p>\u201eV\u0161echno \u0161lo podle pl\u00e1nu. Nic nenasv\u011bd\u010dovalo, \u017ee by se mohlo n\u011bco pokazit,\u201c vzpom\u00edn\u00e1 Luk\u00e1\u0161.<\/p>\n\n\n\n<figure class=\"wp-block-embed is-type-video is-provider-youtube wp-block-embed-youtube wp-embed-aspect-16-9 wp-has-aspect-ratio\"><div class=\"wp-block-embed__wrapper\">\n<iframe loading=\"lazy\" title=\"\ud83e\udd2fTerrifying Close Call: Climbers Escape Avalanche! \ud83c\udfc3\u200d\u2642\ufe0f\ud83d\udca8\" width=\"500\" height=\"281\" src=\"https:\/\/www.youtube.com\/embed\/UcnQtrwWQLk?feature=oembed\" frameborder=\"0\" allow=\"accelerometer; autoplay; clipboard-write; encrypted-media; gyroscope; picture-in-picture; web-share\" referrerpolicy=\"strict-origin-when-cross-origin\" allowfullscreen><\/iframe>\n<\/div><\/figure>\n\n\n\n<p>\ud83d\udd39 <strong>Zlom v tichu<\/strong><\/p>\n\n\n\n<p>V nadmo\u0159sk\u00e9 v\u00fd\u0161ce kolem 2 800 metr\u016f usly\u0161eli prvn\u00ed varov\u00e1n\u00ed \u2013 jemn\u00e9 zaprask\u00e1n\u00ed pod nohama. \u201eMyslela jsem, \u017ee to je jen led,\u201c \u0159\u00edk\u00e1 Magdalena. O sekundu pozd\u011bji se ticho zm\u011bnilo v dun\u011bn\u00ed. Sn\u00edh se utrhl.<\/p>\n\n\n\n<p>\u26a0\ufe0f <strong>Lavina ude\u0159ila<\/strong><\/p>\n\n\n\n<p>Obrovsk\u00e1 masa sn\u011bhu \u2013 jako cel\u00e9 fotbalov\u00e9 h\u0159i\u0161t\u011b \u2013 se uvolnila a \u0159\u00edtila se p\u0159\u00edmo na n\u011b. Rychlost p\u0159es 100 km\/h, \u017e\u00e1dn\u00fd \u010das na reakci. Instinkt a rychl\u00e9 rozhodnut\u00ed.<\/p>\n\n\n\n<p>Luk\u00e1\u0161 a Magdalena na\u0161li \u00fakryt za skalou. Pavel stihl aktivovat lavinov\u00fd airbag. Tom\u00e1\u0161 zmizel ve sn\u011bhu.<\/p>\n\n\n\n<p>\u23f1 <strong>P\u016fl minuta hr\u016fzy<\/strong><\/p>\n\n\n\n<p>Trvalo to jen 30 sekund. Ale byly to nejdel\u0161\u00ed v jejich \u017eivotech. Kdy\u017e lavina utichla, nastalo mrtv\u00e9 ticho. A pak zoufal\u00fd v\u00fdk\u0159ik: \u201eTOM\u00c1\u0160!\u201c<\/p>\n\n\n\n<p>Za\u010dalo zoufal\u00e9 hled\u00e1n\u00ed.<\/p>\n\n\n\n<p>\ud83e\udded <strong>Z\u00e1vod s \u010dasem<\/strong><\/p>\n\n\n\n<p>Lavinov\u00fd vyhled\u00e1va\u010d zachytil sign\u00e1l. Po 11 minut\u00e1ch usilovn\u00e9ho p\u00e1tr\u00e1n\u00ed ho na\u0161li. Tom\u00e1\u0161 byl v bezv\u011bdom\u00ed, promrzl\u00fd, ale na\u017eivu. D\u00edky airbagu m\u011bl vzduchovou kapsu. Podle z\u00e1chran\u00e1\u0159\u016f m\u011bl maxim\u00e1ln\u011b p\u00e1r minut \u017eivota nav\u00edc.<\/p>\n\n\n\n<p>\u2757 <strong>Ne\u010dekan\u00e1 p\u0159\u00ed\u010dina<\/strong><\/p>\n\n\n\n<p>Ve\u010der p\u0159inesl \u0161okuj\u00edc\u00ed zpr\u00e1vu \u2013 lavinu spustilo slab\u00e9 zem\u011bt\u0159esen\u00ed, tzv. mikro-seismick\u00e1 aktivita. Nep\u0159edv\u00eddateln\u00e1 ud\u00e1lost, kterou \u017e\u00e1dn\u00e1 tabulka nemohla zachytit.<\/p>\n\n\n\n<p>\u201eByli jsme v klidn\u00e9m tichu\u2026 a pak to p\u0159i\u0161lo jako v\u00fdst\u0159el. A my byli v dr\u00e1ze kulky,\u201c \u0159ekl Tom\u00e1\u0161.<\/p>\n\n\n\n<p>\ud83c\udf92 <strong>Zm\u011bnil se pohled na hory<\/strong><\/p>\n\n\n\n<p>V\u0161ichni p\u0159e\u017eili. Ale nic u\u017e nen\u00ed jako d\u0159\u00edv. Hory pro n\u011b z\u016fstaly l\u00e1skou \u2013 ale te\u010f k nim p\u0159istupuj\u00ed s mnohem v\u011bt\u0161\u00ed pokorou.<\/p>\n\n\n\n<p>\u201eHory si nevyb\u00edraj\u00ed. Neodpou\u0161t\u011bj\u00ed ani t\u011bm nejzku\u0161en\u011bj\u0161\u00edm. Ale ob\u010das&#8230; dovol\u00ed druhou \u0161anci.\u201c<\/p>\n","protected":false},"excerpt":{"rendered":"<div class=\"mh-excerpt\"><p>M\u011bla to b\u00fdt b\u011b\u017en\u00e1 v\u00fdprava. Vrchol, fotografie s vlajkou, \u010daj v horsk\u00e9 chat\u011b. Ale 18. \u00fanora se sen \u010dty\u0159 zku\u0161en\u00fdch horolezc\u016f prom\u011bnil v no\u010dn\u00ed m\u016fru, <a class=\"mh-excerpt-more\" href=\"https:\/\/erevanblog.am\/?p=10720\" title=\"Smrt pod sn\u011bhem, kter\u00e1 nep\u0159i\u0161la s varov\u00e1n\u00edm: \u010cty\u0159i horolezci a lavina, kterou nikdo ne\u010dekal\">[&#8230;]<\/a><\/p>\n<\/div>","protected":false},"author":1,"featured_media":10721,"comment_status":"open","ping_status":"open","sticky":false,"template":"","format":"standard","meta":{"footnotes":""},"categories":[1],"tags":[],"class_list":["post-10720","post","type-post","status-publish","format-standard","has-post-thumbnail","hentry","category-uncategorised"],"yoast_head":"<!-- This site is optimized with the Yoast SEO plugin v27.5 - https:\/\/yoast.com\/product\/yoast-seo-wordpress\/ -->\n<title>Smrt pod sn\u011bhem, kter\u00e1 nep\u0159i\u0161la s varov\u00e1n\u00edm: \u010cty\u0159i horolezci a lavina, kterou nikdo ne\u010dekal -<\/title>\n<meta name=\"robots\" content=\"index, follow, max-snippet:-1, max-image-preview:large, max-video-preview:-1\" \/>\n<link rel=\"canonical\" href=\"https:\/\/erevanblog.am\/?p=10720\" \/>\n<meta property=\"og:locale\" content=\"en_US\" \/>\n<meta property=\"og:type\" content=\"article\" \/>\n<meta property=\"og:title\" content=\"Smrt pod sn\u011bhem, kter\u00e1 nep\u0159i\u0161la s varov\u00e1n\u00edm: \u010cty\u0159i horolezci a lavina, kterou nikdo ne\u010dekal -\" \/>\n<meta property=\"og:description\" content=\"M\u011bla to b\u00fdt b\u011b\u017en\u00e1 v\u00fdprava. Vrchol, fotografie s vlajkou, \u010daj v horsk\u00e9 chat\u011b. Ale 18. \u00fanora se sen \u010dty\u0159 zku\u0161en\u00fdch horolezc\u016f prom\u011bnil v no\u010dn\u00ed m\u016fru, [...]\" \/>\n<meta property=\"og:url\" content=\"https:\/\/erevanblog.am\/?p=10720\" \/>\n<meta property=\"article:published_time\" content=\"2025-07-08T06:05:50+00:00\" \/>\n<meta property=\"article:modified_time\" content=\"2025-07-08T06:05:52+00:00\" \/>\n<meta property=\"og:image\" content=\"http:\/\/erevanblog.am\/wp-content\/uploads\/2025\/07\/78963214.jpg\" \/>\n\t<meta property=\"og:image:width\" content=\"1024\" \/>\n\t<meta property=\"og:image:height\" content=\"802\" \/>\n\t<meta property=\"og:image:type\" content=\"image\/jpeg\" \/>\n<meta name=\"author\" content=\"erevanblog_a\" \/>\n<meta name=\"twitter:card\" content=\"summary_large_image\" \/>\n<meta name=\"twitter:label1\" content=\"Written by\" \/>\n\t<meta name=\"twitter:data1\" content=\"erevanblog_a\" \/>\n\t<meta name=\"twitter:label2\" content=\"Est. reading time\" \/>\n\t<meta name=\"twitter:data2\" content=\"2 minutes\" \/>\n<script type=\"application\/ld+json\" class=\"yoast-schema-graph\">{\"@context\":\"https:\\\/\\\/schema.org\",\"@graph\":[{\"@type\":\"Article\",\"@id\":\"https:\\\/\\\/erevanblog.am\\\/?p=10720#article\",\"isPartOf\":{\"@id\":\"https:\\\/\\\/erevanblog.am\\\/?p=10720\"},\"author\":{\"name\":\"erevanblog_a\",\"@id\":\"https:\\\/\\\/erevanblog.am\\\/#\\\/schema\\\/person\\\/204f10311eb7ddb8914a5ab3e5f03928\"},\"headline\":\"Smrt pod sn\u011bhem, kter\u00e1 nep\u0159i\u0161la s varov\u00e1n\u00edm: \u010cty\u0159i horolezci a lavina, kterou nikdo ne\u010dekal\",\"datePublished\":\"2025-07-08T06:05:50+00:00\",\"dateModified\":\"2025-07-08T06:05:52+00:00\",\"mainEntityOfPage\":{\"@id\":\"https:\\\/\\\/erevanblog.am\\\/?p=10720\"},\"wordCount\":433,\"commentCount\":0,\"image\":{\"@id\":\"https:\\\/\\\/erevanblog.am\\\/?p=10720#primaryimage\"},\"thumbnailUrl\":\"https:\\\/\\\/erevanblog.am\\\/wp-content\\\/uploads\\\/2025\\\/07\\\/78963214.jpg\",\"articleSection\":[\"NEWS\"],\"inLanguage\":\"en-US\",\"potentialAction\":[{\"@type\":\"CommentAction\",\"name\":\"Comment\",\"target\":[\"https:\\\/\\\/erevanblog.am\\\/?p=10720#respond\"]}]},{\"@type\":\"WebPage\",\"@id\":\"https:\\\/\\\/erevanblog.am\\\/?p=10720\",\"url\":\"https:\\\/\\\/erevanblog.am\\\/?p=10720\",\"name\":\"Smrt pod sn\u011bhem, kter\u00e1 nep\u0159i\u0161la s varov\u00e1n\u00edm: \u010cty\u0159i horolezci a lavina, kterou nikdo ne\u010dekal -\",\"isPartOf\":{\"@id\":\"https:\\\/\\\/erevanblog.am\\\/#website\"},\"primaryImageOfPage\":{\"@id\":\"https:\\\/\\\/erevanblog.am\\\/?p=10720#primaryimage\"},\"image\":{\"@id\":\"https:\\\/\\\/erevanblog.am\\\/?p=10720#primaryimage\"},\"thumbnailUrl\":\"https:\\\/\\\/erevanblog.am\\\/wp-content\\\/uploads\\\/2025\\\/07\\\/78963214.jpg\",\"datePublished\":\"2025-07-08T06:05:50+00:00\",\"dateModified\":\"2025-07-08T06:05:52+00:00\",\"author\":{\"@id\":\"https:\\\/\\\/erevanblog.am\\\/#\\\/schema\\\/person\\\/204f10311eb7ddb8914a5ab3e5f03928\"},\"breadcrumb\":{\"@id\":\"https:\\\/\\\/erevanblog.am\\\/?p=10720#breadcrumb\"},\"inLanguage\":\"en-US\",\"potentialAction\":[{\"@type\":\"ReadAction\",\"target\":[\"https:\\\/\\\/erevanblog.am\\\/?p=10720\"]}]},{\"@type\":\"ImageObject\",\"inLanguage\":\"en-US\",\"@id\":\"https:\\\/\\\/erevanblog.am\\\/?p=10720#primaryimage\",\"url\":\"https:\\\/\\\/erevanblog.am\\\/wp-content\\\/uploads\\\/2025\\\/07\\\/78963214.jpg\",\"contentUrl\":\"https:\\\/\\\/erevanblog.am\\\/wp-content\\\/uploads\\\/2025\\\/07\\\/78963214.jpg\",\"width\":1024,\"height\":802},{\"@type\":\"BreadcrumbList\",\"@id\":\"https:\\\/\\\/erevanblog.am\\\/?p=10720#breadcrumb\",\"itemListElement\":[{\"@type\":\"ListItem\",\"position\":1,\"name\":\"Home\",\"item\":\"https:\\\/\\\/erevanblog.am\\\/\"},{\"@type\":\"ListItem\",\"position\":2,\"name\":\"Smrt pod sn\u011bhem, kter\u00e1 nep\u0159i\u0161la s varov\u00e1n\u00edm: \u010cty\u0159i horolezci a lavina, kterou nikdo ne\u010dekal\"}]},{\"@type\":\"WebSite\",\"@id\":\"https:\\\/\\\/erevanblog.am\\\/#website\",\"url\":\"https:\\\/\\\/erevanblog.am\\\/\",\"name\":\"\",\"description\":\"\",\"potentialAction\":[{\"@type\":\"SearchAction\",\"target\":{\"@type\":\"EntryPoint\",\"urlTemplate\":\"https:\\\/\\\/erevanblog.am\\\/?s={search_term_string}\"},\"query-input\":{\"@type\":\"PropertyValueSpecification\",\"valueRequired\":true,\"valueName\":\"search_term_string\"}}],\"inLanguage\":\"en-US\"},{\"@type\":\"Person\",\"@id\":\"https:\\\/\\\/erevanblog.am\\\/#\\\/schema\\\/person\\\/204f10311eb7ddb8914a5ab3e5f03928\",\"name\":\"erevanblog_a\",\"image\":{\"@type\":\"ImageObject\",\"inLanguage\":\"en-US\",\"@id\":\"https:\\\/\\\/secure.gravatar.com\\\/avatar\\\/a24f4ac3a683f3c87303db525abc00db51ea26ccedee11dfaf1cc0f9a481a5d2?s=96&d=mm&r=g\",\"url\":\"https:\\\/\\\/secure.gravatar.com\\\/avatar\\\/a24f4ac3a683f3c87303db525abc00db51ea26ccedee11dfaf1cc0f9a481a5d2?s=96&d=mm&r=g\",\"contentUrl\":\"https:\\\/\\\/secure.gravatar.com\\\/avatar\\\/a24f4ac3a683f3c87303db525abc00db51ea26ccedee11dfaf1cc0f9a481a5d2?s=96&d=mm&r=g\",\"caption\":\"erevanblog_a\"},\"sameAs\":[\"http:\\\/\\\/erevanblog.am\"],\"url\":\"https:\\\/\\\/erevanblog.am\\\/?author=1\"}]}<\/script>\n<!-- \/ Yoast SEO plugin. -->","yoast_head_json":{"title":"Smrt pod sn\u011bhem, kter\u00e1 nep\u0159i\u0161la s varov\u00e1n\u00edm: \u010cty\u0159i horolezci a lavina, kterou nikdo ne\u010dekal -","robots":{"index":"index","follow":"follow","max-snippet":"max-snippet:-1","max-image-preview":"max-image-preview:large","max-video-preview":"max-video-preview:-1"},"canonical":"https:\/\/erevanblog.am\/?p=10720","og_locale":"en_US","og_type":"article","og_title":"Smrt pod sn\u011bhem, kter\u00e1 nep\u0159i\u0161la s varov\u00e1n\u00edm: \u010cty\u0159i horolezci a lavina, kterou nikdo ne\u010dekal -","og_description":"M\u011bla to b\u00fdt b\u011b\u017en\u00e1 v\u00fdprava. Vrchol, fotografie s vlajkou, \u010daj v horsk\u00e9 chat\u011b. Ale 18. \u00fanora se sen \u010dty\u0159 zku\u0161en\u00fdch horolezc\u016f prom\u011bnil v no\u010dn\u00ed m\u016fru, [...]","og_url":"https:\/\/erevanblog.am\/?p=10720","article_published_time":"2025-07-08T06:05:50+00:00","article_modified_time":"2025-07-08T06:05:52+00:00","og_image":[{"width":1024,"height":802,"url":"http:\/\/erevanblog.am\/wp-content\/uploads\/2025\/07\/78963214.jpg","type":"image\/jpeg"}],"author":"erevanblog_a","twitter_card":"summary_large_image","twitter_misc":{"Written by":"erevanblog_a","Est. reading time":"2 minutes"},"schema":{"@context":"https:\/\/schema.org","@graph":[{"@type":"Article","@id":"https:\/\/erevanblog.am\/?p=10720#article","isPartOf":{"@id":"https:\/\/erevanblog.am\/?p=10720"},"author":{"name":"erevanblog_a","@id":"https:\/\/erevanblog.am\/#\/schema\/person\/204f10311eb7ddb8914a5ab3e5f03928"},"headline":"Smrt pod sn\u011bhem, kter\u00e1 nep\u0159i\u0161la s varov\u00e1n\u00edm: \u010cty\u0159i horolezci a lavina, kterou nikdo ne\u010dekal","datePublished":"2025-07-08T06:05:50+00:00","dateModified":"2025-07-08T06:05:52+00:00","mainEntityOfPage":{"@id":"https:\/\/erevanblog.am\/?p=10720"},"wordCount":433,"commentCount":0,"image":{"@id":"https:\/\/erevanblog.am\/?p=10720#primaryimage"},"thumbnailUrl":"https:\/\/erevanblog.am\/wp-content\/uploads\/2025\/07\/78963214.jpg","articleSection":["NEWS"],"inLanguage":"en-US","potentialAction":[{"@type":"CommentAction","name":"Comment","target":["https:\/\/erevanblog.am\/?p=10720#respond"]}]},{"@type":"WebPage","@id":"https:\/\/erevanblog.am\/?p=10720","url":"https:\/\/erevanblog.am\/?p=10720","name":"Smrt pod sn\u011bhem, kter\u00e1 nep\u0159i\u0161la s varov\u00e1n\u00edm: \u010cty\u0159i horolezci a lavina, kterou nikdo ne\u010dekal -","isPartOf":{"@id":"https:\/\/erevanblog.am\/#website"},"primaryImageOfPage":{"@id":"https:\/\/erevanblog.am\/?p=10720#primaryimage"},"image":{"@id":"https:\/\/erevanblog.am\/?p=10720#primaryimage"},"thumbnailUrl":"https:\/\/erevanblog.am\/wp-content\/uploads\/2025\/07\/78963214.jpg","datePublished":"2025-07-08T06:05:50+00:00","dateModified":"2025-07-08T06:05:52+00:00","author":{"@id":"https:\/\/erevanblog.am\/#\/schema\/person\/204f10311eb7ddb8914a5ab3e5f03928"},"breadcrumb":{"@id":"https:\/\/erevanblog.am\/?p=10720#breadcrumb"},"inLanguage":"en-US","potentialAction":[{"@type":"ReadAction","target":["https:\/\/erevanblog.am\/?p=10720"]}]},{"@type":"ImageObject","inLanguage":"en-US","@id":"https:\/\/erevanblog.am\/?p=10720#primaryimage","url":"https:\/\/erevanblog.am\/wp-content\/uploads\/2025\/07\/78963214.jpg","contentUrl":"https:\/\/erevanblog.am\/wp-content\/uploads\/2025\/07\/78963214.jpg","width":1024,"height":802},{"@type":"BreadcrumbList","@id":"https:\/\/erevanblog.am\/?p=10720#breadcrumb","itemListElement":[{"@type":"ListItem","position":1,"name":"Home","item":"https:\/\/erevanblog.am\/"},{"@type":"ListItem","position":2,"name":"Smrt pod sn\u011bhem, kter\u00e1 nep\u0159i\u0161la s varov\u00e1n\u00edm: \u010cty\u0159i horolezci a lavina, kterou nikdo ne\u010dekal"}]},{"@type":"WebSite","@id":"https:\/\/erevanblog.am\/#website","url":"https:\/\/erevanblog.am\/","name":"","description":"","potentialAction":[{"@type":"SearchAction","target":{"@type":"EntryPoint","urlTemplate":"https:\/\/erevanblog.am\/?s={search_term_string}"},"query-input":{"@type":"PropertyValueSpecification","valueRequired":true,"valueName":"search_term_string"}}],"inLanguage":"en-US"},{"@type":"Person","@id":"https:\/\/erevanblog.am\/#\/schema\/person\/204f10311eb7ddb8914a5ab3e5f03928","name":"erevanblog_a","image":{"@type":"ImageObject","inLanguage":"en-US","@id":"https:\/\/secure.gravatar.com\/avatar\/a24f4ac3a683f3c87303db525abc00db51ea26ccedee11dfaf1cc0f9a481a5d2?s=96&d=mm&r=g","url":"https:\/\/secure.gravatar.com\/avatar\/a24f4ac3a683f3c87303db525abc00db51ea26ccedee11dfaf1cc0f9a481a5d2?s=96&d=mm&r=g","contentUrl":"https:\/\/secure.gravatar.com\/avatar\/a24f4ac3a683f3c87303db525abc00db51ea26ccedee11dfaf1cc0f9a481a5d2?s=96&d=mm&r=g","caption":"erevanblog_a"},"sameAs":["http:\/\/erevanblog.am"],"url":"https:\/\/erevanblog.am\/?author=1"}]}},"views":341,"_links":{"self":[{"href":"https:\/\/erevanblog.am\/index.php?rest_route=\/wp\/v2\/posts\/10720","targetHints":{"allow":["GET"]}}],"collection":[{"href":"https:\/\/erevanblog.am\/index.php?rest_route=\/wp\/v2\/posts"}],"about":[{"href":"https:\/\/erevanblog.am\/index.php?rest_route=\/wp\/v2\/types\/post"}],"author":[{"embeddable":true,"href":"https:\/\/erevanblog.am\/index.php?rest_route=\/wp\/v2\/users\/1"}],"replies":[{"embeddable":true,"href":"https:\/\/erevanblog.am\/index.php?rest_route=%2Fwp%2Fv2%2Fcomments&post=10720"}],"version-history":[{"count":1,"href":"https:\/\/erevanblog.am\/index.php?rest_route=\/wp\/v2\/posts\/10720\/revisions"}],"predecessor-version":[{"id":10722,"href":"https:\/\/erevanblog.am\/index.php?rest_route=\/wp\/v2\/posts\/10720\/revisions\/10722"}],"wp:featuredmedia":[{"embeddable":true,"href":"https:\/\/erevanblog.am\/index.php?rest_route=\/wp\/v2\/media\/10721"}],"wp:attachment":[{"href":"https:\/\/erevanblog.am\/index.php?rest_route=%2Fwp%2Fv2%2Fmedia&parent=10720"}],"wp:term":[{"taxonomy":"category","embeddable":true,"href":"https:\/\/erevanblog.am\/index.php?rest_route=%2Fwp%2Fv2%2Fcategories&post=10720"},{"taxonomy":"post_tag","embeddable":true,"href":"https:\/\/erevanblog.am\/index.php?rest_route=%2Fwp%2Fv2%2Ftags&post=10720"}],"curies":[{"name":"wp","href":"https:\/\/api.w.org\/{rel}","templated":true}]}}